{"headers": {"id": "ID", "ano": "Ano", "numero": "N\u00famero", "tipo__sigla": "Tipo de Mat\u00e9ria Legislativa/Sigla", "tipo__descricao": "Tipo de Mat\u00e9ria Legislativa/Descri\u00e7\u00e3o", "autoria": "Autorias", "texto_original": "Texto Original", "ementa": "Ementa"}, "results": [{"id": "17191", "ano": "2026", "numero": "1", "tipo__sigla": "CIRCU", "tipo__descricao": "Circular Sess\u00e3o", "autoria": "", "texto_original": "http://sapl.adamantina.sp.leg.br/media/sapl/public/materialegislativa/2026/17191/22a_ordinaria.pdf", "ementa": "Cumprindo disposi\u00e7\u00f5es regimentais, comunico a Vossa Excel\u00eancia que, para a 22\u00aa Sess\u00e3o Ordin\u00e1ria, a se realizar no dia 02 de fevereiro, segunda-feira, \u00e0s 19h, no Plen\u00e1rio Vereador Jos\u00e9 Ikeda, nada consta para ser apreciado na Ordem do Dia."}, {"id": "17192", "ano": "2026", "numero": "2", "tipo__sigla": "CIRCU", "tipo__descricao": "Circular Sess\u00e3o", "autoria": "", "texto_original": "http://sapl.adamantina.sp.leg.br/media/sapl/public/materialegislativa/2026/17192/circular_002_-_comissoes_permanentes.pdf", "ementa": "Conforme disposi\u00e7\u00f5es regimentais, encaminho a Vossas Excel\u00eancias, c\u00f3pias dos Projetos de Lei n\u00bas 001 a 009/2026 e o Projeto de Decreto Legislativo n\u00ba 002/2026, para conhecimento, an\u00e1lise e estudos."}, {"id": "17203", "ano": "2026", "numero": "3", "tipo__sigla": "CIRCU", "tipo__descricao": "Circular Sess\u00e3o", "autoria": "", "texto_original": "http://sapl.adamantina.sp.leg.br/media/sapl/public/materialegislativa/2026/17203/circular_003_-_8a_sessao_extraordinaria_0001.pdf", "ementa": "Cumprindo disposi\u00e7\u00f5es regimentais, CONVOCO Vossa Excel\u00eancia para a 8\u00aa Sess\u00e3o Extraordin\u00e1ria a se realizar no dia 05 de fevereiro, quinta-feira, \u00e0s 16:30 horas"}, {"id": "17204", "ano": "2026", "numero": "4", "tipo__sigla": "CIRCU", "tipo__descricao": "Circular Sess\u00e3o", "autoria": "", "texto_original": "http://sapl.adamantina.sp.leg.br/media/sapl/public/materialegislativa/2026/17204/circular_004_-_23a_sessao_ordinaria.pdf", "ementa": "Cumprindo disposi\u00e7\u00f5es regimentais, comunico a Vossa Excel\u00eancia que, para a 23\u00aa Sess\u00e3o Ordin\u00e1ria, a se realizar no dia 23 de fevereiro, segunda-feira, \u00e0s 19h, no Plen\u00e1rio Vereador Jos\u00e9 Ikeda."}, {"id": "17265", "ano": "2026", "numero": "5", "tipo__sigla": "CIRCU", "tipo__descricao": "Circular Sess\u00e3o", "autoria": "", "texto_original": "http://sapl.adamantina.sp.leg.br/media/sapl/public/materialegislativa/2026/17265/circular_005_-_comissoes.pdf", "ementa": "Conforme disposi\u00e7\u00f5es regimentais, encaminho a Vossas Excel\u00eancias, c\u00f3pia dos Projetos de Lei n\u00bas 010, 011 e 012/2026 e Projetos de Lei Complementar n\u00ba 001, 002 e 003/2026, para conhecimento, an\u00e1lises e estudos."}, {"id": "17272", "ano": "2026", "numero": "6", "tipo__sigla": "CIRCU", "tipo__descricao": "Circular Sess\u00e3o", "autoria": "", "texto_original": "http://sapl.adamantina.sp.leg.br/media/sapl/public/materialegislativa/2026/17272/circular_006_-_9a_sessao_extraordinaria.pdf", "ementa": "Cumprindo disposi\u00e7\u00f5es regimentais, CONVOCO Vossa Excel\u00eancia para a 9\u00aa Sess\u00e3o Extraordin\u00e1ria a se realizar no dia 25 de fevereiro, quarta-feira, \u00e0s 12:30 horas"}, {"id": "17273", "ano": "2026", "numero": "7", "tipo__sigla": "CIRCU", "tipo__descricao": "Circular Sess\u00e3o", "autoria": "", "texto_original": "http://sapl.adamantina.sp.leg.br/media/sapl/public/materialegislativa/2026/17273/extra_10.pdf", "ementa": "Cumprindo disposi\u00e7\u00f5es regimentais, CONVOCO Vossa Excel\u00eancia para a 10\u00aa Sess\u00e3o Extraordin\u00e1ria a se realizar no dia 26 de fevereiro, quinta-feira, \u00e0s 12:30 horas"}, {"id": "17321", "ano": "2026", "numero": "8", "tipo__sigla": "CIRCU", "tipo__descricao": "Circular Sess\u00e3o", "autoria": "", "texto_original": "http://sapl.adamantina.sp.leg.br/media/sapl/public/materialegislativa/2026/17321/circular_008_-_24a_sessao_ordinaria.pdf", "ementa": "Cumprindo disposi\u00e7\u00f5es regimentais, comunico a Vossa Excel\u00eancia que, para a 24\u00aa Sess\u00e3o Ordin\u00e1ria, a se realizar no dia 02 de mar\u00e7o, segunda-feira, \u00e0s 19h, no Plen\u00e1rio Vereador Jos\u00e9 Ikeda"}, {"id": "17322", "ano": "2026", "numero": "9", "tipo__sigla": "CIRCU", "tipo__descricao": "Circular Sess\u00e3o", "autoria": "", "texto_original": "http://sapl.adamantina.sp.leg.br/media/sapl/public/materialegislativa/2026/17322/circular_009_-_comissoes.pdf", "ementa": "Conforme disposi\u00e7\u00f5es regimentais, encaminho a Vossas Excel\u00eancias, c\u00f3pia do Projeto de Lei n\u00ba 013/2026 e Projetos de Lei Complementar n\u00bas 004, 005 e 006/2026, para conhecimento, an\u00e1lises e estudos."}, {"id": "17352", "ano": "2026", "numero": "10", "tipo__sigla": "CIRCU", "tipo__descricao": "Circular Sess\u00e3o", "autoria": "", "texto_original": "http://sapl.adamantina.sp.leg.br/media/sapl/public/materialegislativa/2026/17352/circular_010_-_25a_sessao_ordinaria.pdf", "ementa": "Cumprindo disposi\u00e7\u00f5es regimentais, comunico a Vossa Excel\u00eancia que, para a 25\u00aa Sess\u00e3o Ordin\u00e1ria, a se realizar no dia 16 de mar\u00e7o, segunda-feira, \u00e0s 19h, no Plen\u00e1rio Vereador Jos\u00e9 Ikeda"}, {"id": "17353", "ano": "2026", "numero": "11", "tipo__sigla": "CIRCU", "tipo__descricao": "Circular Sess\u00e3o", "autoria": "", "texto_original": "http://sapl.adamantina.sp.leg.br/media/sapl/public/materialegislativa/2026/17353/circular_011_-_comissoes.pdf", "ementa": "Conforme disposi\u00e7\u00f5es regimentais, encaminho a Vossas Excel\u00eancias, c\u00f3pias dos Projetos de Lei n\u00bas 014 a 020/2026 e Projeto de Lei Complementar n\u00ba 007/2026, para conhecimento, an\u00e1lises e estudos."}, {"id": "17354", "ano": "2026", "numero": "12", "tipo__sigla": "CIRCU", "tipo__descricao": "Circular Sess\u00e3o", "autoria": "", "texto_original": "http://sapl.adamantina.sp.leg.br/media/sapl/public/materialegislativa/2026/17354/circular_12.pdf", "ementa": "Cumprindo disposi\u00e7\u00f5es regimentais, CONVOCO Vossa Excel\u00eancia para a 11\u00aa Sess\u00e3o Extraordin\u00e1ria a se realizar no dia 19 de mar\u00e7o, quinta-feira, \u00e0s 12:45 horas"}, {"id": "17396", "ano": "2026", "numero": "13", "tipo__sigla": "CIRCU", "tipo__descricao": "Circular Sess\u00e3o", "autoria": "", "texto_original": "http://sapl.adamantina.sp.leg.br/media/sapl/public/materialegislativa/2026/17396/circular_013_-_26a_sessao_ordinaria.pdf", "ementa": "Cumprindo disposi\u00e7\u00f5es regimentais, comunico a Vossa Excel\u00eancia que, para a 26\u00aa Sess\u00e3o Ordin\u00e1ria, a se realizar no dia 06 de abril, segunda-feira, \u00e0s 19h, no Plen\u00e1rio Vereador Jos\u00e9 Ikeda."}, {"id": "17397", "ano": "2026", "numero": "14", "tipo__sigla": "CIRCU", "tipo__descricao": "Circular Sess\u00e3o", "autoria": "", "texto_original": "http://sapl.adamantina.sp.leg.br/media/sapl/public/materialegislativa/2026/17397/circular_014_-_comissoes.pdf", "ementa": "Conforme disposi\u00e7\u00f5es regimentais, encaminho a Vossas Excel\u00eancias, c\u00f3pias dos Projetos de Lei n\u00bas 021 a 024/2026 e Projeto de Lei Complementar n\u00ba 008/2026, para conhecimento, an\u00e1lises e estudos."}, {"id": "17445", "ano": "2026", "numero": "15", "tipo__sigla": "CIRCU", "tipo__descricao": "Circular Sess\u00e3o", "autoria": "", "texto_original": "http://sapl.adamantina.sp.leg.br/media/sapl/public/materialegislativa/2026/17445/circular_15.pdf", "ementa": "Cumprindo disposi\u00e7\u00f5es regimentais, comunico a Vossa Excel\u00eancia que, para a 27\u00aa Sess\u00e3o Ordin\u00e1ria, a se realizar no dia 13 de abril, segunda-feira, \u00e0s 19h, no Plen\u00e1rio Vereador Jos\u00e9 Ikeda."}, {"id": "17450", "ano": "2026", "numero": "16", "tipo__sigla": "CIRCU", "tipo__descricao": "Circular Sess\u00e3o", "autoria": "", "texto_original": "http://sapl.adamantina.sp.leg.br/media/sapl/public/materialegislativa/2026/17450/circular_016_-_comissoes.pdf", "ementa": "Conforme disposi\u00e7\u00f5es regimentais, encaminho a Vossas Excel\u00eancias, c\u00f3pias dos Projetos de Lei n\u00bas 025 a 029/2026 e Projeto de Lei Complementar n\u00ba 009/2026, para conhecimento, an\u00e1lises e estudos."}, {"id": "17451", "ano": "2026", "numero": "17", "tipo__sigla": "CIRCU", "tipo__descricao": "Circular Sess\u00e3o", "autoria": "", "texto_original": "http://sapl.adamantina.sp.leg.br/media/sapl/public/materialegislativa/2026/17451/circular_017_12a_extraordinaria.pdf", "ementa": "Cumprindo disposi\u00e7\u00f5es regimentais, CONVOCO Vossa Excel\u00eancia para a 12\u00aa Sess\u00e3o Extraordin\u00e1ria a se realizar no dia 15 de abril, quarta-feira, \u00e0s 13:00 horas"}, {"id": "17452", "ano": "2026", "numero": "18", "tipo__sigla": "CIRCU", "tipo__descricao": "Circular Sess\u00e3o", "autoria": "", "texto_original": "http://sapl.adamantina.sp.leg.br/media/sapl/public/materialegislativa/2026/17452/circular_018_-_13a_sessao_extraordinaria.pdf", "ementa": "Cumprindo disposi\u00e7\u00f5es regimentais, CONVOCO Vossa Excel\u00eancia para a 13\u00aa Sess\u00e3o Extraordin\u00e1ria a se realizar no dia 22 de abril, quarta-feira, \u00e0s 10:30 horas"}, {"id": "17226", "ano": "2026", "numero": "1", "tipo__sigla": "IND", "tipo__descricao": "Indica\u00e7\u00e3o", "autoria": "Aguinaldo Pires Galv\u00e3o, Eder do Nascimento Ruete", "texto_original": "http://sapl.adamantina.sp.leg.br/media/sapl/public/materialegislativa/2026/17226/indicacao_001_22a_ordinaria.pdf", "ementa": "Solicitam agendar o nome do Senhor Jo\u00e3o Paulo Castro, para denominar ruas em futuros loteamentos que forem lan\u00e7ados em nosso munic\u00edpio."}, {"id": "17227", "ano": "2026", "numero": "2", "tipo__sigla": "IND", "tipo__descricao": "Indica\u00e7\u00e3o", "autoria": "Aguinaldo Pires Galv\u00e3o, Cid Jos\u00e9 Aparecido dos Santos, Daniel Augusto da Silva Fabri", "texto_original": "http://sapl.adamantina.sp.leg.br/media/sapl/public/materialegislativa/2026/17227/indicacao_002_22a_ordinaria.pdf", "ementa": "Solicitam do setor de ilumina\u00e7\u00e3o p\u00fablica da Prefeitura, que sejam adotadas as provid\u00eancias necess\u00e1rias para melhoria da ilumina\u00e7\u00e3o do Parque Caldeira."}, {"id": "17228", "ano": "2026", "numero": "3", "tipo__sigla": "IND", "tipo__descricao": "Indica\u00e7\u00e3o", "autoria": "Aguinaldo Pires Galv\u00e3o, Cid Jos\u00e9 Aparecido dos Santos, Daniel Augusto da Silva Fabri, H\u00e9lio Jos\u00e9 dos Santos, Rog\u00e9rio C\u00e9sar Sacoman", "texto_original": "http://sapl.adamantina.sp.leg.br/media/sapl/public/materialegislativa/2026/17228/indicacao_003_22a_ordinaria.pdf", "ementa": "Solicitam, com urg\u00eancia, v\u00e1rias melhorias no Cemit\u00e9rio Municipal."}, {"id": "17229", "ano": "2026", "numero": "4", "tipo__sigla": "IND", "tipo__descricao": "Indica\u00e7\u00e3o", "autoria": "Daniel Augusto da Silva Fabri", "texto_original": "http://sapl.adamantina.sp.leg.br/media/sapl/public/materialegislativa/2026/17229/indicacao_004_22a_ordinaria.pdf", "ementa": "Solicita ao Reitor da FAI, que sejam adotadas as provid\u00eancias cab\u00edveis para a regulamenta\u00e7\u00e3o e aplica\u00e7\u00e3o da Lei Complementar Federal n\u00ba 226/2026, no que se refere aos servidores p\u00fablicos vinculados \u00e0 Autarquia."}, {"id": "17230", "ano": "2026", "numero": "5", "tipo__sigla": "IND", "tipo__descricao": "Indica\u00e7\u00e3o", "autoria": "Daniel Augusto da Silva Fabri", "texto_original": "http://sapl.adamantina.sp.leg.br/media/sapl/public/materialegislativa/2026/17230/indicacao_005_22a_ordinaria.pdf", "ementa": "Solicita ao Presidente da C\u00e2mara Municipal, que sejam adotadas as provid\u00eancias cab\u00edveis para a regulamenta\u00e7\u00e3o e aplica\u00e7\u00e3o da Lei Complementar Federal n\u00ba 226/2026, no que se refere aos servidores p\u00fablicos da C\u00e2mara Municipal."}, {"id": "17231", "ano": "2026", "numero": "6", "tipo__sigla": "IND", "tipo__descricao": "Indica\u00e7\u00e3o", "autoria": "Mary Alves dos Santos", "texto_original": "http://sapl.adamantina.sp.leg.br/media/sapl/public/materialegislativa/2026/17231/indicacao_006_22a_ordinaria.pdf", "ementa": "Solicita a realiza\u00e7\u00e3o das obras necess\u00e1rias para solu\u00e7\u00e3o da passagem de \u00e1gua pluvial por tubula\u00e7\u00e3o que coleta da parte de cima da linha f\u00e9rrea, passa por baixo da linha e desemboca na parte dos fundos do terreno da Rua Rio de Janeiro n\u00ba 35, resid\u00eancia do Sr. Denis Alves da Silva."}, {"id": "17232", "ano": "2026", "numero": "7", "tipo__sigla": "IND", "tipo__descricao": "Indica\u00e7\u00e3o", "autoria": "Mary Alves dos Santos", "texto_original": "http://sapl.adamantina.sp.leg.br/media/sapl/public/materialegislativa/2026/17232/indicacao_007_22a_ordinaria.pdf", "ementa": "Solicita instala\u00e7\u00f5es de pontes de ilumina\u00e7\u00e3o na pista de caminhada nos arredores da pista de skate localizada no \u201cVale das Pedrinhas\u201d, no Jardim Primaveras."}, {"id": "17233", "ano": "2026", "numero": "8", "tipo__sigla": "IND", "tipo__descricao": "Indica\u00e7\u00e3o", "autoria": "Mary Alves dos Santos", "texto_original": "http://sapl.adamantina.sp.leg.br/media/sapl/public/materialegislativa/2026/17233/indicacao_008_22a_ordinaria.pdf", "ementa": "Solicita a realiza\u00e7\u00e3o de projeto para instala\u00e7\u00e3o de bebedouros para a popula\u00e7\u00e3o e animais, no Parque dos Pioneiros."}, {"id": "17234", "ano": "2026", "numero": "9", "tipo__sigla": "IND", "tipo__descricao": "Indica\u00e7\u00e3o", "autoria": "Mary Alves dos Santos", "texto_original": "http://sapl.adamantina.sp.leg.br/media/sapl/public/materialegislativa/2026/17234/indicacao_009_22a_ordinaria.pdf", "ementa": "Solicita vistorias quanto a manuten\u00e7\u00e3o do bebedouro no Parque dos Pioneiros, pr\u00f3ximo a academia ao ar livre, com a realiza\u00e7\u00e3o de limpeza da caixa de \u00e1gua, canos, etc."}, {"id": "17235", "ano": "2026", "numero": "10", "tipo__sigla": "IND", "tipo__descricao": "Indica\u00e7\u00e3o", "autoria": "Mary Alves dos Santos", "texto_original": "http://sapl.adamantina.sp.leg.br/media/sapl/public/materialegislativa/2026/17235/indicacao_010_22a_ordinaria.pdf", "ementa": "Solicita que instala\u00e7\u00e3o de lixeira no parquinho infantil do Residencial Alian\u00e7a."}, {"id": "17236", "ano": "2026", "numero": "11", "tipo__sigla": "IND", "tipo__descricao": "Indica\u00e7\u00e3o", "autoria": "Mary Alves dos Santos", "texto_original": "http://sapl.adamantina.sp.leg.br/media/sapl/public/materialegislativa/2026/17236/indicacao_011_22a_ordinaria.pdf", "ementa": "Solicita a capina\u00e7\u00e3o do trecho que compreende a linha f\u00e9rrea no per\u00edmetro urbano e que seja de compet\u00eancia da prefeitura."}, {"id": "17237", "ano": "2026", "numero": "12", "tipo__sigla": "IND", "tipo__descricao": "Indica\u00e7\u00e3o", "autoria": "Mary Alves dos Santos", "texto_original": "http://sapl.adamantina.sp.leg.br/media/sapl/public/materialegislativa/2026/17237/indicacao_012_22a_ordinaria.pdf", "ementa": "Solicita a instala\u00e7\u00e3o de mais um ponto de \u00f4nibus escolar na Rua Padre Caetano M. Dolcim\u00e1sculo, entre as Ruas Renato Marini Filho e a Rua Maria Bertolucci Marini, Residencial Alian\u00e7a."}, {"id": "17238", "ano": "2026", "numero": "13", "tipo__sigla": "IND", "tipo__descricao": "Indica\u00e7\u00e3o", "autoria": "Mary Alves dos Santos", "texto_original": "http://sapl.adamantina.sp.leg.br/media/sapl/public/materialegislativa/2026/17238/indicacao_013_22a_ordinaria.pdf", "ementa": "Solicita a instala\u00e7\u00e3o de lombadas na Rua Padre Caetano M. Dolcim\u00e1sculo, na altura do Residencial Alian\u00e7a."}, {"id": "17239", "ano": "2026", "numero": "14", "tipo__sigla": "IND", "tipo__descricao": "Indica\u00e7\u00e3o", "autoria": "Mary Alves dos Santos, Aguinaldo Pires Galv\u00e3o", "texto_original": "http://sapl.adamantina.sp.leg.br/media/sapl/public/materialegislativa/2026/17239/indicacao_014_22a_ordinaria.pdf", "ementa": "Solicitam proceder, com urg\u00eancia, a ro\u00e7agem do terreno de propriedade da Prefeitura localizado na Alameda Santa Cruz, vizinho da EMEI Escola Municipal de Educa\u00e7\u00e3o Infantil, na Rua Joaquim Nabuco."}, {"id": "17240", "ano": "2026", "numero": "15", "tipo__sigla": "IND", "tipo__descricao": "Indica\u00e7\u00e3o", "autoria": "Mary Alves dos Santos, Aguinaldo Pires Galv\u00e3o, Cid Jos\u00e9 Aparecido dos Santos", "texto_original": "http://sapl.adamantina.sp.leg.br/media/sapl/public/materialegislativa/2026/17240/indicacao_015_22a_ordinaria.pdf", "ementa": "Solicitam as seguinte provid\u00eancias como restaurar dizeres das placas com nomes de ruas, nomes das vias p\u00fablicas nos postes, afixar nomes em postes de energia el\u00e9trica, instalar placas indicativas de nomes em vias p\u00fablicas em locais inexistentes desta informa\u00e7\u00e3o."}, {"id": "17241", "ano": "2026", "numero": "16", "tipo__sigla": "IND", "tipo__descricao": "Indica\u00e7\u00e3o", "autoria": "Mary Alves dos Santos", "texto_original": "http://sapl.adamantina.sp.leg.br/media/sapl/public/materialegislativa/2026/17241/indicacao_016_22a_ordinaria.pdf", "ementa": "Solicita a limpeza de terreno localizado em frente \u00e0 resid\u00eancia n\u00famero 112, da Rua Pernambuco no Jardim Brasil."}, {"id": "17242", "ano": "2026", "numero": "17", "tipo__sigla": "IND", "tipo__descricao": "Indica\u00e7\u00e3o", "autoria": "Mary Alves dos Santos", "texto_original": "http://sapl.adamantina.sp.leg.br/media/sapl/public/materialegislativa/2026/17242/indicacao_017_22a_ordinaria.pdf", "ementa": "Solicita atender aos pedidos dos moradores pr\u00f3ximo ao n\u00famero 141 da Rua M\u00e1rio Olivero, que desejam a instala\u00e7\u00e3o de uma lixeira comunit\u00e1ria no local."}, {"id": "17243", "ano": "2026", "numero": "18", "tipo__sigla": "IND", "tipo__descricao": "Indica\u00e7\u00e3o", "autoria": "Mary Alves dos Santos", "texto_original": "http://sapl.adamantina.sp.leg.br/media/sapl/public/materialegislativa/2026/17243/indicacao_018_22a_ordinaria.pdf", "ementa": "Solicita fiscaliza\u00e7\u00e3o de tr\u00e2nsito na Rua Padre Caetano M. Dolcim\u00e1sculo, principalmente nos hor\u00e1rios que compreendem a entrada e sa\u00edda dos alunos da Institui\u00e7\u00e3o Solid\u00e1ria Carlos Pegoraro (Casa do Garoto)."}, {"id": "17244", "ano": "2026", "numero": "19", "tipo__sigla": "IND", "tipo__descricao": "Indica\u00e7\u00e3o", "autoria": "Mary Alves dos Santos, Cid Jos\u00e9 Aparecido dos Santos, Maria Gabriela Costa Calil Bearare, Marta de Almeida Bezerra", "texto_original": "http://sapl.adamantina.sp.leg.br/media/sapl/public/materialegislativa/2026/17244/indicacao_019_22a_ordinaria.pdf", "ementa": "Solicitam a concess\u00e3o de aumento salarial para o funcionalismo p\u00fablico municipal para o ano de 2026."}, {"id": "17245", "ano": "2026", "numero": "20", "tipo__sigla": "IND", "tipo__descricao": "Indica\u00e7\u00e3o", "autoria": "Mary Alves dos Santos, Cid Jos\u00e9 Aparecido dos Santos, Maria Gabriela Costa Calil Bearare, Marta de Almeida Bezerra", "texto_original": "http://sapl.adamantina.sp.leg.br/media/sapl/public/materialegislativa/2026/17245/indicacao_020_22a_ordinaria.pdf", "ementa": "Solicitam a divulga\u00e7\u00e3o e o incentivo \u00e0 ades\u00e3o ao pagamento dos tributos por meio de d\u00e9bito autom\u00e1tico banc\u00e1rio no atendimento \u00e0 popula\u00e7\u00e3o que procura os servi\u00e7os de retirada do carn\u00ea de IPTU."}, {"id": "17246", "ano": "2026", "numero": "21", "tipo__sigla": "IND", "tipo__descricao": "Indica\u00e7\u00e3o", "autoria": "Maria Gabriela Costa Calil Bearare, Cid Jos\u00e9 Aparecido dos Santos, Marta de Almeida Bezerra, Mary Alves dos Santos", "texto_original": "http://sapl.adamantina.sp.leg.br/media/sapl/public/materialegislativa/2026/17246/indicacao_021_22a_ordinaria.pdf", "ementa": "Solicitam a manuten\u00e7\u00e3o e melhoria do Anfiteatro Fernando Paloni, especialmente no que se refere a conserto ou substitui\u00e7\u00e3o dos aparelhos de ar-condicionado e avalia\u00e7\u00e3o t\u00e9cnica e substitui\u00e7\u00e3o das caixas de som."}, {"id": "17247", "ano": "2026", "numero": "22", "tipo__sigla": "IND", "tipo__descricao": "Indica\u00e7\u00e3o", "autoria": "Cid Jos\u00e9 Aparecido dos Santos, Aguinaldo Pires Galv\u00e3o, Daniel Augusto da Silva Fabri, Eder do Nascimento Ruete, Maria Gabriela Costa Calil Bearare, Marta de Almeida Bezerra, Mary Alves dos Santos", "texto_original": "http://sapl.adamantina.sp.leg.br/media/sapl/public/materialegislativa/2026/17247/indicacao_022_22a_ordinaria.pdf", "ementa": "Solicitam melhoria na ilumina\u00e7\u00e3o p\u00fablica pr\u00f3ximo ao Parque dos Pioneiros e Posto COCIPA."}, {"id": "17248", "ano": "2026", "numero": "23", "tipo__sigla": "IND", "tipo__descricao": "Indica\u00e7\u00e3o", "autoria": "Cid Jos\u00e9 Aparecido dos Santos, Aguinaldo Pires Galv\u00e3o, Daniel Augusto da Silva Fabri, Eder do Nascimento Ruete, Maria Gabriela Costa Calil Bearare, Marta de Almeida Bezerra, Mary Alves dos Santos", "texto_original": "http://sapl.adamantina.sp.leg.br/media/sapl/public/materialegislativa/2026/17248/indicacao_023_22a_ordinaria.pdf", "ementa": "Solicitam a instala\u00e7\u00e3o de lumin\u00e1rias p\u00fablicas espec\u00edficas para \u00e1rea verde em toda a extens\u00e3o da \u00e1rea verde e pra\u00e7a p\u00fablica do Parque Jaragu\u00e1."}, {"id": "17249", "ano": "2026", "numero": "24", "tipo__sigla": "IND", "tipo__descricao": "Indica\u00e7\u00e3o", "autoria": "Cid Jos\u00e9 Aparecido dos Santos, Aguinaldo Pires Galv\u00e3o, Daniel Augusto da Silva Fabri, Eder do Nascimento Ruete, Maria Gabriela Costa Calil Bearare, Marta de Almeida Bezerra, Mary Alves dos Santos", "texto_original": "http://sapl.adamantina.sp.leg.br/media/sapl/public/materialegislativa/2026/17249/indicacao_024_22a_ordinaria.pdf", "ementa": "Solicitam a instala\u00e7\u00e3o de ilumina\u00e7\u00e3o p\u00fablica e sinaliza\u00e7\u00e3o de tr\u00e2nsito na nova via urbana pavimentada recentemente constru\u00edda, que d\u00e1 acesso ao Residencial S\u00e3o Miguel I, pr\u00f3ximo ao ATC, loteamento denominado SOL NASCENTE."}, {"id": "17250", "ano": "2026", "numero": "25", "tipo__sigla": "IND", "tipo__descricao": "Indica\u00e7\u00e3o", "autoria": "Daniel Augusto da Silva Fabri", "texto_original": "http://sapl.adamantina.sp.leg.br/media/sapl/public/materialegislativa/2026/17250/indicacao_025_22a_ordinaria.pdf", "ementa": "Solicita da Secretaria Municipal de Sa\u00fade a ado\u00e7\u00e3o de medidas visando agilizar o atendimento e a dispensa\u00e7\u00e3o de medicamentos na Farm\u00e1cia Municipal."}, {"id": "17251", "ano": "2026", "numero": "26", "tipo__sigla": "IND", "tipo__descricao": "Indica\u00e7\u00e3o", "autoria": "Daniel Augusto da Silva Fabri", "texto_original": "http://sapl.adamantina.sp.leg.br/media/sapl/public/materialegislativa/2026/17251/indicacao_026_22a_ordinaria.pdf", "ementa": "Solicita da Secretaria Municipal de Sa\u00fade a realiza\u00e7\u00e3o de campanhas de conscientiza\u00e7\u00e3o sobre o Fevereiro Roxo, com foco nas tr\u00eas condi\u00e7\u00f5es de sa\u00fade que comp\u00f5em a campanha: Alzheimer, L\u00fapus e Fibromialgia."}, {"id": "17252", "ano": "2026", "numero": "27", "tipo__sigla": "IND", "tipo__descricao": "Indica\u00e7\u00e3o", "autoria": "Daniel Augusto da Silva Fabri", "texto_original": "http://sapl.adamantina.sp.leg.br/media/sapl/public/materialegislativa/2026/17252/indicacao_027_22a_ordinaria.pdf", "ementa": "Solicita da Secretaria Municipal de Obras e Servi\u00e7os intensificar e priorizar os servi\u00e7os de limpeza e manuten\u00e7\u00e3o de \u00e1reas p\u00fablicas do Munic\u00edpio."}, {"id": "17253", "ano": "2026", "numero": "28", "tipo__sigla": "IND", "tipo__descricao": "Indica\u00e7\u00e3o", "autoria": "Daniel Augusto da Silva Fabri", "texto_original": "http://sapl.adamantina.sp.leg.br/media/sapl/public/materialegislativa/2026/17253/indicacao_028_22a_ordinaria.pdf", "ementa": "Solicita a r\u00e1pida divulga\u00e7\u00e3o e encaminhamento de proposta de reajuste dos vencimentos dos servidores p\u00fablicos municipais."}, {"id": "17254", "ano": "2026", "numero": "29", "tipo__sigla": "IND", "tipo__descricao": "Indica\u00e7\u00e3o", "autoria": "Daniel Augusto da Silva Fabri", "texto_original": "http://sapl.adamantina.sp.leg.br/media/sapl/public/materialegislativa/2026/17254/indicacao_029_22a_ordinaria.pdf", "ementa": "Solicita da Secretaria Municipal de Obras e Servi\u00e7os a realiza\u00e7\u00e3o de recupera\u00e7\u00e3o das vias p\u00fablicas do Munic\u00edpio."}, {"id": "17255", "ano": "2026", "numero": "30", "tipo__sigla": "IND", "tipo__descricao": "Indica\u00e7\u00e3o", "autoria": "Daniel Augusto da Silva Fabri", "texto_original": "http://sapl.adamantina.sp.leg.br/media/sapl/public/materialegislativa/2026/17255/indicacao_030_22a_ordinaria.pdf", "ementa": "Solicita da Secretaria Municipal de Fiscaliza\u00e7\u00e3o Tribut\u00e1ria e Arrecada\u00e7\u00e3o ampla divulga\u00e7\u00e3o, por meios oficiais e acess\u00edveis, acerca da nova forma de disponibiliza\u00e7\u00e3o do carn\u00ea do IPTU no exerc\u00edcio de 2026."}, {"id": "17256", "ano": "2026", "numero": "31", "tipo__sigla": "IND", "tipo__descricao": "Indica\u00e7\u00e3o", "autoria": "Daniel Augusto da Silva Fabri, Aguinaldo Pires Galv\u00e3o", "texto_original": "http://sapl.adamantina.sp.leg.br/media/sapl/public/materialegislativa/2026/17256/indicacao_031_22a_ordinaria.pdf", "ementa": "Solicitam da Secretaria Municipal de Esportes a realiza\u00e7\u00e3o da pintura e renova\u00e7\u00e3o das demarca\u00e7\u00f5es do campo sint\u00e9tico Ant\u00f4nio Libarino Bassan, no Parque dos Pioneiros."}, {"id": "17257", "ano": "2026", "numero": "32", "tipo__sigla": "IND", "tipo__descricao": "Indica\u00e7\u00e3o", "autoria": "Daniel Augusto da Silva Fabri, Aguinaldo Pires Galv\u00e3o", "texto_original": "http://sapl.adamantina.sp.leg.br/media/sapl/public/materialegislativa/2026/17257/indicacao_032_22a_ordinaria.pdf", "ementa": "Solicitam da Secretaria Municipal de Obras e Servi\u00e7os, a instala\u00e7\u00e3o de lixeiras p\u00fablicas ao longo da Avenida Adhemar de Barros, na \u00e1rea central do Munic\u00edpio."}, {"id": "17258", "ano": "2026", "numero": "33", "tipo__sigla": "IND", "tipo__descricao": "Indica\u00e7\u00e3o", "autoria": "Daniel Augusto da Silva Fabri, Aguinaldo Pires Galv\u00e3o", "texto_original": "http://sapl.adamantina.sp.leg.br/media/sapl/public/materialegislativa/2026/17258/indicacao_033_22a_ordinaria.pdf", "ementa": "Solicitam da Secretaria Municipal de Obras e Servi\u00e7os, a realiza\u00e7\u00e3o de limpeza geral e manuten\u00e7\u00e3o detalhada na \u00e1rea verde localizada no Parque Itapu\u00e3 I."}, {"id": "17259", "ano": "2026", "numero": "34", "tipo__sigla": "IND", "tipo__descricao": "Indica\u00e7\u00e3o", "autoria": "Daniel Augusto da Silva Fabri, Aguinaldo Pires Galv\u00e3o", "texto_original": "http://sapl.adamantina.sp.leg.br/media/sapl/public/materialegislativa/2026/17259/indicacao_034_22a_ordinaria.pdf", "ementa": "Solicitam da Secretaria Municipal de Planejamento, a melhoria da sinaliza\u00e7\u00e3o vi\u00e1ria no entorno da Matriz Nossa Senhora de F\u00e1tima."}, {"id": "17260", "ano": "2026", "numero": "35", "tipo__sigla": "IND", "tipo__descricao": "Indica\u00e7\u00e3o", "autoria": "Daniel Augusto da Silva Fabri, Aguinaldo Pires Galv\u00e3o", "texto_original": "http://sapl.adamantina.sp.leg.br/media/sapl/public/materialegislativa/2026/17260/indicacao_035_22a_ordinaria.pdf", "ementa": "Solicitam da Secretaria Municipal de Esportes, a realiza\u00e7\u00e3o de melhorias no Campo de Futebol do Parque Caldeira."}, {"id": "17261", "ano": "2026", "numero": "36", "tipo__sigla": "IND", "tipo__descricao": "Indica\u00e7\u00e3o", "autoria": "Daniel Augusto da Silva Fabri, Aguinaldo Pires Galv\u00e3o, H\u00e9lio Jos\u00e9 dos Santos, Mary Alves dos Santos", "texto_original": "http://sapl.adamantina.sp.leg.br/media/sapl/public/materialegislativa/2026/17261/indicacao_036_22a_ordinaria.pdf", "ementa": "Solicitam da Secretaria Municipal de Obras e Servi\u00e7os e da Secretaria Municipal de Esportes, manuten\u00e7\u00e3o e adequa\u00e7\u00e3o do espa\u00e7o destinado \u00e0 roda de capoeira da Esta\u00e7\u00e3o Recreio."}, {"id": "17262", "ano": "2026", "numero": "37", "tipo__sigla": "IND", "tipo__descricao": "Indica\u00e7\u00e3o", "autoria": "H\u00e9lio Jos\u00e9 dos Santos, Eder do Nascimento Ruete, Marta de Almeida Bezerra", "texto_original": "http://sapl.adamantina.sp.leg.br/media/sapl/public/materialegislativa/2026/17262/indicacao_037_22a_ordinaria.pdf", "ementa": "Solicitam que programe e realize uma reuni\u00e3o com os Vereadores, com a finalidade de dialogar e discutir os \u00edndices de revis\u00e3o/reajuste salarial dos servidores p\u00fablicos municipais, bem como a atualiza\u00e7\u00e3o do valor do ticket alimenta\u00e7\u00e3o concedido aos funcion\u00e1rios da Prefeitura Municipal de Adamantina."}, {"id": "17263", "ano": "2026", "numero": "38", "tipo__sigla": "IND", "tipo__descricao": "Indica\u00e7\u00e3o", "autoria": "H\u00e9lio Jos\u00e9 dos Santos, Eder do Nascimento Ruete, Marta de Almeida Bezerra", "texto_original": "http://sapl.adamantina.sp.leg.br/media/sapl/public/materialegislativa/2026/17263/indicacao_038_22a_ordinaria.pdf", "ementa": "Solicitam ao Reitor da FAI, que seja programada uma reuni\u00e3o com os Vereadores, com o objetivo de dialogar e debater acerca dos \u00edndices de revis\u00e3o e/ou reajuste salarial dos servidores da FAI, bem como sobre a atualiza\u00e7\u00e3o do valor do ticket alimenta\u00e7\u00e3o."}, {"id": "17264", "ano": "2026", "numero": "39", "tipo__sigla": "IND", "tipo__descricao": "Indica\u00e7\u00e3o", "autoria": "H\u00e9lio Jos\u00e9 dos Santos, Eder do Nascimento Ruete, Marta de Almeida Bezerra", "texto_original": "http://sapl.adamantina.sp.leg.br/media/sapl/public/materialegislativa/2026/17264/indicacao_039_22a_ordinaria.pdf", "ementa": "Solicitam a instala\u00e7\u00e3o de ilumina\u00e7\u00e3o p\u00fablica no ponto de \u00f4nibus da Rua Carlos Pegoraro, praticamente no cruzamento com a Avenida Jos\u00e9 Urbano Luize, no bairro Parque do Sol, bem como em suas proximidades."}, {"id": "17296", "ano": "2026", "numero": "40", "tipo__sigla": "IND", "tipo__descricao": "Indica\u00e7\u00e3o", "autoria": "H\u00e9lio Jos\u00e9 dos Santos, Eder do Nascimento Ruete, Marta de Almeida Bezerra, Rog\u00e9rio C\u00e9sar Sacoman", "texto_original": "http://sapl.adamantina.sp.leg.br/media/sapl/public/materialegislativa/2026/17296/indicacao_040_23a_ordinaria.pdf", "ementa": "Solicitam a melhoria da ilumina\u00e7\u00e3o p\u00fablica na quadra onde est\u00e1 localizada a E. E. Helen Keller, especialmente na Rua M\u00e1rio Olivero, no trecho compreendido entre as Alamedas Br\u00e1ulio Molina Frias e Jarbas Bento da Silva."}, {"id": "17297", "ano": "2026", "numero": "41", "tipo__sigla": "IND", "tipo__descricao": "Indica\u00e7\u00e3o", "autoria": "Rog\u00e9rio C\u00e9sar Sacoman", "texto_original": "http://sapl.adamantina.sp.leg.br/media/sapl/public/materialegislativa/2026/17297/indicacao_041_23a_ordinaria.pdf", "ementa": "Solicita da Secretaria Municipal respons\u00e1vel pelo dep\u00f3sito de entulhos de constru\u00e7\u00f5es localizado na vicinal Jos\u00e9 Bocardi, estudar a viabilidade de permanecer aberto nos finais de semana para o atendimento da popula\u00e7\u00e3o."}, {"id": "17298", "ano": "2026", "numero": "42", "tipo__sigla": "IND", "tipo__descricao": "Indica\u00e7\u00e3o", "autoria": "Rog\u00e9rio C\u00e9sar Sacoman", "texto_original": "http://sapl.adamantina.sp.leg.br/media/sapl/public/materialegislativa/2026/17298/indicacao_042_23a_ordinaria.pdf", "ementa": "Solicita das Secretarias Municipais competentes promover estudos t\u00e9cnicos e financeiros, visando a instala\u00e7\u00e3o de c\u00e2meras ao entorno das depend\u00eancias da Usina de Reciclagem de Lixo de Adamantina."}, {"id": "17299", "ano": "2026", "numero": "43", "tipo__sigla": "IND", "tipo__descricao": "Indica\u00e7\u00e3o", "autoria": "Mary Alves dos Santos", "texto_original": "http://sapl.adamantina.sp.leg.br/media/sapl/public/materialegislativa/2026/17299/indicacao_043_23a_ordinaria.pdf", "ementa": "Solicita a recoloca\u00e7\u00e3o da bomba d\u2019agua no espa\u00e7o localizado na antiga horta do Jardim Adamantina."}, {"id": "17300", "ano": "2026", "numero": "44", "tipo__sigla": "IND", "tipo__descricao": "Indica\u00e7\u00e3o", "autoria": "Mary Alves dos Santos", "texto_original": "http://sapl.adamantina.sp.leg.br/media/sapl/public/materialegislativa/2026/17300/indicacao_044_23a_ordinaria.pdf", "ementa": "Solicita a elabora\u00e7\u00e3o da campanha \u201cAdote o Verde\u201d, referente aos canteiros central da cidade."}, {"id": "17301", "ano": "2026", "numero": "45", "tipo__sigla": "IND", "tipo__descricao": "Indica\u00e7\u00e3o", "autoria": "Mary Alves dos Santos, Aguinaldo Pires Galv\u00e3o, Cid Jos\u00e9 Aparecido dos Santos, Eder do Nascimento Ruete, Maria Gabriela Costa Calil Bearare, Marta de Almeida Bezerra", "texto_original": "http://sapl.adamantina.sp.leg.br/media/sapl/public/materialegislativa/2026/17301/indicacao_045_23a_ordinaria.pdf", "ementa": "Solicitam a instala\u00e7\u00e3o de pra\u00e7a com brinquedos de playground na Vila Cicma."}, {"id": "17302", "ano": "2026", "numero": "46", "tipo__sigla": "IND", "tipo__descricao": "Indica\u00e7\u00e3o", "autoria": "Mary Alves dos Santos, Aguinaldo Pires Galv\u00e3o, Cid Jos\u00e9 Aparecido dos Santos, Eder do Nascimento Ruete, Maria Gabriela Costa Calil Bearare, Marta de Almeida Bezerra", "texto_original": "http://sapl.adamantina.sp.leg.br/media/sapl/public/materialegislativa/2026/17302/indicacao_046_23a_ordinaria.pdf", "ementa": "Solicitam a recupera\u00e7\u00e3o do piso asf\u00e1ltico da Rua Top\u00e1zio, mais precisamente defronte \u00e0 resid\u00eancia de n\u00famero 18, do Residencial Eldorado I."}, {"id": "17303", "ano": "2026", "numero": "47", "tipo__sigla": "IND", "tipo__descricao": "Indica\u00e7\u00e3o", "autoria": "Mary Alves dos Santos, Aguinaldo Pires Galv\u00e3o, Cid Jos\u00e9 Aparecido dos Santos, Eder do Nascimento Ruete, Maria Gabriela Costa Calil Bearare, Marta de Almeida Bezerra", "texto_original": "http://sapl.adamantina.sp.leg.br/media/sapl/public/materialegislativa/2026/17303/indicacao_047_23a_ordinaria.pdf", "ementa": "Solicitam a instala\u00e7\u00e3o de um sem\u00e1foro na esquina da Av. Deputado Cunha Bueno com a Rua 09 de Julho."}, {"id": "17304", "ano": "2026", "numero": "48", "tipo__sigla": "IND", "tipo__descricao": "Indica\u00e7\u00e3o", "autoria": "Mary Alves dos Santos, Aguinaldo Pires Galv\u00e3o, Cid Jos\u00e9 Aparecido dos Santos, Eder do Nascimento Ruete, Maria Gabriela Costa Calil Bearare, Marta de Almeida Bezerra", "texto_original": "http://sapl.adamantina.sp.leg.br/media/sapl/public/materialegislativa/2026/17304/indicacao_048_23a_ordinaria.pdf", "ementa": "Solicitam a instala\u00e7\u00e3o de playground com bancos e ilumina\u00e7\u00e3o na \u00e1rea de lazer do Conjunto Residencial Eldorado I."}, {"id": "17305", "ano": "2026", "numero": "49", "tipo__sigla": "IND", "tipo__descricao": "Indica\u00e7\u00e3o", "autoria": "Mary Alves dos Santos, Aguinaldo Pires Galv\u00e3o, Cid Jos\u00e9 Aparecido dos Santos, Eder do Nascimento Ruete, Maria Gabriela Costa Calil Bearare, Marta de Almeida Bezerra", "texto_original": "http://sapl.adamantina.sp.leg.br/media/sapl/public/materialegislativa/2026/17305/indicacao_049_23a_ordinaria.pdf", "ementa": "Solicitam a instala\u00e7\u00e3o de bancos na pra\u00e7a central do Jardim Primavera, situada entra as Ruas Fausto de Oliveira e Benedito Camargo da Rocha."}, {"id": "17306", "ano": "2026", "numero": "50", "tipo__sigla": "IND", "tipo__descricao": "Indica\u00e7\u00e3o", "autoria": "Mary Alves dos Santos, Aguinaldo Pires Galv\u00e3o, Eder do Nascimento Ruete, Maria Gabriela Costa Calil Bearare, Marta de Almeida Bezerra", "texto_original": "http://sapl.adamantina.sp.leg.br/media/sapl/public/materialegislativa/2026/17306/indicacao_050_23a_ordinaria.pdf", "ementa": "Solicitam a instala\u00e7\u00e3o de playground com bancos e ilumina\u00e7\u00e3o na \u00e1rea de lazer do Residencial Parque Universit\u00e1rio."}, {"id": "17307", "ano": "2026", "numero": "51", "tipo__sigla": "IND", "tipo__descricao": "Indica\u00e7\u00e3o", "autoria": "Aguinaldo Pires Galv\u00e3o, Daniel Augusto da Silva Fabri, Eder do Nascimento Ruete", "texto_original": "http://sapl.adamantina.sp.leg.br/media/sapl/public/materialegislativa/2026/17307/indicacao_051_23a_ordinaria.pdf", "ementa": "Solicitam, com urg\u00eancia, a coloca\u00e7\u00e3o de placas e pintura na cal\u00e7ada do Parque dos Pioneiros e Caldeira \u201cProibido a circula\u00e7\u00e3o de autopropelido, bicicleta el\u00e9trica, patinetes el\u00e9tricos, skate e bicicletas\u201d."}, {"id": "17308", "ano": "2026", "numero": "52", "tipo__sigla": "IND", "tipo__descricao": "Indica\u00e7\u00e3o", "autoria": "Rog\u00e9rio C\u00e9sar Sacoman", "texto_original": "http://sapl.adamantina.sp.leg.br/media/sapl/public/materialegislativa/2026/17308/indicacao_052_23a_ordinaria.pdf", "ementa": "Solicita da Secretaria Municipal de Planejamento \u2013 Diretoria Municipal de Tr\u00e2nsito, proceder \u00e0 sinaliza\u00e7\u00e3o de solo \u201cPare\u201d e faixa de pedestres em todas as ruas e avenidas da Vila Industrial."}, {"id": "17309", "ano": "2026", "numero": "53", "tipo__sigla": "IND", "tipo__descricao": "Indica\u00e7\u00e3o", "autoria": "Aguinaldo Pires Galv\u00e3o, Daniel Augusto da Silva Fabri", "texto_original": "http://sapl.adamantina.sp.leg.br/media/sapl/public/materialegislativa/2026/17309/indicacao_053_23a_ordinaria.pdf", "ementa": "Solicitam promover um mutir\u00e3o para o recolhimento de materiais el\u00e9tricos e eletr\u00f4nicos, com apoio dos funcion\u00e1rios da Prefeitura e Atiradores do Tiro de Guerra local."}, {"id": "17310", "ano": "2026", "numero": "54", "tipo__sigla": "IND", "tipo__descricao": "Indica\u00e7\u00e3o", "autoria": "Daniel Augusto da Silva Fabri", "texto_original": "http://sapl.adamantina.sp.leg.br/media/sapl/public/materialegislativa/2026/17310/indicacao_054_23a_ordinaria.pdf", "ementa": "Solicita a instala\u00e7\u00e3o de uma academia ao ar livre na Pra\u00e7a Sustent\u00e1vel \u201cLari\u00e9le Ver\u00f4nica Boldrin\u201d, localizada no bairro Jardim Europa."}, {"id": "17311", "ano": "2026", "numero": "55", "tipo__sigla": "IND", "tipo__descricao": "Indica\u00e7\u00e3o", "autoria": "Daniel Augusto da Silva Fabri", "texto_original": "http://sapl.adamantina.sp.leg.br/media/sapl/public/materialegislativa/2026/17311/indicacao_055_23a_ordinaria.pdf", "ementa": "Solicita a realiza\u00e7\u00e3o de estudos t\u00e9cnicos e administrativos visando \u00e0 an\u00e1lise e adequa\u00e7\u00e3o das quest\u00f5es funcionais, legais e remunerat\u00f3rias relacionadas aos Agentes de Desenvolvimento Infantil (ADIs) do Munic\u00edpio."}, {"id": "17312", "ano": "2026", "numero": "56", "tipo__sigla": "IND", "tipo__descricao": "Indica\u00e7\u00e3o", "autoria": "Daniel Augusto da Silva Fabri", "texto_original": "http://sapl.adamantina.sp.leg.br/media/sapl/public/materialegislativa/2026/17312/indicacao_056_23a_ordinaria.pdf", "ementa": "Solicita a amplia\u00e7\u00e3o do quadro de funcion\u00e1rios respons\u00e1veis pela limpeza na EMEI Ciclo I \u201cSonho de Crian\u00e7a\u201d, localizada no Conjunto Habitacional M\u00e1rio Covas, na Rua Ant\u00f4nio Pires Ribeiro, n\u00ba 55."}, {"id": "17313", "ano": "2026", "numero": "57", "tipo__sigla": "IND", "tipo__descricao": "Indica\u00e7\u00e3o", "autoria": "Daniel Augusto da Silva Fabri", "texto_original": "http://sapl.adamantina.sp.leg.br/media/sapl/public/materialegislativa/2026/17313/indicacao_057_23a_ordinaria.pdf", "ementa": "Solicita a melhoria da sinaliza\u00e7\u00e3o vi\u00e1ria na Alameda Padre N\u00f3brega, especialmente no trecho pr\u00f3ximo \u00e0 Escola Crist\u00e3 de Ensino."}, {"id": "17314", "ano": "2026", "numero": "58", "tipo__sigla": "IND", "tipo__descricao": "Indica\u00e7\u00e3o", "autoria": "Daniel Augusto da Silva Fabri", "texto_original": "http://sapl.adamantina.sp.leg.br/media/sapl/public/materialegislativa/2026/17314/indicacao_058_23a_ordinaria.pdf", "ementa": "Solicita \u00e0 reativa\u00e7\u00e3o da horta comunit\u00e1ria localizada no bairro Jardim Europa."}, {"id": "17315", "ano": "2026", "numero": "59", "tipo__sigla": "IND", "tipo__descricao": "Indica\u00e7\u00e3o", "autoria": "Daniel Augusto da Silva Fabri", "texto_original": "http://sapl.adamantina.sp.leg.br/media/sapl/public/materialegislativa/2026/17315/indicacao_059_23a_ordinaria.pdf", "ementa": "Solicita a realiza\u00e7\u00e3o de manuten\u00e7\u00e3o na ilumina\u00e7\u00e3o p\u00fablica da Pra\u00e7a Sustent\u00e1vel \u201cLari\u00e9le Ver\u00f4nica Boldrin\u201d, bem como das lumin\u00e1rias existentes no jardim localizado na entrada do bairro Jardim Europa."}, {"id": "17316", "ano": "2026", "numero": "60", "tipo__sigla": "IND", "tipo__descricao": "Indica\u00e7\u00e3o", "autoria": "Daniel Augusto da Silva Fabri", "texto_original": "http://sapl.adamantina.sp.leg.br/media/sapl/public/materialegislativa/2026/17316/indicacao_060_23a_ordinaria.pdf", "ementa": "Solicita que o parquinho, as cal\u00e7adas adjacentes e a Pra\u00e7a Sustent\u00e1vel \u201cLari\u00e9le Ver\u00f4nica Boldrin\u201d, localizados no bairro Jardim Europa, sejam inclu\u00eddos no cronograma regular de limpeza e manuten\u00e7\u00e3o do Munic\u00edpio."}, {"id": "17317", "ano": "2026", "numero": "61", "tipo__sigla": "IND", "tipo__descricao": "Indica\u00e7\u00e3o", "autoria": "Daniel Augusto da Silva Fabri", "texto_original": "http://sapl.adamantina.sp.leg.br/media/sapl/public/materialegislativa/2026/17317/indicacao_061_23a_ordinaria.pdf", "ementa": "Solicita a realiza\u00e7\u00e3o de manuten\u00e7\u00e3o na via de terra localizada ao lado do Cemit\u00e9rio da Saudade, a qual integra o bairro Jardim Europa."}, {"id": "17318", "ano": "2026", "numero": "62", "tipo__sigla": "IND", "tipo__descricao": "Indica\u00e7\u00e3o", "autoria": "Marta de Almeida Bezerra, Cid Jos\u00e9 Aparecido dos Santos, Maria Gabriela Costa Calil Bearare, Mary Alves dos Santos", "texto_original": "http://sapl.adamantina.sp.leg.br/media/sapl/public/materialegislativa/2026/17318/indicacao_062_23a_ordinaria.pdf", "ementa": "Solicita a instala\u00e7\u00e3o de redutor de velocidade (lombada) na Rodovia Mois\u00e9s Justino da Silva, trecho entre o Hotel 10 e o Posto Bela Vista."}, {"id": "17319", "ano": "2026", "numero": "63", "tipo__sigla": "IND", "tipo__descricao": "Indica\u00e7\u00e3o", "autoria": "Marta de Almeida Bezerra", "texto_original": "http://sapl.adamantina.sp.leg.br/media/sapl/public/materialegislativa/2026/17319/indicacao_063_23a_ordinaria.pdf", "ementa": "Solicita que proceda a sinaliza\u00e7\u00e3o de tr\u00e2nsito solo \u201cPare\u201d na Rua Guerino Dorigo, sa\u00edda para a Rodovia Mois\u00e9s Justino da Silva, no bairro Est\u00e2ncia Dorigo."}, {"id": "17320", "ano": "2026", "numero": "64", "tipo__sigla": "IND", "tipo__descricao": "Indica\u00e7\u00e3o", "autoria": "Marta de Almeida Bezerra", "texto_original": "http://sapl.adamantina.sp.leg.br/media/sapl/public/materialegislativa/2026/17320/indicacao_064_23a_ordinaria.pdf", "ementa": "Solicita realizar o recapeamento asf\u00e1ltico da Rua Guerino Dorigo, bem como outras ruas do bairro Est\u00e2ncia Dorigo, pois encontram-se se em p\u00e9ssimo estado de conserva\u00e7\u00e3o."}, {"id": "17338", "ano": "2026", "numero": "65", "tipo__sigla": "IND", "tipo__descricao": "Indica\u00e7\u00e3o", "autoria": "Aguinaldo Pires Galv\u00e3o, Daniel Augusto da Silva Fabri, H\u00e9lio Jos\u00e9 dos Santos", "texto_original": "http://sapl.adamantina.sp.leg.br/media/sapl/public/materialegislativa/2026/17338/indicacao_065_24a_ordinaria.pdf", "ementa": "Solicitam proceder a ro\u00e7agem do enorme matagal e notificar os propriet\u00e1rios dos terrenos para confec\u00e7\u00e3o de passeio p\u00fablico na Rua Hermenegildo Lopes Pedroso, entre as Ruas Walter Menechin at\u00e9 a Rua Quintino Bocai\u00fava, proximidade do PAI Nosso Lar e Poliesportivo."}, {"id": "17339", "ano": "2026", "numero": "66", "tipo__sigla": "IND", "tipo__descricao": "Indica\u00e7\u00e3o", "autoria": "Aguinaldo Pires Galv\u00e3o, Cid Jos\u00e9 Aparecido dos Santos, Rog\u00e9rio C\u00e9sar Sacoman", "texto_original": "http://sapl.adamantina.sp.leg.br/media/sapl/public/materialegislativa/2026/17339/indicacao_066_24a_ordinaria.pdf", "ementa": "Solicitam proceder v\u00e1rios reparos, em especial a troca de todas as torneiras que est\u00e3o quebradas no banheiro p\u00fablico da Pra\u00e7a Euclides Romanini (Pra\u00e7a dos Patos)."}, {"id": "17340", "ano": "2026", "numero": "67", "tipo__sigla": "IND", "tipo__descricao": "Indica\u00e7\u00e3o", "autoria": "Mary Alves dos Santos", "texto_original": "http://sapl.adamantina.sp.leg.br/media/sapl/public/materialegislativa/2026/17340/indicacao_067_24a_ordinaria.pdf", "ementa": "Solicita que seja feita instala\u00e7\u00e3o de equipamento denominado frald\u00e1rio de parede, a fim de atender as fam\u00edlias que tenham beb\u00ea que usam fraldas."}, {"id": "17341", "ano": "2026", "numero": "68", "tipo__sigla": "IND", "tipo__descricao": "Indica\u00e7\u00e3o", "autoria": "H\u00e9lio Jos\u00e9 dos Santos, Rog\u00e9rio C\u00e9sar Sacoman", "texto_original": "http://sapl.adamantina.sp.leg.br/media/sapl/public/materialegislativa/2026/17341/indicacao_068_24a_ordinaria.pdf", "ementa": "Solicitam que procedam \u00e0 verifica\u00e7\u00e3o, junto aos respons\u00e1veis pela unidade do Poupatempo, acerca das diversas reclama\u00e7\u00f5es apresentadas por usu\u00e1rios dos servi\u00e7os ali disponibilizados."}, {"id": "17342", "ano": "2026", "numero": "69", "tipo__sigla": "IND", "tipo__descricao": "Indica\u00e7\u00e3o", "autoria": "H\u00e9lio Jos\u00e9 dos Santos, Eder do Nascimento Ruete, Maria Gabriela Costa Calil Bearare, Marta de Almeida Bezerra, Mary Alves dos Santos, Rog\u00e9rio C\u00e9sar Sacoman", "texto_original": "http://sapl.adamantina.sp.leg.br/media/sapl/public/materialegislativa/2026/17342/indicacao_069_24a_ordinaria.pdf", "ementa": "Solicitam que a Comiss\u00e3o Municipal de Tr\u00e2nsito realize estudo sobre a viabilidade da implanta\u00e7\u00e3o do estacionamento em 45\u00ba na Pra\u00e7a \u00c9lio Micheloni."}, {"id": "17343", "ano": "2026", "numero": "70", "tipo__sigla": "IND", "tipo__descricao": "Indica\u00e7\u00e3o", "autoria": "H\u00e9lio Jos\u00e9 dos Santos, Eder do Nascimento Ruete, Maria Gabriela Costa Calil Bearare, Marta de Almeida Bezerra, Mary Alves dos Santos, Rog\u00e9rio C\u00e9sar Sacoman", "texto_original": "http://sapl.adamantina.sp.leg.br/media/sapl/public/materialegislativa/2026/17343/indicacao_070_24a_ordinaria.pdf", "ementa": "Solicitam a transforma\u00e7\u00e3o do cargo de Auxiliar de Enfermagem para T\u00e9cnico em Enfermagem, tendo como justificativa a necessidade de adequa\u00e7\u00e3o \u00e0s exig\u00eancias normativas do COFEN."}, {"id": "17344", "ano": "2026", "numero": "71", "tipo__sigla": "IND", "tipo__descricao": "Indica\u00e7\u00e3o", "autoria": "Daniel Augusto da Silva Fabri", "texto_original": "http://sapl.adamantina.sp.leg.br/media/sapl/public/materialegislativa/2026/17344/indicacao_071_24a_ordinaria.pdf", "ementa": "Solicita que a Secretaria Municipal de Assist\u00eancia Social adote provid\u00eancias administrativas necess\u00e1rias para viabilizar a cria\u00e7\u00e3o do Conselho Municipal da Juventude e a implanta\u00e7\u00e3o da Agenda Jovem no Munic\u00edpio de Adamantina."}, {"id": "17345", "ano": "2026", "numero": "72", "tipo__sigla": "IND", "tipo__descricao": "Indica\u00e7\u00e3o", "autoria": "Daniel Augusto da Silva Fabri", "texto_original": "http://sapl.adamantina.sp.leg.br/media/sapl/public/materialegislativa/2026/17345/indicacao_072_24a_ordinaria.pdf", "ementa": "Solicita que a Secretaria Municipal de Meio Ambiente avalie medidas necess\u00e1rias para garantir o bem-estar dos animais existentes na Pra\u00e7a Euclides Romanini (Parque dos Patos) e a preserva\u00e7\u00e3o do ecossistema local."}, {"id": "17346", "ano": "2026", "numero": "73", "tipo__sigla": "IND", "tipo__descricao": "Indica\u00e7\u00e3o", "autoria": "Daniel Augusto da Silva Fabri, Eder do Nascimento Ruete, Marta de Almeida Bezerra, Mary Alves dos Santos, Rog\u00e9rio C\u00e9sar Sacoman", "texto_original": "http://sapl.adamantina.sp.leg.br/media/sapl/public/materialegislativa/2026/17346/indicacao_073_24a_ordinaria.pdf", "ementa": "Solicita que a Secretaria Municipal de Obras realize vistoria t\u00e9cnica no local e adote as medidas necess\u00e1rias para a manuten\u00e7\u00e3o e recupera\u00e7\u00e3o da pavimenta\u00e7\u00e3o da via Hermenegildo Lopes Pedroso."}, {"id": "17347", "ano": "2026", "numero": "74", "tipo__sigla": "IND", "tipo__descricao": "Indica\u00e7\u00e3o", "autoria": "Mary Alves dos Santos, Aguinaldo Pires Galv\u00e3o, Daniel Augusto da Silva Fabri, Marta de Almeida Bezerra", "texto_original": "http://sapl.adamantina.sp.leg.br/media/sapl/public/materialegislativa/2026/17347/indicacao_074_24a_ordinaria.pdf", "ementa": "Solicitam estudos para realiza\u00e7\u00e3o do \u201cDia da Sa\u00fade\u201d, a ser oferecido gratuitamente \u00e0 popula\u00e7\u00e3o em local p\u00fablico, de prefer\u00eancia em dia de s\u00e1bado."}, {"id": "17348", "ano": "2026", "numero": "75", "tipo__sigla": "IND", "tipo__descricao": "Indica\u00e7\u00e3o", "autoria": "Mary Alves dos Santos, Aguinaldo Pires Galv\u00e3o, Daniel Augusto da Silva Fabri, Marta de Almeida Bezerra", "texto_original": "http://sapl.adamantina.sp.leg.br/media/sapl/public/materialegislativa/2026/17348/indicacao_075_24a_ordinaria.pdf", "ementa": "Solicitam a realiza\u00e7\u00e3o dos servi\u00e7os de manuten\u00e7\u00e3o dos brinquedos instalados no parquinho p\u00fablico do Parque dos Pioneiros."}, {"id": "17349", "ano": "2026", "numero": "76", "tipo__sigla": "IND", "tipo__descricao": "Indica\u00e7\u00e3o", "autoria": "Mary Alves dos Santos", "texto_original": "http://sapl.adamantina.sp.leg.br/media/sapl/public/materialegislativa/2026/17349/indicacao_076_24a_ordinaria.pdf", "ementa": "Solicita da Secretaria Municipal de Obras e Servi\u00e7os P\u00fablico, que seja realizada a limpeza correta dos espa\u00e7os p\u00fablicos do Bairro Vista Verde."}, {"id": "17350", "ano": "2026", "numero": "77", "tipo__sigla": "IND", "tipo__descricao": "Indica\u00e7\u00e3o", "autoria": "Rog\u00e9rio C\u00e9sar Sacoman", "texto_original": "http://sapl.adamantina.sp.leg.br/media/sapl/public/materialegislativa/2026/17350/indicacao_077_24a_ordinaria.pdf", "ementa": "Solicita da Secretaria Municipal de Sa\u00fade, bem como aos demais \u00f3rg\u00e3os competentes, a ado\u00e7\u00e3o de medidas urgentes para o combate, controle e preven\u00e7\u00e3o de prolifera\u00e7\u00e3o de escorpi\u00f5es em nosso munic\u00edpio."}, {"id": "17351", "ano": "2026", "numero": "78", "tipo__sigla": "IND", "tipo__descricao": "Indica\u00e7\u00e3o", "autoria": "Marta de Almeida Bezerra, Cid Jos\u00e9 Aparecido dos Santos, Maria Gabriela Costa Calil Bearare, Mary Alves dos Santos", "texto_original": "http://sapl.adamantina.sp.leg.br/media/sapl/public/materialegislativa/2026/17351/indicacao_078_24a_ordinaria.pdf", "ementa": "Solicitam que seja instalado uma cobertura nos pontos de \u00f4nibus do Bairro Oit/Tipuanas, nas Ruas Nair Quinto Zamb\u00e3o e tamb\u00e9m na Av. Capit\u00e3o Jos\u00e9 Ant\u00f4nio de Oliveira."}, {"id": "17363", "ano": "2026", "numero": "79", "tipo__sigla": "IND", "tipo__descricao": "Indica\u00e7\u00e3o", "autoria": "Aguinaldo Pires Galv\u00e3o, Daniel Augusto da Silva Fabri, Rog\u00e9rio C\u00e9sar Sacoman", "texto_original": "http://sapl.adamantina.sp.leg.br/media/sapl/public/materialegislativa/2026/17363/indicacao_079_25a_ordinaria.pdf", "ementa": "Solicitam a substitui\u00e7\u00e3o das l\u00e2mpadas queimadas no bairro Jardim Bela Vista, mais precisamente na Rua na Rua Dion\u00edsio Granado e adjac\u00eancias."}, {"id": "17364", "ano": "2026", "numero": "80", "tipo__sigla": "IND", "tipo__descricao": "Indica\u00e7\u00e3o", "autoria": "Aguinaldo Pires Galv\u00e3o, Daniel Augusto da Silva Fabri, H\u00e9lio Jos\u00e9 dos Santos, Maria Gabriela Costa Calil Bearare, Rog\u00e9rio C\u00e9sar Sacoman", "texto_original": "http://sapl.adamantina.sp.leg.br/media/sapl/public/materialegislativa/2026/17364/indicacao_080_25a_ordinaria.pdf", "ementa": "Solicitam a ilumina\u00e7\u00e3o da Via Marginal Ant\u00f4nio Barberato, entre a Rodovia Jo\u00e3o Ribeiro de Barros e a FAI, pois o local est\u00e1 muito escuro e \u00e9 um lugar de bastante movimenta\u00e7\u00e3o."}, {"id": "17365", "ano": "2026", "numero": "81", "tipo__sigla": "IND", "tipo__descricao": "Indica\u00e7\u00e3o", "autoria": "Aguinaldo Pires Galv\u00e3o, Cid Jos\u00e9 Aparecido dos Santos, H\u00e9lio Jos\u00e9 dos Santos", "texto_original": "http://sapl.adamantina.sp.leg.br/media/sapl/public/materialegislativa/2026/17365/indicacao_081_25a_ordinaria.pdf", "ementa": "Solicitam recolocar o aparelho de televis\u00e3o que estava instalado na \u00e1rea de espera para embarque no Terminal Rodovi\u00e1rio."}, {"id": "17366", "ano": "2026", "numero": "82", "tipo__sigla": "IND", "tipo__descricao": "Indica\u00e7\u00e3o", "autoria": "Rog\u00e9rio C\u00e9sar Sacoman", "texto_original": "http://sapl.adamantina.sp.leg.br/media/sapl/public/materialegislativa/2026/17366/indicacao_082_25a_ordinaria.pdf", "ementa": "Solicita a possibilidade de disponibiliza\u00e7\u00e3o gratuita de sacos verdes para a coleta de lixo recicl\u00e1vel aos mun\u00edcipes."}, {"id": "17367", "ano": "2026", "numero": "83", "tipo__sigla": "IND", "tipo__descricao": "Indica\u00e7\u00e3o", "autoria": "Rog\u00e9rio C\u00e9sar Sacoman", "texto_original": "http://sapl.adamantina.sp.leg.br/media/sapl/public/materialegislativa/2026/17367/indicacao_083_25a_ordinaria.pdf", "ementa": "Solicita da Secretaria Municipal de Obras e Servi\u00e7os a viabilidade de confeccionar duas lixeiras comunit\u00e1rias e proceder \u00e0 coloca\u00e7\u00e3o no bairro Tupanzinho."}, {"id": "17368", "ano": "2026", "numero": "84", "tipo__sigla": "IND", "tipo__descricao": "Indica\u00e7\u00e3o", "autoria": "Mary Alves dos Santos", "texto_original": "http://sapl.adamantina.sp.leg.br/media/sapl/public/materialegislativa/2026/17368/indicacao_084_25a_ordinaria.pdf", "ementa": "Solicita que seja realizado planejamento para que haja limpeza correta dos espa\u00e7os p\u00fablicos (\u00e1reas verdes, pra\u00e7as e parques) do bairro Vista Verde."}, {"id": "17369", "ano": "2026", "numero": "85", "tipo__sigla": "IND", "tipo__descricao": "Indica\u00e7\u00e3o", "autoria": "Mary Alves dos Santos", "texto_original": "http://sapl.adamantina.sp.leg.br/media/sapl/public/materialegislativa/2026/17369/indicacao_085_25a_ordinaria.pdf", "ementa": "Solicita estudos para a constru\u00e7\u00e3o de uma placa indicativa ao acesso ao Tiro de Guerra no port\u00e3o usado pelos atiradores, escrito \u201cTiro de Guerra 02-080 Adamantina \u2013 SP\u201d."}, {"id": "17370", "ano": "2026", "numero": "86", "tipo__sigla": "IND", "tipo__descricao": "Indica\u00e7\u00e3o", "autoria": "Mary Alves dos Santos", "texto_original": "http://sapl.adamantina.sp.leg.br/media/sapl/public/materialegislativa/2026/17370/indicacao_086_25a_ordinaria.pdf", "ementa": "Solicita estudos para a constru\u00e7\u00e3o de uma placa onde conste parte da biografia do Senhor MARCILIO LUIZ PINTO (1917-1993), Cabo do 6\u00ba Regimento da For\u00e7a Expedicion\u00e1ria Brasileira (FEB) na 2\u00aa Guerra Mundial."}, {"id": "17371", "ano": "2026", "numero": "87", "tipo__sigla": "IND", "tipo__descricao": "Indica\u00e7\u00e3o", "autoria": "Mary Alves dos Santos", "texto_original": "http://sapl.adamantina.sp.leg.br/media/sapl/public/materialegislativa/2026/17371/indicacao_087_25a_ordinaria.pdf", "ementa": "Solicita a reloca\u00e7\u00e3o das lixeiras p\u00fablicas que se encontram pr\u00f3ximas aos canteiros centrais das avenidas da cidade, as quais prejudicam sobremaneira a campanha \u201cADOTE O VERDE\u201d."}, {"id": "17372", "ano": "2026", "numero": "88", "tipo__sigla": "IND", "tipo__descricao": "Indica\u00e7\u00e3o", "autoria": "Mary Alves dos Santos", "texto_original": "http://sapl.adamantina.sp.leg.br/media/sapl/public/materialegislativa/2026/17372/indicacao_088_25a_ordinaria.pdf", "ementa": "Solicita que haja instala\u00e7\u00f5es nas vias p\u00fablicas do centro da cidade, nos pr\u00e9dios p\u00fablicos, nos espa\u00e7os de uso comum, de \u201cEsta\u00e7\u00f5es de Reciclagem\u201d ou algo parecido."}, {"id": "17373", "ano": "2026", "numero": "89", "tipo__sigla": "IND", "tipo__descricao": "Indica\u00e7\u00e3o", "autoria": "Mary Alves dos Santos", "texto_original": "http://sapl.adamantina.sp.leg.br/media/sapl/public/materialegislativa/2026/17373/indicacao_089_25a_ordinaria.pdf", "ementa": "Solicita que haja realiza\u00e7\u00e3o de campanha de conscientiza\u00e7\u00e3o do cumprimento correto do dia a ser colocado o material recicl\u00e1vel par ser levado pela coleta seletiva."}, {"id": "17374", "ano": "2026", "numero": "90", "tipo__sigla": "IND", "tipo__descricao": "Indica\u00e7\u00e3o", "autoria": "Mary Alves dos Santos, Cid Jos\u00e9 Aparecido dos Santos, Maria Gabriela Costa Calil Bearare, Marta de Almeida Bezerra", "texto_original": "http://sapl.adamantina.sp.leg.br/media/sapl/public/materialegislativa/2026/17374/indicacao_090_25a_ordinaria.pdf", "ementa": "Solicitam a capina\u00e7\u00e3o e limpeza das vegeta\u00e7\u00f5es que se encontram nas cal\u00e7adas do centro da cidade, na \u00e1rea comercial, que vem de sobremaneira deixando o centro da cidade com aspecto de desleixo."}, {"id": "17375", "ano": "2026", "numero": "91", "tipo__sigla": "IND", "tipo__descricao": "Indica\u00e7\u00e3o", "autoria": "Mary Alves dos Santos, Cid Jos\u00e9 Aparecido dos Santos, Maria Gabriela Costa Calil Bearare, Marta de Almeida Bezerra", "texto_original": "http://sapl.adamantina.sp.leg.br/media/sapl/public/materialegislativa/2026/17375/indicacao_091_25a_ordinaria.pdf", "ementa": "Solicitam que haja fiscaliza\u00e7\u00e3o na resid\u00eancia da Rua Ernesto Silvestrini, sem n\u00famero, ao lado da casa 185, no Residencial San Miguel I, pois h\u00e1 queixa de maus tratos a animal."}, {"id": "17376", "ano": "2026", "numero": "92", "tipo__sigla": "IND", "tipo__descricao": "Indica\u00e7\u00e3o", "autoria": "Mary Alves dos Santos, Aguinaldo Pires Galv\u00e3o, Cid Jos\u00e9 Aparecido dos Santos, Maria Gabriela Costa Calil Bearare, Marta de Almeida Bezerra", "texto_original": "http://sapl.adamantina.sp.leg.br/media/sapl/public/materialegislativa/2026/17376/indicacao_092_25a_ordinaria.pdf", "ementa": "Solicitam estudos para que haja a capina\u00e7\u00e3o e limpeza das vegeta\u00e7\u00f5es que se encontram nas cal\u00e7adas do centro da cidade, na \u00e1rea comercial."}, {"id": "17377", "ano": "2026", "numero": "93", "tipo__sigla": "IND", "tipo__descricao": "Indica\u00e7\u00e3o", "autoria": "Mary Alves dos Santos, Aguinaldo Pires Galv\u00e3o, Cid Jos\u00e9 Aparecido dos Santos, Maria Gabriela Costa Calil Bearare, Marta de Almeida Bezerra", "texto_original": "http://sapl.adamantina.sp.leg.br/media/sapl/public/materialegislativa/2026/17377/indicacao_093_25a_ordinaria.pdf", "ementa": "Solicitam estudos para instala\u00e7\u00f5es de pequenas lixeiras sob as cal\u00e7adas do centro da cidade."}, {"id": "17378", "ano": "2026", "numero": "94", "tipo__sigla": "IND", "tipo__descricao": "Indica\u00e7\u00e3o", "autoria": "Mary Alves dos Santos, Aguinaldo Pires Galv\u00e3o, Cid Jos\u00e9 Aparecido dos Santos, Maria Gabriela Costa Calil Bearare, Marta de Almeida Bezerra", "texto_original": "http://sapl.adamantina.sp.leg.br/media/sapl/public/materialegislativa/2026/17378/indicacao_094_25a_ordinaria.pdf", "ementa": "Solicitam estudos para que haja a capina\u00e7\u00e3o e limpeza das vegeta\u00e7\u00f5es que se encontram nas cal\u00e7adas dos bairros, vilas, residenciais, etc., da cidade."}, {"id": "17379", "ano": "2026", "numero": "95", "tipo__sigla": "IND", "tipo__descricao": "Indica\u00e7\u00e3o", "autoria": "H\u00e9lio Jos\u00e9 dos Santos, Aguinaldo Pires Galv\u00e3o, Cid Jos\u00e9 Aparecido dos Santos, Daniel Augusto da Silva Fabri, Eder do Nascimento Ruete, Maria Gabriela Costa Calil Bearare, Marta de Almeida Bezerra, Mary Alves dos Santos, Rog\u00e9rio C\u00e9sar Sacoman", "texto_original": "http://sapl.adamantina.sp.leg.br/media/sapl/public/materialegislativa/2026/17379/indicacao_095_25a_ordinaria.pdf", "ementa": "Solicitam ao Senhor Eder do Nascimento Ruete, Presidente da C\u00e2mara Municipal de Adamantina, que seja encaminhado convite ao Prof. Dr. Alexandre Teixeira de Souza, Reitor da FAI, para participar de reuni\u00e3o com os vereadores desta Casa Legislativa."}, {"id": "17380", "ano": "2026", "numero": "96", "tipo__sigla": "IND", "tipo__descricao": "Indica\u00e7\u00e3o", "autoria": "Daniel Augusto da Silva Fabri, Aguinaldo Pires Galv\u00e3o", "texto_original": "http://sapl.adamantina.sp.leg.br/media/sapl/public/materialegislativa/2026/17380/indicacao_096_25a_ordinaria.pdf", "ementa": "Solicita da Secretaria Municipal de Agricultura, Abastecimento e Meio Ambiente, visando \u00e0 realiza\u00e7\u00e3o de levantamento t\u00e9cnico e ambiental das \u00e1reas verdes do munic\u00edpio que sofreram processos de concretagem."}, {"id": "17381", "ano": "2026", "numero": "97", "tipo__sigla": "IND", "tipo__descricao": "Indica\u00e7\u00e3o", "autoria": "Daniel Augusto da Silva Fabri, Aguinaldo Pires Galv\u00e3o", "texto_original": "http://sapl.adamantina.sp.leg.br/media/sapl/public/materialegislativa/2026/17381/indicacao_097_25a_ordinaria.pdf", "ementa": "Solicitam da Secretaria Municipal de Planejamento, a poss\u00edvel implanta\u00e7\u00e3o de lombada ou outro dispositivo de redu\u00e7\u00e3o de velocidade na Rua Iracema Nair Baesso Rombaldi, nas proximidades da Estrada Municipal ADM-353 Geraldo Jord\u00e3o."}, {"id": "17382", "ano": "2026", "numero": "98", "tipo__sigla": "IND", "tipo__descricao": "Indica\u00e7\u00e3o", "autoria": "Daniel Augusto da Silva Fabri, Aguinaldo Pires Galv\u00e3o", "texto_original": "http://sapl.adamantina.sp.leg.br/media/sapl/public/materialegislativa/2026/17382/indicacao_098_25a_ordinaria.pdf", "ementa": "Solicitam da Secretaria Municipal de Obras e Servi\u00e7os a realiza\u00e7\u00e3o de vistoria, manuten\u00e7\u00e3o e revitaliza\u00e7\u00e3o do parquinho infantil localizado no Jardim das Alamandas."}, {"id": "17417", "ano": "2026", "numero": "99", "tipo__sigla": "IND", "tipo__descricao": "Indica\u00e7\u00e3o", "autoria": "Aguinaldo Pires Galv\u00e3o, Daniel Augusto da Silva Fabri", "texto_original": "http://sapl.adamantina.sp.leg.br/media/sapl/public/materialegislativa/2026/17417/indicacao_099_26a_ordinaria.pdf", "ementa": "Solicitam agilizar os trabalhos de identifica\u00e7\u00e3o dos nomes de ruas nos postes de energia el\u00e9trica da cidade."}, {"id": "17418", "ano": "2026", "numero": "100", "tipo__sigla": "IND", "tipo__descricao": "Indica\u00e7\u00e3o", "autoria": "Aguinaldo Pires Galv\u00e3o, Daniel Augusto da Silva Fabri, Eder do Nascimento Ruete", "texto_original": "http://sapl.adamantina.sp.leg.br/media/sapl/public/materialegislativa/2026/17418/indicacao_100_26a_ordinaria.pdf", "ementa": "Solicitam proceder o agendamento do nome do Senhor Deolindo Dallacqua, para denominar rua em futuros loteamentos que forem lan\u00e7ados em nosso munic\u00edpio."}, {"id": "17419", "ano": "2026", "numero": "101", "tipo__sigla": "IND", "tipo__descricao": "Indica\u00e7\u00e3o", "autoria": "Aguinaldo Pires Galv\u00e3o, Cid Jos\u00e9 Aparecido dos Santos, Daniel Augusto da Silva Fabri, Rog\u00e9rio C\u00e9sar Sacoman", "texto_original": "http://sapl.adamantina.sp.leg.br/media/sapl/public/materialegislativa/2026/17419/indicacao_101_26a_ordinaria.pdf", "ementa": "Solicitam promover uma completa reforma na Usina de Reciclagem de Lixo de nosso munic\u00edpio."}, {"id": "17420", "ano": "2026", "numero": "102", "tipo__sigla": "IND", "tipo__descricao": "Indica\u00e7\u00e3o", "autoria": "Rog\u00e9rio C\u00e9sar Sacoman", "texto_original": "http://sapl.adamantina.sp.leg.br/media/sapl/public/materialegislativa/2026/17420/indicacao_102_26a_ordinaria.pdf", "ementa": "Solicita adquirir e proceder \u00e0 instala\u00e7\u00e3o de 02 (dois) parques infantis nos bairros residenciais Parque dos P\u00e1ssaros e Calif\u00f3rnia Park."}, {"id": "17421", "ano": "2026", "numero": "103", "tipo__sigla": "IND", "tipo__descricao": "Indica\u00e7\u00e3o", "autoria": "Rog\u00e9rio C\u00e9sar Sacoman", "texto_original": "http://sapl.adamantina.sp.leg.br/media/sapl/public/materialegislativa/2026/17421/indicacao_103_26a_ordinaria.pdf", "ementa": "Solicita da Secretaria Municipal de Obras e Servi\u00e7os agendar, na programa\u00e7\u00e3o dos servi\u00e7os de aplica\u00e7\u00e3o de lama asf\u00e1ltica as ruas da Vila Jamil de Lima, especialmente a Avenida Ipiranga."}, {"id": "17422", "ano": "2026", "numero": "104", "tipo__sigla": "IND", "tipo__descricao": "Indica\u00e7\u00e3o", "autoria": "Mary Alves dos Santos, Cid Jos\u00e9 Aparecido dos Santos, Maria Gabriela Costa Calil Bearare, Marta de Almeida Bezerra", "texto_original": "http://sapl.adamantina.sp.leg.br/media/sapl/public/materialegislativa/2026/17422/indicacao_104_26a_ordinaria.pdf", "ementa": "Solicitam realizar a pintura da lombada, instalada na Av. Miguel Veiga, defronte ao n\u00famero 98 (Marmoraria Adamantina), uma vez que se encontra apagada."}, {"id": "17423", "ano": "2026", "numero": "105", "tipo__sigla": "IND", "tipo__descricao": "Indica\u00e7\u00e3o", "autoria": "Mary Alves dos Santos, Cid Jos\u00e9 Aparecido dos Santos, Maria Gabriela Costa Calil Bearare, Marta de Almeida Bezerra", "texto_original": "http://sapl.adamantina.sp.leg.br/media/sapl/public/materialegislativa/2026/17423/indicacao_105_26a_ordinaria.pdf", "ementa": "Solicitam a viabiliza\u00e7\u00e3o de mais outra data de coleta seletiva para garantir que os materiais recicl\u00e1veis n\u00e3o fiquem expostos nas vias p\u00fablicas."}, {"id": "17424", "ano": "2026", "numero": "106", "tipo__sigla": "IND", "tipo__descricao": "Indica\u00e7\u00e3o", "autoria": "Mary Alves dos Santos, Cid Jos\u00e9 Aparecido dos Santos, Maria Gabriela Costa Calil Bearare, Marta de Almeida Bezerra", "texto_original": "http://sapl.adamantina.sp.leg.br/media/sapl/public/materialegislativa/2026/17424/indicacao_106_26a_ordinaria.pdf", "ementa": "Solicitam a instala\u00e7\u00e3o de lixeira comunit\u00e1ria na esquina das Ruas do Cravos com a Rua Amap\u00e1, Jardim Brasil."}, {"id": "17425", "ano": "2026", "numero": "107", "tipo__sigla": "IND", "tipo__descricao": "Indica\u00e7\u00e3o", "autoria": "Mary Alves dos Santos, Cid Jos\u00e9 Aparecido dos Santos, Maria Gabriela Costa Calil Bearare, Marta de Almeida Bezerra", "texto_original": "http://sapl.adamantina.sp.leg.br/media/sapl/public/materialegislativa/2026/17425/indicacao_107_26a_ordinaria.pdf", "ementa": "Solicitam que sejam realizadas parcerias com a empresa Sabesp, a fim de que haja campanhas educativas sobre o uso correto das redes de esgoto."}, {"id": "17426", "ano": "2026", "numero": "108", "tipo__sigla": "IND", "tipo__descricao": "Indica\u00e7\u00e3o", "autoria": "Mary Alves dos Santos", "texto_original": "http://sapl.adamantina.sp.leg.br/media/sapl/public/materialegislativa/2026/17426/indicacao_108_26a_ordinaria.pdf", "ementa": "Solicitam a realiza\u00e7\u00e3o da correta limpeza da \u00e1rea verde do Residencial Calif\u00f3rnia, localizada na Rua \u00c2ngelo Piovesan."}, {"id": "17427", "ano": "2026", "numero": "109", "tipo__sigla": "IND", "tipo__descricao": "Indica\u00e7\u00e3o", "autoria": "Mary Alves dos Santos", "texto_original": "http://sapl.adamantina.sp.leg.br/media/sapl/public/materialegislativa/2026/17427/indicacao_109_26a_ordinaria.pdf", "ementa": "Solicitam a verifica\u00e7\u00e3o da exist\u00eancia de um chiqueiro de porcos aos fundos do im\u00f3vel localizado na Rua Rio de Janeiro, 55, Jardim Brasil."}, {"id": "17428", "ano": "2026", "numero": "110", "tipo__sigla": "IND", "tipo__descricao": "Indica\u00e7\u00e3o", "autoria": "Mary Alves dos Santos", "texto_original": "http://sapl.adamantina.sp.leg.br/media/sapl/public/materialegislativa/2026/17428/indicacao_110_26a_ordinaria.pdf", "ementa": "Solicitam realizar adequa\u00e7\u00f5es na Rua Chujiro Matsuda e sua sequ\u00eancia, pois no local n\u00e3o h\u00e1 cal\u00e7amento p\u00fablico, a rua \u00e9 estreita e, em hor\u00e1rios de pico, \u00e9 extremamente perigoso transitar e caminhar por essa via."}, {"id": "17429", "ano": "2026", "numero": "111", "tipo__sigla": "IND", "tipo__descricao": "Indica\u00e7\u00e3o", "autoria": "Daniel Augusto da Silva Fabri", "texto_original": "http://sapl.adamantina.sp.leg.br/media/sapl/public/materialegislativa/2026/17429/indicacao_111_26a_ordinaria.pdf", "ementa": "Solicita provid\u00eancias do Departamento de Fiscaliza\u00e7\u00e3o e Posturas, visando ao refor\u00e7o da fiscaliza\u00e7\u00e3o e cumprimento da legisla\u00e7\u00e3o municipal referente \u00e0 remo\u00e7\u00e3o de fios soltos e cabos inutilizados nas vias p\u00fablicas do munic\u00edpio."}, {"id": "17430", "ano": "2026", "numero": "112", "tipo__sigla": "IND", "tipo__descricao": "Indica\u00e7\u00e3o", "autoria": "Daniel Augusto da Silva Fabri, Aguinaldo Pires Galv\u00e3o", "texto_original": "http://sapl.adamantina.sp.leg.br/media/sapl/public/materialegislativa/2026/17430/indicacao_112_26a_ordinaria.pdf", "ementa": "Solicitam o refor\u00e7o da fiscaliza\u00e7\u00e3o nos pontos de embarque e desembarque do transporte coletivo urbano, especialmente no atendimento aos estudantes do munic\u00edpio."}, {"id": "17431", "ano": "2026", "numero": "113", "tipo__sigla": "IND", "tipo__descricao": "Indica\u00e7\u00e3o", "autoria": "Daniel Augusto da Silva Fabri, Aguinaldo Pires Galv\u00e3o", "texto_original": "http://sapl.adamantina.sp.leg.br/media/sapl/public/materialegislativa/2026/17431/indicacao_113_26a_ordinaria.pdf", "ementa": "Solicitam do Departamento Municipal de Tr\u00e2nsito, a melhoria da sinaliza\u00e7\u00e3o e a implanta\u00e7\u00e3o/readequa\u00e7\u00e3o de pontos de \u00f4nibus nos bairros do munic\u00edpio."}, {"id": "17432", "ano": "2026", "numero": "114", "tipo__sigla": "IND", "tipo__descricao": "Indica\u00e7\u00e3o", "autoria": "Daniel Augusto da Silva Fabri", "texto_original": "http://sapl.adamantina.sp.leg.br/media/sapl/public/materialegislativa/2026/17432/indicacao_114_26a_ordinaria.pdf", "ementa": "Solicitam a revis\u00e3o da faixa amarela na Rua Ant\u00f4nio Pires Ribeiro n\u00ba 55, no Conjunto M\u00e1rio Covas, para promover melhor organiza\u00e7\u00e3o do tr\u00e1fego e garantir a mobilidade dos moradores."}, {"id": "17433", "ano": "2026", "numero": "115", "tipo__sigla": "IND", "tipo__descricao": "Indica\u00e7\u00e3o", "autoria": "Daniel Augusto da Silva Fabri, Aguinaldo Pires Galv\u00e3o", "texto_original": "http://sapl.adamantina.sp.leg.br/media/sapl/public/materialegislativa/2026/17433/indicacao_115_26a_ordinaria.pdf", "ementa": "Solicitam ao Departamento Municipal de Tr\u00e2nsito, melhorias na seguran\u00e7a vi\u00e1ria da Avenida Marechal Castello Branco (Via de Acesso)."}, {"id": "17434", "ano": "2026", "numero": "116", "tipo__sigla": "IND", "tipo__descricao": "Indica\u00e7\u00e3o", "autoria": "H\u00e9lio Jos\u00e9 dos Santos", "texto_original": "http://sapl.adamantina.sp.leg.br/media/sapl/public/materialegislativa/2026/17434/indicacao_116_26a_ordinaria.pdf", "ementa": "Solicitam a possibilidade imediata da reorganiza\u00e7\u00e3o do CONSEG de Adamantina, a fim de restabelecer o cronograma regular de reuni\u00f5es e restituir este importante canal de escuta, planejamento e a\u00e7\u00e3o comunit\u00e1ria."}, {"id": "17435", "ano": "2026", "numero": "117", "tipo__sigla": "IND", "tipo__descricao": "Indica\u00e7\u00e3o", "autoria": "H\u00e9lio Jos\u00e9 dos Santos, Eder do Nascimento Ruete, Maria Gabriela Costa Calil Bearare, Marta de Almeida Bezerra, Mary Alves dos Santos, Rog\u00e9rio C\u00e9sar Sacoman", "texto_original": "http://sapl.adamantina.sp.leg.br/media/sapl/public/materialegislativa/2026/17435/indicacao_117_26a_ordinaria.pdf", "ementa": "Solicitam a possibilidade da manuten\u00e7\u00e3o do pagamento do ticket alimenta\u00e7\u00e3o das servidoras municipais (lotadas na Prefeitura e na FAI) durante o per\u00edodo de licen\u00e7a-maternidade."}, {"id": "17436", "ano": "2026", "numero": "118", "tipo__sigla": "IND", "tipo__descricao": "Indica\u00e7\u00e3o", "autoria": "Marta de Almeida Bezerra, Maria Gabriela Costa Calil Bearare", "texto_original": "http://sapl.adamantina.sp.leg.br/media/sapl/public/materialegislativa/2026/17436/indicacao_118_26a_ordinaria.pdf", "ementa": "Solicitam da Secretaria Municipal de Sa\u00fade implantar um servi\u00e7o especializado para coleta, processamento, armazenamento e distribui\u00e7\u00e3o de leite materno (banco de leite)."}, {"id": "17437", "ano": "2026", "numero": "119", "tipo__sigla": "IND", "tipo__descricao": "Indica\u00e7\u00e3o", "autoria": "Marta de Almeida Bezerra, Maria Gabriela Costa Calil Bearare", "texto_original": "http://sapl.adamantina.sp.leg.br/media/sapl/public/materialegislativa/2026/17437/indicacao_119_26a_ordinaria.pdf", "ementa": "Solicitam da Secretaria Municipal competente, realizar a arboriza\u00e7\u00e3o, bem como a cria\u00e7\u00e3o de cal\u00e7adas ecol\u00f3gicas na \u00e1rea central de nosso munic\u00edpio."}, {"id": "17438", "ano": "2026", "numero": "120", "tipo__sigla": "IND", "tipo__descricao": "Indica\u00e7\u00e3o", "autoria": "Marta de Almeida Bezerra, Maria Gabriela Costa Calil Bearare", "texto_original": "http://sapl.adamantina.sp.leg.br/media/sapl/public/materialegislativa/2026/17438/indicacao_120_26a_ordinaria.pdf", "ementa": "Solicitam da Secretaria Municipal de Obras e Servi\u00e7os P\u00fablicos incluir na programa\u00e7\u00e3o de servi\u00e7os de ro\u00e7agem de \u00e1rea verde a localizada na Rua Vit\u00f3rio Belomo n\u00ba 21, Jardim Primavera, bem como instalar uma placa de \u201cProibido Jogar Lixo\u201d."}, {"id": "17439", "ano": "2026", "numero": "121", "tipo__sigla": "IND", "tipo__descricao": "Indica\u00e7\u00e3o", "autoria": "Daniel Augusto da Silva Fabri", "texto_original": "http://sapl.adamantina.sp.leg.br/media/sapl/public/materialegislativa/2026/17439/indicacao_121_26a_ordinaria.pdf", "ementa": "Solicita da Secretaria Municipal de Agricultura, Abastecimento e Meio Ambiente, a manuten\u00e7\u00e3o e preserva\u00e7\u00e3o das \u00e1rvores localizadas nos canteiros em frente ao Cemit\u00e9rio Municipal, do outro lado da Avenida da Saudade."}, {"id": "17440", "ano": "2026", "numero": "122", "tipo__sigla": "IND", "tipo__descricao": "Indica\u00e7\u00e3o", "autoria": "Aguinaldo Pires Galv\u00e3o, Daniel Augusto da Silva Fabri", "texto_original": "http://sapl.adamantina.sp.leg.br/media/sapl/public/materialegislativa/2026/17440/indicacao_122_26a_ordinaria.pdf", "ementa": "Solicitam da Secretaria Municipal competente promover um mutir\u00e3o para o recolhimento de materiais el\u00e9tricos e eletr\u00f4nicos, com apoio dos funcion\u00e1rios da Prefeitura e Atiradores do Tiro de Guerra local."}, {"id": "17441", "ano": "2026", "numero": "123", "tipo__sigla": "IND", "tipo__descricao": "Indica\u00e7\u00e3o", "autoria": "Rog\u00e9rio C\u00e9sar Sacoman", "texto_original": "http://sapl.adamantina.sp.leg.br/media/sapl/public/materialegislativa/2026/17441/indicacao_123_26a_ordinaria.pdf", "ementa": "Solicita da Secretaria Municipal de Obras e Servi\u00e7os proceder, com urg\u00eancia, uma completa reforma na EMEI Pequeno Pr\u00edncipe."}, {"id": "17466", "ano": "2026", "numero": "124", "tipo__sigla": "IND", "tipo__descricao": "Indica\u00e7\u00e3o", "autoria": "Cid Jos\u00e9 Aparecido dos Santos, Aguinaldo Pires Galv\u00e3o, Daniel Augusto da Silva Fabri, Maria Gabriela Costa Calil Bearare, Marta de Almeida Bezerra, Mary Alves dos Santos", "texto_original": "http://sapl.adamantina.sp.leg.br/media/sapl/public/materialegislativa/2026/17466/indicacao_124_27a_ordinaria.pdf", "ementa": "Solicitam a instala\u00e7\u00e3o de pontos de \u00f4nibus de transporte coletivo municipal urbano na Av. Deputado Cunha Bueno, no quarteir\u00e3o compreendido entre a Rua Euclides da Cunha e Av. Santo Ant\u00f4nio, proximidades do Laborat\u00f3rio Adamantina e outro ponto de \u00f4nibus na Rua Joaquim Nabuco, em frente da Farm\u00e1cia Municipal."}, {"id": "17467", "ano": "2026", "numero": "125", "tipo__sigla": "IND", "tipo__descricao": "Indica\u00e7\u00e3o", "autoria": "Cid Jos\u00e9 Aparecido dos Santos, Aguinaldo Pires Galv\u00e3o, Daniel Augusto da Silva Fabri, Maria Gabriela Costa Calil Bearare, Marta de Almeida Bezerra, Mary Alves dos Santos", "texto_original": "http://sapl.adamantina.sp.leg.br/media/sapl/public/materialegislativa/2026/17467/indicacao_125_27a_ordinaria.pdf", "ementa": "Solicitam agendar o nome do valoroso servidor municipal Sr. Jo\u00e3o Alfredo Gasparoto, para denominar novos logradouros p\u00fablicos em ruas, avenidas, pra\u00e7as e passeios p\u00fablicos, a fim eternizar, na mem\u00f3ria da popula\u00e7\u00e3o, o nome deste ilustre e prestativo servidor p\u00fablico."}, {"id": "17468", "ano": "2026", "numero": "126", "tipo__sigla": "IND", "tipo__descricao": "Indica\u00e7\u00e3o", "autoria": "Daniel Augusto da Silva Fabri, Aguinaldo Pires Galv\u00e3o", "texto_original": "http://sapl.adamantina.sp.leg.br/media/sapl/public/materialegislativa/2026/17468/indicacao_126_27a_ordinaria.pdf", "ementa": "Solicitam a ado\u00e7\u00e3o das provid\u00eancias necess\u00e1rias para a implanta\u00e7\u00e3o de postes de ilumina\u00e7\u00e3o p\u00fablica com identifica\u00e7\u00e3o por QR Code, permitindo que o mun\u00edcipe informe, de forma r\u00e1pida e direta, a ocorr\u00eancia de l\u00e2mpadas queimadas ou defeitos na ilumina\u00e7\u00e3o p\u00fablica."}, {"id": "17469", "ano": "2026", "numero": "127", "tipo__sigla": "IND", "tipo__descricao": "Indica\u00e7\u00e3o", "autoria": "Daniel Augusto da Silva Fabri, Aguinaldo Pires Galv\u00e3o", "texto_original": "http://sapl.adamantina.sp.leg.br/media/sapl/public/materialegislativa/2026/17469/indicacao_127_27a_ordinaria.pdf", "ementa": "Solicitam a denomina\u00e7\u00e3o oficial de diversas ruas localizadas em bairros do munic\u00edpio que ainda n\u00e3o possuem nomenclatura."}, {"id": "17470", "ano": "2026", "numero": "128", "tipo__sigla": "IND", "tipo__descricao": "Indica\u00e7\u00e3o", "autoria": "Daniel Augusto da Silva Fabri, Aguinaldo Pires Galv\u00e3o", "texto_original": "http://sapl.adamantina.sp.leg.br/media/sapl/public/materialegislativa/2026/17470/indicacao_128_27a_ordinaria.pdf", "ementa": "Solicitam a cria\u00e7\u00e3o e oferta de cursos de capacita\u00e7\u00e3o artesanal com reaproveitamento de madeira proveniente de casas de demoli\u00e7\u00e3o, atualmente descartadas no lix\u00e3o municipal."}, {"id": "17471", "ano": "2026", "numero": "129", "tipo__sigla": "IND", "tipo__descricao": "Indica\u00e7\u00e3o", "autoria": "Daniel Augusto da Silva Fabri, Aguinaldo Pires Galv\u00e3o", "texto_original": "http://sapl.adamantina.sp.leg.br/media/sapl/public/materialegislativa/2026/17471/indicacao_129_27a_ordinaria.pdf", "ementa": "Solicitam a instala\u00e7\u00e3o de lixeiras para descarte de res\u00edduos na Rua Prefeito Ant\u00f4nio Cescon."}, {"id": "17472", "ano": "2026", "numero": "130", "tipo__sigla": "IND", "tipo__descricao": "Indica\u00e7\u00e3o", "autoria": "Daniel Augusto da Silva Fabri, Aguinaldo Pires Galv\u00e3o", "texto_original": "http://sapl.adamantina.sp.leg.br/media/sapl/public/materialegislativa/2026/17472/indicacao_130_27a_ordinaria.pdf", "ementa": "Solicitam a cria\u00e7\u00e3o e implementa\u00e7\u00e3o de um Programa de Atendimento Multidisciplinar para Tratamento da Fibromialgia no \u00e2mbito do munic\u00edpio."}, {"id": "17473", "ano": "2026", "numero": "131", "tipo__sigla": "IND", "tipo__descricao": "Indica\u00e7\u00e3o", "autoria": "H\u00e9lio Jos\u00e9 dos Santos, Eder do Nascimento Ruete, Rog\u00e9rio C\u00e9sar Sacoman", "texto_original": "http://sapl.adamantina.sp.leg.br/media/sapl/public/materialegislativa/2026/17473/indicacao_131_27a_ordinaria.pdf", "ementa": "Solicitam a elabora\u00e7\u00e3o de um projeto t\u00e9cnico objetivando solucionar v\u00e1rios problemas estruturais existentes na Rua Sebasti\u00e3o de Almeida, no Residencial Parque Morada do Sol, na esquina com a Rua Liberdade."}, {"id": "17474", "ano": "2026", "numero": "132", "tipo__sigla": "IND", "tipo__descricao": "Indica\u00e7\u00e3o", "autoria": "H\u00e9lio Jos\u00e9 dos Santos, Eder do Nascimento Ruete, Rog\u00e9rio C\u00e9sar Sacoman", "texto_original": "http://sapl.adamantina.sp.leg.br/media/sapl/public/materialegislativa/2026/17474/indicacao_132_27a_ordinaria.pdf", "ementa": "Solicitam proceder ao recapeamento de ruas localizadas no Bairro Vila Jamil de Lima, pois algumas delas est\u00e3o em p\u00e9ssimo estado de conserva\u00e7\u00e3o."}, {"id": "17475", "ano": "2026", "numero": "133", "tipo__sigla": "IND", "tipo__descricao": "Indica\u00e7\u00e3o", "autoria": "Mary Alves dos Santos", "texto_original": "http://sapl.adamantina.sp.leg.br/media/sapl/public/materialegislativa/2026/17475/indicacao_133_27a_ordinaria.pdf", "ementa": "Solicita a viabilidade de recoloca\u00e7\u00e3o de ponto de \u00f4nibus da Rua Adoniran Barbosa, que atualmente se encontra instalado defronte ao im\u00f3vel de n\u00famero 986, levando o ponto de \u00f4nibus para a esquina."}, {"id": "17476", "ano": "2026", "numero": "134", "tipo__sigla": "IND", "tipo__descricao": "Indica\u00e7\u00e3o", "autoria": "Mary Alves dos Santos", "texto_original": "http://sapl.adamantina.sp.leg.br/media/sapl/public/materialegislativa/2026/17476/indicacao_134_27a_ordinaria.pdf", "ementa": "Solicita a viabilidade realizar limpeza da Rua Walter Meneghin, iniciando na esquina do Lions Clube e seguindo at\u00e9 a esquina do Clube CCI, quando atravessa a citada via e vai para a guia do poliesportivo."}, {"id": "17477", "ano": "2026", "numero": "135", "tipo__sigla": "IND", "tipo__descricao": "Indica\u00e7\u00e3o", "autoria": "Mary Alves dos Santos, Cid Jos\u00e9 Aparecido dos Santos, Maria Gabriela Costa Calil Bearare, Marta de Almeida Bezerra", "texto_original": "http://sapl.adamantina.sp.leg.br/media/sapl/public/materialegislativa/2026/17477/indicacao_135_27a_ordinaria.pdf", "ementa": "Solicitam realizar corre\u00e7\u00e3o da valeta em solo asf\u00e1ltico, localizada no cruzamento das ruas General Isidoro com a Ihiti Endo."}, {"id": "17478", "ano": "2026", "numero": "136", "tipo__sigla": "IND", "tipo__descricao": "Indica\u00e7\u00e3o", "autoria": "Mary Alves dos Santos, Cid Jos\u00e9 Aparecido dos Santos, Maria Gabriela Costa Calil Bearare, Marta de Almeida Bezerra", "texto_original": "http://sapl.adamantina.sp.leg.br/media/", "ementa": "Solicitam realizar corre\u00e7\u00e3o da valeta em solo asf\u00e1ltico, localizada no cruzamento da Av. Deputado Cunha Bueno com a Rua Euclides da Cunha."}, {"id": "17479", "ano": "2026", "numero": "137", "tipo__sigla": "IND", "tipo__descricao": "Indica\u00e7\u00e3o", "autoria": "Mary Alves dos Santos, Cid Jos\u00e9 Aparecido dos Santos, Maria Gabriela Costa Calil Bearare, Marta de Almeida Bezerra", "texto_original": "http://sapl.adamantina.sp.leg.br/media/sapl/public/materialegislativa/2026/17479/indicacao_136_27a_ordinaria.pdf", "ementa": "Solicitam realizar capina\u00e7\u00e3o do espa\u00e7o p\u00fablico que compreende a continua\u00e7\u00e3o da Rua Santos Dumont, iniciando-se no Residencial Hosoume at\u00e9 o in\u00edcio da Estrada Seis desse munic\u00edpio."}, {"id": "17480", "ano": "2026", "numero": "138", "tipo__sigla": "IND", "tipo__descricao": "Indica\u00e7\u00e3o", "autoria": "Mary Alves dos Santos, Cid Jos\u00e9 Aparecido dos Santos, Maria Gabriela Costa Calil Bearare, Marta de Almeida Bezerra", "texto_original": "http://sapl.adamantina.sp.leg.br/media/sapl/public/materialegislativa/2026/17480/indicacao_138_27a_ordinaria.pdf", "ementa": "Solicitam realizar capina\u00e7\u00e3o e adequada limpeza das \u00e1reas da UBS Parque Cecap e academia do idoso, localizada ao lado da UBS."}, {"id": "17481", "ano": "2026", "numero": "139", "tipo__sigla": "IND", "tipo__descricao": "Indica\u00e7\u00e3o", "autoria": "Marta de Almeida Bezerra, Cid Jos\u00e9 Aparecido dos Santos, Maria Gabriela Costa Calil Bearare, Mary Alves dos Santos", "texto_original": "http://sapl.adamantina.sp.leg.br/media/sapl/public/materialegislativa/2026/17481/indicacao_139_27a_ordinaria.pdf", "ementa": "Solicitam realizar, com a m\u00e1xima urg\u00eancia, a manuten\u00e7\u00e3o em grade de sa\u00edda de \u00e1guas pluviais localizada na Rua Floriano Bernardo Santos, no Residencial Montagnoli."}, {"id": "17482", "ano": "2026", "numero": "140", "tipo__sigla": "IND", "tipo__descricao": "Indica\u00e7\u00e3o", "autoria": "Marta de Almeida Bezerra, Cid Jos\u00e9 Aparecido dos Santos, Maria Gabriela Costa Calil Bearare, Mary Alves dos Santos", "texto_original": "http://sapl.adamantina.sp.leg.br/media/sapl/public/materialegislativa/2026/17482/indicacao_140_27a_ordinaria.pdf", "ementa": "Solicitam uma completa limpeza e posteriormente a devida manuten\u00e7\u00e3o da \u00e1rea verde da Rua Floriano Leonardo dos Santos, no Residencial Montagnoli."}, {"id": "17483", "ano": "2026", "numero": "141", "tipo__sigla": "IND", "tipo__descricao": "Indica\u00e7\u00e3o", "autoria": "Marta de Almeida Bezerra, Cid Jos\u00e9 Aparecido dos Santos, Maria Gabriela Costa Calil Bearare, Mary Alves dos Santos", "texto_original": "http://sapl.adamantina.sp.leg.br/media/sapl/public/materialegislativa/2026/17483/indicacao_141_27a_ordinaria.pdf", "ementa": "Solicitam promover estudos t\u00e9cnicos e financeiros para implanta\u00e7\u00e3o de redutor de velocidade na Av. Marechal Castelo Branco, altura do n\u00ba 145, Vila Jamil de Lima, proximidades da \u201cAda\u201d Adamantina."}, {"id": "17484", "ano": "2026", "numero": "142", "tipo__sigla": "IND", "tipo__descricao": "Indica\u00e7\u00e3o", "autoria": "Rog\u00e9rio C\u00e9sar Sacoman", "texto_original": "http://sapl.adamantina.sp.leg.br/media/sapl/public/materialegislativa/2026/17484/indicacao_142_27a_ordinaria.pdf", "ementa": "Solicita promover estudos t\u00e9cnicos e financeiros, objetivando a instala\u00e7\u00e3o de um sem\u00e1foro no perigoso cruzamento da Al. Padre N\u00f3brega com a Rua Santa Catarina, em frente ao Supermercado Bela Vista, no Conjunto Habitacional M\u00e1rio Covas."}, {"id": "17205", "ano": "2026", "numero": "1", "tipo__sigla": "MOC", "tipo__descricao": "Mo\u00e7\u00e3o", "autoria": "Daniel Augusto da Silva Fabri, Aguinaldo Pires Galv\u00e3o, Cid Jos\u00e9 Aparecido dos Santos, Eder do Nascimento Ruete, H\u00e9lio Jos\u00e9 dos Santos, Maria Gabriela Costa Calil Bearare, Marta de Almeida Bezerra, Mary Alves dos Santos, Rog\u00e9rio C\u00e9sar Sacoman", "texto_original": "http://sapl.adamantina.sp.leg.br/media/sapl/public/materialegislativa/2026/17205/mocao_001_-_joao_gabriel_motta_22a_ordinaria.pdf", "ementa": "MO\u00c7\u00c3O DE CONGRATULA\u00c7\u00d5ES E APLAUSOS ao jovem Jo\u00e3o Gabriel Motta, por suas expressivas conquistas acad\u00eamicas."}, {"id": "17206", "ano": "2026", "numero": "2", "tipo__sigla": "MOC", "tipo__descricao": "Mo\u00e7\u00e3o", "autoria": "Daniel Augusto da Silva Fabri, Aguinaldo Pires Galv\u00e3o, Cid Jos\u00e9 Aparecido dos Santos, Eder do Nascimento Ruete, H\u00e9lio Jos\u00e9 dos Santos, Maria Gabriela Costa Calil Bearare, Marta de Almeida Bezerra, Mary Alves dos Santos, Rog\u00e9rio C\u00e9sar Sacoman", "texto_original": "http://sapl.adamantina.sp.leg.br/media/sapl/public/materialegislativa/2026/17206/mocao_002_-_padre_ademilson_luiz_ferreira_22a_ordinaria.pdf", "ementa": "MO\u00c7\u00c3O DE CONGRATULA\u00c7\u00d5ES E APLAUSOS ao Padre Ademilson Luiz Ferreira, pela comemora\u00e7\u00e3o de seus 26 anos de sacerd\u00f3cio, celebrados junto \u00e0 comunidade da Par\u00f3quia Nossa Senhora de F\u00e1tima, em Adamantina."}, {"id": "17207", "ano": "2026", "numero": "3", "tipo__sigla": "MOC", "tipo__descricao": "Mo\u00e7\u00e3o", "autoria": "H\u00e9lio Jos\u00e9 dos Santos, Aguinaldo Pires Galv\u00e3o, Cid Jos\u00e9 Aparecido dos Santos, Daniel Augusto da Silva Fabri, Eder do Nascimento Ruete, Maria Gabriela Costa Calil Bearare, Marta de Almeida Bezerra, Mary Alves dos Santos, Rog\u00e9rio C\u00e9sar Sacoman", "texto_original": "http://sapl.adamantina.sp.leg.br/media/sapl/public/materialegislativa/2026/17207/mocao_003_-_isabela_maria_naomi_coelho_miyamura_22a_ordinaria.pdf", "ementa": "MO\u00c7\u00c3O DE CONGRATULA\u00c7\u00d5ES E APLAUSOS \u00e0 jovem Isabela Maria Naomi Coelho Miyamura, estudante da Escola Estadual Helen Keller, de Adamantina, pela not\u00e1vel conquista de uma vaga no curso de Medicina da Universidade de S\u00e3o Paulo (USP), campus de Ribeir\u00e3o Preto, um dos cursos mais concorridos e respeitados do pa\u00eds."}, {"id": "17208", "ano": "2026", "numero": "4", "tipo__sigla": "MOC", "tipo__descricao": "Mo\u00e7\u00e3o", "autoria": "H\u00e9lio Jos\u00e9 dos Santos, Aguinaldo Pires Galv\u00e3o, Cid Jos\u00e9 Aparecido dos Santos, Daniel Augusto da Silva Fabri, Eder do Nascimento Ruete, Maria Gabriela Costa Calil Bearare, Marta de Almeida Bezerra, Mary Alves dos Santos, Rog\u00e9rio C\u00e9sar Sacoman", "texto_original": "http://sapl.adamantina.sp.leg.br/media/sapl/public/materialegislativa/2026/17208/mocao_004_-_prof._dr._alessandro_ferrari_jacinto_22a_ordinaria.pdf", "ementa": "MO\u00c7\u00c3O DE CONGRATULA\u00c7\u00d5ES E APLAUSOS ao Prof. Dr. Alessandro Ferrari Jacinto, pela honrosa nomea\u00e7\u00e3o de Coordenador do Curso de Medicina do Centro Universit\u00e1rio de Adamantina - FAI."}, {"id": "17209", "ano": "2026", "numero": "5", "tipo__sigla": "MOC", "tipo__descricao": "Mo\u00e7\u00e3o", "autoria": "H\u00e9lio Jos\u00e9 dos Santos, Aguinaldo Pires Galv\u00e3o, Cid Jos\u00e9 Aparecido dos Santos, Daniel Augusto da Silva Fabri, Eder do Nascimento Ruete, Maria Gabriela Costa Calil Bearare, Marta de Almeida Bezerra, Mary Alves dos Santos, Rog\u00e9rio C\u00e9sar Sacoman", "texto_original": "http://sapl.adamantina.sp.leg.br/media/sapl/public/materialegislativa/2026/17209/mocao_005_-_orlando_rodrigues_daniel_22a_ordinaria.pdf", "ementa": "MO\u00c7\u00c3O DE CONGRATULA\u00c7\u00d5ES E APLAUSOS ao pesquisador e ex-jogador de futebol Orlando Rodrigues Daniel, carinhosamente conhecido como Kakinha, pelo lan\u00e7amento do livro \u201cGera\u00e7\u00e3o Dourada do Futebol Adamantinense\u201d, obra de inestim\u00e1vel valor hist\u00f3rico, esportivo e cultural para o munic\u00edpio de Adamantina e toda a regi\u00e3o."}, {"id": "17210", "ano": "2026", "numero": "6", "tipo__sigla": "MOC", "tipo__descricao": "Mo\u00e7\u00e3o", "autoria": "H\u00e9lio Jos\u00e9 dos Santos, Aguinaldo Pires Galv\u00e3o, Cid Jos\u00e9 Aparecido dos Santos, Daniel Augusto da Silva Fabri, Eder do Nascimento Ruete, Maria Gabriela Costa Calil Bearare, Marta de Almeida Bezerra, Mary Alves dos Santos, Rog\u00e9rio C\u00e9sar Sacoman", "texto_original": "http://sapl.adamantina.sp.leg.br/media/sapl/public/materialegislativa/2026/17210/mocao_006_-_diario_do_oeste_22a_ordinaria.pdf", "ementa": "MO\u00c7\u00c3O DE CONGRATULA\u00c7\u00d5ES E APLAUSOS, seu reconhecimento ao Di\u00e1rio do Oeste, mantido pela Empresa Organiza\u00e7\u00e3o de Publicidade de Adamantina, pela celebra\u00e7\u00e3o de seus 60 anos de hist\u00f3ria, marcados pelo compromisso com a informa\u00e7\u00e3o de qualidade, a \u00e9tica jornal\u00edstica e o servi\u00e7o \u00e0 comunidade, comemorados em 16 de janeiro de 2026."}, {"id": "17295", "ano": "2026", "numero": "7", "tipo__sigla": "MOC", "tipo__descricao": "Mo\u00e7\u00e3o", "autoria": "Daniel Augusto da Silva Fabri, Aguinaldo Pires Galv\u00e3o, Cid Jos\u00e9 Aparecido dos Santos, Eder do Nascimento Ruete, H\u00e9lio Jos\u00e9 dos Santos, Maria Gabriela Costa Calil Bearare, Marta de Almeida Bezerra, Mary Alves dos Santos, Rog\u00e9rio C\u00e9sar Sacoman", "texto_original": "http://sapl.adamantina.sp.leg.br/media/sapl/public/materialegislativa/2026/17295/mocao_007_-_davi_guerra_virgilio_23a_ordinaria.pdf", "ementa": "MO\u00c7\u00c3O DE CONGRATULA\u00c7\u00d5ES E APLAUSOS ao jovem Davi Guerra Virg\u00edlio, por sua destacada conquista ao integrar a equipe sub-17 do PSTC \u2013 Paran\u00e1 Soccer Technical Center, levando o nome de Adamantina ao cen\u00e1rio esportivo regional e nacional."}, {"id": "17324", "ano": "2026", "numero": "8", "tipo__sigla": "MOC", "tipo__descricao": "Mo\u00e7\u00e3o", "autoria": "H\u00e9lio Jos\u00e9 dos Santos, Aguinaldo Pires Galv\u00e3o, Cid Jos\u00e9 Aparecido dos Santos, Daniel Augusto da Silva Fabri, Eder do Nascimento Ruete, Maria Gabriela Costa Calil Bearare, Marta de Almeida Bezerra, Mary Alves dos Santos, Rog\u00e9rio C\u00e9sar Sacoman", "texto_original": "http://sapl.adamantina.sp.leg.br/media/sapl/public/materialegislativa/2026/17324/mocao_008_-_laurie_e_julia_24a_ordinaria.pdf", "ementa": "MO\u00c7\u00c3O DE CONGRATULA\u00c7\u00d5ES E APLAUSOS \u00e0s estudantes Laurie Ayumi Takahashi da Silva e J\u00falia da Silva Santos, ambas matriculadas no 9\u00ba Ano do Ensino Fundamental da E.E. Prof\u00aa. Fleurides Cavallini Menechino, pela brilhante conquista da Medalha de Ouro na Olimp\u00edada do Tesouro Direto de Educa\u00e7\u00e3o Financeira (OLITEF), edi\u00e7\u00e3o de 2025, uma das maiores competi\u00e7\u00f5es estudantis do pa\u00eds voltadas ao ensino de finan\u00e7as."}, {"id": "17404", "ano": "2026", "numero": "9", "tipo__sigla": "MOC", "tipo__descricao": "Mo\u00e7\u00e3o", "autoria": "Daniel Augusto da Silva Fabri, Aguinaldo Pires Galv\u00e3o, Cid Jos\u00e9 Aparecido dos Santos, Eder do Nascimento Ruete, H\u00e9lio Jos\u00e9 dos Santos, Maria Gabriela Costa Calil Bearare, Marta de Almeida Bezerra, Mary Alves dos Santos, Rog\u00e9rio C\u00e9sar Sacoman", "texto_original": "http://sapl.adamantina.sp.leg.br/media/sapl/public/materialegislativa/2026/17404/mocao_009_-_camda.pdf", "ementa": "MO\u00c7\u00c3O DE CONGRATULA\u00c7\u00d5ES E APLAUSOS \u00e0 Cooperativa Agropecu\u00e1ria CAMDA, pela exemplar realiza\u00e7\u00e3o da EXPOCAMDA 2026, evento que fortalece o agroneg\u00f3cio, estimula a inova\u00e7\u00e3o e contribui significativamente para o desenvolvimento econ\u00f4mico e sustent\u00e1vel de Adamantina e de toda a regi\u00e3o."}, {"id": "17405", "ano": "2026", "numero": "10", "tipo__sigla": "MOC", "tipo__descricao": "Mo\u00e7\u00e3o", "autoria": "Daniel Augusto da Silva Fabri, Aguinaldo Pires Galv\u00e3o, Cid Jos\u00e9 Aparecido dos Santos, Eder do Nascimento Ruete, H\u00e9lio Jos\u00e9 dos Santos, Maria Gabriela Costa Calil Bearare, Marta de Almeida Bezerra, Mary Alves dos Santos, Rog\u00e9rio C\u00e9sar Sacoman", "texto_original": "http://sapl.adamantina.sp.leg.br/media/sapl/public/materialegislativa/2026/17405/mocao_010_-_motiva_transito_26a_ordinaria.pdf", "ementa": "MO\u00c7\u00c3O DE CONGRATULA\u00c7\u00d5ES E APLAUSOS \u00e0 Motiva Tr\u00e2nsito, bem como aos seus idealizadores Carlos Eduardo Febraio e Eliana Furtado Febraio, pela relevante atua\u00e7\u00e3o e pela implementa\u00e7\u00e3o de projetos que fortalecem a educa\u00e7\u00e3o para o tr\u00e2nsito em Adamantina."}, {"id": "17406", "ano": "2026", "numero": "11", "tipo__sigla": "MOC", "tipo__descricao": "Mo\u00e7\u00e3o", "autoria": "H\u00e9lio Jos\u00e9 dos Santos, Aguinaldo Pires Galv\u00e3o, Cid Jos\u00e9 Aparecido dos Santos, Daniel Augusto da Silva Fabri, Eder do Nascimento Ruete, Maria Gabriela Costa Calil Bearare, Marta de Almeida Bezerra, Mary Alves dos Santos, Rog\u00e9rio C\u00e9sar Sacoman", "texto_original": "http://sapl.adamantina.sp.leg.br/media/sapl/public/materialegislativa/2026/17406/mocao_011_-_coletivo_gangazumba_de_cultura_negra_de_adamantina_26a_ordinaria.pdf", "ementa": "MO\u00c7\u00c3O DE CONGRATULA\u00c7\u00d5ES E APLAUSOS ao Coletivo Gangazumba de Cultura Negra de Adamantina, pelo relevante lan\u00e7amento da obra liter\u00e1ria \u201cCr\u00f4nicas de Ganga\u201d, destacando sua significativa contribui\u00e7\u00e3o para a valoriza\u00e7\u00e3o da cultura negra, o enfrentamento ao racismo e o fortalecimento da identidade cultural no munic\u00edpio e regi\u00e3o."}, {"id": "17455", "ano": "2026", "numero": "12", "tipo__sigla": "MOC", "tipo__descricao": "Mo\u00e7\u00e3o", "autoria": "H\u00e9lio Jos\u00e9 dos Santos, Aguinaldo Pires Galv\u00e3o, Cid Jos\u00e9 Aparecido dos Santos, Daniel Augusto da Silva Fabri, Eder do Nascimento Ruete, Maria Gabriela Costa Calil Bearare, Marta de Almeida Bezerra, Mary Alves dos Santos, Rog\u00e9rio C\u00e9sar Sacoman", "texto_original": "http://sapl.adamantina.sp.leg.br/media/sapl/public/materialegislativa/2026/17455/mocao_012_-_o_elixir_e_seus_amores_27a_ordinaria.pdf", "ementa": "MO\u00c7\u00c3O DE CONGRATULA\u00c7\u00d5ES E APLAUSOS pela brilhante apresenta\u00e7\u00e3o da \u00f3pera \u201cO Elixir e Seus Amores\u201d, realizada neste munic\u00edpio, no \u00faltimo dia 09 de abril, em especial pela relev\u00e2ncia cultural, art\u00edstica e social proporcionada \u00e0 popula\u00e7\u00e3o adamantinense."}, {"id": "17202", "ano": "2026", "numero": "1", "tipo__sigla": "PDL", "tipo__descricao": "Projeto de Decreto Legislativo", "autoria": "Aguinaldo Pires Galv\u00e3o, Cid Jos\u00e9 Aparecido dos Santos, Eder do Nascimento Ruete", "texto_original": "http://sapl.adamantina.sp.leg.br/media/sapl/public/materialegislativa/2026/17202/22a_projeto_de_decreto_legislativo_001_-_sergio_antonio_do_nascimento.pdf", "ementa": "Concede ao Ilustr\u00edssimo Senhor S\u00e9rgio Ant\u00f4nio do Nascimento o t\u00edtulo de Cidad\u00e3o Adamantinense."}, {"id": "17269", "ano": "2026", "numero": "1", "tipo__sigla": "PLC", "tipo__descricao": "Projeto de Lei Complementar", "autoria": "Prefeito do Munic\u00edpio", "texto_original": "http://sapl.adamantina.sp.leg.br/media/sapl/public/materialegislativa/2026/17269/23a_projeto_de_lei_complementar_001_m_012__autoriza_concessao_onerosa_barracao_ibc_-_protemper.pdf", "ementa": "Disp\u00f5e sobre autoriza\u00e7\u00e3o para que o Chefe do Poder Executivo possa outorgar Concess\u00e3o de Direito Real de Uso Onerosa de Im\u00f3vel \u00e0 empresa Pro Temper Vidros Ltda."}, {"id": "17270", "ano": "2026", "numero": "2", "tipo__sigla": "PLC", "tipo__descricao": "Projeto de Lei Complementar", "autoria": "Prefeito do Munic\u00edpio", "texto_original": "http://sapl.adamantina.sp.leg.br/media/sapl/public/materialegislativa/2026/17270/23a_projeto_de_lei_complementar_002_m_013_-__reajuste_dos_servidores_45.pdf", "ementa": "Disp\u00f5e sobre a revis\u00e3o geral anual dos vencimentos, proventos e pens\u00f5es dos servidores p\u00fablicos ativos e inativos da Prefeitura do Munic\u00edpio de Adamantina, bem como sobre a concess\u00e3o de reajuste salarial, e d\u00e1 outras provid\u00eancias."}, {"id": "17271", "ano": "2026", "numero": "3", "tipo__sigla": "PLC", "tipo__descricao": "Projeto de Lei Complementar", "autoria": "Prefeito do Munic\u00edpio", "texto_original": "http://sapl.adamantina.sp.leg.br/media/sapl/public/materialegislativa/2026/17271/23a_projeto_de_lei_complementar_003_m_014_-__reajuste_dos_servidores_45_da_fai.pdf", "ementa": "Disp\u00f5e sobre a revis\u00e3o geral anual dos vencimentos, proventos e pens\u00f5es dos servidores p\u00fablicos ativos e inativos dos quadros administrativo e docente, bem como sobre a concess\u00e3o de reajuste salarial aos servidores do Centro Universit\u00e1rio de Adamantina \u2013 FAI, e d\u00e1 outras provid\u00eancias."}, {"id": "17335", "ano": "2026", "numero": "4", "tipo__sigla": "PLC", "tipo__descricao": "Projeto de Lei Complementar", "autoria": "Prefeito do Munic\u00edpio", "texto_original": "http://sapl.adamantina.sp.leg.br/media/sapl/public/materialegislativa/2026/17335/24a_projeto_de_lei_complementar_004_m_016_-_autoriza_concessao_de_lote_a_adagro__-_distrito_industrial_otavio_gavazzi.pdf", "ementa": "Disp\u00f5e sobre autoriza\u00e7\u00e3o para que o Chefe do Poder Executivo possa outorgar Concess\u00e3o de Direito Real de Uso de Im\u00f3vel \u00e0 ADAGRO COMERCIO DE PRODUTOS AGRICOLAS LTDA."}, {"id": "17336", "ano": "2026", "numero": "5", "tipo__sigla": "PLC", "tipo__descricao": "Projeto de Lei Complementar", "autoria": "Prefeito do Munic\u00edpio", "texto_original": "http://sapl.adamantina.sp.leg.br/media/sapl/public/materialegislativa/2026/17336/24a_projeto_de_lei_complementar_005_m_017_-_autoriza_concessao_de_lote_a__renov_energy_service_ltda_-_dist_valentim_gatti.pdf", "ementa": "Disp\u00f5e sobre autoriza\u00e7\u00e3o para que o Chefe do Poder Executivo possa outorgar Concess\u00e3o de Direito Real de Uso de Im\u00f3vel \u00e0 RENOV ENERGY SERVICE LTDA."}, {"id": "17337", "ano": "2026", "numero": "6", "tipo__sigla": "PLC", "tipo__descricao": "Projeto de Lei Complementar", "autoria": "Prefeito do Munic\u00edpio", "texto_original": "http://sapl.adamantina.sp.leg.br/media/sapl/public/materialegislativa/2026/17337/24a_projeto_de_lei_complementar_006_m_018_-_autoriza_concessao_de_lote_a__maiara_balista_r_borim_moveis_-_distr_valentim_gatti.pdf", "ementa": "Disp\u00f5e sobre autoriza\u00e7\u00e3o para que o Chefe do Poder Executivo possa outorgar Concess\u00e3o de Direito Real de Uso de Im\u00f3vel \u00e0 MAIARA BALISTA RODRIGUES BORIM M\u00d3VEIS \u2013 ME"}, {"id": "17362", "ano": "2026", "numero": "7", "tipo__sigla": "PLC", "tipo__descricao": "Projeto de Lei Complementar", "autoria": "Mesa da C\u00e2mara", "texto_original": "http://sapl.adamantina.sp.leg.br/media/sapl/public/materialegislativa/2026/17362/25a_projeto_de_lei_complementar_007.pdf", "ementa": "Disp\u00f5e sobre o cumprimento do artigo 3\u00ba da Lei Complementar Federal n\u00ba 226, de 12/01/2026, para prever o c\u00f4mputo do per\u00edodo compreendido entre 28/05/2020 a 31/12/2021, para finalidade que especifica"}, {"id": "17402", "ano": "2026", "numero": "8", "tipo__sigla": "PLC", "tipo__descricao": "Projeto de Lei Complementar", "autoria": "Prefeito do Munic\u00edpio", "texto_original": "http://sapl.adamantina.sp.leg.br/media/sapl/public/materialegislativa/2026/17402/26a_projeto_de_lei_complementar_008_m_029_-_dispoe_sobre_a_criacao_de_vagas_de_emprego_de_aux_atendimen...pdf", "ementa": "Disp\u00f5e sobre a cria\u00e7\u00e3o de vagas dos empregos permanentes de Auxiliar de Atendimento Especializado e Auxiliar de Desenvolvimento Escolar, e altera\u00e7\u00e3o do Anexo I da Lei Complementar n\u00ba 467/2025, e d\u00e1 outras provid\u00eancias."}, {"id": "17454", "ano": "2026", "numero": "9", "tipo__sigla": "PLC", "tipo__descricao": "Projeto de Lei Complementar", "autoria": "Mesa da C\u00e2mara", "texto_original": "http://sapl.adamantina.sp.leg.br/media/sapl/public/materialegislativa/2026/17454/27a_projeto_de_lei_complementar_009_-_revisao_dos_vencimentos_camara.pdf", "ementa": "Disp\u00f5e sobre a revis\u00e3o e aumento real sobre os vencimentos, sal\u00e1rios, proventos e pens\u00f5es dos servidores p\u00fablicos ativos, inativos e pensionistas da C\u00e2mara Municipal de Adamantina e d\u00e1 outras provid\u00eancias."}, {"id": "17193", "ano": "2026", "numero": "1", "tipo__sigla": "PLO", "tipo__descricao": "Projeto de Lei Ordin\u00e1ria", "autoria": "Prefeito do Munic\u00edpio", "texto_original": "http://sapl.adamantina.sp.leg.br/media/sapl/public/materialegislativa/2026/17193/22a_projeto_de_lei_001_m_001_-_credito_especial_r_5.676.62094__-_convenio_casas_cdhu.pdf", "ementa": "Disp\u00f5e sobre autoriza\u00e7\u00e3o para abertura de cr\u00e9dito especial ao Or\u00e7amento da Prefeitura do Munic\u00edpio de Adamantina no valor total de R$ 5.676.620,97 para execu\u00e7\u00e3o do Projeto \u201cPROVIS\u00c3O HABITACIONAL NO MUNIC\u00cdPIO DE ADAMANTINA - SP\u201d, para constru\u00e7\u00e3o de 40 moradias no bairro Jardim Adamantina, e d\u00e1 outras provid\u00eancias."}, {"id": "17194", "ano": "2026", "numero": "2", "tipo__sigla": "PLO", "tipo__descricao": "Projeto de Lei Ordin\u00e1ria", "autoria": "Prefeito do Munic\u00edpio", "texto_original": "http://sapl.adamantina.sp.leg.br/media/sapl/public/materialegislativa/2026/17194/22a_projeto_de_lei_002_m_002_-_credito_especial_r_477.51688_-_campo_society_-_recurso_fe....pdf", "ementa": "Disp\u00f5e sobre autoriza\u00e7\u00e3o para abertura de cr\u00e9dito especial ao Or\u00e7amento da Prefeitura do Munic\u00edpio de Adamantina no valor total de R$ 477.516,88, para implanta\u00e7\u00e3o de Campo de Futebol Society de Grama Sint\u00e9tica no Parque Caldeira, do Programa \u201cApoio a Implanta\u00e7\u00e3o e Moderniza\u00e7\u00e3o de Infraestrutura para Esporte Amador, Recreativo e de Lazer\u201d \u2013 SNEAELIS (Emenda Parlamentar Individual \u2013 RP16) emenda n\u00ba 27960006 - Deputado Alexandre Leite, e d\u00e1 outras provid\u00eancias."}, {"id": "17195", "ano": "2026", "numero": "3", "tipo__sigla": "PLO", "tipo__descricao": "Projeto de Lei Ordin\u00e1ria", "autoria": "Prefeito do Munic\u00edpio", "texto_original": "http://sapl.adamantina.sp.leg.br/media/sapl/public/materialegislativa/2026/17195/22a_projeto_de_lei_003_m_003_-_credito_adicional_especial_r_400.00000_-_pintura_campus_i....pdf", "ementa": "Disp\u00f5e sobre autoriza\u00e7\u00e3o para abertura de cr\u00e9dito adicional especial ao Or\u00e7amento do Centro Universit\u00e1rio de Adamantina no valor total de R$ 400.000,00 (quatrocentos mil reais)."}, {"id": "17196", "ano": "2026", "numero": "4", "tipo__sigla": "PLO", "tipo__descricao": "Projeto de Lei Ordin\u00e1ria", "autoria": "Prefeito do Munic\u00edpio", "texto_original": "http://sapl.adamantina.sp.leg.br/media/sapl/public/materialegislativa/2026/17196/22a_projeto_de_lei_004_m_004_-_altera_a_lei_no_4.169-22_-_bolsas_fai.pdf", "ementa": "Altera a Lei n\u00ba 4.169, de 26 de outubro de 2022, que disp\u00f5e sobre a concess\u00e3o de diversas bolsas de estudo pelo Centro Universit\u00e1rio de Adamantina, e d\u00e1 outras provid\u00eancias."}, {"id": "17197", "ano": "2026", "numero": "5", "tipo__sigla": "PLO", "tipo__descricao": "Projeto de Lei Ordin\u00e1ria", "autoria": "Prefeito do Munic\u00edpio", "texto_original": "http://sapl.adamantina.sp.leg.br/media/sapl/public/materialegislativa/2026/17197/22a_projeto_de_lei_005_m_005-_credito_suplementar_r_240.73920_teto_mac_-_reducao_fila_ci....pdf", "ementa": "Disp\u00f5e sobre autoriza\u00e7\u00e3o para abertura de cr\u00e9dito adicional suplementar ao Or\u00e7amento da Prefeitura do Munic\u00edpio de Adamantina no valor total de R$ 240.739,20 proveniente de transfer\u00eancia TETO MAC Federal, para redu\u00e7\u00e3o de filas de Cirurgias Eletivas e d\u00e1 outras provid\u00eancias."}, {"id": "17198", "ano": "2026", "numero": "6", "tipo__sigla": "PLO", "tipo__descricao": "Projeto de Lei Ordin\u00e1ria", "autoria": "Prefeito do Munic\u00edpio", "texto_original": "http://sapl.adamantina.sp.leg.br/media/sapl/public/materialegislativa/2026/17198/22a_projeto_de_lei_006_m_006_-_bolsa_programa_residente_em_saude_mental_publica.pdf", "ementa": "Disp\u00f5e sobre a concess\u00e3o de bolsas aos residentes do Programa de Resid\u00eancia Multiprofissional em Sa\u00fade Mental P\u00fablica do Centro Universit\u00e1rio de Adamantina \u2013 FAI e d\u00e1 outras provid\u00eancias."}, {"id": "17199", "ano": "2026", "numero": "7", "tipo__sigla": "PLO", "tipo__descricao": "Projeto de Lei Ordin\u00e1ria", "autoria": "Prefeito do Munic\u00edpio", "texto_original": "http://sapl.adamantina.sp.leg.br/media/sapl/public/materialegislativa/2026/17199/22a_projeto_de_lei_007_m_007_-_credito_adicional_especial_fai_r_181.00000_-_programa_res....pdf", "ementa": "Disp\u00f5e sobre autoriza\u00e7\u00e3o para abertura de cr\u00e9dito adicional especial ao Or\u00e7amento do Centro Universit\u00e1rio de Adamantina no valor total de R$ 181.000,00 (cento e oitenta e um mil reais), para custeio do Programa de Resid\u00eancia Multiprofissional em Sa\u00fade Mental P\u00fablica."}, {"id": "17200", "ano": "2026", "numero": "8", "tipo__sigla": "PLO", "tipo__descricao": "Projeto de Lei Ordin\u00e1ria", "autoria": "Prefeito do Munic\u00edpio", "texto_original": "http://sapl.adamantina.sp.leg.br/media/sapl/public/materialegislativa/2026/17200/22a_projeto_de_lei_008_m_008_-_credito_adicional_especial_r_181.00000_-_programa_residencia_mental_prefeitura.pdf", "ementa": "Disp\u00f5e sobre autoriza\u00e7\u00e3o para abertura de cr\u00e9dito especial ao Or\u00e7amento da Prefeitura do Munic\u00edpio de Adamantina, no valor total de R$ 180.000,00, para atender o Programa de Resid\u00eancia Multiprofissional em Sa\u00fade Mental P\u00fablica, e d\u00e1 outras provid\u00eancias."}, {"id": "17201", "ano": "2026", "numero": "9", "tipo__sigla": "PLO", "tipo__descricao": "Projeto de Lei Ordin\u00e1ria", "autoria": "Prefeito do Munic\u00edpio", "texto_original": "http://sapl.adamantina.sp.leg.br/media/sapl/public/materialegislativa/2026/17201/22a_projeto_de_lei_009_m_009_-_credito_especial_r_300.00000_-_emenda_ricardo_salles_-_ia....pdf", "ementa": "Disp\u00f5e sobre autoriza\u00e7\u00e3o para a Prefeitura do Munic\u00edpio de Adamantina abrir cr\u00e9dito adicional suplementar, no valor de R$ 300.000,00 (trezentos mil reais), e repassar ao Instituto de Assist\u00eancia ao Menor de Adamantina - IAMA recursos do Governo Federal (Emenda Parlamentar: Deputado Federal Ricardo Sales) e d\u00e1 outras provid\u00eancias."}, {"id": "17266", "ano": "2026", "numero": "10", "tipo__sigla": "PLO", "tipo__descricao": "Projeto de Lei Ordin\u00e1ria", "autoria": "Prefeito do Munic\u00edpio", "texto_original": "http://sapl.adamantina.sp.leg.br/media/sapl/public/materialegislativa/2026/17266/23a_projeto_de_lei_010_m_010_credito_especial_r_970.47940_-_ciclovia.pdf", "ementa": "Disp\u00f5e sobre autoriza\u00e7\u00e3o para abertura de cr\u00e9dito especial ao Or\u00e7amento da Prefeitura do Munic\u00edpio de Adamantina no valor total de R$ 970.479,40 para execu\u00e7\u00e3o do Projeto \u201cImplanta\u00e7\u00e3o de Ciclovia\u201d, conforme Conv\u00eanio SJC/FID n\u00ba 71/2025 e d\u00e1 outras provid\u00eancias."}, {"id": "17267", "ano": "2026", "numero": "11", "tipo__sigla": "PLO", "tipo__descricao": "Projeto de Lei Ordin\u00e1ria", "autoria": "Prefeito do Munic\u00edpio", "texto_original": "http://sapl.adamantina.sp.leg.br/media/sapl/public/materialegislativa/2026/17267/23a_projeto_de_lei_011_m_011_-_altera_lei_3.368_09_-_conselho_municipal_de_politica_urbana.pdf", "ementa": "Altera o Artigo 3\u00ba da Lei Municipal n.\u00ba 3.368, de 14 de setembro de 2009, que Estrutura o Conselho Municipal de Pol\u00edtica Urbana de Adamantina e d\u00e1 outras providencias"}, {"id": "17268", "ano": "2026", "numero": "12", "tipo__sigla": "PLO", "tipo__descricao": "Projeto de Lei Ordin\u00e1ria", "autoria": "Prefeito do Munic\u00edpio", "texto_original": "http://sapl.adamantina.sp.leg.br/media/sapl/public/materialegislativa/2026/17268/23a_projeto_de_lei_012_m_015_-__fai.pdf", "ementa": "Disp\u00f5e sobre autoriza\u00e7\u00e3o para que o Centro Universit\u00e1rio de Adamantina - FAI possa formalizar Termo de Colabora\u00e7\u00e3o com a ASSOCIA\u00c7\u00c3O DE REPOUSO NOSSO LAR, nos termos da Lei Federal n. 13.019/14 e suas altera\u00e7\u00f5es e d\u00e1 outras provid\u00eancias."}, {"id": "17334", "ano": "2026", "numero": "13", "tipo__sigla": "PLO", "tipo__descricao": "Projeto de Lei Ordin\u00e1ria", "autoria": "Prefeito do Munic\u00edpio", "texto_original": "http://sapl.adamantina.sp.leg.br/media/sapl/public/materialegislativa/2026/17334/24a_projet_de_lei_013_m_019_-__institui_conselho_municipal_da_mulher.pdf", "ementa": "Disp\u00f5e sobre a cria\u00e7\u00e3o do Conselho Municipal dos Direitos da Mulher no \u00e2mbito do Munic\u00edpio de Adamantina, Estado de S\u00e3o Paulo e d\u00e1 outras provid\u00eancias."}, {"id": "17355", "ano": "2026", "numero": "14", "tipo__sigla": "PLO", "tipo__descricao": "Projeto de Lei Ordin\u00e1ria", "autoria": "Daniel Augusto da Silva Fabri", "texto_original": "http://sapl.adamantina.sp.leg.br/media/sapl/public/materialegislativa/2026/17355/25a_projeto_de_lei_014_daniel.pdf", "ementa": "Institui o Programa Municipal de Ado\u00e7\u00e3o Respons\u00e1vel de Animais \u2018Adota Adamantina\u2019 e d\u00e1 outras provid\u00eancias"}, {"id": "17356", "ano": "2026", "numero": "15", "tipo__sigla": "PLO", "tipo__descricao": "Projeto de Lei Ordin\u00e1ria", "autoria": "Prefeito do Munic\u00edpio", "texto_original": "http://sapl.adamantina.sp.leg.br/media/sapl/public/materialegislativa/2026/17356/25a_projeto_de_lei_015_m_020_-_credito_especial_r_50.00000_-_auxilio_moradia_medicos_res...pdf", "ementa": "Disp\u00f5e sobre autoriza\u00e7\u00e3o para abertura de cr\u00e9dito adicional especial ao Or\u00e7amento do Centro Universit\u00e1rio de Adamantina no valor total de R$ 50.000,00 (cinquenta mil reais) e d\u00e1 outras provid\u00eancias."}, {"id": "17357", "ano": "2026", "numero": "16", "tipo__sigla": "PLO", "tipo__descricao": "Projeto de Lei Ordin\u00e1ria", "autoria": "Prefeito do Munic\u00edpio", "texto_original": "http://sapl.adamantina.sp.leg.br/media/sapl/public/materialegislativa/2026/17357/25a_projeto_de_lei_016_m_021_-_transposicao_de_recursos_r_113.00000_-_custeio_pro-reitor...pdf", "ementa": "Disp\u00f5e sobre autoriza\u00e7\u00e3o para transposi\u00e7\u00e3o de dota\u00e7\u00e3o or\u00e7ament\u00e1ria no or\u00e7amento do Centro Universit\u00e1rio de Adamantina no valor total de R$ 113.000,00 (cento e treze mil reais) e d\u00e1 outras provid\u00eancias."}, {"id": "17358", "ano": "2026", "numero": "17", "tipo__sigla": "PLO", "tipo__descricao": "Projeto de Lei Ordin\u00e1ria", "autoria": "Prefeito do Munic\u00edpio", "texto_original": "http://sapl.adamantina.sp.leg.br/media/sapl/public/materialegislativa/2026/17358/25a_projeto_de_lei_017_m_022_-_altera_lei_3859_18_-_funcoes_gratificadas_-_inclui_agente_d...pdf", "ementa": "Altera o inciso II do \u00a72\u00ba do artigo 3\u00ba da Lei n\u00ba 3.859, de 12 de dezembro de 2018, que disp\u00f5e sobre a cria\u00e7\u00e3o de fun\u00e7\u00f5es gratificadas no \u00e2mbito da Administra\u00e7\u00e3o Direta do Poder Executivo Municipal."}, {"id": "17359", "ano": "2026", "numero": "18", "tipo__sigla": "PLO", "tipo__descricao": "Projeto de Lei Ordin\u00e1ria", "autoria": "Prefeito do Munic\u00edpio", "texto_original": "http://sapl.adamantina.sp.leg.br/media/sapl/public/materialegislativa/2026/17359/25a_projeto_de_lei_018_msg_023_-_credito_especial_r_1.232.70000_-_subvencao_assistencia_es...pdf", "ementa": "Disp\u00f5e sobre autoriza\u00e7\u00e3o para abertura de cr\u00e9dito especial ao Or\u00e7amento da Prefeitura do Munic\u00edpio de Adamantina no valor total de R$ 1.232.700,00 para adequa\u00e7\u00e3o da nomenclatura program\u00e1tica das a\u00e7\u00f5es de Prote\u00e7\u00e3o Social Especial de M\u00e9dia e Alta Complexidade e d\u00e1 outras provid\u00eancias."}, {"id": "17360", "ano": "2026", "numero": "19", "tipo__sigla": "PLO", "tipo__descricao": "Projeto de Lei Ordin\u00e1ria", "autoria": "Prefeito do Munic\u00edpio", "texto_original": "http://sapl.adamantina.sp.leg.br/media/sapl/public/materialegislativa/2026/17360/25a_projeto_de_lei_019_m_024_-_credito_especial_r_219.65500__fundo_do_meio_ambiente_-_pa...pdf", "ementa": "Disp\u00f5e sobre autoriza\u00e7\u00e3o para abertura de cr\u00e9dito especial ao or\u00e7amento da Prefeitura do Munic\u00edpio de Adamantina no valor total de R$ 219.955,00 e d\u00e1 outras provid\u00eancias. (Patas Protegidas-C\u00e3es e Gatos)"}, {"id": "17361", "ano": "2026", "numero": "20", "tipo__sigla": "PLO", "tipo__descricao": "Projeto de Lei Ordin\u00e1ria", "autoria": "Prefeito do Munic\u00edpio", "texto_original": "http://sapl.adamantina.sp.leg.br/media/sapl/public/materialegislativa/2026/17361/25a_projeto_de_lei_020_m_025_-_credito_especial_r_500.00000_-_cras_itinerante_-_emenda_gilberto_nascimento.pdf", "ementa": "Disp\u00f5e sobre autoriza\u00e7\u00e3o para a abertura de cr\u00e9dito especial ao Or\u00e7amento da Prefeitura do Munic\u00edpio de Adamantina, no valor de R$ 500.000,00, proveniente de emenda parlamentar do Deputado Federal Gilberto Nascimento."}, {"id": "17398", "ano": "2026", "numero": "21", "tipo__sigla": "PLO", "tipo__descricao": "Projeto de Lei Ordin\u00e1ria", "autoria": "Daniel Augusto da Silva Fabri", "texto_original": "http://sapl.adamantina.sp.leg.br/media/sapl/public/materialegislativa/2026/17398/26a_projeto_de_lei_021_daniel.pdf", "ementa": "Institui o Programa Municipal de Conscientiza\u00e7\u00e3o e Prote\u00e7\u00e3o Animal no \u00e2mbito da Rede Municipal de Ensino de Adamantina, e d\u00e1 outras provid\u00eancias"}, {"id": "17399", "ano": "2026", "numero": "22", "tipo__sigla": "PLO", "tipo__descricao": "Projeto de Lei Ordin\u00e1ria", "autoria": "Daniel Augusto da Silva Fabri", "texto_original": "http://sapl.adamantina.sp.leg.br/media/sapl/public/materialegislativa/2026/17399/26a_projeto_de_lei_022_daniel.pdf", "ementa": "Estabelece a Pol\u00edtica Municipal de Combate aos Maus-Tratos de Animais no Munic\u00edpio de Adamantina, determina multas e d\u00e1 outras provid\u00eancias"}, {"id": "17400", "ano": "2026", "numero": "23", "tipo__sigla": "PLO", "tipo__descricao": "Projeto de Lei Ordin\u00e1ria", "autoria": "Prefeito do Munic\u00edpio", "texto_original": "http://sapl.adamantina.sp.leg.br/media/sapl/public/materialegislativa/2026/17400/26a_projeto_de_lei_023_m_026_-_credito_especial_r_349.20000_-_pagamento_bolsas_iniciacao...pdf", "ementa": "Disp\u00f5e sobre autoriza\u00e7\u00e3o para abertura de cr\u00e9dito adicional especial ao Or\u00e7amento do Centro Universit\u00e1rio de Adamantina no valor total de R$ 349.200,00 (trezentos e quarenta e nove mil e duzentos reais) e d\u00e1 outras provid\u00eancias"}, {"id": "17401", "ano": "2026", "numero": "24", "tipo__sigla": "PLO", "tipo__descricao": "Projeto de Lei Ordin\u00e1ria", "autoria": "Prefeito do Munic\u00edpio", "texto_original": "http://sapl.adamantina.sp.leg.br/media/sapl/public/materialegislativa/2026/17401/26a_projeto_de_lei_024_m_028_-_altera_lei_3368_09_-_conselho_municipal_de_politica_urbana_...pdf", "ementa": "Altera o Artigo 3\u00ba da Lei Municipal n.\u00ba 3.368, de 14 de setembro de 2009, que Estrutura o Conselho Municipal de Pol\u00edtica Urbana de Adamantina e d\u00e1 outras providencias."}, {"id": "17446", "ano": "2026", "numero": "25", "tipo__sigla": "PLO", "tipo__descricao": "Projeto de Lei Ordin\u00e1ria", "autoria": "Prefeito do Munic\u00edpio", "texto_original": "http://sapl.adamantina.sp.leg.br/media/sapl/public/materialegislativa/2026/17446/27a_projeto_de_lei_025_m_027_-denomina_passarela_dr._alceu_adib_maluf.__pontilhao_joaquim_nabuco.pdf", "ementa": "Disp\u00f5e sobre a denomina\u00e7\u00e3o da Passarela \u201cDr. Alceu Adib Maluf"}, {"id": "17447", "ano": "2026", "numero": "26", "tipo__sigla": "PLO", "tipo__descricao": "Projeto de Lei Ordin\u00e1ria", "autoria": "Prefeito do Munic\u00edpio", "texto_original": "http://sapl.adamantina.sp.leg.br/media/sapl/public/materialegislativa/2026/17447/27a_projeto_de_lei_026_m_030_-_credito_ad_cuplementar_r_350.00000_-_casa_do_garoto_-_emenda_dep_alexandre_leite.pdf", "ementa": "Disp\u00f5e sobre autoriza\u00e7\u00e3o para a Prefeitura do Munic\u00edpio de Adamantina repassar para a Institui\u00e7\u00e3o Solid\u00e1ria Carlos Pegoraro - Casa do Garoto, recurso do Governo Federal proveniente de Emenda Parlamentar do Deputado Federal Alexandre Leite, no valor de R$ 350.000,00 e d\u00e1 outras provid\u00eancias."}, {"id": "17448", "ano": "2026", "numero": "27", "tipo__sigla": "PLO", "tipo__descricao": "Projeto de Lei Ordin\u00e1ria", "autoria": "Prefeito do Munic\u00edpio", "texto_original": "http://sapl.adamantina.sp.leg.br/media/sapl/public/materialegislativa/2026/17448/27a_projeto_de_lei_027_m_031_-_credito_ad_cuplementar_r150.00000_-_lar_cristao_-_emenda_dep_renata_abreu.pdf", "ementa": "Disp\u00f5e sobre autoriza\u00e7\u00e3o para a Prefeitura do Munic\u00edpio de Adamantina repassar para a Institui\u00e7\u00e3o Lar Crist\u00e3o de Adamantina, recurso do Governo Federal proveniente de Emenda Parlamentar da Deputada Federal Renata Abreu, no valor de R$ 150.000,00 e d\u00e1 outras provid\u00eancias."}, {"id": "17449", "ano": "2026", "numero": "28", "tipo__sigla": "PLO", "tipo__descricao": "Projeto de Lei Ordin\u00e1ria", "autoria": "Prefeito do Munic\u00edpio", "texto_original": "http://sapl.adamantina.sp.leg.br/media/sapl/public/materialegislativa/2026/17449/27a_projeto_de_lei_028_m_032_-_credito_adicional_suplemantar_r_115.18710_-_subvencao_assistencia_esp_media_e_alta.pdf", "ementa": "Disp\u00f5e sobre autoriza\u00e7\u00e3o para abertura de cr\u00e9dito adicional suplementar ao Fundo Municipal de Assist\u00eancia Social, no valor de R$ 115.187,10 (cento e quinze mil, cento e oitenta e sete reais e dez centavos), destinado \u00e0 Gest\u00e3o da Prote\u00e7\u00e3o Social Especial de M\u00e9dia e Alta Complexidade, e d\u00e1 outras provid\u00eancias."}, {"id": "17453", "ano": "2026", "numero": "29", "tipo__sigla": "PLO", "tipo__descricao": "Projeto de Lei Ordin\u00e1ria", "autoria": "Prefeito do Munic\u00edpio", "texto_original": "http://sapl.adamantina.sp.leg.br/media/sapl/public/materialegislativa/2026/17453/27a_projeto_de_lei_029_m_033_-_abono_-_doacao_de_sangue_-_servidor_publico_municipal_-_prefeitura_e_fai.pdf", "ementa": "Institui a Pol\u00edtica P\u00fablica de Doa\u00e7\u00e3o de Sangue no \u00e2mbito do Munic\u00edpio de Adamantina/SP e d\u00e1 outras provid\u00eancias."}, {"id": "17211", "ano": "2026", "numero": "1", "tipo__sigla": "REQ", "tipo__descricao": "Requerimento", "autoria": "Daniel Augusto da Silva Fabri", "texto_original": "http://sapl.adamantina.sp.leg.br/media/sapl/public/materialegislativa/2026/17211/requerimento_001_22a_ordinaria.pdf", "ementa": "Solicita informa\u00e7\u00f5es a respeito do quadro de docentes e da amplia\u00e7\u00e3o das turmas em per\u00edodo integral no munic\u00edpio, especialmente no que se refere ao PEB I."}, {"id": "17212", "ano": "2026", "numero": "2", "tipo__sigla": "REQ", "tipo__descricao": "Requerimento", "autoria": "Daniel Augusto da Silva Fabri", "texto_original": "http://sapl.adamantina.sp.leg.br/media/sapl/public/materialegislativa/2026/17212/requerimento_002_22a_ordinaria.pdf", "ementa": "Solicita informa\u00e7\u00f5es acerca da forma de repasse dos recursos p\u00fablicos destinados \u00e0 ONG Apelos e Patas."}, {"id": "17213", "ano": "2026", "numero": "3", "tipo__sigla": "REQ", "tipo__descricao": "Requerimento", "autoria": "Maria Gabriela Costa Calil Bearare, Cid Jos\u00e9 Aparecido dos Santos, Marta de Almeida Bezerra, Mary Alves dos Santos", "texto_original": "http://sapl.adamantina.sp.leg.br/media/sapl/public/materialegislativa/2026/17213/requerimento_003_22a_ordinaria.pdf", "ementa": "Solicitam informa\u00e7\u00f5es acerca do Anteprojeto de Lei e da Indica\u00e7\u00e3o que tratam da Pol\u00edtica Municipal de Fiscaliza\u00e7\u00e3o de Concess\u00f5es e Servi\u00e7os P\u00fablicos."}, {"id": "17214", "ano": "2026", "numero": "4", "tipo__sigla": "REQ", "tipo__descricao": "Requerimento", "autoria": "Maria Gabriela Costa Calil Bearare, Cid Jos\u00e9 Aparecido dos Santos, Marta de Almeida Bezerra, Mary Alves dos Santos", "texto_original": "http://sapl.adamantina.sp.leg.br/media/sapl/public/materialegislativa/2026/17214/requerimento_004_22a_ordinaria.pdf", "ementa": "Solicitam informa\u00e7\u00f5es junto \u00e0 Concession\u00e1ria Energisa Sul-Sudeste, para que prestem as informa\u00e7\u00f5es e encaminhem documentos que n\u00e3o foram apresentados nos requerimentos anteriormente protocolados."}, {"id": "17215", "ano": "2026", "numero": "5", "tipo__sigla": "REQ", "tipo__descricao": "Requerimento", "autoria": "Cid Jos\u00e9 Aparecido dos Santos, Aguinaldo Pires Galv\u00e3o, Daniel Augusto da Silva Fabri, Maria Gabriela Costa Calil Bearare, Marta de Almeida Bezerra, Mary Alves dos Santos", "texto_original": "http://sapl.adamantina.sp.leg.br/media/sapl/public/materialegislativa/2026/17215/requerimento_005_22a_ordinaria.pdf", "ementa": "Solicitam ao Deputado Federal Gilberto Nascimento, recursos para constru\u00e7\u00e3o de moradias populares munic\u00edpio de Adamantina, nos programas da Minha Casa Minha Vida (Urbano e Rural)."}, {"id": "17216", "ano": "2026", "numero": "6", "tipo__sigla": "REQ", "tipo__descricao": "Requerimento", "autoria": "Cid Jos\u00e9 Aparecido dos Santos, Aguinaldo Pires Galv\u00e3o, Daniel Augusto da Silva Fabri, Maria Gabriela Costa Calil Bearare, Marta de Almeida Bezerra, Mary Alves dos Santos", "texto_original": "http://sapl.adamantina.sp.leg.br/media/sapl/public/materialegislativa/2026/17216/requerimento_006_22a_ordinaria.pdf", "ementa": "Solicitam a doa\u00e7\u00e3o de ve\u00edculos para atendimento ao 192 do munic\u00edpio de Adamantina."}, {"id": "17217", "ano": "2026", "numero": "7", "tipo__sigla": "REQ", "tipo__descricao": "Requerimento", "autoria": "Cid Jos\u00e9 Aparecido dos Santos, Aguinaldo Pires Galv\u00e3o, Daniel Augusto da Silva Fabri, Maria Gabriela Costa Calil Bearare, Marta de Almeida Bezerra, Mary Alves dos Santos", "texto_original": "http://sapl.adamantina.sp.leg.br/media/sapl/public/materialegislativa/2026/17217/requerimento_007_22a_ordinaria.pdf", "ementa": "Solicitam ao Deputado Federal Ricardo Salles recursos no valor de R$ 300 mil, para custeio do Lar Crist\u00e3o de Adamantina."}, {"id": "17218", "ano": "2026", "numero": "8", "tipo__sigla": "REQ", "tipo__descricao": "Requerimento", "autoria": "Cid Jos\u00e9 Aparecido dos Santos, Aguinaldo Pires Galv\u00e3o, Daniel Augusto da Silva Fabri, Maria Gabriela Costa Calil Bearare, Marta de Almeida Bezerra, Mary Alves dos Santos", "texto_original": "http://sapl.adamantina.sp.leg.br/media/sapl/public/materialegislativa/2026/17218/requerimento_008_22a_ordinaria.pdf", "ementa": "Solicitam ao Senador Astronauta Marcos Pontes, recurso no montante de R$ 4 milh\u00f5es, para investir na solu\u00e7\u00e3o de enchentes em v\u00e1rios pontos no munic\u00edpio."}, {"id": "17219", "ano": "2026", "numero": "9", "tipo__sigla": "REQ", "tipo__descricao": "Requerimento", "autoria": "H\u00e9lio Jos\u00e9 dos Santos, Rog\u00e9rio C\u00e9sar Sacoman", "texto_original": "http://sapl.adamantina.sp.leg.br/media/sapl/public/materialegislativa/2026/17219/requerimento_009_22a_ordinaria.pdf", "ementa": "Solicitam ao Deputado Federal Fausto Pinato, emenda no valor de R$ 500 mil, a serem alocados em obras de infraestrutura urbana (recapeamento asf\u00e1ltico e pavimenta\u00e7\u00e3o asf\u00e1ltica) no munic\u00edpio de Adamantina."}, {"id": "17220", "ano": "2026", "numero": "10", "tipo__sigla": "REQ", "tipo__descricao": "Requerimento", "autoria": "H\u00e9lio Jos\u00e9 dos Santos, Rog\u00e9rio C\u00e9sar Sacoman", "texto_original": "http://sapl.adamantina.sp.leg.br/media/sapl/public/materialegislativa/2026/17220/requerimento_010_22a_ordinaria.pdf", "ementa": "Solicitam ao Deputado Federal Dr. Fausto Pinato, emenda no valor de R$ 500 mil, para custeio e manuten\u00e7\u00e3o dos servi\u00e7os da aten\u00e7\u00e3o b\u00e1sica da rede municipal de sa\u00fade."}, {"id": "17221", "ano": "2026", "numero": "11", "tipo__sigla": "REQ", "tipo__descricao": "Requerimento", "autoria": "H\u00e9lio Jos\u00e9 dos Santos, Rog\u00e9rio C\u00e9sar Sacoman", "texto_original": "http://sapl.adamantina.sp.leg.br/media/sapl/public/materialegislativa/2026/17221/requerimento_011_22a_ordinaria.pdf", "ementa": "Solicitam ao Deputado Federal Dr. Delegado da Cunha, emenda no valor de R$ 500 mil, a serem alocados em obras de infraestrutura urbana (recapeamento asf\u00e1ltico e pavimenta\u00e7\u00e3o asf\u00e1ltica) no munic\u00edpio de Adamantina."}, {"id": "17222", "ano": "2026", "numero": "12", "tipo__sigla": "REQ", "tipo__descricao": "Requerimento", "autoria": "H\u00e9lio Jos\u00e9 dos Santos, Rog\u00e9rio C\u00e9sar Sacoman", "texto_original": "http://sapl.adamantina.sp.leg.br/media/sapl/public/materialegislativa/2026/17222/requerimento_012_22a_ordinaria.pdf", "ementa": "Solicitam ao Deputado Federal Dr. Delegado da Cunha, emenda no valor de R$ 500 mil, para custeio e manuten\u00e7\u00e3o dos servi\u00e7os da aten\u00e7\u00e3o b\u00e1sica da rede municipal de sa\u00fade."}, {"id": "17223", "ano": "2026", "numero": "13", "tipo__sigla": "REQ", "tipo__descricao": "Requerimento", "autoria": "H\u00e9lio Jos\u00e9 dos Santos, Aguinaldo Pires Galv\u00e3o, Eder do Nascimento Ruete, Marta de Almeida Bezerra, Rog\u00e9rio C\u00e9sar Sacoman", "texto_original": "http://sapl.adamantina.sp.leg.br/media/sapl/public/materialegislativa/2026/17223/requerimento_013_22a_ordinaria.pdf", "ementa": "Solicitam ao Deputado Estadual Mauro Bragato, emenda no valor de R$ 500 mil, para custeio e manuten\u00e7\u00e3o dos servi\u00e7os da aten\u00e7\u00e3o b\u00e1sica da rede municipal de sa\u00fade, por interm\u00e9dio das Unidades B\u00e1sicas de Sa\u00fade (UBS), bem como pelo Centro Integrado de Sa\u00fade (CIS)."}, {"id": "17224", "ano": "2026", "numero": "14", "tipo__sigla": "REQ", "tipo__descricao": "Requerimento", "autoria": "H\u00e9lio Jos\u00e9 dos Santos, Aguinaldo Pires Galv\u00e3o, Eder do Nascimento Ruete, Marta de Almeida Bezerra, Rog\u00e9rio C\u00e9sar Sacoman", "texto_original": "http://sapl.adamantina.sp.leg.br/media/sapl/public/materialegislativa/2026/17224/requerimento_014_22a_ordinaria.pdf", "ementa": "Solicitam ao Deputado Estadual Mauro Bragato, emenda no valor de R$ 500 mil, a serem alocados em obras de infraestrutura urbana (recapeamento asf\u00e1ltico e pavimenta\u00e7\u00e3o asf\u00e1ltica) no munic\u00edpio de Adamantina."}, {"id": "17225", "ano": "2026", "numero": "15", "tipo__sigla": "REQ", "tipo__descricao": "Requerimento", "autoria": "H\u00e9lio Jos\u00e9 dos Santos, Aguinaldo Pires Galv\u00e3o, Eder do Nascimento Ruete, Marta de Almeida Bezerra, Rog\u00e9rio C\u00e9sar Sacoman", "texto_original": "http://sapl.adamantina.sp.leg.br/media/sapl/public/materialegislativa/2026/17225/requerimento_015_22a_ordinaria.pdf", "ementa": "Solicitam ao Deputado Estadual Mauro Bragato, a inclus\u00e3o da Escola Estadual Helen Keller no Projeto Musical Guri, a partir do ano de 2026."}, {"id": "17274", "ano": "2026", "numero": "16", "tipo__sigla": "REQ", "tipo__descricao": "Requerimento", "autoria": "Aguinaldo Pires Galv\u00e3o", "texto_original": "http://sapl.adamantina.sp.leg.br/media/sapl/public/materialegislativa/2026/17274/requerimento_016_23a_ordinaria.pdf", "ementa": "Solicita da Deputada Estadual Dani Alonso, emenda no valor de R$ 150.000,00 \u00e0 Secretaria Municipal de Assist\u00eancia Social, para melhorar a qualidade de vida das pessoas, especialmente nas \u00e1reas de sa\u00fade das mulheres de nosso munic\u00edpio."}, {"id": "17275", "ano": "2026", "numero": "17", "tipo__sigla": "REQ", "tipo__descricao": "Requerimento", "autoria": "Aguinaldo Pires Galv\u00e3o", "texto_original": "http://sapl.adamantina.sp.leg.br/media/sapl/public/materialegislativa/2026/17275/requerimento_017_23a_ordinaria.pdf", "ementa": "Solicita ao Deputado Federal Capit\u00e3o Augusto, emenda no valor de R$150.000,00, para custeio da manuten\u00e7\u00e3o dos servi\u00e7os da aten\u00e7\u00e3o b\u00e1sica da Rede Municipal de Sa\u00fade, por interm\u00e9dio das Unidades B\u00e1sicas de Sa\u00fade, bem como ao CIES \u2013 Centro Integrado de Especialidades em Sa\u00fade."}, {"id": "17276", "ano": "2026", "numero": "18", "tipo__sigla": "REQ", "tipo__descricao": "Requerimento", "autoria": "Aguinaldo Pires Galv\u00e3o, Cid Jos\u00e9 Aparecido dos Santos", "texto_original": "http://sapl.adamantina.sp.leg.br/media/sapl/public/materialegislativa/2026/17276/requerimento_018_23a_ordinaria.pdf", "ementa": "Solicitam \u00e0 Deputada Estadual Analice Fernandes, emenda no valor de R$150.000,00 para a Secretaria Municipal de Sa\u00fade."}, {"id": "17277", "ano": "2026", "numero": "19", "tipo__sigla": "REQ", "tipo__descricao": "Requerimento", "autoria": "Rog\u00e9rio C\u00e9sar Sacoman", "texto_original": "http://sapl.adamantina.sp.leg.br/media/sapl/public/materialegislativa/2026/17277/requerimento_019_23a_ordinaria.pdf", "ementa": "Solicita ao Deputado Federal Delegado da Cunha, inclus\u00e3o de emenda no valor de R$ 100 mil reais para aquisi\u00e7\u00e3o de uma ambul\u00e2ncia devidamente equipada para o transporte de pacientes em outros centros m\u00e9dicos especializados distantes de nossa cidade."}, {"id": "17278", "ano": "2026", "numero": "20", "tipo__sigla": "REQ", "tipo__descricao": "Requerimento", "autoria": "Aguinaldo Pires Galv\u00e3o, Cid Jos\u00e9 Aparecido dos Santos, Daniel Augusto da Silva Fabri, Rog\u00e9rio C\u00e9sar Sacoman", "texto_original": "http://sapl.adamantina.sp.leg.br/media/sapl/public/materialegislativa/2026/17278/requerimento_020_23a_ordinaria.pdf", "ementa": "Solicitam informa\u00e7\u00f5es sobre quais os motivos para aquisi\u00e7\u00e3o externa de p\u00e3es destinados \u00e0 Merenda Escolar, alterando o modelo anterior de produ\u00e7\u00e3o pr\u00f3pria na Padaria Municipal?"}, {"id": "17279", "ano": "2026", "numero": "21", "tipo__sigla": "REQ", "tipo__descricao": "Requerimento", "autoria": "Daniel Augusto da Silva Fabri, Aguinaldo Pires Galv\u00e3o", "texto_original": "http://sapl.adamantina.sp.leg.br/media/sapl/public/materialegislativa/2026/17279/requerimento_021_23a_ordinaria.pdf", "ementa": "Solicitam informa\u00e7\u00f5es detalhadas acerca das interven\u00e7\u00f5es realizadas nos canteiros centrais, da organiza\u00e7\u00e3o administrativa das atribui\u00e7\u00f5es ambientais e do planejamento ambiental do munic\u00edpio."}, {"id": "17280", "ano": "2026", "numero": "22", "tipo__sigla": "REQ", "tipo__descricao": "Requerimento", "autoria": "Mary Alves dos Santos", "texto_original": "http://sapl.adamantina.sp.leg.br/media/sapl/public/materialegislativa/2026/17280/requerimento_022_23a_ordinaria.pdf", "ementa": "Solicita ao Deputado Estadual Thom\u00e9 Abduch, a inclus\u00e3o de emenda no valor de R$250.000,00, para aquisi\u00e7\u00e3o de brinquedos para playground ao nosso munic\u00edpio."}, {"id": "17281", "ano": "2026", "numero": "23", "tipo__sigla": "REQ", "tipo__descricao": "Requerimento", "autoria": "Mary Alves dos Santos", "texto_original": "http://sapl.adamantina.sp.leg.br/media/sapl/public/materialegislativa/2026/17281/requerimento_023_23a_ordinaria.pdf", "ementa": "Solicita ao Deputado Estadual Thom\u00e9 Abduch, a inclus\u00e3o de emenda no valor de R$200.000,00 (duzentos mil reais) ao Lar dos Velhos de Adamantina."}, {"id": "17282", "ano": "2026", "numero": "24", "tipo__sigla": "REQ", "tipo__descricao": "Requerimento", "autoria": "Mary Alves dos Santos", "texto_original": "http://sapl.adamantina.sp.leg.br/media/sapl/public/materialegislativa/2026/17282/requerimento_024_23a_ordinaria.pdf", "ementa": "Solicita ao Deputado Estadual Thom\u00e9 Abduch, a inclus\u00e3o de emenda no valor de R$ 150.000,00, para aquisi\u00e7\u00e3o de equipamentos de seguran\u00e7a e organiza\u00e7\u00e3o escolar para as escolas do munic\u00edpio que compreendem crian\u00e7as de 6 meses a 11 anos de idade (da creche ao 5\u00b0 ano do ensino fundamental)."}, {"id": "17283", "ano": "2026", "numero": "25", "tipo__sigla": "REQ", "tipo__descricao": "Requerimento", "autoria": "Mary Alves dos Santos", "texto_original": "http://sapl.adamantina.sp.leg.br/media/sapl/public/materialegislativa/2026/17283/requerimento_025_23a_ordinaria.pdf", "ementa": "Solicita informa\u00e7\u00f5es detalhadas sobre a atual situa\u00e7\u00e3o de espera para consultas, exames e cirurgias eletivas na rede municipal de sa\u00fade, os atendimentos do programa \u201cZera Fila\u201d, entre outras."}, {"id": "17284", "ano": "2026", "numero": "26", "tipo__sigla": "REQ", "tipo__descricao": "Requerimento", "autoria": "Mary Alves dos Santos", "texto_original": "http://sapl.adamantina.sp.leg.br/media/sapl/public/materialegislativa/2026/17284/requerimento_026_23a_ordinaria.pdf", "ementa": "Solicita informa\u00e7\u00f5es detalhadas sobre as medica\u00e7\u00f5es de aten\u00e7\u00e3o b\u00e1sica da Farm\u00e1cia Municipal."}, {"id": "17285", "ano": "2026", "numero": "27", "tipo__sigla": "REQ", "tipo__descricao": "Requerimento", "autoria": "Mary Alves dos Santos", "texto_original": "http://sapl.adamantina.sp.leg.br/media/sapl/public/materialegislativa/2026/17285/requerimento_027_23a_ordinaria.pdf", "ementa": "Solicita informa\u00e7\u00f5es sobre pra\u00e7as, parques, jardins e similares, \u00e1reas verdes, \u00e1reas institucionais pertencentes \u00e0 prefeitura, canteiros urbanos das vias p\u00fablicas, entre outras informa\u00e7\u00f5es."}, {"id": "17286", "ano": "2026", "numero": "28", "tipo__sigla": "REQ", "tipo__descricao": "Requerimento", "autoria": "Daniel Augusto da Silva Fabri, Marta de Almeida Bezerra", "texto_original": "http://sapl.adamantina.sp.leg.br/media/sapl/public/materialegislativa/2026/17286/requerimento_028_23a_ordinaria.pdf", "ementa": "Solicita informa\u00e7\u00f5es sobre o descarte irregular de res\u00edduos provenientes do Cemit\u00e9rio Municipal"}, {"id": "17287", "ano": "2026", "numero": "29", "tipo__sigla": "REQ", "tipo__descricao": "Requerimento", "autoria": "Daniel Augusto da Silva Fabri", "texto_original": "http://sapl.adamantina.sp.leg.br/media/sapl/public/materialegislativa/2026/17287/requerimento_029_23a_ordinaria.pdf", "ementa": "Solicita informa\u00e7\u00f5es sobre quais a\u00e7\u00f5es concretas foram realizadas pela atual Administra\u00e7\u00e3o Municipal, at\u00e9 o presente momento, para a efetiva implementa\u00e7\u00e3o do referido programa da Lei Municipal n\u00ba 3.715/2016, que instituiu a Campanha \u201cAdote o Verde\u201d."}, {"id": "17288", "ano": "2026", "numero": "30", "tipo__sigla": "REQ", "tipo__descricao": "Requerimento", "autoria": "Daniel Augusto da Silva Fabri, Cid Jos\u00e9 Aparecido dos Santos, Mary Alves dos Santos", "texto_original": "http://sapl.adamantina.sp.leg.br/media/sapl/public/materialegislativa/2026/17288/requerimento_030_23a_ordinaria.pdf", "ementa": "Solicitam informa\u00e7\u00f5es sobre quais provid\u00eancias administrativas e legais o Munic\u00edpio pretende adotar para a implementa\u00e7\u00e3o da Lei Federal n\u00ba 15.326/2026, que reconhece os Agentes de Desenvolvimento Infantil (ADIs) como integrantes da carreira do magist\u00e9rio."}, {"id": "17289", "ano": "2026", "numero": "31", "tipo__sigla": "REQ", "tipo__descricao": "Requerimento", "autoria": "H\u00e9lio Jos\u00e9 dos Santos, Eder do Nascimento Ruete, Rog\u00e9rio C\u00e9sar Sacoman", "texto_original": "http://sapl.adamantina.sp.leg.br/media/sapl/public/materialegislativa/2026/17289/requerimento_031_23a_ordinaria.pdf", "ementa": "Solicitam ao Deputado Federal Arlindo Chinaglia, a inclus\u00e3o de uma emenda no valor de R$ 100 mil, para custeio e manuten\u00e7\u00e3o do Polo de Atividades Integradas (PAI) Nosso Lar de Adamantina."}, {"id": "17290", "ano": "2026", "numero": "32", "tipo__sigla": "REQ", "tipo__descricao": "Requerimento", "autoria": "H\u00e9lio Jos\u00e9 dos Santos, Daniel Augusto da Silva Fabri, Eder do Nascimento Ruete, Rog\u00e9rio C\u00e9sar Sacoman", "texto_original": "http://sapl.adamantina.sp.leg.br/media/sapl/public/materialegislativa/2026/17290/requerimento_032_23a_ordinaria.pdf", "ementa": "Solicitam ao Secret\u00e1rio Estadual de Educa\u00e7\u00e3o Renato Feder, que seja realizado Processo Seletivo Simplificado pela SEDUC-SP, ainda no primeiro semestre do corrente ano letivo."}, {"id": "17291", "ano": "2026", "numero": "33", "tipo__sigla": "REQ", "tipo__descricao": "Requerimento", "autoria": "H\u00e9lio Jos\u00e9 dos Santos, Daniel Augusto da Silva Fabri, Eder do Nascimento Ruete, Rog\u00e9rio C\u00e9sar Sacoman", "texto_original": "http://sapl.adamantina.sp.leg.br/media/sapl/public/materialegislativa/2026/17291/requerimento_033_23a_ordinaria.pdf", "ementa": "Solicitam ao Secret\u00e1rio Estadual de Educa\u00e7\u00e3o Renato Feder, que seja procedida altera\u00e7\u00e3o normativa na Resolu\u00e7\u00e3o SEDUC n\u00ba 7/2026."}, {"id": "17292", "ano": "2026", "numero": "34", "tipo__sigla": "REQ", "tipo__descricao": "Requerimento", "autoria": "H\u00e9lio Jos\u00e9 dos Santos, Daniel Augusto da Silva Fabri, Eder do Nascimento Ruete, Rog\u00e9rio C\u00e9sar Sacoman", "texto_original": "http://sapl.adamantina.sp.leg.br/media/sapl/public/materialegislativa/2026/17292/requerimento_034_23a_ordinaria.pdf", "ementa": "Solicitam ao Secret\u00e1rio Estadual de Educa\u00e7\u00e3o Renato Feder, que seja disponibilizado a fun\u00e7\u00e3o de PROATI \u2013 Projeto de Apoio \u00e0 Tecnologia da Informa\u00e7\u00e3o \u2013 aos Professores Contratados (Categoria O)."}, {"id": "17293", "ano": "2026", "numero": "35", "tipo__sigla": "REQ", "tipo__descricao": "Requerimento", "autoria": "H\u00e9lio Jos\u00e9 dos Santos, Eder do Nascimento Ruete, Marta de Almeida Bezerra, Rog\u00e9rio C\u00e9sar Sacoman", "texto_original": "http://sapl.adamantina.sp.leg.br/media/sapl/public/materialegislativa/2026/17293/requerimento_035_23a_ordinaria.pdf", "ementa": "Solicitam da Deputada Estadual Let\u00edcia Aguiar, a inclus\u00e3o de uma emenda no valor de R$ 100 mil, destinados ao custeio e manuten\u00e7\u00e3o das imprescind\u00edveis atividades desenvolvidas pela Rede de Combate ao C\u00e2ncer de Adamantina."}, {"id": "17294", "ano": "2026", "numero": "36", "tipo__sigla": "REQ", "tipo__descricao": "Requerimento", "autoria": "H\u00e9lio Jos\u00e9 dos Santos, Eder do Nascimento Ruete, Marta de Almeida Bezerra, Rog\u00e9rio C\u00e9sar Sacoman", "texto_original": "http://sapl.adamantina.sp.leg.br/media/sapl/public/materialegislativa/2026/17294/requerimento_036_23a_ordinaria.pdf", "ementa": "Solicitam da Deputada Estadual Let\u00edcia Aguiar, a inclus\u00e3o de uma emenda no valor de R$ 250 mil, para custeio e manuten\u00e7\u00e3o dos servi\u00e7os da aten\u00e7\u00e3o b\u00e1sica da rede municipal de sa\u00fade."}, {"id": "17325", "ano": "2026", "numero": "37", "tipo__sigla": "REQ", "tipo__descricao": "Requerimento", "autoria": "Aguinaldo Pires Galv\u00e3o, Cid Jos\u00e9 Aparecido dos Santos, Daniel Augusto da Silva Fabri", "texto_original": "http://sapl.adamantina.sp.leg.br/media/sapl/public/materialegislativa/2026/17325/requerimento_037_24a_ordinaria.pdf", "ementa": "Solicitam informa\u00e7\u00f5es sobre a previs\u00e3o da Secretaria Municipal de Desenvolvimento Econ\u00f4mico para a realiza\u00e7\u00e3o de licita\u00e7\u00e3o das \u00e1reas do desmembramento Joia e as \u00e1reas remanescentes do Distrito Comercial Valentim Gatti, bem como da concess\u00e3o de direito real de uso onerosa do im\u00f3vel do antigo pr\u00e9dio do Clube do Ponteli."}, {"id": "17326", "ano": "2026", "numero": "38", "tipo__sigla": "REQ", "tipo__descricao": "Requerimento", "autoria": "Rog\u00e9rio C\u00e9sar Sacoman", "texto_original": "http://sapl.adamantina.sp.leg.br/media/sapl/public/materialegislativa/2026/17326/requerimento_038_24a_ordinaria.pdf", "ementa": "Solicita informa\u00e7\u00f5es sobre qual est\u00e1gio se encontra o processo que visa a amplia\u00e7\u00e3o do Cemit\u00e9rio Municipal no terreno em frente ao atual."}, {"id": "17327", "ano": "2026", "numero": "39", "tipo__sigla": "REQ", "tipo__descricao": "Requerimento", "autoria": "Mary Alves dos Santos", "texto_original": "http://sapl.adamantina.sp.leg.br/media/sapl/public/materialegislativa/2026/17327/requerimento_039_24a_ordinaria.pdf", "ementa": "Solicita informa\u00e7\u00f5es sobre o n\u00famero total de casos notificados de Infec\u00e7\u00f5es Sexualmente Transmiss\u00edveis (ISTs) no ano de 2025, em Adamantina."}, {"id": "17328", "ano": "2026", "numero": "40", "tipo__sigla": "REQ", "tipo__descricao": "Requerimento", "autoria": "Mary Alves dos Santos", "texto_original": "http://sapl.adamantina.sp.leg.br/media/sapl/public/materialegislativa/2026/17328/requerimento_040_24a_ordinaria.pdf", "ementa": "Solicita informa\u00e7\u00f5es sobre a farm\u00e1cia municipal."}, {"id": "17329", "ano": "2026", "numero": "41", "tipo__sigla": "REQ", "tipo__descricao": "Requerimento", "autoria": "H\u00e9lio Jos\u00e9 dos Santos, Daniel Augusto da Silva Fabri, Eder do Nascimento Ruete, Marta de Almeida Bezerra, Rog\u00e9rio C\u00e9sar Sacoman", "texto_original": "http://sapl.adamantina.sp.leg.br/media/sapl/public/materialegislativa/2026/17329/requerimento_041_24a_ordinaria.pdf", "ementa": "Solicitam ao Governador do Estado Tarc\u00edsio de Freitas e ao Secret\u00e1rio Estadual de Educa\u00e7\u00e3o Prof. Renato Feder, objetivando conceder um reajuste de no m\u00ednimo 10% a todos os gestores, professores e servidores administrativos da ativa, bem como os aposentados e pensionistas vinculados \u00e0 Pasta da Educa\u00e7\u00e3o do Estado de S\u00e3o Paulo para o exerc\u00edcio de 2026."}, {"id": "17330", "ano": "2026", "numero": "42", "tipo__sigla": "REQ", "tipo__descricao": "Requerimento", "autoria": "H\u00e9lio Jos\u00e9 dos Santos, Daniel Augusto da Silva Fabri, Eder do Nascimento Ruete, Marta de Almeida Bezerra, Rog\u00e9rio C\u00e9sar Sacoman", "texto_original": "http://sapl.adamantina.sp.leg.br/media/sapl/public/materialegislativa/2026/17330/requerimento_042_24a_ordinaria.pdf", "ementa": "Solicitam ao Governador do Estado Tarc\u00edsio de Freitas e ao Secret\u00e1rio Estadual de Educa\u00e7\u00e3o Prof. Renato Feder, conceder revis\u00e3o e o reajuste do valor do aux\u00edlio-alimenta\u00e7\u00e3o concedido aos profissionais da Secretaria Estadual de Educa\u00e7\u00e3o."}, {"id": "17331", "ano": "2026", "numero": "43", "tipo__sigla": "REQ", "tipo__descricao": "Requerimento", "autoria": "H\u00e9lio Jos\u00e9 dos Santos, Eder do Nascimento Ruete, Rog\u00e9rio C\u00e9sar Sacoman", "texto_original": "http://sapl.adamantina.sp.leg.br/media/sapl/public/materialegislativa/2026/17331/requerimento_043_24a_ordinaria.pdf", "ementa": "Solicitam ao deputado federal Miguel Lombardi, a inclus\u00e3o de uma emenda no valor de R$ 100 mil, para custeio e manuten\u00e7\u00e3o das atividades promovidas pelo Lar dos Velhos de Adamantina."}, {"id": "17332", "ano": "2026", "numero": "44", "tipo__sigla": "REQ", "tipo__descricao": "Requerimento", "autoria": "H\u00e9lio Jos\u00e9 dos Santos, Eder do Nascimento Ruete, Marta de Almeida Bezerra, Rog\u00e9rio C\u00e9sar Sacoman", "texto_original": "http://sapl.adamantina.sp.leg.br/media/sapl/public/materialegislativa/2026/17332/requerimento_044_24a_ordinaria.pdf", "ementa": "Solicitam \u00e0 Senadora Mara Gabrilli, a inclus\u00e3o de emenda no valor de R$500 mil, para custeio e manuten\u00e7\u00e3o da Santa Casa de Miseric\u00f3rdia de Adamantina."}, {"id": "17333", "ano": "2026", "numero": "45", "tipo__sigla": "REQ", "tipo__descricao": "Requerimento", "autoria": "Daniel Augusto da Silva Fabri", "texto_original": "http://sapl.adamantina.sp.leg.br/media/sapl/public/materialegislativa/2026/17333/requerimento_045_24a_ordinaria.pdf", "ementa": "Solicita informa\u00e7\u00f5es sobre a estimativa de investimento de aproximadamente R$1.600.000,00 para a reforma do Centro Integrado de Sa\u00fade (CIS)."}, {"id": "17383", "ano": "2026", "numero": "46", "tipo__sigla": "REQ", "tipo__descricao": "Requerimento", "autoria": "Rog\u00e9rio C\u00e9sar Sacoman", "texto_original": "http://sapl.adamantina.sp.leg.br/media/sapl/public/materialegislativa/2026/17383/requerimento_046_25a_ordinaria.pdf", "ementa": "Solicita da Deputada Estadual Let\u00edcia Aguiar, a destina\u00e7\u00e3o de R$ 300 mil reais, destinados \u00e0 realiza\u00e7\u00e3o de obras de infraestrutura urbana para ser aplicada no trecho final da Av. Francisco Bellusci, Distrito Industrial Ot\u00e1vio Gavazzi."}, {"id": "17384", "ano": "2026", "numero": "47", "tipo__sigla": "REQ", "tipo__descricao": "Requerimento", "autoria": "Mary Alves dos Santos", "texto_original": "http://sapl.adamantina.sp.leg.br/media/sapl/public/materialegislativa/2026/17384/requerimento_047_25a_ordinaria.pdf", "ementa": "Solicita do Deputado Estadual L\u00e9o Siqueira, emenda no valor de R$ 450 mil reais \u00e0 Secretaria Municipal de Sa\u00fade, a fim de realizar benfeitorias nas 09 (nove) unidades b\u00e1sicas de sa\u00fade, bem como para adquirir aparelhos de ar condicionados, bebedouros e outros equipamentos e pequenos servi\u00e7os de manuten\u00e7\u00e3o."}, {"id": "17385", "ano": "2026", "numero": "48", "tipo__sigla": "REQ", "tipo__descricao": "Requerimento", "autoria": "Mary Alves dos Santos", "texto_original": "http://sapl.adamantina.sp.leg.br/media/sapl/public/materialegislativa/2026/17385/requerimento_048_25a_ordinaria.pdf", "ementa": "Solicita ao Deputado Estadual L\u00e9o Siqueira, emenda parlamentar no valor de R$200 mil reais para a realiza\u00e7\u00e3o de cobertura da entrada da nova Cl\u00ednica de Fisioterapia Municipal e uma sala de espera para os pacientes."}, {"id": "17386", "ano": "2026", "numero": "49", "tipo__sigla": "REQ", "tipo__descricao": "Requerimento", "autoria": "H\u00e9lio Jos\u00e9 dos Santos, Eder do Nascimento Ruete, Marta de Almeida Bezerra, Rog\u00e9rio C\u00e9sar Sacoman", "texto_original": "http://sapl.adamantina.sp.leg.br/media/sapl/public/materialegislativa/2026/17386/requerimento_049_25a_ordinaria.pdf", "ementa": "Solicitam ao Deputado Federal Dr. Fernando Marangoni, a libera\u00e7\u00e3o de recursos no valor de R$100 mil para custeio e manuten\u00e7\u00e3o da Santa Casa de Miseric\u00f3rdia de Adamantina."}, {"id": "17387", "ano": "2026", "numero": "50", "tipo__sigla": "REQ", "tipo__descricao": "Requerimento", "autoria": "H\u00e9lio Jos\u00e9 dos Santos, Eder do Nascimento Ruete, Marta de Almeida Bezerra, Rog\u00e9rio C\u00e9sar Sacoman", "texto_original": "http://sapl.adamantina.sp.leg.br/media/sapl/public/materialegislativa/2026/17387/requerimento_050_25a_ordinaria.pdf", "ementa": "Solicitam ao Senador da Rep\u00fablica Astronauta Marcos Pontes, a libera\u00e7\u00e3o de R$500 mil, para custeio e manuten\u00e7\u00e3o da Santa Casa de Miseric\u00f3rdia de Adamantina."}, {"id": "17388", "ano": "2026", "numero": "51", "tipo__sigla": "REQ", "tipo__descricao": "Requerimento", "autoria": "H\u00e9lio Jos\u00e9 dos Santos, Eder do Nascimento Ruete, Rog\u00e9rio C\u00e9sar Sacoman", "texto_original": "http://sapl.adamantina.sp.leg.br/media/sapl/public/materialegislativa/2026/17388/requerimento_051_25a_ordinaria.pdf", "ementa": "Solicitam \u00e0 Deputada Estadual Let\u00edcia Aguiar, a libera\u00e7\u00e3o de kits de material esportivo para o munic\u00edpio de Adamantina neste ano de 2026, contendo: bolas de futebol, basquete, voleibol, handebol, uniformes esportivos, redes, jogos de dama, xadrez, domin\u00f3 e baralho, entre outros."}, {"id": "17389", "ano": "2026", "numero": "52", "tipo__sigla": "REQ", "tipo__descricao": "Requerimento", "autoria": "H\u00e9lio Jos\u00e9 dos Santos, Eder do Nascimento Ruete, Rog\u00e9rio C\u00e9sar Sacoman", "texto_original": "http://sapl.adamantina.sp.leg.br/media/sapl/public/materialegislativa/2026/17389/requerimento_052_25a_ordinaria.pdf", "ementa": "Solicitam ao Deputado Federal Fausto Pinato, emenda no valor de R$ 200 mil, para custeio e manuten\u00e7\u00e3o dos servi\u00e7os da aten\u00e7\u00e3o b\u00e1sica da rede municipal de sa\u00fade, por interm\u00e9dio das Unidades B\u00e1sicas de Sa\u00fade (UBS), bem como pelo Centro Integrado de Sa\u00fade (CIS)."}, {"id": "17390", "ano": "2026", "numero": "53", "tipo__sigla": "REQ", "tipo__descricao": "Requerimento", "autoria": "H\u00e9lio Jos\u00e9 dos Santos, Cid Jos\u00e9 Aparecido dos Santos, Eder do Nascimento Ruete, Rog\u00e9rio C\u00e9sar Sacoman", "texto_original": "http://sapl.adamantina.sp.leg.br/media/sapl/public/materialegislativa/2026/17390/requerimento_053_25a_ordinaria.pdf", "ementa": "Solicitam ao Deputado Federal Fausto Pinato, recursos destinados \u00e0 aquisi\u00e7\u00e3o de novos instrumentos musicais, acess\u00f3rios, materiais coreogr\u00e1ficos e uniformes, essenciais para a reestrutura\u00e7\u00e3o e fortalecimento das atividades da Banda Marcial de Adamantina."}, {"id": "17391", "ano": "2026", "numero": "54", "tipo__sigla": "REQ", "tipo__descricao": "Requerimento", "autoria": "Maria Gabriela Costa Calil Bearare, Daniel Augusto da Silva Fabri, Marta de Almeida Bezerra", "texto_original": "http://sapl.adamantina.sp.leg.br/media/sapl/public/materialegislativa/2026/17391/requerimento_054_25a_ordinaria.pdf", "ementa": "Solicitam informa\u00e7\u00f5es junto \u00e0 FAI, sobre o curso de Medicina Veterin\u00e1ria como estrutura e funcionamento, programa de castra\u00e7\u00e3o, atendimento \u00e0 popula\u00e7\u00e3o, parcerias com o Munic\u00edpio e contribui\u00e7\u00e3o para o controle populacional animal."}, {"id": "17392", "ano": "2026", "numero": "55", "tipo__sigla": "REQ", "tipo__descricao": "Requerimento", "autoria": "Maria Gabriela Costa Calil Bearare, Daniel Augusto da Silva Fabri, Marta de Almeida Bezerra", "texto_original": "http://sapl.adamantina.sp.leg.br/media/sapl/public/materialegislativa/2026/17392/requerimento_055_25a_ordinaria.pdf", "ementa": "Solicitam informa\u00e7\u00f5es sobre sa\u00fade p\u00fablica, controle de zoonoses, seguran\u00e7a sanit\u00e1ria e organiza\u00e7\u00e3o urbana."}, {"id": "17393", "ano": "2026", "numero": "56", "tipo__sigla": "REQ", "tipo__descricao": "Requerimento", "autoria": "Daniel Augusto da Silva Fabri", "texto_original": "http://sapl.adamantina.sp.leg.br/media/sapl/public/materialegislativa/2026/17393/requerimento_056_25a_ordinaria.pdf", "ementa": "Solicita ao Deputado Estadual Ricardo Longatti Fran\u00e7a, emenda parlamentar para aquisi\u00e7\u00e3o de instrumentos musicais, acess\u00f3rios e materiais destinados \u00e0 Banda Marcial de Adamantina (BAMAD)."}, {"id": "17394", "ano": "2026", "numero": "57", "tipo__sigla": "REQ", "tipo__descricao": "Requerimento", "autoria": "Daniel Augusto da Silva Fabri, Aguinaldo Pires Galv\u00e3o", "texto_original": "http://sapl.adamantina.sp.leg.br/media/sapl/public/materialegislativa/2026/17394/requerimento_057_25a_ordinaria.pdf", "ementa": "Solicitam ao Deputado Estadual Lucas Bove, a destina\u00e7\u00e3o de emenda no valor de R$ 100.000,00 ao nosso munic\u00edpio, com o objetivo de viabilizar a aquisi\u00e7\u00e3o e instala\u00e7\u00e3o de sistema de energia fotovoltaica e aparelhos de ar-condicionado para a Institui\u00e7\u00e3o Solid\u00e1ria Carlos Pegoraro (Casa do Garoto)."}, {"id": "17395", "ano": "2026", "numero": "58", "tipo__sigla": "REQ", "tipo__descricao": "Requerimento", "autoria": "Daniel Augusto da Silva Fabri, Aguinaldo Pires Galv\u00e3o", "texto_original": "http://sapl.adamantina.sp.leg.br/media/sapl/public/materialegislativa/2026/17395/requerimento_058_25a_ordinaria.pdf", "ementa": "Solicitam informa\u00e7\u00f5es sobre o projeto de implanta\u00e7\u00e3o do SIGS (Sistema de Digitaliza\u00e7\u00e3o da Sa\u00fade) no munic\u00edpio."}, {"id": "17407", "ano": "2026", "numero": "59", "tipo__sigla": "REQ", "tipo__descricao": "Requerimento", "autoria": "Mary Alves dos Santos", "texto_original": "http://sapl.adamantina.sp.leg.br/media/sapl/public/materialegislativa/2026/17407/requerimento_059_26a_ordinaria.pdf", "ementa": "Solicita ao Deputado Estadual Alex Madureira, emenda no valor de R$ 150 mil reais, que ser\u00e1 utilizado pela Secretaria Municipal de Sa\u00fade para realizar benfeitorias nas 09 (nove) unidades b\u00e1sicas de sa\u00fade do Munic\u00edpio, bem como adquirir aparelhos de ar condicionado, bebedouros e outros equipamentos e pequenos servi\u00e7os de manuten\u00e7\u00e3o."}, {"id": "17408", "ano": "2026", "numero": "60", "tipo__sigla": "REQ", "tipo__descricao": "Requerimento", "autoria": "Mary Alves dos Santos", "texto_original": "http://sapl.adamantina.sp.leg.br/media/sapl/public/materialegislativa/2026/17408/requerimento_060_26a_ordinaria.pdf", "ementa": "Solicita ao Deputado Estadual Alex Madureira, emenda no valor de R$ 100 mil reais, que ser\u00e1 utilizado pela Secretaria Municipal de Sa\u00fade para realizar a cobertura da entrada na nova Cl\u00ednica de Fisioterapia Municipal e uma sala de espera para os pacientes."}, {"id": "17409", "ano": "2026", "numero": "61", "tipo__sigla": "REQ", "tipo__descricao": "Requerimento", "autoria": "Mary Alves dos Santos, Cid Jos\u00e9 Aparecido dos Santos, Daniel Augusto da Silva Fabri, Maria Gabriela Costa Calil Bearare, Marta de Almeida Bezerra", "texto_original": "http://sapl.adamantina.sp.leg.br/media/sapl/public/materialegislativa/2026/17409/requerimento_061_26a_ordinaria.pdf", "ementa": "Solicitam informa\u00e7\u00f5es detalhadas sobre a necessidade de garantir o acesso adequado da popula\u00e7\u00e3o aos servi\u00e7os prestados pelo castram\u00f3vel, especialmente no que se refere \u00e0 castra\u00e7\u00e3o de animais, a\u00e7\u00e3o fundamental para o controle populacional e a sa\u00fade p\u00fablica."}, {"id": "17410", "ano": "2026", "numero": "62", "tipo__sigla": "REQ", "tipo__descricao": "Requerimento", "autoria": "Mary Alves dos Santos, Cid Jos\u00e9 Aparecido dos Santos, Daniel Augusto da Silva Fabri, Maria Gabriela Costa Calil Bearare, Marta de Almeida Bezerra", "texto_original": "http://sapl.adamantina.sp.leg.br/media/sapl/public/materialegislativa/2026/17410/requerimento_062_26a_ordinaria.pdf", "ementa": "Solicitam informa\u00e7\u00f5es detalhadas sobre pontos de \u00f4nibus no munic\u00edpio e eventual projeto de constru\u00e7\u00e3o/instala\u00e7\u00e3o."}, {"id": "17411", "ano": "2026", "numero": "63", "tipo__sigla": "REQ", "tipo__descricao": "Requerimento", "autoria": "Maria Gabriela Costa Calil Bearare, Daniel Augusto da Silva Fabri, Marta de Almeida Bezerra", "texto_original": "http://sapl.adamantina.sp.leg.br/media/sapl/public/materialegislativa/2026/17411/requerimento_063_26a_ordinaria.pdf", "ementa": "Solicitam informa\u00e7\u00f5es sobre a resposta ao Requerimento n\u00ba 054/2026, of\u00edcio encaminhado pela FAI, sobre a CLIVET \u2013 Cl\u00ednica Veterin\u00e1ria do curso de Medicina Veterin\u00e1ria da referida institui\u00e7\u00e3o."}, {"id": "17412", "ano": "2026", "numero": "64", "tipo__sigla": "REQ", "tipo__descricao": "Requerimento", "autoria": "Daniel Augusto da Silva Fabri", "texto_original": "http://sapl.adamantina.sp.leg.br/media/sapl/public/materialegislativa/2026/17412/requerimento_064_26a_ordinaria.pdf", "ementa": "Solicita informa\u00e7\u00f5es sobre a regulariza\u00e7\u00e3o de fios soltos e cabos inutilizados."}, {"id": "17413", "ano": "2026", "numero": "65", "tipo__sigla": "REQ", "tipo__descricao": "Requerimento", "autoria": "H\u00e9lio Jos\u00e9 dos Santos, Eder do Nascimento Ruete, Rog\u00e9rio C\u00e9sar Sacoman", "texto_original": "http://sapl.adamantina.sp.leg.br/media/sapl/public/materialegislativa/2026/17413/requerimento_065_26a_ordinaria.pdf", "ementa": "Solicitam ao Deputado Estadual Mauro Bragato, a libera\u00e7\u00e3o de recursos financeiros para constru\u00e7\u00e3o de um Centro Comunit\u00e1rio no Parque Itamarati."}, {"id": "17414", "ano": "2026", "numero": "66", "tipo__sigla": "REQ", "tipo__descricao": "Requerimento", "autoria": "H\u00e9lio Jos\u00e9 dos Santos, Eder do Nascimento Ruete, Rog\u00e9rio C\u00e9sar Sacoman", "texto_original": "http://sapl.adamantina.sp.leg.br/media/sapl/public/materialegislativa/2026/17414/requerimento_066_26a_ordinaria.pdf", "ementa": "Solicitam ao Deputado Estadual Mauro Bragato, a libera\u00e7\u00e3o de recursos no valor de R$ 500.000,00 \u00e0 Cl\u00ednica Pai Nosso Lar de Adamantina."}, {"id": "17415", "ano": "2026", "numero": "67", "tipo__sigla": "REQ", "tipo__descricao": "Requerimento", "autoria": "Marta de Almeida Bezerra, Maria Gabriela Costa Calil Bearare", "texto_original": "http://sapl.adamantina.sp.leg.br/media/sapl/public/materialegislativa/2026/17415/requerimento_067_26a_ordinaria.pdf", "ementa": "Solicitam da Deputada Estadual Marta Costa, emenda no valor de R$ 300 mil reais, que ser\u00e1 destinado \u00e0 Associa\u00e7\u00e3o Lar S\u00e3o Francisco de Assis na Provid\u00eancia de Deus (Santa Casa), para custeio e compra de equipamentos."}, {"id": "17416", "ano": "2026", "numero": "68", "tipo__sigla": "REQ", "tipo__descricao": "Requerimento", "autoria": "Marta de Almeida Bezerra", "texto_original": "http://sapl.adamantina.sp.leg.br/media/sapl/public/materialegislativa/2026/17416/requerimento_068_26a_ordinaria.pdf", "ementa": "Solicitam ao Deputado Federal Paulo Freire, emenda no valor de R$ 300 mil reais, que ser\u00e1 destinado \u00e0 Associa\u00e7\u00e3o Lar S\u00e3o Francisco de Assis na Provid\u00eancia de Deus (Santa Casa), para custeio e compra de equipamentos."}, {"id": "17456", "ano": "2026", "numero": "69", "tipo__sigla": "REQ", "tipo__descricao": "Requerimento", "autoria": "Cid Jos\u00e9 Aparecido dos Santos, Aguinaldo Pires Galv\u00e3o, Daniel Augusto da Silva Fabri, Maria Gabriela Costa Calil Bearare, Marta de Almeida Bezerra, Mary Alves dos Santos", "texto_original": "http://sapl.adamantina.sp.leg.br/media/sapl/public/materialegislativa/2026/17456/requerimento_069_27a_ordinaria.pdf", "ementa": "Solicitam ao Deputado Estadual Mauro Bragato, recursos financeiros para aquisi\u00e7\u00e3o de instrumentos musicais \u00e0 Banda Marcial Municipal de Adamantina."}, {"id": "17457", "ano": "2026", "numero": "70", "tipo__sigla": "REQ", "tipo__descricao": "Requerimento", "autoria": "Cid Jos\u00e9 Aparecido dos Santos, Aguinaldo Pires Galv\u00e3o, Daniel Augusto da Silva Fabri, Maria Gabriela Costa Calil Bearare, Marta de Almeida Bezerra, Mary Alves dos Santos", "texto_original": "http://sapl.adamantina.sp.leg.br/media/sapl/public/materialegislativa/2026/17457/requerimento_070_27a_ordinaria.pdf", "ementa": "Solicitam ao Deputado Federal Ricardo Salles, recursos financeiros para ser repassado ao Lar dos Velhos de Adamantina."}, {"id": "17458", "ano": "2026", "numero": "71", "tipo__sigla": "REQ", "tipo__descricao": "Requerimento", "autoria": "Cid Jos\u00e9 Aparecido dos Santos, Aguinaldo Pires Galv\u00e3o, Daniel Augusto da Silva Fabri, Maria Gabriela Costa Calil Bearare, Marta de Almeida Bezerra, Mary Alves dos Santos", "texto_original": "http://sapl.adamantina.sp.leg.br/media/sapl/public/materialegislativa/2026/17458/requerimento_071_27a_ordinaria.pdf", "ementa": "Solicitam ao Deputado Federal Gilberto Nascimento, emenda no valor de R$ 500 mil reais, para serem repassados ao Polo de Atividades Integradas (PAI) Nosso Lar de Adamantina."}, {"id": "17459", "ano": "2026", "numero": "72", "tipo__sigla": "REQ", "tipo__descricao": "Requerimento", "autoria": "Maria Gabriela Costa Calil Bearare, Marta de Almeida Bezerra", "texto_original": "http://sapl.adamantina.sp.leg.br/media/sapl/public/materialegislativa/2026/17459/requerimento_072_27a_ordinaria.pdf", "ementa": "Solicitam informa\u00e7\u00f5es a respeito da instala\u00e7\u00e3o de redutores de velocidade (lombadas) e faixa elevada de pedestres (lombo faixa) na Alameda Padre N\u00f3brega, regi\u00e3o da Ponte do Parque Caldeira, e das medidas de seguran\u00e7a vi\u00e1ria necess\u00e1rias para a prote\u00e7\u00e3o de pedestres, crian\u00e7as e moradores da regi\u00e3o."}, {"id": "17460", "ano": "2026", "numero": "73", "tipo__sigla": "REQ", "tipo__descricao": "Requerimento", "autoria": "Maria Gabriela Costa Calil Bearare, Marta de Almeida Bezerra", "texto_original": "http://sapl.adamantina.sp.leg.br/media/sapl/public/materialegislativa/2026/17460/requerimento_073_27a_ordinaria.pdf", "ementa": "Solicitam informa\u00e7\u00f5es a respeito das condi\u00e7\u00f5es de conserva\u00e7\u00e3o, seguran\u00e7a e manuten\u00e7\u00e3o do parquinho infantil localizado no Parque Caldeira, e tamb\u00e9m a respeito da instala\u00e7\u00e3o de c\u00e2meras de seguran\u00e7a no local."}, {"id": "17461", "ano": "2026", "numero": "74", "tipo__sigla": "REQ", "tipo__descricao": "Requerimento", "autoria": "Mary Alves dos Santos", "texto_original": "http://sapl.adamantina.sp.leg.br/media/sapl/public/materialegislativa/2026/17461/requerimento_074_27a_ordinaria.pdf", "ementa": "Solicita informa\u00e7\u00f5es detalhadas acerca do funcionamento da Ouvidoria Municipal, especialmente diante de reiteradas reclama\u00e7\u00f5es de mun\u00edcipes quanto \u00e0 aus\u00eancia de resposta \u00e0s manifesta\u00e7\u00f5es registradas."}, {"id": "17462", "ano": "2026", "numero": "75", "tipo__sigla": "REQ", "tipo__descricao": "Requerimento", "autoria": "Daniel Augusto da Silva Fabri", "texto_original": "http://sapl.adamantina.sp.leg.br/media/sapl/public/materialegislativa/2026/17462/requerimento_075_27a_ordinaria.pdf", "ementa": "Solicita ao Deputado Estadual Ricardo Fran\u00e7a, emenda no valor de R$ 100.000,00 para o munic\u00edpio de Adamantina, com o objetivo de viabilizar recursos de custeio para o Lar dos Velhos de Adamantina."}, {"id": "17463", "ano": "2026", "numero": "76", "tipo__sigla": "REQ", "tipo__descricao": "Requerimento", "autoria": "Daniel Augusto da Silva Fabri", "texto_original": "http://sapl.adamantina.sp.leg.br/media/sapl/public/materialegislativa/2026/17463/requerimento_076_27a_ordinaria.pdf", "ementa": "Solicita ao Deputado Federal Rodrigo Gambale, emenda no valor de R$100.000,00 para o munic\u00edpio de Adamantina, com o objetivo de viabilizar recursos de custeio para o Lar dos Velhos de Adamantina."}, {"id": "17464", "ano": "2026", "numero": "77", "tipo__sigla": "REQ", "tipo__descricao": "Requerimento", "autoria": "H\u00e9lio Jos\u00e9 dos Santos, Eder do Nascimento Ruete, Rog\u00e9rio C\u00e9sar Sacoman", "texto_original": "http://sapl.adamantina.sp.leg.br/media/sapl/public/materialegislativa/2026/17464/requerimento_077_27a_ordinaria.pdf", "ementa": "Solicitam da Deputada Estadual Let\u00edcia Aguiar, a libera\u00e7\u00e3o de kits de sementes de hortali\u00e7as, a serem distribu\u00eddos \u00e0s entidades assistenciais, unidades escolares e comunidades do nosso munic\u00edpio, que mant\u00eam programas de hortas comunit\u00e1rias em seus dom\u00ednios."}, {"id": "17465", "ano": "2026", "numero": "78", "tipo__sigla": "REQ", "tipo__descricao": "Requerimento", "autoria": "H\u00e9lio Jos\u00e9 dos Santos, Eder do Nascimento Ruete, Rog\u00e9rio C\u00e9sar Sacoman", "texto_original": "http://sapl.adamantina.sp.leg.br/media/sapl/public/materialegislativa/2026/17465/requerimento_078_27a_ordinaria.pdf", "ementa": "Solicitam ao Deputado Estadual Mauro Bragato, a libera\u00e7\u00e3o de kits de material esportivo para o munic\u00edpio de Adamantina neste ano de 2026, contendo: bolas de futebol, basquete, voleibol, handebol, uniformes esportivos, redes, jogos de dama, xadrez, domin\u00f3 e baralho, entre outros."}, {"id": "17323", "ano": "2026", "numero": "1", "tipo__sigla": "ANTEP", "tipo__descricao": "Anteprojeto de Lei", "autoria": "Mary Alves dos Santos, Aguinaldo Pires Galv\u00e3o, Cid Jos\u00e9 Aparecido dos Santos, Daniel Augusto da Silva Fabri, Eder do Nascimento Ruete, H\u00e9lio Jos\u00e9 dos Santos, Maria Gabriela Costa Calil Bearare, Marta de Almeida Bezerra, Rog\u00e9rio C\u00e9sar Sacoman", "texto_original": "http://sapl.adamantina.sp.leg.br/media/sapl/public/materialegislativa/2026/17323/anteprojeto_de_lei_001_-_conselho_municipal_dos_direitos_da_mulher.pdf", "ementa": "Disp\u00f5e sobre a cria\u00e7\u00e3o do Conselho Municipal dos Direitos da Mulher no \u00e2mbito do Munic\u00edpio de Adamantina, Estado de S\u00e3o Paulo e d\u00e1 outras provid\u00eancias."}, {"id": "17403", "ano": "2026", "numero": "2", "tipo__sigla": "ANTEP", "tipo__descricao": "Anteprojeto de Lei", "autoria": "H\u00e9lio Jos\u00e9 dos Santos, Daniel Augusto da Silva Fabri, Maria Gabriela Costa Calil Bearare, Marta de Almeida Bezerra, Mary Alves dos Santos, Rog\u00e9rio C\u00e9sar Sacoman", "texto_original": "http://sapl.adamantina.sp.leg.br/media/sapl/public/materialegislativa/2026/17403/anteprojeto_de_lei_002_-_abono_-_doacao_de_sangue_-_servidor_publico_municipal_-_prefeitura_e_fai.pdf", "ementa": "Institui a Pol\u00edtica P\u00fablica de Doa\u00e7\u00e3o de Sangue no \u00e2mbito do Munic\u00edpio de Adamantina/SP e d\u00e1 outras provid\u00eancias"}, {"id": "17485", "ano": "2026", "numero": "3", "tipo__sigla": "ANTEP", "tipo__descricao": "Anteprojeto de Lei", "autoria": "Cid Jos\u00e9 Aparecido dos Santos, Maria Gabriela Costa Calil Bearare, Marta de Almeida Bezerra", "texto_original": "http://sapl.adamantina.sp.leg.br/media/sapl/public/materialegislativa/2026/17485/anteprojeto_de_lei_003_-_fibromialgia.pdf", "ementa": "Disp\u00f5e sobre a isen\u00e7\u00e3o de tributos municipais \u00e0s pessoas diagnosticadas com fibromialgia e d\u00e1 outras provid\u00eancias"}, {"id": "17486", "ano": "2026", "numero": "4", "tipo__sigla": "ANTEP", "tipo__descricao": "Anteprojeto de Lei", "autoria": "Mary Alves dos Santos", "texto_original": "http://sapl.adamantina.sp.leg.br/media/sapl/public/materialegislativa/2026/17486/anteprojeto_de_lei_004_-_semana_dos_direitos_da_mulher.pdf", "ementa": "Institui a Semana Municipal de Fortalecimento dos Direitos da Mulher no Munic\u00edpio de Adamantina/SP e d\u00e1 outras provid\u00eancias."}]}