{"headers": {"id": "ID", "ano": "Ano", "numero": "N\u00famero", "tipo__sigla": "Tipo de Mat\u00e9ria Legislativa/Sigla", "tipo__descricao": "Tipo de Mat\u00e9ria Legislativa/Descri\u00e7\u00e3o", "autoria": "Autorias", "texto_original": "Texto Original", "ementa": "Ementa"}, "results": [{"id": "14438", "ano": "2023", "numero": "1", "tipo__sigla": "CIRCU", "tipo__descricao": "Circular Sess\u00e3o", "autoria": "", "texto_original": "http://sapl.adamantina.sp.leg.br/media/sapl/public/materialegislativa/2023/14438/circular_001.pdf", "ementa": "Cumprindo disposi\u00e7\u00f5es regimentais, CONVOCO Vossa Excel\u00eancia para a 28\u00aa Sess\u00e3o Extraordin\u00e1ria a se realizar no dia 18 de janeiro, quarta-feira, \u00e0s 10h."}, {"id": "14440", "ano": "2023", "numero": "2", "tipo__sigla": "CIRCU", "tipo__descricao": "Circular Sess\u00e3o", "autoria": "", "texto_original": "http://sapl.adamantina.sp.leg.br/media/sapl/public/materialegislativa/2023/14440/digitalizar.pdf", "ementa": "Cumprindo disposi\u00e7\u00f5es regimentais, comunico a Vossa Excel\u00eancia que, para a 43\u00aa Sess\u00e3o Ordin\u00e1ria, a se realizar no dia 06 de fevereiro, segunda-feira, \u00e0s 19h, no Plen\u00e1rio Vereador Jos\u00e9 Ikeda, nada consta para ser apreciado na Ordem do Dia."}, {"id": "14465", "ano": "2023", "numero": "3", "tipo__sigla": "CIRCU", "tipo__descricao": "Circular Sess\u00e3o", "autoria": "", "texto_original": "http://sapl.adamantina.sp.leg.br/media/sapl/public/materialegislativa/2023/14465/circular_003.23.pdf", "ementa": "Conforme disposi\u00e7\u00f5es regimentais, encaminho a Vossas Excel\u00eancias c\u00f3pias dos Projetos de Lei n\u00bas 001 a 007/2023 e Projetos de Lei Complementar n\u00bas 003 a 006/2023, lidos na \u00faltima Sess\u00e3o Ordin\u00e1ria para conhecimento, an\u00e1lises e estudos."}, {"id": "14502", "ano": "2023", "numero": "4", "tipo__sigla": "CIRCU", "tipo__descricao": "Circular Sess\u00e3o", "autoria": "", "texto_original": "http://sapl.adamantina.sp.leg.br/media/sapl/public/materialegislativa/2023/14502/circular_004_-_44a_sessao_ordinaria.pdf", "ementa": "Cumprindo disposi\u00e7\u00f5es regimentais, comunico a Vossa Excel\u00eancia que, para a 44\u00aa Sess\u00e3o Ordin\u00e1ria, a se realizar no dia 13 de fevereiro, segunda-feira, \u00e0s 19h, no Plen\u00e1rio Vereador Jos\u00e9 Ikeda."}, {"id": "14504", "ano": "2023", "numero": "5", "tipo__sigla": "CIRCU", "tipo__descricao": "Circular Sess\u00e3o", "autoria": "", "texto_original": "http://sapl.adamantina.sp.leg.br/media/sapl/public/materialegislativa/2023/14504/circular_005.pdf", "ementa": "Conforme disposi\u00e7\u00f5es regimentais, encaminho a Vossas Excel\u00eancias c\u00f3pia do Projeto de Lei n\u00ba 008/2023, lido na \u00faltima Sess\u00e3o Ordin\u00e1ria para conhecimento, an\u00e1lises e estudos.\r\nOutrossim, informo que o prazo para a sua comiss\u00e3o exarar pareceres \u00e9 de 15 (quinze) dias, a contar do recebimento (art. 50, \u00a7 3\u00ba do Regimento Interno)."}, {"id": "14505", "ano": "2023", "numero": "6", "tipo__sigla": "CIRCU", "tipo__descricao": "Circular Sess\u00e3o", "autoria": "", "texto_original": "http://sapl.adamantina.sp.leg.br/media/sapl/public/materialegislativa/2023/14505/circular_006_-_29a_sessao_extraordinaria.pdf", "ementa": "Cumprindo disposi\u00e7\u00f5es regimentais, CONVOCO Vossa Excel\u00eancia para a 29\u00aa Sess\u00e3o Extraordin\u00e1ria a se realizar no dia 15 de fevereiro, quarta-feira, \u00e0s 17h30"}, {"id": "14544", "ano": "2023", "numero": "7", "tipo__sigla": "CIRCU", "tipo__descricao": "Circular Sess\u00e3o", "autoria": "", "texto_original": "http://sapl.adamantina.sp.leg.br/media/sapl/public/materialegislativa/2023/14544/circular_007_solene.pdf", "ementa": "Cumprindo disposi\u00e7\u00f5es regimentais, convoco Vossa Excel\u00eancia para participar da 3\u00aa Sess\u00e3o Solene que ser\u00e1 realizada no dia 24 de fevereiro, sexta-feira, \u00e0s 20h, no Plen\u00e1rio Vereador Jos\u00e9 Ikeda, para a apresenta\u00e7\u00e3o da Campanha da Fraternidade 2023 \u2013  Fraternidade e Fome."}, {"id": "14545", "ano": "2023", "numero": "8", "tipo__sigla": "CIRCU", "tipo__descricao": "Circular Sess\u00e3o", "autoria": "", "texto_original": "http://sapl.adamantina.sp.leg.br/media/sapl/public/materialegislativa/2023/14545/circular_008.pdf", "ementa": "Cumprindo disposi\u00e7\u00f5es regimentais, comunico a Vossa Excel\u00eancia que, para a 45\u00aa Sess\u00e3o Ordin\u00e1ria, a se realizar no dia 06 de mar\u00e7o, segunda-feira, \u00e0s 19h, no Plen\u00e1rio Vereador Jos\u00e9 Ikeda, nada consta para ser apreciado na Ordem do Dia."}, {"id": "14568", "ano": "2023", "numero": "9", "tipo__sigla": "CIRCU", "tipo__descricao": "Circular Sess\u00e3o", "autoria": "", "texto_original": "http://sapl.adamantina.sp.leg.br/media/sapl/public/materialegislativa/2023/14568/circular_009_projetos_lidos.pdf", "ementa": "Conforme disposi\u00e7\u00f5es regimentais, encaminho a Vossas Excel\u00eancias c\u00f3pia dos Projetos de Lei n\u00bas 009 a 013/2023, Projetos de Lei Complementar n\u00bas 007 e 008/2023 e Projeto de Decreto Legislativo n\u00ba 001/2023, lidos na \u00faltima Sess\u00e3o Ordin\u00e1ria para conhecimento, an\u00e1lises e estudos.\r\nOutrossim, informo que o prazo para a sua comiss\u00e3o exarar pareceres \u00e9 de 15 (quinze) dias, a contar do recebimento (art. 50, \u00a7 3\u00ba do Regimento Interno)."}, {"id": "14602", "ano": "2023", "numero": "10", "tipo__sigla": "CIRCU", "tipo__descricao": "Circular Sess\u00e3o", "autoria": "", "texto_original": "http://sapl.adamantina.sp.leg.br/media/sapl/public/materialegislativa/2023/14602/circular_010.pdf", "ementa": "Cumprindo disposi\u00e7\u00f5es regimentais, comunico a Vossa Excel\u00eancia que, para a 46\u00aa Sess\u00e3o Ordin\u00e1ria, a se realizar no dia 20 de mar\u00e7o, segunda-feira, \u00e0s 19h, no Plen\u00e1rio Vereador Jos\u00e9 Ikeda."}, {"id": "14604", "ano": "2023", "numero": "11", "tipo__sigla": "CIRCU", "tipo__descricao": "Circular Sess\u00e3o", "autoria": "", "texto_original": "http://sapl.adamantina.sp.leg.br/media/sapl/public/materialegislativa/2023/14604/digitalizar.pdf", "ementa": "Conforme disposi\u00e7\u00f5es regimentais, encaminho a Vossas Excel\u00eancias c\u00f3pia dos Projetos de Lei n\u00bas 014 a 023/2023 e Projetos de Lei Complementar n\u00bas 009 a 012/2023, lidos na \u00faltima Sess\u00e3o Ordin\u00e1ria para conhecimento, an\u00e1lises e estudos."}, {"id": "14612", "ano": "2023", "numero": "12", "tipo__sigla": "CIRCU", "tipo__descricao": "Circular Sess\u00e3o", "autoria": "", "texto_original": "http://sapl.adamantina.sp.leg.br/media/sapl/public/materialegislativa/2023/14612/circular_012_-_30a_sessao_extraordinaria.pdf", "ementa": "Cumprindo disposi\u00e7\u00f5es regimentais, CONVOCO Vossa Excel\u00eancia para a 30\u00aa Sess\u00e3o Extraordin\u00e1ria a se realizar no dia 23 de mar\u00e7o, quinta-feira, \u00e0s 10:30 horas"}, {"id": "14658", "ano": "2023", "numero": "13", "tipo__sigla": "CIRCU", "tipo__descricao": "Circular Sess\u00e3o", "autoria": "", "texto_original": "http://sapl.adamantina.sp.leg.br/media/sapl/public/materialegislativa/2023/14658/31a_sessao_extraordinaria..pdf", "ementa": "Cumprindo disposi\u00e7\u00f5es regimentais, CONVOCO Vossa Excel\u00eancia para a 31\u00aa Sess\u00e3o Extraordin\u00e1ria a se realizar no dia 28 de mar\u00e7o, ter\u00e7a-feira, \u00e0s 10:30 horas"}, {"id": "14660", "ano": "2023", "numero": "14", "tipo__sigla": "CIRCU", "tipo__descricao": "Circular Sess\u00e3o", "autoria": "", "texto_original": "http://sapl.adamantina.sp.leg.br/media/sapl/public/materialegislativa/2023/14660/47a_sessao_ordinaria.pdf", "ementa": "Cumprindo disposi\u00e7\u00f5es regimentais, comunico a Vossa Excel\u00eancia que, para a 47\u00aa Sess\u00e3o Ordin\u00e1ria, a se realizar no dia 03 de abril, segunda-feira, \u00e0s 18h, no Plen\u00e1rio Vereador Jos\u00e9 Ikeda."}, {"id": "14707", "ano": "2023", "numero": "15", "tipo__sigla": "CIRCU", "tipo__descricao": "Circular Sess\u00e3o", "autoria": "", "texto_original": "http://sapl.adamantina.sp.leg.br/media/sapl/public/materialegislativa/2023/14707/circ015.pdf", "ementa": "Conforme disposi\u00e7\u00f5es regimentais, encaminho a Vossas Excel\u00eancias c\u00f3pia dos Projetos de Lei n\u00bas 024 a 031/2023 e Projetos de Lei Complementar n\u00bas 013 a 017/2023, lidos na \u00faltima Sess\u00e3o Ordin\u00e1ria para conhecimento, an\u00e1lises e estudos."}, {"id": "14708", "ano": "2023", "numero": "16", "tipo__sigla": "CIRCU", "tipo__descricao": "Circular Sess\u00e3o", "autoria": "", "texto_original": "http://sapl.adamantina.sp.leg.br/media/sapl/public/materialegislativa/2023/14708/32a_extraordinaria.pdf", "ementa": "Cumprindo disposi\u00e7\u00f5es regimentais, CONVOCO Vossa Excel\u00eancia para a 32\u00aa Sess\u00e3o Extraordin\u00e1ria a se realizar no dia 11 de abril, ter\u00e7a-feira, \u00e0s 10h."}, {"id": "14712", "ano": "2023", "numero": "17", "tipo__sigla": "CIRCU", "tipo__descricao": "Circular Sess\u00e3o", "autoria": "", "texto_original": "http://sapl.adamantina.sp.leg.br/media/sapl/public/materialegislativa/2023/14712/48a_ordinaria.pdf", "ementa": "Cumprindo disposi\u00e7\u00f5es regimentais, comunico a Vossa Excel\u00eancia que, para a 48\u00aa Sess\u00e3o Ordin\u00e1ria, a se realizar no dia 17 de abril, segunda-feira, \u00e0s 19h, no Plen\u00e1rio Vereador Jos\u00e9 Ikeda."}, {"id": "14713", "ano": "2023", "numero": "18", "tipo__sigla": "CIRCU", "tipo__descricao": "Circular Sess\u00e3o", "autoria": "", "texto_original": "http://sapl.adamantina.sp.leg.br/media/sapl/public/materialegislativa/2023/14713/comissao.pdf", "ementa": "Conforme disposi\u00e7\u00f5es regimentais, encaminho a Vossas Excel\u00eancias c\u00f3pia do Projeto de Lei Complementar n\u00ba 018/2023, lido na \u00faltima Sess\u00e3o Ordin\u00e1ria para conhecimento, an\u00e1lises e estudos."}, {"id": "14714", "ano": "2023", "numero": "19", "tipo__sigla": "CIRCU", "tipo__descricao": "Circular Sess\u00e3o", "autoria": "", "texto_original": "http://sapl.adamantina.sp.leg.br/media/sapl/public/materialegislativa/2023/14714/circular_019_-_33a_extra.pdf", "ementa": "Cumprindo disposi\u00e7\u00f5es regimentais, CONVOCO Vossa Excel\u00eancia para a 33\u00aa Sess\u00e3o Extraordin\u00e1ria a se realizar no dia 19 de abril, quarta-feira, \u00e0s 11:00 horas"}, {"id": "14715", "ano": "2023", "numero": "20", "tipo__sigla": "CIRCU", "tipo__descricao": "Circular Sess\u00e3o", "autoria": "", "texto_original": "http://sapl.adamantina.sp.leg.br/media/sapl/public/materialegislativa/2023/14715/circular_020_-_34a_extra.pdf", "ementa": "Cumprindo disposi\u00e7\u00f5es regimentais, CONVOCO Vossa Excel\u00eancia para a 34\u00aa Sess\u00e3o Extraordin\u00e1ria a se realizar no dia 20 de abril, quinta-feira, \u00e0s 11:00 horas"}, {"id": "14773", "ano": "2023", "numero": "21", "tipo__sigla": "CIRCU", "tipo__descricao": "Circular Sess\u00e3o", "autoria": "", "texto_original": "http://sapl.adamantina.sp.leg.br/media/sapl/public/materialegislativa/2023/14773/circular_021_-_49a_sessao_ordinaria.pdf", "ementa": "Cumprindo disposi\u00e7\u00f5es regimentais, comunico a Vossa Excel\u00eancia que, para a 49\u00aa Sess\u00e3o Ordin\u00e1ria, a se realizar no dia 02 de maio, ter\u00e7a-feira, \u00e0s 19h, no Plen\u00e1rio Vereador Jos\u00e9 Ikeda."}, {"id": "14774", "ano": "2023", "numero": "22", "tipo__sigla": "CIRCU", "tipo__descricao": "Circular Sess\u00e3o", "autoria": "", "texto_original": "http://sapl.adamantina.sp.leg.br/media/sapl/public/materialegislativa/2023/14774/circular_22.pdf", "ementa": "Conforme disposi\u00e7\u00f5es regimentais, encaminho a Vossas Excel\u00eancias c\u00f3pia dos Projetos de Lei n\u00bas 032 a 034/2023 e Projetos de Lei Complementar n\u00bas 019 a 022/2023, lidos na \u00faltima Sess\u00e3o Ordin\u00e1ria para conhecimento, an\u00e1lises e estudos."}, {"id": "14780", "ano": "2023", "numero": "23", "tipo__sigla": "CIRCU", "tipo__descricao": "Circular Sess\u00e3o", "autoria": "", "texto_original": "http://sapl.adamantina.sp.leg.br/media/sapl/public/materialegislativa/2023/14780/circular_35a_extra.pdf", "ementa": "Cumprindo disposi\u00e7\u00f5es regimentais, CONVOCO Vossa Excel\u00eancia para a 35\u00aa Sess\u00e3o Extraordin\u00e1ria a se realizar no dia 09 de maio, ter\u00e7a-feira, \u00e0s 10h."}, {"id": "14799", "ano": "2023", "numero": "24", "tipo__sigla": "CIRCU", "tipo__descricao": "Circular Sess\u00e3o", "autoria": "", "texto_original": "http://sapl.adamantina.sp.leg.br/media/sapl/public/materialegislativa/2023/14799/circular_024_-_50a_sessao_ordinaria.pdf", "ementa": "Cumprindo disposi\u00e7\u00f5es regimentais, comunico a Vossa Excel\u00eancia que, para a 50\u00aa Sess\u00e3o Ordin\u00e1ria, a se realizar no dia 16 de maio, ter\u00e7a-feira, \u00e0s 19h, no Plen\u00e1rio Vereador Jos\u00e9 Ikeda"}, {"id": "14816", "ano": "2023", "numero": "25", "tipo__sigla": "CIRCU", "tipo__descricao": "Circular Sess\u00e3o", "autoria": "", "texto_original": "http://sapl.adamantina.sp.leg.br/media/sapl/public/materialegislativa/2023/14816/circular_25.pdf", "ementa": "Conforme disposi\u00e7\u00f5es regimentais, encaminho a Vossas Excel\u00eancias c\u00f3pia dos Projetos de Lei n\u00bas 035 a 037/2023, Projetos de Lei Complementar n\u00bas 023 a 025/2023 e Projeto de Resolu\u00e7\u00e3o n\u00ba 001/223, lidos na \u00faltima Sess\u00e3o Ordin\u00e1ria para conhecimento, an\u00e1lises e estudos."}, {"id": "14847", "ano": "2023", "numero": "26", "tipo__sigla": "CIRCU", "tipo__descricao": "Circular Sess\u00e3o", "autoria": "", "texto_original": "http://sapl.adamantina.sp.leg.br/media/sapl/public/materialegislativa/2023/14847/circular_026_-_36a_extraordinaria.pdf", "ementa": "Cumprindo disposi\u00e7\u00f5es regimentais, CONVOCO Vossa Excel\u00eancia para a 36\u00aa Sess\u00e3o Extraordin\u00e1ria a se realizar no dia 23 de maio, ter\u00e7a-feira, \u00e0s 10:00 horas"}, {"id": "14848", "ano": "2023", "numero": "27", "tipo__sigla": "CIRCU", "tipo__descricao": "Circular Sess\u00e3o", "autoria": "", "texto_original": "http://sapl.adamantina.sp.leg.br/media/sapl/public/materialegislativa/2023/14848/circular_027_-_51a_sessao_ordinaria.pdf", "ementa": "Cumprindo disposi\u00e7\u00f5es regimentais, comunico a Vossa Excel\u00eancia que, para a 51\u00aa Sess\u00e3o Ordin\u00e1ria, a se realizar no dia 05 de junho, segunda-feira, \u00e0s 19h, no Plen\u00e1rio Vereador Jos\u00e9 Ikeda"}, {"id": "14864", "ano": "2023", "numero": "28", "tipo__sigla": "CIRCU", "tipo__descricao": "Circular Sess\u00e3o", "autoria": "", "texto_original": "http://sapl.adamantina.sp.leg.br/media/sapl/public/materialegislativa/2023/14864/circular_028_-_comissao.pdf", "ementa": "Conforme disposi\u00e7\u00f5es regimentais, encaminho a Vossas Excel\u00eancias c\u00f3pia dos Projetos de Lei n\u00bas 038 a 051/2023 e Projeto de Lei Complementar n\u00ba 026/2023, lidos na \u00faltima Sess\u00e3o Ordin\u00e1ria para conhecimento, an\u00e1lises e estudos."}, {"id": "14908", "ano": "2023", "numero": "29", "tipo__sigla": "CIRCU", "tipo__descricao": "Circular Sess\u00e3o", "autoria": "", "texto_original": "http://sapl.adamantina.sp.leg.br/media/sapl/public/materialegislativa/2023/14908/circular_029_-_52a_ordinaria.pdf", "ementa": "Cumprindo disposi\u00e7\u00f5es regimentais, comunico a Vossa Excel\u00eancia que, para a 52\u00aa Sess\u00e3o Ordin\u00e1ria, a se realizar no dia 19 de junho, segunda-feira, \u00e0s 19h, no Plen\u00e1rio Vereador Jos\u00e9 Ikeda."}, {"id": "14910", "ano": "2023", "numero": "30", "tipo__sigla": "CIRCU", "tipo__descricao": "Circular Sess\u00e3o", "autoria": "", "texto_original": "http://sapl.adamantina.sp.leg.br/media/sapl/public/materialegislativa/2023/14910/circular_030_-_comissao.pdf", "ementa": "Conforme disposi\u00e7\u00f5es regimentais, encaminho a Vossas Excel\u00eancias c\u00f3pia do Projeto de Lei Complementar n\u00ba 027/2023, lido na \u00faltima Sess\u00e3o Ordin\u00e1ria para conhecimento, an\u00e1lise e estudo."}, {"id": "14950", "ano": "2023", "numero": "31", "tipo__sigla": "CIRCU", "tipo__descricao": "Circular Sess\u00e3o", "autoria": "", "texto_original": "http://sapl.adamantina.sp.leg.br/media/sapl/public/materialegislativa/2023/14950/circular_031_-_53a_sessao_ordinaria.pdf", "ementa": "Cumprindo disposi\u00e7\u00f5es regimentais, comunico a Vossa Excel\u00eancia que, para a 53\u00aa Sess\u00e3o Ordin\u00e1ria, a se realizar no dia 03 de julho, segunda-feira, \u00e0s 19h, no Plen\u00e1rio Vereador Jos\u00e9 Ikeda"}, {"id": "14951", "ano": "2023", "numero": "32", "tipo__sigla": "CIRCU", "tipo__descricao": "Circular Sess\u00e3o", "autoria": "", "texto_original": "http://sapl.adamantina.sp.leg.br/media/sapl/public/materialegislativa/2023/14951/circular_032_-_comissoes.pdf", "ementa": "Conforme disposi\u00e7\u00f5es regimentais, encaminho a Vossas Excel\u00eancias c\u00f3pias dos Projetos de Lei n\u00bas 052 a 058/2023 e Projeto de Lei Complementar n\u00ba 028/2023, lidos na \u00faltima Sess\u00e3o Ordin\u00e1ria para conhecimento, an\u00e1lises e estudos."}, {"id": "15002", "ano": "2023", "numero": "33", "tipo__sigla": "CIRCU", "tipo__descricao": "Circular Sess\u00e3o", "autoria": "", "texto_original": "http://sapl.adamantina.sp.leg.br/media/sapl/public/materialegislativa/2023/15002/circular_033_-_54a_ordinaria.pdf", "ementa": "Cumprindo disposi\u00e7\u00f5es regimentais, comunico a Vossa Excel\u00eancia que, para a 54\u00aa Sess\u00e3o Ordin\u00e1ria, a se realizar no dia 17 de julho, segunda-feira, \u00e0s 19h, no Plen\u00e1rio Vereador Jos\u00e9 Ikeda."}, {"id": "15007", "ano": "2023", "numero": "34", "tipo__sigla": "CIRCU", "tipo__descricao": "Circular Sess\u00e3o", "autoria": "", "texto_original": "http://sapl.adamantina.sp.leg.br/media/sapl/public/materialegislativa/2023/15007/circular_034_-_comissao.pdf", "ementa": "Conforme disposi\u00e7\u00f5es regimentais, encaminho a Vossas Excel\u00eancias c\u00f3pias dos Projetos de Lei n\u00bas 059 a 061/2023, lidos na \u00faltima Sess\u00e3o Ordin\u00e1ria para conhecimento, an\u00e1lises e estudos."}, {"id": "15008", "ano": "2023", "numero": "35", "tipo__sigla": "CIRCU", "tipo__descricao": "Circular Sess\u00e3o", "autoria": "", "texto_original": "http://sapl.adamantina.sp.leg.br/media/sapl/public/materialegislativa/2023/15008/circular_035_-_37a_ordinaria.pdf", "ementa": "Cumprindo disposi\u00e7\u00f5es regimentais, CONVOCO Vossa Excel\u00eancia para a 37\u00aa Sess\u00e3o Extraordin\u00e1ria a se realizar no dia 19 de julho, quarta-feira, \u00e0s 11:00 horas"}, {"id": "15056", "ano": "2023", "numero": "36", "tipo__sigla": "CIRCU", "tipo__descricao": "Circular Sess\u00e3o", "autoria": "", "texto_original": "http://sapl.adamantina.sp.leg.br/media/sapl/public/materialegislativa/2023/15056/circular_036_-_55a_sessao_ordinaria.pdf", "ementa": "Cumprindo disposi\u00e7\u00f5es regimentais, comunico a Vossa Excel\u00eancia que, para a 55\u00aa Sess\u00e3o Ordin\u00e1ria, a se realizar no dia 07 de agosto, segunda-feira, \u00e0s 19h, no Plen\u00e1rio Vereador Jos\u00e9 Ikeda, nada consta para ser apreciado na Ordem do Dia."}, {"id": "15057", "ano": "2023", "numero": "37", "tipo__sigla": "CIRCU", "tipo__descricao": "Circular Sess\u00e3o", "autoria": "", "texto_original": "http://sapl.adamantina.sp.leg.br/media/sapl/public/materialegislativa/2023/15057/circular_037_-_comissao.pdf", "ementa": "Conforme disposi\u00e7\u00f5es regimentais, encaminho a Vossas Excel\u00eancias c\u00f3pias dos Projetos de Lei n\u00bas 062 a 067/2023 e Projetos de Lei Complementar n\u00bas 029 e 030/2023, lidos na \u00faltima Sess\u00e3o Ordin\u00e1ria para conhecimento, an\u00e1lises e estudos."}, {"id": "15093", "ano": "2023", "numero": "38", "tipo__sigla": "CIRCU", "tipo__descricao": "Circular Sess\u00e3o", "autoria": "", "texto_original": "http://sapl.adamantina.sp.leg.br/media/sapl/public/materialegislativa/2023/15093/circular_038_-_56a_sessao_ordinaria.pdf", "ementa": "Cumprindo disposi\u00e7\u00f5es regimentais, comunico a Vossa Excel\u00eancia que, para a 56\u00aa Sess\u00e3o Ordin\u00e1ria, a se realizar no dia 21 de agosto, segunda-feira, \u00e0s 19h, no Plen\u00e1rio Vereador Jos\u00e9 Ikeda."}, {"id": "15094", "ano": "2023", "numero": "39", "tipo__sigla": "CIRCU", "tipo__descricao": "Circular Sess\u00e3o", "autoria": "", "texto_original": "http://sapl.adamantina.sp.leg.br/media/sapl/public/materialegislativa/2023/15094/circular_39.pdf", "ementa": "Cumprindo disposi\u00e7\u00f5es regimentais, CONVOCO Vossa Excel\u00eancia para a 38\u00aa Sess\u00e3o Extraordin\u00e1ria a se realizar no dia 22 de agosto, ter\u00e7a-feira, \u00e0s 16h."}, {"id": "15095", "ano": "2023", "numero": "40", "tipo__sigla": "CIRCU", "tipo__descricao": "Circular Sess\u00e3o", "autoria": "", "texto_original": "http://sapl.adamantina.sp.leg.br/media/sapl/public/materialegislativa/2023/15095/circular_040_-_comissao.pdf", "ementa": "Conforme disposi\u00e7\u00f5es regimentais, encaminho a Vossas Excel\u00eancias c\u00f3pia do Projeto de Lei n\u00ba 068/2023, lido na \u00faltima Sess\u00e3o Ordin\u00e1ria para conhecimento, an\u00e1lises e estudos."}, {"id": "15145", "ano": "2023", "numero": "41", "tipo__sigla": "CIRCU", "tipo__descricao": "Circular Sess\u00e3o", "autoria": "", "texto_original": "http://sapl.adamantina.sp.leg.br/media/sapl/public/materialegislativa/2023/15145/circualr_41.pdf", "ementa": "Cumprindo disposi\u00e7\u00f5es regimentais, comunico a Vossa Excel\u00eancia que, para a 57\u00aa Sess\u00e3o Ordin\u00e1ria, a se realizar no dia 04 de setembro, segunda-feira, \u00e0s 19h, no Plen\u00e1rio Vereador Jos\u00e9 Ikeda"}, {"id": "15146", "ano": "2023", "numero": "42", "tipo__sigla": "CIRCU", "tipo__descricao": "Circular Sess\u00e3o", "autoria": "", "texto_original": "http://sapl.adamantina.sp.leg.br/media/sapl/public/materialegislativa/2023/15146/circular_42.pdf", "ementa": "Conforme disposi\u00e7\u00f5es regimentais, encaminho a Vossas Excel\u00eancias c\u00f3pias dos Projetos de Lei n\u00bas 069 a 072/2023, lidos na \u00faltima Sess\u00e3o Ordin\u00e1ria para conhecimento, an\u00e1lises e estudos."}, {"id": "15167", "ano": "2023", "numero": "43", "tipo__sigla": "CIRCU", "tipo__descricao": "Circular Sess\u00e3o", "autoria": "", "texto_original": "http://sapl.adamantina.sp.leg.br/media/sapl/public/materialegislativa/2023/15167/circular_043_-_58a_ordinaria.pdf", "ementa": "Cumprindo disposi\u00e7\u00f5es regimentais, comunico a Vossa Excel\u00eancia que, para a 58\u00aa Sess\u00e3o Ordin\u00e1ria, a se realizar no dia 18 de setembro, segunda-feira, \u00e0s 19h, no Plen\u00e1rio Vereador Jos\u00e9 Ikeda"}, {"id": "15168", "ano": "2023", "numero": "44", "tipo__sigla": "CIRCU", "tipo__descricao": "Circular Sess\u00e3o", "autoria": "", "texto_original": "http://sapl.adamantina.sp.leg.br/media/sapl/public/materialegislativa/2023/15168/circular_044_-_comissoes.pdf", "ementa": "Conforme disposi\u00e7\u00f5es regimentais, encaminho a Vossas Excel\u00eancias c\u00f3pias dos Projetos de Lei n\u00bas 073 a 077/2023, lidos na \u00faltima Sess\u00e3o Ordin\u00e1ria para conhecimento, an\u00e1lises e estudos."}, {"id": "15169", "ano": "2023", "numero": "45", "tipo__sigla": "CIRCU", "tipo__descricao": "Circular Sess\u00e3o", "autoria": "", "texto_original": "http://sapl.adamantina.sp.leg.br/media/sapl/public/materialegislativa/2023/15169/circular_045_-_39a_extraordinaria.pdf", "ementa": "Cumprindo disposi\u00e7\u00f5es regimentais, CONVOCO Vossa Excel\u00eancia para a 39\u00aa Sess\u00e3o Extraordin\u00e1ria a se realizar no dia 21 de setembro, quinta-feira, \u00e0s 10:00 horas"}, {"id": "15212", "ano": "2023", "numero": "46", "tipo__sigla": "CIRCU", "tipo__descricao": "Circular Sess\u00e3o", "autoria": "", "texto_original": "http://sapl.adamantina.sp.leg.br/media/sapl/public/materialegislativa/2023/15212/circular_046_-_59a_sessao_ordinaria.pdf", "ementa": "Cumprindo disposi\u00e7\u00f5es regimentais, comunico a Vossa Excel\u00eancia que, para a 59\u00aa Sess\u00e3o Ordin\u00e1ria, a se realizar no dia 09 de outubro, segunda-feira, \u00e0s 19h, no Plen\u00e1rio Vereador Jos\u00e9 Ikeda"}, {"id": "15213", "ano": "2023", "numero": "47", "tipo__sigla": "CIRCU", "tipo__descricao": "Circular Sess\u00e3o", "autoria": "", "texto_original": "http://sapl.adamantina.sp.leg.br/media/sapl/public/materialegislativa/2023/15213/circular_47_comissoes.pdf", "ementa": "Conforme disposi\u00e7\u00f5es regimentais, encaminho a Vossas Excel\u00eancias c\u00f3pias dos Projetos de Lei n\u00bas 078 a 086/2023 e Projeto de Lei Complementar n\u00ba 031/2023, lidos na \u00faltima Sess\u00e3o Ordin\u00e1ria para conhecimento, an\u00e1lises e estudos."}, {"id": "15214", "ano": "2023", "numero": "48", "tipo__sigla": "CIRCU", "tipo__descricao": "Circular Sess\u00e3o", "autoria": "", "texto_original": "http://sapl.adamantina.sp.leg.br/media/sapl/public/materialegislativa/2023/15214/circular_48_-_comissao_constituicao.pdf", "ementa": "Conforme disposi\u00e7\u00f5es regimentais, encaminho a Vossas Excel\u00eancias c\u00f3pia da Den\u00fancia do Senhor Jaime C\u00e2ndido da Rocha, lido na \u00faltima Sess\u00e3o Ordin\u00e1ria, realizada no dia 09/10/2023 para conhecimento, an\u00e1lise e provid\u00eancias cab\u00edveis."}, {"id": "15215", "ano": "2023", "numero": "49", "tipo__sigla": "CIRCU", "tipo__descricao": "Circular Sess\u00e3o", "autoria": "", "texto_original": "http://sapl.adamantina.sp.leg.br/media/sapl/public/materialegislativa/2023/15215/circular_049_-_40a_extraordinaria.pdf", "ementa": "Cumprindo disposi\u00e7\u00f5es regimentais, CONVOCO Vossa Excel\u00eancia para a 40\u00aa Sess\u00e3o Extraordin\u00e1ria a se realizar no dia 11 de outubro, quarta-feira, \u00e0s 16:00 horas"}, {"id": "15270", "ano": "2023", "numero": "50", "tipo__sigla": "CIRCU", "tipo__descricao": "Circular Sess\u00e3o", "autoria": "", "texto_original": "http://sapl.adamantina.sp.leg.br/media/sapl/public/materialegislativa/2023/15270/circular_50_-_60a_ordinaria.pdf", "ementa": "Cumprindo disposi\u00e7\u00f5es regimentais, comunico a Vossa Excel\u00eancia que, para a 60\u00aa Sess\u00e3o Ordin\u00e1ria, a se realizar no dia 23 de outubro, segunda-feira, \u00e0s 19h, no Plen\u00e1rio Vereador Jos\u00e9 Ikeda"}, {"id": "15271", "ano": "2023", "numero": "51", "tipo__sigla": "CIRCU", "tipo__descricao": "Circular Sess\u00e3o", "autoria": "", "texto_original": "http://sapl.adamantina.sp.leg.br/media/sapl/public/materialegislativa/2023/15271/circular_051_-_comissao.pdf", "ementa": "Conforme disposi\u00e7\u00f5es regimentais, encaminho a Vossas Excel\u00eancias c\u00f3pias dos Projetos de Lei n\u00bas 087 a 089/2023, lidos na \u00faltima Sess\u00e3o Ordin\u00e1ria para conhecimento, an\u00e1lises e estudos."}, {"id": "15308", "ano": "2023", "numero": "52", "tipo__sigla": "CIRCU", "tipo__descricao": "Circular Sess\u00e3o", "autoria": "", "texto_original": "http://sapl.adamantina.sp.leg.br/media/sapl/public/materialegislativa/2023/15308/61a_ordinaria.pdf", "ementa": "Cumprindo disposi\u00e7\u00f5es regimentais, comunico a Vossa Excel\u00eancia que, para a 61\u00aa Sess\u00e3o Ordin\u00e1ria, a se realizar no dia 06 de novembro, segunda-feira, \u00e0s 19h, no Plen\u00e1rio Vereador Jos\u00e9 Ikeda."}, {"id": "15309", "ano": "2023", "numero": "53", "tipo__sigla": "CIRCU", "tipo__descricao": "Circular Sess\u00e3o", "autoria": "", "texto_original": "http://sapl.adamantina.sp.leg.br/media/sapl/public/materialegislativa/2023/15309/circular_53.pdf", "ementa": "Cumprindo disposi\u00e7\u00f5es regimentais, convoco Vossa Excel\u00eancia para participar da 4\u00aa Sess\u00e3o Solene que ser\u00e1 realizada no dia 07 de novembro, ter\u00e7a-feira, \u00e0s 16:00h, no Plen\u00e1rio Vereador Jos\u00e9 Ikeda, onde ser\u00e1 concedido o t\u00edtulo de Cidad\u00e3o Adamantinense ao Ilustr\u00edssimo Senhor Tenente Coronel da Pol\u00edcia Militar J\u00falio Marcelo Romagnoli."}, {"id": "15310", "ano": "2023", "numero": "54", "tipo__sigla": "CIRCU", "tipo__descricao": "Circular Sess\u00e3o", "autoria": "", "texto_original": "http://sapl.adamantina.sp.leg.br/media/sapl/public/materialegislativa/2023/15310/circular_54.pdf", "ementa": "Conforme disposi\u00e7\u00f5es regimentais, encaminho a Vossas Excel\u00eancias c\u00f3pias dos Projetos de Lei n\u00bas 090 a 097/2023 e Projeto de Lei Complementar n\u00ba 032/2023, lidos na \u00faltima Sess\u00e3o Ordin\u00e1ria para conhecimento, an\u00e1lises e estudos."}, {"id": "15311", "ano": "2023", "numero": "55", "tipo__sigla": "CIRCU", "tipo__descricao": "Circular Sess\u00e3o", "autoria": "", "texto_original": "http://sapl.adamantina.sp.leg.br/media/sapl/public/materialegislativa/2023/15311/circular_55.pdf", "ementa": "Cumprindo disposi\u00e7\u00f5es regimentais, CONVOCO Vossa Excel\u00eancia para a 41\u00aa Sess\u00e3o Extraordin\u00e1ria a se realizar no dia 09 de novembro, quinta-feira, \u00e0s 10:00 horas"}, {"id": "15336", "ano": "2023", "numero": "56", "tipo__sigla": "CIRCU", "tipo__descricao": "Circular Sess\u00e3o", "autoria": "", "texto_original": "http://sapl.adamantina.sp.leg.br/media/sapl/public/materialegislativa/2023/15336/circular_056_-_42a_sessao_extraordinaria.pdf", "ementa": "Cumprindo disposi\u00e7\u00f5es regimentais, CONVOCO Vossa Excel\u00eancia para a 42\u00aa Sess\u00e3o Extraordin\u00e1ria a se realizar no dia 16 de novembro, quinta-feira, \u00e0s 11:00 horas,"}, {"id": "15337", "ano": "2023", "numero": "57", "tipo__sigla": "CIRCU", "tipo__descricao": "Circular Sess\u00e3o", "autoria": "", "texto_original": "http://sapl.adamantina.sp.leg.br/media/sapl/public/materialegislativa/2023/15337/62a_sessao_ordinaria.pdf", "ementa": "Cumprindo disposi\u00e7\u00f5es regimentais, comunico a Vossa Excel\u00eancia que, para a 62\u00aa Sess\u00e3o Ordin\u00e1ria, a se realizar no dia 28 de novembro, ter\u00e7a-feira, \u00e0s 19h, no Plen\u00e1rio Vereador Jos\u00e9 Ikeda"}, {"id": "15338", "ano": "2023", "numero": "58", "tipo__sigla": "CIRCU", "tipo__descricao": "Circular Sess\u00e3o", "autoria": "", "texto_original": "http://sapl.adamantina.sp.leg.br/media/sapl/public/materialegislativa/2023/15338/circular_58_-_comissoes.pdf", "ementa": "Conforme disposi\u00e7\u00f5es regimentais, encaminho a Vossas Excel\u00eancias c\u00f3pias dos Projetos de Lei n\u00bas 098 a 109/2023 e Projetos de Lei Complementar n\u00bas 033 a 037/2023, lidos na \u00faltima Sess\u00e3o Ordin\u00e1ria para conhecimento, an\u00e1lises e estudos."}, {"id": "15365", "ano": "2023", "numero": "59", "tipo__sigla": "CIRCU", "tipo__descricao": "Circular Sess\u00e3o", "autoria": "", "texto_original": "http://sapl.adamantina.sp.leg.br/media/sapl/public/materialegislativa/2023/15365/circular_059_-_63a_ordinaria.pdf", "ementa": "Cumprindo disposi\u00e7\u00f5es regimentais, comunico a Vossa Excel\u00eancia que, para a 63\u00aa Sess\u00e3o Ordin\u00e1ria, a se realizar no dia 04 de dezembro, segunda-feira, \u00e0s 19h, no Plen\u00e1rio Vereador Jos\u00e9 Ikeda"}, {"id": "15366", "ano": "2023", "numero": "60", "tipo__sigla": "CIRCU", "tipo__descricao": "Circular Sess\u00e3o", "autoria": "", "texto_original": "http://sapl.adamantina.sp.leg.br/media/sapl/public/materialegislativa/2023/15366/circular_60_-_comissoes.pdf", "ementa": "Conforme disposi\u00e7\u00f5es regimentais, encaminho a Vossas Excel\u00eancias c\u00f3pia dos Projetos de Lei n\u00bas 110 a 113/2023 e Projeto de Resolu\u00e7\u00e3o n\u00ba 002/2023, lidos na \u00faltima Sess\u00e3o Ordin\u00e1ria para conhecimento, an\u00e1lises e estudos."}, {"id": "15367", "ano": "2023", "numero": "61", "tipo__sigla": "CIRCU", "tipo__descricao": "Circular Sess\u00e3o", "autoria": "", "texto_original": "http://sapl.adamantina.sp.leg.br/media/sapl/public/materialegislativa/2023/15367/circular_64a_ordinaria.pdf", "ementa": "Cumprindo disposi\u00e7\u00f5es regimentais, comunico a Vossa Excel\u00eancia que, para a 64\u00aa Sess\u00e3o Ordin\u00e1ria, a se realizar no dia 11 de dezembro, segunda-feira, \u00e0s 19h, no Plen\u00e1rio Vereador Jos\u00e9 Ikeda"}, {"id": "15375", "ano": "2023", "numero": "62", "tipo__sigla": "CIRCU", "tipo__descricao": "Circular Sess\u00e3o", "autoria": "", "texto_original": "http://sapl.adamantina.sp.leg.br/media/sapl/public/materialegislativa/2023/15375/circular_062_-_comissao.pdf", "ementa": "Conforme disposi\u00e7\u00f5es regimentais, encaminho a Vossas Excel\u00eancias c\u00f3pia dos Projetos de Lei n\u00bas 114 e 115/2023, lidos na \u00faltima Sess\u00e3o Ordin\u00e1ria para conhecimento, an\u00e1lises e estudos."}, {"id": "15376", "ano": "2023", "numero": "63", "tipo__sigla": "CIRCU", "tipo__descricao": "Circular Sess\u00e3o", "autoria": "", "texto_original": "http://sapl.adamantina.sp.leg.br/media/sapl/public/materialegislativa/2023/15376/circular_063.pdf", "ementa": "Cumprindo disposi\u00e7\u00f5es regimentais, CONVOCO Vossa Excel\u00eancia para a 43\u00aa Sess\u00e3o Extraordin\u00e1ria a se realizar no dia 13 de dezembro, quarta-feira, \u00e0s 10:00 horas"}, {"id": "15377", "ano": "2023", "numero": "64", "tipo__sigla": "CIRCU", "tipo__descricao": "Circular Sess\u00e3o", "autoria": "", "texto_original": "http://sapl.adamantina.sp.leg.br/media/sapl/public/materialegislativa/2023/15377/circular_064_-_pl_117.pdf", "ementa": "Conforme disposi\u00e7\u00f5es regimentais, encaminho a Vossas Excel\u00eancias c\u00f3pia do Projeto de Lei n\u00ba 117/2023, para conhecimento, an\u00e1lises e estudos."}, {"id": "15431", "ano": "2023", "numero": "65", "tipo__sigla": "CIRCU", "tipo__descricao": "Circular Sess\u00e3o", "autoria": "", "texto_original": "http://sapl.adamantina.sp.leg.br/media/sapl/public/materialegislativa/2023/15431/circular_065_-_44a_extraordinaria.pdf", "ementa": "Cumprindo disposi\u00e7\u00f5es regimentais, CONVOCO Vossa Excel\u00eancia para a 44\u00aa Sess\u00e3o Extraordin\u00e1ria a se realizar no dia 15 de dezembro, sexta-feira, \u00e0s 10:30 horas"}, {"id": "14439", "ano": "2023", "numero": "1", "tipo__sigla": "EMENM", "tipo__descricao": "Emenda Modificativa", "autoria": "ALCIO IKEDA", "texto_original": "http://sapl.adamantina.sp.leg.br/media/sapl/public/materialegislativa/2023/14439/emenda_modificativa_001_-_plc_001-23_-_revisao_-_remocao_termo_agente_politico.pdf", "ementa": "Modifica Artigo 1\u00ba do Projeto de Lei Complementar n\u00ba 001 que Disp\u00f5e sobre a revis\u00e3o geral anual dos vencimentos, proventos e pens\u00f5es dos servidores ativos, inativos, pensionistas e agentes pol\u00edticos (secret\u00e1rios) da Prefeitura do Munic\u00edpio de Adamantina e reajuste (ganho real) aos vencimentos, proventos e pens\u00f5es dos servidores ativos, inativos e pensionistas da Prefeitura do Munic\u00edpio de Adamantina."}, {"id": "14709", "ano": "2023", "numero": "2", "tipo__sigla": "EMENM", "tipo__descricao": "Emenda Modificativa", "autoria": "ALCIO IKEDA", "texto_original": "http://sapl.adamantina.sp.leg.br/media/sapl/public/materialegislativa/2023/14709/emenda_modificativa_002_-_plc_013-23_-_art_3_e_8.pdf", "ementa": "Modifica artigos 3\u00ba e 8\u00ba do Projeto de Lei Complementar N\u00ba 013, de 21 de mar\u00e7o de 2023, de autoria do Prefeito do Munic\u00edpio, que \u201cDisp\u00f5e sobre a altera\u00e7\u00e3o da Lei Complementar n\u00ba 163, de 07 de abril de 2011, que disp\u00f5e sobre a Pol\u00edtica Municipal de Atendimento dos Direitos da Crian\u00e7a e do Adolescente, reestrutura o Conselho Municipal dos Direitos da Crian\u00e7a e do Adolescente, o Fundo Municipal dos Direitos da Crian\u00e7a e do Adolescente e o Conselho Tutelar, e d\u00e1 outras provid\u00eancias.\u201d"}, {"id": "14798", "ano": "2023", "numero": "3", "tipo__sigla": "EMENM", "tipo__descricao": "Emenda Modificativa", "autoria": "Constitui\u00e7\u00e3o, Justi\u00e7a e Reda\u00e7\u00e3o", "texto_original": "http://sapl.adamantina.sp.leg.br/media/sapl/public/materialegislativa/2023/14798/emenda_modificativa_003_-_plc_020_-_conselho_tutelar.pdf", "ementa": "Altera artigo 3\u00aa do Projeto de Lei Complementar n\u00ba 020/2023, de autoria do Prefeito do Munic\u00edpio, que \u201cDisp\u00f5e sobre a altera\u00e7\u00e3o da Lei Complementar n\u00ba 163, de 07 de abril de 2011, que disp\u00f5e sobre a Pol\u00edtica Municipal de Atendimento dos Direitos da Crian\u00e7a e do Adolescente, reestrutura o Conselho Municipal dos Direitos da Crian\u00e7a e do Adolescente, o Fundo Municipal dos Direitos da Crian\u00e7a e do Adolescente e o Conselho Tutelar, e d\u00e1 outras provid\u00eancias.\u201d"}, {"id": "14948", "ano": "2023", "numero": "4", "tipo__sigla": "EMENM", "tipo__descricao": "Emenda Modificativa", "autoria": "Constitui\u00e7\u00e3o, Justi\u00e7a e Reda\u00e7\u00e3o", "texto_original": "http://sapl.adamantina.sp.leg.br/media/sapl/public/materialegislativa/2023/14948/emenda_modificativa_004_-_plc_040_-_desligamento_voluntario_unifai.pdf", "ementa": "Modifica o Art 7\u00ba, II do Projeto de Lei n\u00ba 040/2023,que institui o Programa de Desligamento Volunt\u00e1rio \u2013 PDV no \u00e2mbito do Centro Universit\u00e1rio de Adamantina \u2013 UNIFAI e d\u00e1 outras provid\u00eancias."}, {"id": "14949", "ano": "2023", "numero": "5", "tipo__sigla": "EMENM", "tipo__descricao": "Emenda Modificativa", "autoria": "Constitui\u00e7\u00e3o, Justi\u00e7a e Reda\u00e7\u00e3o", "texto_original": "http://sapl.adamantina.sp.leg.br/media/sapl/public/materialegislativa/2023/14949/2023_ldo_emenda_05.23_-_lei_4254.23.pdf", "ementa": "Modifica artigo do Projeto de Lei n\u00ba 038/2023, de autoria do Prefeito do Munic\u00edpio, que disp\u00f5e sobre as Diretrizes Or\u00e7ament\u00e1rias para Elabora\u00e7\u00e3o e Execu\u00e7\u00e3o da Lei Or\u00e7ament\u00e1ria para o Exerc\u00edcio Financeiro de 2024 e d\u00e1 outras provid\u00eancias."}, {"id": "15003", "ano": "2023", "numero": "6", "tipo__sigla": "EMENM", "tipo__descricao": "Emenda Modificativa", "autoria": "Todos os Edis", "texto_original": "http://sapl.adamantina.sp.leg.br/media/sapl/public/materialegislativa/2023/15003/2023_ldo_emenda_06.23_-_lei_4254.23.pdf", "ementa": "Modifica o Projeto de Lei n\u00ba 038/2023, de autoria do Prefeito do Munic\u00edpio, que disp\u00f5e sobre as Diretrizes Or\u00e7ament\u00e1rias para Elabora\u00e7\u00e3o e Execu\u00e7\u00e3o da Lei Or\u00e7ament\u00e1ria para o Exerc\u00edcio Financeiro de 2024 e d\u00e1 outras provid\u00eancias."}, {"id": "15092", "ano": "2023", "numero": "7", "tipo__sigla": "EMENM", "tipo__descricao": "Emenda Modificativa", "autoria": "H\u00e9lio Jos\u00e9 dos Santos", "texto_original": "http://sapl.adamantina.sp.leg.br/media/sapl/public/materialegislativa/2023/15092/emenda_modificativa_007_-_plc_027_-.pdf", "ementa": "Modifica Projeto de Lei Complementar n\u00ba 027, de 19 de junho de 2023, de autoria do Prefeito do Munic\u00edpio, que \"Disp\u00f5e sobre a altera\u00e7\u00e3o da Lei Complementar Municipal n\u00ba 94, de 22 de novembro de 2007 e d\u00e1 outras provid\u00eancias.\""}, {"id": "15368", "ano": "2023", "numero": "8", "tipo__sigla": "EMENM", "tipo__descricao": "Emenda Modificativa", "autoria": "Todos os Edis", "texto_original": "http://sapl.adamantina.sp.leg.br/media/sapl/public/materialegislativa/2023/15368/emenda_modificativa_008_-_pl_087_auxilios_e_subvencoes.pdf", "ementa": "Modifica a tabela dos aux\u00edlios, subven\u00e7\u00f5es, contribui\u00e7\u00f5es, conv\u00eanios e termo de colabora\u00e7\u00e3o/fomento para o exerc\u00edcio de 2024, do Projeto de Lei n\u00ba 087/2023, de autoria do Executivo."}, {"id": "15369", "ano": "2023", "numero": "9", "tipo__sigla": "EMENM", "tipo__descricao": "Emenda Modificativa", "autoria": "Todos os Edis", "texto_original": "http://sapl.adamantina.sp.leg.br/media/sapl/public/materialegislativa/2023/15369/2023_loa_emenda_09.23_-_lei_4305.23.pdf", "ementa": "Tipo de Emenda: Remanejamento - Projeto de Lei n\u00ba 088/2023, que Estima a Receita e Fixa a Despesa do Munic\u00edpio de Adamantina para o exerc\u00edcio de 2024, de autoria do Prefeito Municipal"}, {"id": "15370", "ano": "2023", "numero": "10", "tipo__sigla": "EMENM", "tipo__descricao": "Emenda Modificativa", "autoria": "Todos os Edis", "texto_original": "http://sapl.adamantina.sp.leg.br/media/sapl/public/materialegislativa/2023/15370/2023_loa_emenda_10.23_-_lei_4305.23.pdf", "ementa": "Tipo de Emenda: Remanejamento - Projeto de Lei n\u00ba 088/2023, que Estima a Receita e Fixa a Despesa do Munic\u00edpio de Adamantina para o exerc\u00edcio de 2024, de autoria do Prefeito Municipal"}, {"id": "15371", "ano": "2023", "numero": "11", "tipo__sigla": "EMENM", "tipo__descricao": "Emenda Modificativa", "autoria": "Todos os Edis", "texto_original": "http://sapl.adamantina.sp.leg.br/media/sapl/public/materialegislativa/2023/15371/2023_loa_emenda_11.23_-_lei_4305.23.pdf", "ementa": "Tipo de Emenda: Remanejamento - Projeto de Lei n\u00ba 088/2023, que Estima a Receita e Fixa a Despesa do Munic\u00edpio de Adamantina para o exerc\u00edcio de 2024, de autoria do Prefeito Municipal"}, {"id": "15425", "ano": "2023", "numero": "12", "tipo__sigla": "EMENM", "tipo__descricao": "Emenda Modificativa", "autoria": "H\u00e9lio Jos\u00e9 dos Santos, Aguinaldo Pires Galv\u00e3o, Cid Jos\u00e9 Aparecido dos Santos, NORIKO ONISHI SAITO, RIQUINHA DO BAR", "texto_original": "http://sapl.adamantina.sp.leg.br/media/sapl/public/materialegislativa/2023/15425/emenda_modificativa_012_-_pl_117.pdf", "ementa": "Modifica par\u00e1grafo \u00fanico do Artigo 1\u00ba do Projeto de Lei n\u00ba 117/2023."}, {"id": "15426", "ano": "2023", "numero": "13", "tipo__sigla": "EMENM", "tipo__descricao": "Emenda Modificativa", "autoria": "RAFAEL PACHECO, ALCIO IKEDA, BIGODE, PAULO CERVELHEIRA", "texto_original": "http://sapl.adamantina.sp.leg.br/media/sapl/public/materialegislativa/2023/15426/emenda_modificativa_013_-_pl_117.pdf", "ementa": "Modifica par\u00e1grafo \u00fanico do artigo 1\u00ba do Projeto de Lei n\u00ba 117/2023"}, {"id": "14466", "ano": "2023", "numero": "1", "tipo__sigla": "IND", "tipo__descricao": "Indica\u00e7\u00e3o", "autoria": "BIGODE", "texto_original": "http://sapl.adamantina.sp.leg.br/media/sapl/public/materialegislativa/2023/14466/indicacao_001_43a_ordinaria.pdf", "ementa": "Solicita proceder a\u00e7\u00f5es visando desentupir as vaz\u00f5es de \u00e1gua de todas as estradas que receberam o Melhor Caminho, evitando, dessa forma, a forma\u00e7\u00e3o de buracos no leito das referidas estradas vicinais."}, {"id": "14467", "ano": "2023", "numero": "2", "tipo__sigla": "IND", "tipo__descricao": "Indica\u00e7\u00e3o", "autoria": "BIGODE", "texto_original": "http://sapl.adamantina.sp.leg.br/media/sapl/public/materialegislativa/2023/14467/indicacao_002_43a_ordinaria.pdf", "ementa": "Solicita proceder com urg\u00eancia a constru\u00e7\u00e3o de um sarjet\u00e3o no prolongamento, pr\u00f3ximo ao ponto de \u00f4nibus, entre os bairros Jardim das Primaveras e Parque Itaipus a fim de disciplinar o escoamento de \u00e1gua no local."}, {"id": "14468", "ano": "2023", "numero": "3", "tipo__sigla": "IND", "tipo__descricao": "Indica\u00e7\u00e3o", "autoria": "BIGODE", "texto_original": "http://sapl.adamantina.sp.leg.br/media/sapl/public/materialegislativa/2023/14468/indicacao_003_43a_ordinaria.pdf", "ementa": "Solicita proceder a\u00e7\u00f5es visando cascalhar os pontos cr\u00edticos de toda extens\u00e3o da estrada do Bairro do Prata a fim de melhorar o tr\u00e1fego de ve\u00edculos, principalmente os de escoamento agr\u00edcola."}, {"id": "14469", "ano": "2023", "numero": "4", "tipo__sigla": "IND", "tipo__descricao": "Indica\u00e7\u00e3o", "autoria": "BIGODE", "texto_original": "http://sapl.adamantina.sp.leg.br/media/sapl/public/materialegislativa/2023/14469/indicacao_004_43a_ordinaria.pdf", "ementa": "Solicita proceder limpeza das \u00e1rvores e ro\u00e7agem do mato, bem como construir cal\u00e7ada na pra\u00e7a denominada Interact, localizada na Rua Ant\u00f4nio Shimitd Vilela com a Alameda Luiz Endo, Vila F\u00e1tima."}, {"id": "14470", "ano": "2023", "numero": "5", "tipo__sigla": "IND", "tipo__descricao": "Indica\u00e7\u00e3o", "autoria": "NORIKO ONISHI SAITO, Aguinaldo Pires Galv\u00e3o, ALCIO IKEDA, BIGODE, Cid Jos\u00e9 Aparecido dos Santos, H\u00e9lio Jos\u00e9 dos Santos, PAULO CERVELHEIRA, RAFAEL PACHECO, RIQUINHA DO BAR", "texto_original": "http://sapl.adamantina.sp.leg.br/media/sapl/public/materialegislativa/2023/14470/indicacao_005_43a_ordinaria.pdf", "ementa": "Solicitam inserir o nome da Sra Elizabeth Gomes Meirelles na galeria de ex-prefeitos que ser\u00e1 instalada no Museu e Arquivo Hist\u00f3rico de Adamantina \u201cSetsu Onishi\u201d."}, {"id": "14471", "ano": "2023", "numero": "6", "tipo__sigla": "IND", "tipo__descricao": "Indica\u00e7\u00e3o", "autoria": "NORIKO ONISHI SAITO, H\u00e9lio Jos\u00e9 dos Santos", "texto_original": "http://sapl.adamantina.sp.leg.br/media/sapl/public/materialegislativa/2023/14471/indicacao_006_43a_ordinaria.pdf", "ementa": "Solicitam proceder com urg\u00eancia uma opera\u00e7\u00e3o tapa-buracos no in\u00edcio da Rua Arno Kieffer entre as Ruas Waldemar Estevo e Joaquim Luiz Vian, proximidades da linha f\u00e9rrea no bairro Jardim Avia\u00e7\u00e3o."}, {"id": "14472", "ano": "2023", "numero": "7", "tipo__sigla": "IND", "tipo__descricao": "Indica\u00e7\u00e3o", "autoria": "PAULO CERVELHEIRA", "texto_original": "http://sapl.adamantina.sp.leg.br/media/sapl/public/materialegislativa/2023/14472/indicacao_007_43a_ordinaria.pdf", "ementa": "Solicita instalar dois holofotes na rua que foi aberta pelos moradores, pr\u00f3ximo da linha f\u00e9rrea, no Jardim Adamantina, pois os estudantes passam por ali para ir \u00e0 Unifai, sendo o local de perigoso acesso."}, {"id": "14473", "ano": "2023", "numero": "8", "tipo__sigla": "IND", "tipo__descricao": "Indica\u00e7\u00e3o", "autoria": "ALCIO IKEDA", "texto_original": "http://sapl.adamantina.sp.leg.br/media/sapl/public/materialegislativa/2023/14473/indicacao_008_43a_ordinaria.pdf", "ementa": "Solicita agendar o nome do Senhor Josemiro Pereira da Silva para denominar ruas em novos loteamentos que foram lan\u00e7ados em nossa cidade a fim de perpetuar na mem\u00f3ria da popula\u00e7\u00e3o."}, {"id": "14474", "ano": "2023", "numero": "9", "tipo__sigla": "IND", "tipo__descricao": "Indica\u00e7\u00e3o", "autoria": "NORIKO ONISHI SAITO, H\u00e9lio Jos\u00e9 dos Santos", "texto_original": "http://sapl.adamantina.sp.leg.br/media/sapl/public/materialegislativa/2023/14474/indicacao_009_43a_ordinaria.pdf", "ementa": "Solicitam proceder a ro\u00e7agem do enorme matagal que tomou conta da cal\u00e7ada da \u00e1rea de lazer arborizada, localizada na Rua Prof\u00aa Maria Esther Tofoli, Bairro Monte Alegre."}, {"id": "14475", "ano": "2023", "numero": "10", "tipo__sigla": "IND", "tipo__descricao": "Indica\u00e7\u00e3o", "autoria": "Aguinaldo Pires Galv\u00e3o, Cid Jos\u00e9 Aparecido dos Santos, RIQUINHA DO BAR", "texto_original": "http://sapl.adamantina.sp.leg.br/media/sapl/public/materialegislativa/2023/14475/indicacao_010_43a_ordinaria.pdf", "ementa": "Solicitam proceder a troca das lixeiras instaladas na \u00e1rea central da cidade, bem como em todas as pra\u00e7as p\u00fablicas do munic\u00edpio."}, {"id": "14476", "ano": "2023", "numero": "11", "tipo__sigla": "IND", "tipo__descricao": "Indica\u00e7\u00e3o", "autoria": "Aguinaldo Pires Galv\u00e3o, Cid Jos\u00e9 Aparecido dos Santos, H\u00e9lio Jos\u00e9 dos Santos, RIQUINHA DO BAR", "texto_original": "http://sapl.adamantina.sp.leg.br/media/sapl/public/materialegislativa/2023/14476/indicacao_011_43a_ordinaria.pdf", "ementa": "Solicitam incluir na programa\u00e7\u00e3o de micro revestimento asf\u00e1ltico a Al. Curitiba, Vila Jamil de Lima."}, {"id": "14477", "ano": "2023", "numero": "12", "tipo__sigla": "IND", "tipo__descricao": "Indica\u00e7\u00e3o", "autoria": "Aguinaldo Pires Galv\u00e3o, Cid Jos\u00e9 Aparecido dos Santos, H\u00e9lio Jos\u00e9 dos Santos, RIQUINHA DO BAR", "texto_original": "http://sapl.adamantina.sp.leg.br/media/sapl/public/materialegislativa/2023/14477/indicacao_012_43a_ordinaria.pdf", "ementa": "Solicitam proceder a restaura\u00e7\u00e3o da cobertura do ponto de \u00f4nibus localizado na cal\u00e7ada da Pra\u00e7a \u00c9lio Micheloni, Rua Osvaldo Cruz."}, {"id": "14478", "ano": "2023", "numero": "13", "tipo__sigla": "IND", "tipo__descricao": "Indica\u00e7\u00e3o", "autoria": "Aguinaldo Pires Galv\u00e3o, Cid Jos\u00e9 Aparecido dos Santos, H\u00e9lio Jos\u00e9 dos Santos, RIQUINHA DO BAR", "texto_original": "http://sapl.adamantina.sp.leg.br/media/sapl/public/materialegislativa/2023/14478/indicacao_013_43a_ordinaria.pdf", "ementa": "Solicitam estudar a possibilidade de atender, com urg\u00eancia, a solicita\u00e7\u00e3o dos moradores das Ruas Bahia e Minas Gerais, Jardim Brasil, que solicitam melhorar a sinaliza\u00e7\u00e3o de tr\u00e2nsito na conflu\u00eancia das mencionadas ruas construindo, se poss\u00edvel, uma depress\u00e3o ou obst\u00e1culo, tipo lombada, a fim de coibir o excesso de velocidade praticado no local, que, inclusive, vem sendo palco de in\u00fameros acidentes."}, {"id": "14479", "ano": "2023", "numero": "14", "tipo__sigla": "IND", "tipo__descricao": "Indica\u00e7\u00e3o", "autoria": "RIQUINHA DO BAR, Cid Jos\u00e9 Aparecido dos Santos, H\u00e9lio Jos\u00e9 dos Santos, NORIKO ONISHI SAITO", "texto_original": "http://sapl.adamantina.sp.leg.br/media/sapl/public/materialegislativa/2023/14479/indicacao_014_43a_ordinaria.pdf", "ementa": "Solicitam proceder com a m\u00e1xima urg\u00eancia a lavagem das cal\u00e7adas, interna e externa, da Pra\u00e7a \u00c9lio Micheloni, \u00e1rea central da cidade."}, {"id": "14480", "ano": "2023", "numero": "15", "tipo__sigla": "IND", "tipo__descricao": "Indica\u00e7\u00e3o", "autoria": "NORIKO ONISHI SAITO", "texto_original": "http://sapl.adamantina.sp.leg.br/media/sapl/public/materialegislativa/2023/14480/indicacao_015_43a_ordinaria.pdf", "ementa": "Solicita proceder a ro\u00e7agem e limpeza no fundo das casas pr\u00f3ximas da linha f\u00e9rrea, in\u00edcio da Rua Goi\u00e1s at\u00e9 a Rua Rio Grande, Jardim Brasil, bem como no in\u00edcio das Ruas Para\u00edba, Bahia, Laurindo Simonceli, Cear\u00e1 sobretudo nas proximidades do Viaduto Ant\u00f4nia Geralda Tinetti, Rua Rio de Janeiro, pois encontram-se tomadas por enorme matagal servindo para prolifera\u00e7\u00e3o de animais pe\u00e7onhentos e nocivos \u00e0 sa\u00fade."}, {"id": "14481", "ano": "2023", "numero": "16", "tipo__sigla": "IND", "tipo__descricao": "Indica\u00e7\u00e3o", "autoria": "BIGODE, RAFAEL PACHECO", "texto_original": "http://sapl.adamantina.sp.leg.br/media/sapl/public/materialegislativa/2023/14481/indicacao_016_43a_ordinaria.pdf", "ementa": "Solicitam agendar na programa\u00e7\u00e3o de recapeamento asf\u00e1ltico as seguintes ruas da cidade: Rua Joaquim M. Caldeira Filho, Jardim Adamantina, Rua Carmen Miranda, Vila Ipiranga, e Rua Prof\u00aa Maria Esther Tofolli, Residencial Monte Alegre."}, {"id": "14482", "ano": "2023", "numero": "17", "tipo__sigla": "IND", "tipo__descricao": "Indica\u00e7\u00e3o", "autoria": "RIQUINHA DO BAR, Aguinaldo Pires Galv\u00e3o, Cid Jos\u00e9 Aparecido dos Santos, H\u00e9lio Jos\u00e9 dos Santos, NORIKO ONISHI SAITO", "texto_original": "http://sapl.adamantina.sp.leg.br/media/sapl/public/materialegislativa/2023/14482/indicacao_017_43a_ordinaria.pdf", "ementa": "Solicitam seja promovido estudos visando a substitui\u00e7\u00e3o das lumin\u00e1rias existentes no Jardim Brasil por uma ilumina\u00e7\u00e3o moderna de LED."}, {"id": "14483", "ano": "2023", "numero": "18", "tipo__sigla": "IND", "tipo__descricao": "Indica\u00e7\u00e3o", "autoria": "RIQUINHA DO BAR, Cid Jos\u00e9 Aparecido dos Santos, NORIKO ONISHI SAITO", "texto_original": "http://sapl.adamantina.sp.leg.br/media/sapl/public/materialegislativa/2023/14483/indicacao_018_43a_ordinaria.pdf", "ementa": "Solicitam proceder a extens\u00e3o de galeria na Rua Rio de Janeiro, no Jardim Brasil, bem como a coloca\u00e7\u00e3o de guias e sarjetas e o asfaltamento, resolvendo desta forma a grande eros\u00e3o daquele local."}, {"id": "14484", "ano": "2023", "numero": "19", "tipo__sigla": "IND", "tipo__descricao": "Indica\u00e7\u00e3o", "autoria": "RIQUINHA DO BAR, Aguinaldo Pires Galv\u00e3o, Cid Jos\u00e9 Aparecido dos Santos, NORIKO ONISHI SAITO", "texto_original": "http://sapl.adamantina.sp.leg.br/media/sapl/public/materialegislativa/2023/14484/indicacao_019_43a_ordinaria.pdf", "ementa": "Solicitam seja estuada a possibilidade da constru\u00e7\u00e3o de uma cobertura para as pessoas que est\u00e3o na fila do posto de sa\u00fade, localizado no bairro Jardim Brasil, a fim de proteg\u00ea-los do sol e da chuva enquanto aguardam o atendimento."}, {"id": "14485", "ano": "2023", "numero": "20", "tipo__sigla": "IND", "tipo__descricao": "Indica\u00e7\u00e3o", "autoria": "RIQUINHA DO BAR, Aguinaldo Pires Galv\u00e3o, Cid Jos\u00e9 Aparecido dos Santos, NORIKO ONISHI SAITO", "texto_original": "http://sapl.adamantina.sp.leg.br/media/sapl/public/materialegislativa/2023/14485/indicacao_020_43a_ordinaria.pdf", "ementa": "Solicitam estudar a possibilidade de construir um muro de arrimo a fim de proteger a galeria da Rua Ant\u00f4nio Orazil Bisterso, esquina com a Rua Joaquim Jacinto no Conjunto Bandeirantes, fundos da resid\u00eancia n\u00ba 23, antiga reivindica\u00e7\u00e3o dos moradores daquela localidade."}, {"id": "14486", "ano": "2023", "numero": "21", "tipo__sigla": "IND", "tipo__descricao": "Indica\u00e7\u00e3o", "autoria": "RIQUINHA DO BAR", "texto_original": "http://sapl.adamantina.sp.leg.br/media/sapl/public/materialegislativa/2023/14486/indicacao_021_43a_ordinaria.pdf", "ementa": "Solicita incluir na programa\u00e7\u00e3o de aplica\u00e7\u00e3o de micro revestimento asf\u00e1ltico a Rua Jos\u00e9 Bortoleto, no Jardim Adamantina, proximidades da horta comunit\u00e1ria do bairro."}, {"id": "14487", "ano": "2023", "numero": "22", "tipo__sigla": "IND", "tipo__descricao": "Indica\u00e7\u00e3o", "autoria": "RAFAEL PACHECO, BIGODE", "texto_original": "http://sapl.adamantina.sp.leg.br/media/sapl/public/materialegislativa/2023/14487/indicacao_022_43a_ordinaria.pdf", "ementa": "Solicitam seja criada uma horta comunit\u00e1ria no bairro Jardim Brasil."}, {"id": "14488", "ano": "2023", "numero": "23", "tipo__sigla": "IND", "tipo__descricao": "Indica\u00e7\u00e3o", "autoria": "RAFAEL PACHECO, ALCIO IKEDA, BIGODE", "texto_original": "http://sapl.adamantina.sp.leg.br/media/sapl/public/materialegislativa/2023/14488/indicacao_023_43a_ordinaria.pdf", "ementa": "Solicitam seja concedido o devido reajuste para R$ 38 no Vale Alimenta\u00e7\u00e3o de todos servidores p\u00fablicos municipais de Adamantina."}, {"id": "14489", "ano": "2023", "numero": "24", "tipo__sigla": "IND", "tipo__descricao": "Indica\u00e7\u00e3o", "autoria": "RAFAEL PACHECO", "texto_original": "http://sapl.adamantina.sp.leg.br/media/sapl/public/materialegislativa/2023/14489/indicacao_024_43a_ordinaria.pdf", "ementa": "Solicita proceder uma reforma no Posto de Sa\u00fade do bairro Jardim Adamantina. As paredes daquele local est\u00e3o com muito bolor, principalmente na sala do m\u00e9dico, do enfermeiro e da coleta de sangue (na parte nova constru\u00edda)."}, {"id": "14490", "ano": "2023", "numero": "25", "tipo__sigla": "IND", "tipo__descricao": "Indica\u00e7\u00e3o", "autoria": "RAFAEL PACHECO", "texto_original": "http://sapl.adamantina.sp.leg.br/media/sapl/public/materialegislativa/2023/14490/indicacao_025_43a_ordinaria.pdf", "ementa": "Solicita seja criado um Cronograma de Limpeza e Recolhimento de Lixos descartados por moradores nas ruas e estradas rurais do nosso munic\u00edpio, tais como m\u00f3veis usados, pneus velhos, eletrodom\u00e9sticos e todos os tipos de lixos grandes proveniente dos moradores dos bairros de Adamantina."}, {"id": "14491", "ano": "2023", "numero": "26", "tipo__sigla": "IND", "tipo__descricao": "Indica\u00e7\u00e3o", "autoria": "RAFAEL PACHECO", "texto_original": "http://sapl.adamantina.sp.leg.br/media/sapl/public/materialegislativa/2023/14491/indicacao_026_43a_ordinaria.pdf", "ementa": "Solicita sejam oferecidos sacos de lixo verdes para a popula\u00e7\u00e3o fazer a dispensa\u00e7\u00e3o de lixos recicl\u00e1veis, de forma gratuita."}, {"id": "14492", "ano": "2023", "numero": "27", "tipo__sigla": "IND", "tipo__descricao": "Indica\u00e7\u00e3o", "autoria": "RAFAEL PACHECO", "texto_original": "http://sapl.adamantina.sp.leg.br/media/sapl/public/materialegislativa/2023/14492/indicacao_027_43a_ordinaria.pdf", "ementa": "Solicita seja estudada a possibilidade de diminuir o per\u00edodo de f\u00e9rias nas creches municipais."}, {"id": "14493", "ano": "2023", "numero": "28", "tipo__sigla": "IND", "tipo__descricao": "Indica\u00e7\u00e3o", "autoria": "H\u00e9lio Jos\u00e9 dos Santos, Aguinaldo Pires Galv\u00e3o, NORIKO ONISHI SAITO, PAULO CERVELHEIRA, RIQUINHA DO BAR", "texto_original": "http://sapl.adamantina.sp.leg.br/media/sapl/public/materialegislativa/2023/14493/indicacao_028_43a_ordinaria.pdf", "ementa": "Solicitam sejam realizados estudos necess\u00e1rios sobre as propostas de altera\u00e7\u00e3o na Lei Complementar n\u00ba 94, de 22/11/2007, objetivando uma justa e necess\u00e1ria valoriza\u00e7\u00e3o dos educadores da rede municipal de educa\u00e7\u00e3o com vig\u00eancia neste ano de 2023."}, {"id": "14494", "ano": "2023", "numero": "29", "tipo__sigla": "IND", "tipo__descricao": "Indica\u00e7\u00e3o", "autoria": "H\u00e9lio Jos\u00e9 dos Santos, BIGODE, PAULO CERVELHEIRA", "texto_original": "http://sapl.adamantina.sp.leg.br/media/sapl/public/materialegislativa/2023/14494/indicacao_029_43a_ordinaria.pdf", "ementa": "Solicita realiza\u00e7\u00e3o de campanhas de imuniza\u00e7\u00e3o contra a covid-19, poliomielite (p\u00f3lio), sarampo e gripe (influenza)."}, {"id": "14495", "ano": "2023", "numero": "30", "tipo__sigla": "IND", "tipo__descricao": "Indica\u00e7\u00e3o", "autoria": "PAULO CERVELHEIRA", "texto_original": "http://sapl.adamantina.sp.leg.br/media/sapl/public/materialegislativa/2023/14495/indicacao_030_43a_ordinaria.pdf", "ementa": "Solicita implantar no tr\u00e2nsito de nossa cidade a mudan\u00e7a ocorrida no C\u00f3digo de Tr\u00e2nsito Brasileiro \u2013 CTB, consoante artigo 44-A, que permite ao motorista virar \u00e0 direita, mesmo que o sem\u00e1foro esteja em vermelho desde que a via esteja devidamente sinalizada, inclusive com a coloca\u00e7\u00e3o de placas."}, {"id": "14496", "ano": "2023", "numero": "31", "tipo__sigla": "IND", "tipo__descricao": "Indica\u00e7\u00e3o", "autoria": "ALCIO IKEDA", "texto_original": "http://sapl.adamantina.sp.leg.br/media/sapl/public/materialegislativa/2023/14496/indicacao_031_43a_ordinaria.pdf", "ementa": "Solicita seja estudada a possibilidade de cria\u00e7\u00e3o de vagas especiais para deficientes nas proximidades das entradas da EMEF Navarro de Andrade."}, {"id": "14497", "ano": "2023", "numero": "32", "tipo__sigla": "IND", "tipo__descricao": "Indica\u00e7\u00e3o", "autoria": "ALCIO IKEDA", "texto_original": "http://sapl.adamantina.sp.leg.br/media/sapl/public/materialegislativa/2023/14497/indicacao_032_43a_ordinaria.pdf", "ementa": "Solicitam sejam publicadas todas as Portarias, Decretos e todos os atos normativos ausentes no site da Prefeitura de Adamantina (adamantina.sp.gov.br). Indicamos ainda, que a publica\u00e7\u00e3o dos atos passe a ser realizado de acordo com a cronologia das publica\u00e7\u00f5es."}, {"id": "14498", "ano": "2023", "numero": "33", "tipo__sigla": "IND", "tipo__descricao": "Indica\u00e7\u00e3o", "autoria": "ALCIO IKEDA, RAFAEL PACHECO", "texto_original": "http://sapl.adamantina.sp.leg.br/media/sapl/public/materialegislativa/2023/14498/indicacao_033_43a_ordinaria.pdf", "ementa": "Solicitam sejam publicadas todas as Portarias, Decretos e todos os atos normativos ausentes no site da Prefeitura de Adamantina (adamantina.sp.gov.br). Indicamos ainda, que a publica\u00e7\u00e3o dos atos passe a ser realizado de acordo com a cronologia das publica\u00e7\u00f5es."}, {"id": "14499", "ano": "2023", "numero": "34", "tipo__sigla": "IND", "tipo__descricao": "Indica\u00e7\u00e3o", "autoria": "ALCIO IKEDA, BIGODE, RAFAEL PACHECO", "texto_original": "http://sapl.adamantina.sp.leg.br/media/sapl/public/materialegislativa/2023/14499/indicacao_034_43a_ordinaria.pdf", "ementa": "Solicitam realiza\u00e7\u00e3o de melhorias na Rua Germano Meira Vasconcelos, proximidades da Capela S\u00e3o Jo\u00e3o Batista, Mercado l\u00edder e ao centro comunit\u00e1rio do bairro."}, {"id": "14500", "ano": "2023", "numero": "35", "tipo__sigla": "IND", "tipo__descricao": "Indica\u00e7\u00e3o", "autoria": "ALCIO IKEDA, BIGODE, RAFAEL PACHECO", "texto_original": "http://sapl.adamantina.sp.leg.br/media/sapl/public/materialegislativa/2023/14500/indicacao_035_43a_ordinaria.pdf", "ementa": "Solicitam seja realizada constru\u00e7\u00e3o da cal\u00e7ada da \u00e1rea verde do Parque Tangar\u00e1, especialmente na Rua Juruva, local onde muitos pedestres caminham."}, {"id": "14501", "ano": "2023", "numero": "36", "tipo__sigla": "IND", "tipo__descricao": "Indica\u00e7\u00e3o", "autoria": "ALCIO IKEDA, H\u00e9lio Jos\u00e9 dos Santos, NORIKO ONISHI SAITO, PAULO CERVELHEIRA", "texto_original": "http://sapl.adamantina.sp.leg.br/media/sapl/public/materialegislativa/2023/14501/indicacao_036_43a_ordinaria.pdf", "ementa": "Solicitam sejam tomadas v\u00e1rias provid\u00eancias no Parque Itaipus, como identifica\u00e7\u00e3o do nome das ruas mediante pintura nos postes de energia ou placas de tr\u00e2nsito, demarca\u00e7\u00e3o de tr\u00e2nsito, instala\u00e7\u00e3o de redutores de velocidade e vistoria na Av. das Aroreiras, mais precisamente na quadra B, constru\u00e7\u00e3o de sarjet\u00e3o no entroncamento da Av das Aroiras e Rua Mogno, vistoria noturna para identificar l\u00e2mpadas queimadas e instala\u00e7\u00e3o de \u00e1rea de lazer ao lado da EMEI Crian\u00e7a Feliz, e ro\u00e7agem e limpeza nas \u00e1reas verdes do bairro."}, {"id": "14517", "ano": "2023", "numero": "37", "tipo__sigla": "IND", "tipo__descricao": "Indica\u00e7\u00e3o", "autoria": "BIGODE", "texto_original": "http://sapl.adamantina.sp.leg.br/media/sapl/public/materialegislativa/2023/14517/indicacao_037_44a_ordinaria.pdf", "ementa": "Solicita implantar redutor de velocidade (obst\u00e1culo) no prolongamento da Av. Rio Branco, trecho entre o Posto Itaipus e Conveni\u00eancia JW."}, {"id": "14518", "ano": "2023", "numero": "38", "tipo__sigla": "IND", "tipo__descricao": "Indica\u00e7\u00e3o", "autoria": "BIGODE", "texto_original": "http://sapl.adamantina.sp.leg.br/media/sapl/public/materialegislativa/2023/14518/indicacao_038_44a_ordinaria.pdf", "ementa": "Solicita proceder uma completa ro\u00e7agem e limpeza no enorme matagal que se encontra na \u00e1rea de lazer do Residencial Campos Verdes, proximidades da empresa CAMDA."}, {"id": "14519", "ano": "2023", "numero": "39", "tipo__sigla": "IND", "tipo__descricao": "Indica\u00e7\u00e3o", "autoria": "BIGODE", "texto_original": "http://sapl.adamantina.sp.leg.br/media/sapl/public/materialegislativa/2023/14519/indicacao_039_44a_ordinaria.pdf", "ementa": "Solicita proceder a\u00e7\u00f5es na \u00e1rea de lazer da AMJAIP: capina\u00e7\u00e3o, remo\u00e7\u00e3o de matos, grama e vegeta\u00e7\u00e3o rasteira, daninha em volta do campo de futebol; retirada completa de v\u00e1rios troncos e \u00e1rvores que foram cortadas; reparos em toda cal\u00e7ada em volta da \u00e1rea de lazer, e constru\u00e7\u00e3o de cal\u00e7adas para caminhadas no entorno no campo de futebol."}, {"id": "14520", "ano": "2023", "numero": "40", "tipo__sigla": "IND", "tipo__descricao": "Indica\u00e7\u00e3o", "autoria": "BIGODE", "texto_original": "http://sapl.adamantina.sp.leg.br/media/sapl/public/materialegislativa/2023/14520/indicacao_040_44a_ordinaria.pdf", "ementa": "Solicita promover estudos visando resolver definitivamente o ac\u00famulo de \u00e1gua que fica em frente das resid\u00eancias da Rua Francisco Alves de Lima, proximidades do n\u00ba 53, no Residencial Monte Alegre."}, {"id": "14521", "ano": "2023", "numero": "41", "tipo__sigla": "IND", "tipo__descricao": "Indica\u00e7\u00e3o", "autoria": "RIQUINHA DO BAR, Cid Jos\u00e9 Aparecido dos Santos", "texto_original": "http://sapl.adamantina.sp.leg.br/media/sapl/public/materialegislativa/2023/14521/indicacao_041_44a_ordinaria.pdf", "ementa": "Solicitam agilizar a pintura de faixas de pedestres na Al. Porto Alegre, proximidades do n\u00famero 312 e em toda a extens\u00e3o da Al. Belo Horizonte, tem do em vista que estes locais receberam recapeamento asf\u00e1ltico e est\u00e3o sem sinaliza\u00e7\u00e3o."}, {"id": "14522", "ano": "2023", "numero": "42", "tipo__sigla": "IND", "tipo__descricao": "Indica\u00e7\u00e3o", "autoria": "RIQUINHA DO BAR, Cid Jos\u00e9 Aparecido dos Santos", "texto_original": "http://sapl.adamantina.sp.leg.br/media/sapl/public/materialegislativa/2023/14522/indicacao_042_44a_ordinaria.pdf", "ementa": "Solicitam realizar com urg\u00eancia a poda da enorme \u00e1rvore localizada na Rua S\u00e3o Paulo, proximidades do n\u00ba 676. no Jardim Brasil."}, {"id": "14523", "ano": "2023", "numero": "43", "tipo__sigla": "IND", "tipo__descricao": "Indica\u00e7\u00e3o", "autoria": "NORIKO ONISHI SAITO, Cid Jos\u00e9 Aparecido dos Santos, H\u00e9lio Jos\u00e9 dos Santos, PAULO CERVELHEIRA", "texto_original": "http://sapl.adamantina.sp.leg.br/media/sapl/public/materialegislativa/2023/14523/indicacao_043_44a_ordinaria.pdf", "ementa": "Solicitam implantar uma vaga de estacionamento exclusivo por 15 minutos em frente ao Laborat\u00f3rio Labiol, na Rua Deputado Salles Filho, a fim de atender os pacientes que necessitam realizar exames, principalmente os idosos."}, {"id": "14524", "ano": "2023", "numero": "44", "tipo__sigla": "IND", "tipo__descricao": "Indica\u00e7\u00e3o", "autoria": "NORIKO ONISHI SAITO, Aguinaldo Pires Galv\u00e3o, Cid Jos\u00e9 Aparecido dos Santos, PAULO CERVELHEIRA, RIQUINHA DO BAR", "texto_original": "http://sapl.adamantina.sp.leg.br/media/sapl/public/materialegislativa/2023/14524/indicacao_044_44a_ordinaria.pdf", "ementa": "Solicitam proceder com urg\u00eancia e ro\u00e7agem e limpeza nas proximidades da linha f\u00e9rrea a fim de evitar queimadas e tamb\u00e9m deixar livre para os pedestres que fazem caminhada e os trabalhadores que utilizam diariamente para ter acesso a \u00e1rea comercial da cidade."}, {"id": "14525", "ano": "2023", "numero": "45", "tipo__sigla": "IND", "tipo__descricao": "Indica\u00e7\u00e3o", "autoria": "NORIKO ONISHI SAITO, Cid Jos\u00e9 Aparecido dos Santos", "texto_original": "http://sapl.adamantina.sp.leg.br/media/sapl/public/materialegislativa/2023/14525/indicacao_045_44a_ordinaria.pdf", "ementa": "Solicitam seja atendida solicita\u00e7\u00e3o da Escola Crist\u00e3 de Ensino, pintura de uma faixa de pedestres para travessia dos alunos do infantil Pr\u00e9 I e Pr\u00e9 II, em frente do novo port\u00e3o de entrada na Rua Padre N\u00f3brega, esquina com a Rua Sirlene Rodrigues de Castro."}, {"id": "14526", "ano": "2023", "numero": "46", "tipo__sigla": "IND", "tipo__descricao": "Indica\u00e7\u00e3o", "autoria": "RAFAEL PACHECO, BIGODE", "texto_original": "http://sapl.adamantina.sp.leg.br/media/sapl/public/materialegislativa/2023/14526/indicacao_046_44a_ordinaria.pdf", "ementa": "Solicitam seja criada uma horta comunit\u00e1ria no bairro Jardim Brasil."}, {"id": "14527", "ano": "2023", "numero": "47", "tipo__sigla": "IND", "tipo__descricao": "Indica\u00e7\u00e3o", "autoria": "RAFAEL PACHECO, ALCIO IKEDA, BIGODE", "texto_original": "http://sapl.adamantina.sp.leg.br/media/sapl/public/materialegislativa/2023/14527/indicacao_047_44a_ordinaria.pdf", "ementa": "Solicitam seja uma ampla campanha contra a dengue na cidade de Adamantina."}, {"id": "14528", "ano": "2023", "numero": "48", "tipo__sigla": "IND", "tipo__descricao": "Indica\u00e7\u00e3o", "autoria": "RAFAEL PACHECO", "texto_original": "http://sapl.adamantina.sp.leg.br/media/sapl/public/materialegislativa/2023/14528/indicacao_048_44a_ordinaria.pdf", "ementa": "Solicita sejam empreendidos esfor\u00e7os para colocar mais bancos no Parque dos Pioneiros."}, {"id": "14529", "ano": "2023", "numero": "49", "tipo__sigla": "IND", "tipo__descricao": "Indica\u00e7\u00e3o", "autoria": "RAFAEL PACHECO", "texto_original": "http://sapl.adamantina.sp.leg.br/media/sapl/public/materialegislativa/2023/14529/indicacao_049_44a_ordinaria.pdf", "ementa": "Solicita sejam empreendidos esfor\u00e7os para realizar uma total reforma e amplia\u00e7\u00e3o do banheiro do Parque dos Pioneiros."}, {"id": "14530", "ano": "2023", "numero": "50", "tipo__sigla": "IND", "tipo__descricao": "Indica\u00e7\u00e3o", "autoria": "RAFAEL PACHECO", "texto_original": "http://sapl.adamantina.sp.leg.br/media/sapl/public/materialegislativa/2023/14530/indicacao_050_44a_ordinaria.pdf", "ementa": "Solicita que seja oferecida Internet de forma gratuita nos principais parques e \u00e1reas verdes do nosso munic\u00edpio, especialmente na Pra\u00e7a \u00c9lio Micheloni, no Parque dos Pioneiros, na Pra\u00e7a Jos\u00e9 Parrila (Pra\u00e7a da Estrela), no Parque dos Caldeiras, nos Campos do Jardim Adamantina e do Jardim Brasil, e em todas as demais Pra\u00e7as nos Bairros da nossa cidade com \u00e1rea de lazer."}, {"id": "14531", "ano": "2023", "numero": "51", "tipo__sigla": "IND", "tipo__descricao": "Indica\u00e7\u00e3o", "autoria": "H\u00e9lio Jos\u00e9 dos Santos, Aguinaldo Pires Galv\u00e3o, ALCIO IKEDA, NORIKO ONISHI SAITO, PAULO CERVELHEIRA", "texto_original": "http://sapl.adamantina.sp.leg.br/media/sapl/public/materialegislativa/2023/14531/indicacao_051_44a_ordinaria.pdf", "ementa": "Solicitam ado\u00e7\u00e3o de medidas legais, visando uma nova reestrutura\u00e7\u00e3o ou adequa\u00e7\u00e3o na carreira dos empregos permanentes de auxiliares de empregos na \u00e1rea de sa\u00fade (Farm\u00e1cia, Laborat\u00f3rio, Sa\u00fade Bucal), bem como os cargos de Topografia, Borracheiro, Funileiro, Ferramenteiro, Almoxarife e os Assistentes de Controle de Vetores, pois entendemos se tratar de uma quest\u00e3o de inteira justi\u00e7a e de isonomia de carreiras p\u00fablicas."}, {"id": "14532", "ano": "2023", "numero": "52", "tipo__sigla": "IND", "tipo__descricao": "Indica\u00e7\u00e3o", "autoria": "H\u00e9lio Jos\u00e9 dos Santos, BIGODE, PAULO CERVELHEIRA", "texto_original": "http://sapl.adamantina.sp.leg.br/media/sapl/public/materialegislativa/2023/14532/indicacao_052_44a_ordinaria.pdf", "ementa": "Solicitam seja estudada a possibilidade de conceder falta justificada \u00e0s servidoras municipais que se submeterem anualmente ao exame ginecol\u00f3gico (Papanicolau), bem como tamb\u00e9m conceder falta justificada aos servidores municipais que se realizarem uma vez ao ano o exame da pr\u00f3stata, no entanto, em ambos os casos, o dia somente ser\u00e1 considerado como falta justificada ap\u00f3s a comprova\u00e7\u00e3o dos referidos exames, que poder\u00e3o ser realizados na rede p\u00fablica ou rede privada de sa\u00fade, sendo que esta nossa justa e necess\u00e1ria solicita\u00e7\u00e3o tem o apoio do Senhor Nivaldo Martins do Nascimento (Londrina), presidente do Sindicato dos Servidores P\u00fablicos Municipais - Sindserv."}, {"id": "14533", "ano": "2023", "numero": "53", "tipo__sigla": "IND", "tipo__descricao": "Indica\u00e7\u00e3o", "autoria": "H\u00e9lio Jos\u00e9 dos Santos", "texto_original": "http://sapl.adamantina.sp.leg.br/media/sapl/public/materialegislativa/2023/14533/indicacao_053_44a_ordinaria.pdf", "ementa": "Solicita instala\u00e7\u00e3o de um recipiente coletor de lixo urbano (lixeira), na Alameda Br\u00e1ulio Molina Frias, na Vila Cicma, mais precisamente nas proximidades da Diretoria de Ensino - Regi\u00e3o de Adamantina, pois em muitas ocasi\u00f5es o material descartado ficou exposto na cal\u00e7ada, sem nenhum tipo de prote\u00e7\u00e3o contra atos danosos de qualquer ordem ou natureza."}, {"id": "14534", "ano": "2023", "numero": "54", "tipo__sigla": "IND", "tipo__descricao": "Indica\u00e7\u00e3o", "autoria": "BIGODE", "texto_original": "http://sapl.adamantina.sp.leg.br/media/sapl/public/materialegislativa/2023/14534/indicacao_054_44a_ordinaria.pdf", "ementa": "Solicita proceder a pintura de faixa de pedestres no quarteir\u00e3o onde fica o ACREA, Av. Deputado Cunha Bueno, esquinas com as Ruas Joaquim Nabuco e Nove de Julho, bem como proceder demarca\u00e7\u00e3o em amarelo nas guias das esquinas mencionadas a fim de coibir estacionamento irregular de ve\u00edculos."}, {"id": "14535", "ano": "2023", "numero": "55", "tipo__sigla": "IND", "tipo__descricao": "Indica\u00e7\u00e3o", "autoria": "ALCIO IKEDA", "texto_original": "http://sapl.adamantina.sp.leg.br/media/sapl/public/materialegislativa/2023/14535/indicacao_055_44a_ordinaria.pdf", "ementa": "Solicita sejam tomadas provid\u00eancias para a redu\u00e7\u00e3o da velocidade de ve\u00edculos na Rua Vergueiro, proximidades da resid\u00eancia n\u00ba 230, no bairro Parque do Sol (instala\u00e7\u00e3o de redutor, ou outra medida sugerida por estudo t\u00e9cnico)."}, {"id": "14536", "ano": "2023", "numero": "56", "tipo__sigla": "IND", "tipo__descricao": "Indica\u00e7\u00e3o", "autoria": "ALCIO IKEDA", "texto_original": "http://sapl.adamantina.sp.leg.br/media/sapl/public/materialegislativa/2023/14536/indicacao_056_44a_ordinaria.pdf", "ementa": "Solicita estudar a possibilidade de implantar uma vaga r\u00e1pida (estacionamento rotativo) em frente da Fisiocl\u00ednica Granado, localizada na Rua Joaquim Nabuco, 65, Centro."}, {"id": "14537", "ano": "2023", "numero": "57", "tipo__sigla": "IND", "tipo__descricao": "Indica\u00e7\u00e3o", "autoria": "ALCIO IKEDA", "texto_original": "http://sapl.adamantina.sp.leg.br/media/sapl/public/materialegislativa/2023/14537/indicacao_057_44a_ordinaria.pdf", "ementa": "Solicita seja realizada a instala\u00e7\u00e3o de um novo ponto de \u00f4nibus na continua\u00e7\u00e3o da Al. Padre Nobrega (Dante Bolgue), proximidades da esquina com a rua Francisco Alves de Lima."}, {"id": "14538", "ano": "2023", "numero": "58", "tipo__sigla": "IND", "tipo__descricao": "Indica\u00e7\u00e3o", "autoria": "ALCIO IKEDA", "texto_original": "http://sapl.adamantina.sp.leg.br/media/sapl/public/materialegislativa/2023/14538/indicacao_058_44a_ordinaria.pdf", "ementa": "Solicita seja realizada a instala\u00e7\u00e3o de grades protegendo a boca de lobo localizada na esquina do Parque dos Pioneiros."}, {"id": "14539", "ano": "2023", "numero": "59", "tipo__sigla": "IND", "tipo__descricao": "Indica\u00e7\u00e3o", "autoria": "ALCIO IKEDA, PAULO CERVELHEIRA", "texto_original": "http://sapl.adamantina.sp.leg.br/media/sapl/public/materialegislativa/2023/14539/indicacao_059_44a_ordinaria.pdf", "ementa": "Solicitam seja realizada a manuten\u00e7\u00e3o das cal\u00e7adas do Parque dos Pioneiros, considerando o estado prec\u00e1rio que v\u00e1rios pontos se encontram, fazendo com que pedestres tropecem e caiam."}, {"id": "14540", "ano": "2023", "numero": "60", "tipo__sigla": "IND", "tipo__descricao": "Indica\u00e7\u00e3o", "autoria": "ALCIO IKEDA, PAULO CERVELHEIRA", "texto_original": "http://sapl.adamantina.sp.leg.br/media/sapl/public/materialegislativa/2023/14540/indicacao_060_44a_ordinaria.pdf", "ementa": "Solicitam que as ruas do Parque dos Universit\u00e1rios sejam inseridas na programa\u00e7\u00e3o de recape da Secretaria Municipal de Obras, especialmente, a Rua dos Acad\u00eamicos que se encontra em condi\u00e7\u00f5es prec\u00e1rias."}, {"id": "14541", "ano": "2023", "numero": "61", "tipo__sigla": "IND", "tipo__descricao": "Indica\u00e7\u00e3o", "autoria": "ALCIO IKEDA, PAULO CERVELHEIRA", "texto_original": "http://sapl.adamantina.sp.leg.br/media/sapl/public/materialegislativa/2023/14541/indicacao_061_44a_ordinaria.pdf", "ementa": "Solicitam seja realizada a sinaliza\u00e7\u00e3o de solo \u201cPARE\u201d nos bairros Parque dos Universit\u00e1rios e Residencial San Miguel II, indicando as vias preferenciais."}, {"id": "14542", "ano": "2023", "numero": "62", "tipo__sigla": "IND", "tipo__descricao": "Indica\u00e7\u00e3o", "autoria": "ALCIO IKEDA, Aguinaldo Pires Galv\u00e3o, BIGODE, PAULO CERVELHEIRA, RAFAEL PACHECO", "texto_original": "http://sapl.adamantina.sp.leg.br/media/sapl/public/materialegislativa/2023/14542/indicacao_062_44a_ordinaria.pdf", "ementa": "Solicitam seja realizada a programa\u00e7\u00e3o para a realiza\u00e7\u00e3o de mutir\u00f5es de recolhimento de entulhos e materiais inserv\u00edveis de forma peri\u00f3dica e em todos bairros de nossa cidade, visando ampliar as a\u00e7\u00f5es em combate \u00e0 dengue e \u00e0 leishmaniose."}, {"id": "14543", "ano": "2023", "numero": "63", "tipo__sigla": "IND", "tipo__descricao": "Indica\u00e7\u00e3o", "autoria": "ALCIO IKEDA, BIGODE, PAULO CERVELHEIRA, RAFAEL PACHECO", "texto_original": "http://sapl.adamantina.sp.leg.br/media/sapl/public/materialegislativa/2023/14543/indicacao_063_44a_ordinaria.pdf", "ementa": "Solicitam sejam adotadas medidas para atra\u00e7\u00e3o de empresas interessadas em participar dos processos licitat\u00f3rios para concess\u00e3o de im\u00f3veis com fins comerciais e industriais."}, {"id": "14569", "ano": "2023", "numero": "64", "tipo__sigla": "IND", "tipo__descricao": "Indica\u00e7\u00e3o", "autoria": "NORIKO ONISHI SAITO, Aguinaldo Pires Galv\u00e3o, Cid Jos\u00e9 Aparecido dos Santos, H\u00e9lio Jos\u00e9 dos Santos, PAULO CERVELHEIRA, RIQUINHA DO BAR", "texto_original": "http://sapl.adamantina.sp.leg.br/media/sapl/public/materialegislativa/2023/14569/indicacao_064_45a_ordinaria.pdf", "ementa": "Solicitam realizar com urg\u00eancia a poda das \u00e1rvores localizadas na Rua Ant\u00f4nio Felix de Freitas, na Vila Freitas."}, {"id": "14570", "ano": "2023", "numero": "65", "tipo__sigla": "IND", "tipo__descricao": "Indica\u00e7\u00e3o", "autoria": "NORIKO ONISHI SAITO, Aguinaldo Pires Galv\u00e3o, Cid Jos\u00e9 Aparecido dos Santos, H\u00e9lio Jos\u00e9 dos Santos, PAULO CERVELHEIRA, RIQUINHA DO BAR", "texto_original": "http://sapl.adamantina.sp.leg.br/media/sapl/public/materialegislativa/2023/14570/indicacao_065_45a_ordinaria.pdf", "ementa": "Solicitam melhorar a ilumina\u00e7\u00e3o p\u00fablica na Al. Jo\u00e3o Andrade, proximidades do n\u00ba 519, onde h\u00e1 postes com l\u00e2mpadas queimadas, bem como melhorar a ilumina\u00e7\u00e3o da Pra\u00e7a Prof\u00aa Oneide dos Santos Morelatti, localizada no Jardim das Tipuanas, pois encontra-se \u00e0s escuras."}, {"id": "14571", "ano": "2023", "numero": "66", "tipo__sigla": "IND", "tipo__descricao": "Indica\u00e7\u00e3o", "autoria": "NORIKO ONISHI SAITO, Aguinaldo Pires Galv\u00e3o, Cid Jos\u00e9 Aparecido dos Santos, H\u00e9lio Jos\u00e9 dos Santos, PAULO CERVELHEIRA, RIQUINHA DO BAR", "texto_original": "http://sapl.adamantina.sp.leg.br/media/sapl/public/materialegislativa/2023/14571/indicacao_066_45a_ordinaria.pdf", "ementa": "Solicitam proceder completa ro\u00e7agem e limpeza no entorno da \u00e1rea verde da empresa Leite J\u00f3ia, que encontra-se tomada por enorme matagal."}, {"id": "14572", "ano": "2023", "numero": "67", "tipo__sigla": "IND", "tipo__descricao": "Indica\u00e7\u00e3o", "autoria": "PAULO CERVELHEIRA, NORIKO ONISHI SAITO", "texto_original": "http://sapl.adamantina.sp.leg.br/media/sapl/public/materialegislativa/2023/14572/indicacao_067_45a_ordinaria.pdf", "ementa": "Solicitam seja averiguada com urg\u00eancia a situa\u00e7\u00e3o da via p\u00fablica, fundos da Rua Para\u00edba, 17, localizada na proximidade do Viaduto Ant\u00f4nia Geralda Tinetti, uma vez que apresenta problemas no asfalto como rachaduras, fendas, buracos, afundamento e remendos."}, {"id": "14573", "ano": "2023", "numero": "68", "tipo__sigla": "IND", "tipo__descricao": "Indica\u00e7\u00e3o", "autoria": "PAULO CERVELHEIRA, NORIKO ONISHI SAITO", "texto_original": "http://sapl.adamantina.sp.leg.br/media/sapl/public/materialegislativa/2023/14573/indicacao_068_45a_ordinaria.pdf", "ementa": "Solicitam proceder, com urg\u00eancia, a limpeza da \u00e1rea localizada na proximidade do Viaduto Ant\u00f4nia Geralda Tinetti, fundos da Rua Para\u00edba, 17, no Jardim Brasil, uma vez que o local encontra-se tomado por matagal e algumas \u00e1rvores."}, {"id": "14574", "ano": "2023", "numero": "69", "tipo__sigla": "IND", "tipo__descricao": "Indica\u00e7\u00e3o", "autoria": "BIGODE", "texto_original": "http://sapl.adamantina.sp.leg.br/media/sapl/public/materialegislativa/2023/14574/indicacao_069_45a_ordinaria.pdf", "ementa": "Solicita construir cal\u00e7ada ao redor de toda a pra\u00e7a Waldemar Romanini, no Jardim Adamantina, onde est\u00e3o localizados o campo de futebol, academia ao ar livre, bem como notificar os propriet\u00e1rios dos im\u00f3veis do lado esquerdo da avenida para construir cal\u00e7adas da Av. das Aroeiras, no Parque Itaipus, at\u00e9 o porto de areia."}, {"id": "14575", "ano": "2023", "numero": "70", "tipo__sigla": "IND", "tipo__descricao": "Indica\u00e7\u00e3o", "autoria": "Aguinaldo Pires Galv\u00e3o, Cid Jos\u00e9 Aparecido dos Santos, RIQUINHA DO BAR", "texto_original": "http://sapl.adamantina.sp.leg.br/media/sapl/public/materialegislativa/2023/14575/indicacao_070_45a_ordinaria.pdf", "ementa": "Solicitam regulamentar o estacionamento da Rua Domingos Xavier da Silva, Vila Jurema, que liga a Al. Fern\u00e3o Dias \u00e0 Av. Rio Branco, a fim de permitir o estacionamento em apenas um dos lados da rua, pois o local tem tr\u00e1fego intenso de ve\u00edculos."}, {"id": "14576", "ano": "2023", "numero": "71", "tipo__sigla": "IND", "tipo__descricao": "Indica\u00e7\u00e3o", "autoria": "Aguinaldo Pires Galv\u00e3o, Cid Jos\u00e9 Aparecido dos Santos, RIQUINHA DO BAR", "texto_original": "http://sapl.adamantina.sp.leg.br/media/sapl/public/materialegislativa/2023/14576/indicacao_071_45a_ordinaria.pdf", "ementa": "Solicitam a retomada da distribui\u00e7\u00e3o de p\u00e3es e caf\u00e9 aos funcion\u00e1rios dos setores de Obras, Agricultura e outros que frequentam o almoxarifado municipal, visando estimular e proporcionar um caf\u00e9 da manh\u00e3 digno, antes do in\u00edcio de sua jornada de trabalho."}, {"id": "14577", "ano": "2023", "numero": "72", "tipo__sigla": "IND", "tipo__descricao": "Indica\u00e7\u00e3o", "autoria": "RAFAEL PACHECO", "texto_original": "http://sapl.adamantina.sp.leg.br/media/sapl/public/materialegislativa/2023/14577/indicacao_072_45a_ordinaria.pdf", "ementa": "Solicita fazer uma total limpeza ao redor da horta comunit\u00e1ria do Jardim Adamantina."}, {"id": "14578", "ano": "2023", "numero": "73", "tipo__sigla": "IND", "tipo__descricao": "Indica\u00e7\u00e3o", "autoria": "RAFAEL PACHECO", "texto_original": "http://sapl.adamantina.sp.leg.br/media/sapl/public/materialegislativa/2023/14578/indicacao_073_45a_ordinaria.pdf", "ementa": "Solicita oferecer, de forma emergencial, ca\u00e7ambas nos diversos bairros e centro da cidade para o descarte de lixo pela popula\u00e7\u00e3o."}, {"id": "14579", "ano": "2023", "numero": "74", "tipo__sigla": "IND", "tipo__descricao": "Indica\u00e7\u00e3o", "autoria": "RAFAEL PACHECO", "texto_original": "http://sapl.adamantina.sp.leg.br/media/sapl/public/materialegislativa/2023/14579/indicacao_074_45a_ordinaria.pdf", "ementa": "Solicita fazer um recapeamento na malha asf\u00e1ltica do bairro Parque Universit\u00e1rio, especialmente na Rua dos Acad\u00eamicos."}, {"id": "14580", "ano": "2023", "numero": "75", "tipo__sigla": "IND", "tipo__descricao": "Indica\u00e7\u00e3o", "autoria": "RAFAEL PACHECO", "texto_original": "http://sapl.adamantina.sp.leg.br/media/sapl/public/materialegislativa/2023/14580/indicacao_075_45a_ordinaria.pdf", "ementa": "Solicita seja consertada a ponte que passa sobre o c\u00f3rrego do Rancho na Estrada ADM Geraldo Jord\u00e3o que d\u00e1 acesso a Estrada 2."}, {"id": "14581", "ano": "2023", "numero": "76", "tipo__sigla": "IND", "tipo__descricao": "Indica\u00e7\u00e3o", "autoria": "RAFAEL PACHECO", "texto_original": "http://sapl.adamantina.sp.leg.br/media/sapl/public/materialegislativa/2023/14581/indicacao_076_45a_ordinaria.pdf", "ementa": "Solicita proceder a instala\u00e7\u00e3o de um redutor de velocidade na Rua Fioravante Sp\u00f3sito, na altura da Pra\u00e7a Jos\u00e9 Parrila (Pra\u00e7a da Estrela)."}, {"id": "14582", "ano": "2023", "numero": "77", "tipo__sigla": "IND", "tipo__descricao": "Indica\u00e7\u00e3o", "autoria": "RAFAEL PACHECO", "texto_original": "http://sapl.adamantina.sp.leg.br/media/sapl/public/materialegislativa/2023/14582/indicacao_077_45a_ordinaria.pdf", "ementa": "Solicita transformar em via de m\u00e3o \u00fanica a Al. Jo\u00e3o Andrade, rua de tr\u00e1s de Santa Casa."}, {"id": "14583", "ano": "2023", "numero": "78", "tipo__sigla": "IND", "tipo__descricao": "Indica\u00e7\u00e3o", "autoria": "BIGODE", "texto_original": "http://sapl.adamantina.sp.leg.br/media/sapl/public/materialegislativa/2023/14583/indicacao_078_45a_ordinaria.pdf", "ementa": "Solicita limpeza na \u00e1rea verde do Parque Itamarati, bem como no Conjunto Habitacional - CDHU Murilo Jacoud, que encontra-se tomado por enorme matagal."}, {"id": "14584", "ano": "2023", "numero": "79", "tipo__sigla": "IND", "tipo__descricao": "Indica\u00e7\u00e3o", "autoria": "BIGODE", "texto_original": "http://sapl.adamantina.sp.leg.br/media/sapl/public/materialegislativa/2023/14584/indicacao_079_45a_ordinaria.pdf", "ementa": "Solicita proceder v\u00e1rias a\u00e7\u00f5es na \u00e1rea de lazer da AMJAIP, como: Capina\u00e7\u00e3o, remo\u00e7\u00e3o de matos, grama e vegeta\u00e7\u00e3o rasteira, daninha em volta do campo de futebol, retirada completa de v\u00e1rios troncos e \u00e1rvores que foram cortadas, reparos em toda cal\u00e7ada em volta da \u00e1rea de lazer, e constru\u00e7\u00e3o de cal\u00e7adas para caminhadas no entorno no campo de futebol."}, {"id": "14585", "ano": "2023", "numero": "80", "tipo__sigla": "IND", "tipo__descricao": "Indica\u00e7\u00e3o", "autoria": "Aguinaldo Pires Galv\u00e3o, Cid Jos\u00e9 Aparecido dos Santos, RIQUINHA DO BAR", "texto_original": "http://sapl.adamantina.sp.leg.br/media/sapl/public/materialegislativa/2023/14585/indicacao_080_45a_ordinaria.pdf", "ementa": "Solicitam estudar a possibilidade de instalar um redutor de velocidade na Rua Laurindo Simonceli, proximidades da Faculdade FATEC, no Jardim Brasil, a fim de coibir o excesso de velocidade no local."}, {"id": "14586", "ano": "2023", "numero": "81", "tipo__sigla": "IND", "tipo__descricao": "Indica\u00e7\u00e3o", "autoria": "RIQUINHA DO BAR, Cid Jos\u00e9 Aparecido dos Santos", "texto_original": "http://sapl.adamantina.sp.leg.br/media/sapl/public/materialegislativa/2023/14586/indicacao_081_45a_ordinaria.pdf", "ementa": "Solicitam proceder com a m\u00e1xima urg\u00eancia a poda parcial das \u00e1rvores na Rua Jos\u00e9 Cardim pr\u00f3ximas da torre de transmiss\u00e3o de TV no Jardim Bela Vista, pois as \u00e1rvores cresceram desordenadamente e est\u00e3o oferecendo perigo."}, {"id": "14587", "ano": "2023", "numero": "82", "tipo__sigla": "IND", "tipo__descricao": "Indica\u00e7\u00e3o", "autoria": "RIQUINHA DO BAR, Aguinaldo Pires Galv\u00e3o, Cid Jos\u00e9 Aparecido dos Santos, NORIKO ONISHI SAITO", "texto_original": "http://sapl.adamantina.sp.leg.br/media/sapl/public/materialegislativa/2023/14587/indicacao_082_45a_ordinaria.pdf", "ementa": "Solicitam incluir na programa\u00e7\u00e3o de servi\u00e7os de aplica\u00e7\u00e3o de micro revestimento asf\u00e1ltico as ruas do Residencial Buritis, pois as mesmas encontram-se em p\u00e9ssimo estado de conserva\u00e7\u00e3o gerando reclama\u00e7\u00e3o dos moradores daquela localidade."}, {"id": "14588", "ano": "2023", "numero": "83", "tipo__sigla": "IND", "tipo__descricao": "Indica\u00e7\u00e3o", "autoria": "RIQUINHA DO BAR, Cid Jos\u00e9 Aparecido dos Santos, H\u00e9lio Jos\u00e9 dos Santos, NORIKO ONISHI SAITO", "texto_original": "http://sapl.adamantina.sp.leg.br/media/sapl/public/materialegislativa/2023/14588/indicacao_083_45a_ordinaria.pdf", "ementa": "Solicitam promover estudos visando a moderniza\u00e7\u00e3o da \u00e1rea de lazer do bairro Jardim Brasil, onde est\u00e1 localizado o campo de futebol, a fim de transform\u00e1-lo em uma quadra para pr\u00e1tica de futsal, v\u00f4lei e basquete, bem como um campo de futebol com grama sint\u00e9tica nos moldes do existente no Parque dos Pioneiros."}, {"id": "14589", "ano": "2023", "numero": "84", "tipo__sigla": "IND", "tipo__descricao": "Indica\u00e7\u00e3o", "autoria": "RIQUINHA DO BAR, Aguinaldo Pires Galv\u00e3o, Cid Jos\u00e9 Aparecido dos Santos, NORIKO ONISHI SAITO", "texto_original": "http://sapl.adamantina.sp.leg.br/media/sapl/public/materialegislativa/2023/14589/indicacao_084_45a_ordinaria.pdf", "ementa": "Solicitam proceder com urg\u00eancia melhorias na estrada do Bairro Lambari, principalmente a coloca\u00e7\u00e3o de cascalho nos pontos cr\u00edticos, provocados pelas fortes chuvas."}, {"id": "14590", "ano": "2023", "numero": "85", "tipo__sigla": "IND", "tipo__descricao": "Indica\u00e7\u00e3o", "autoria": "H\u00e9lio Jos\u00e9 dos Santos, ALCIO IKEDA, NORIKO ONISHI SAITO, PAULO CERVELHEIRA", "texto_original": "http://sapl.adamantina.sp.leg.br/media/sapl/public/materialegislativa/2023/14590/indicacao_085_45a_ordinaria.pdf", "ementa": "Solicitam iniciar estudos no sentido da implanta\u00e7\u00e3o de uma unidade b\u00e1sica em Adamantina, objetivando um atendimento cl\u00ednico especializado e direcionado \u00e0s mulheres do nosso munic\u00edpio, obviamente de forma muito mais humanizada e reservada, atrav\u00e9s de um Centro de Refer\u00eancia da Sa\u00fade da Mulher para a realiza\u00e7\u00e3o de consultas, exames, pr\u00e9-natal de alto risco, planejamento familiar, atendimento psicol\u00f3gico e social, podendo, inclusive utilizar a estrutura f\u00edsica, os equipamentos e materiais existentes no CIS - Centro Integrado de Sa\u00fade para oferecer um servi\u00e7o na \u00e1rea de sa\u00fade de qualidade e diferenciado para as mulheres do nosso munic\u00edpio."}, {"id": "14591", "ano": "2023", "numero": "86", "tipo__sigla": "IND", "tipo__descricao": "Indica\u00e7\u00e3o", "autoria": "H\u00e9lio Jos\u00e9 dos Santos, ALCIO IKEDA, NORIKO ONISHI SAITO, PAULO CERVELHEIRA", "texto_original": "http://sapl.adamantina.sp.leg.br/media/sapl/public/materialegislativa/2023/14591/indicacao_086_45a_ordinaria.pdf", "ementa": "Solicitam proceder instala\u00e7\u00e3o de um Conselho Municipal de Moradia Popular, com atribui\u00e7\u00f5es consultivas, fiscalizadoras e deliberativas, bem como com o intuito de propor as diretrizes para a formula\u00e7\u00e3o e implementa\u00e7\u00e3o da pol\u00edtica e do plano municipal de habita\u00e7\u00e3o de interesse social, com tamb\u00e9m para acompanhar e avaliar a sua execu\u00e7\u00e3o."}, {"id": "14592", "ano": "2023", "numero": "87", "tipo__sigla": "IND", "tipo__descricao": "Indica\u00e7\u00e3o", "autoria": "H\u00e9lio Jos\u00e9 dos Santos, Aguinaldo Pires Galv\u00e3o, NORIKO ONISHI SAITO, RIQUINHA DO BAR", "texto_original": "http://sapl.adamantina.sp.leg.br/media/sapl/public/materialegislativa/2023/14592/indicacao_087_45a_ordinaria.pdf", "ementa": "Solicitam a realiza\u00e7\u00e3o de obras e servi\u00e7os na Rua Tetsushi Haga, no trecho compreendido entre a Avenida Rio Branco at\u00e9 o Campus II da UniFAI - Centro Universit\u00e1rio de Adamantina, na seguinte conformidade: melhoria do sistema de ilumina\u00e7\u00e3o p\u00fablica; amplia\u00e7\u00e3o e melhoria no passeio p\u00fablico (cal\u00e7adas), sendo que um lado se encontra sem nenhuma condi\u00e7\u00e3o de uso; melhorar a sinaliza\u00e7\u00e3o horizontal e vertical, inclusive realizando servi\u00e7o de pintura e coloca\u00e7\u00e3o de placas de alerta e aviso; constru\u00e7\u00e3o e instala\u00e7\u00e3o de um ponto de \u00f4nibus, com cobertura destinado ao atendimento dos alunos da UniFAI e da comunidade como um todo."}, {"id": "14593", "ano": "2023", "numero": "88", "tipo__sigla": "IND", "tipo__descricao": "Indica\u00e7\u00e3o", "autoria": "ALCIO IKEDA, BIGODE, RAFAEL PACHECO", "texto_original": "http://sapl.adamantina.sp.leg.br/media/sapl/public/materialegislativa/2023/14593/indicacao_088_45a_ordinaria.pdf", "ementa": "Solicitam sejam realizadas as devidas manuten\u00e7\u00f5es na Pra\u00e7a Euclides Romanini (Pra\u00e7a dos Patos), localizada na entrada da cidade (in\u00edcio da via de acesso)."}, {"id": "14594", "ano": "2023", "numero": "89", "tipo__sigla": "IND", "tipo__descricao": "Indica\u00e7\u00e3o", "autoria": "ALCIO IKEDA", "texto_original": "http://sapl.adamantina.sp.leg.br/media/sapl/public/materialegislativa/2023/14594/indicacao_089_45a_ordinaria.pdf", "ementa": "Solicita proceder medidas para redu\u00e7\u00e3o de velocidade na Rua S\u00e3o Bento (Vila Jamil de Lima), quarteir\u00e3o entre a Al. Curitiba e Av. Marechal Castelo Branco."}, {"id": "14595", "ano": "2023", "numero": "90", "tipo__sigla": "IND", "tipo__descricao": "Indica\u00e7\u00e3o", "autoria": "ALCIO IKEDA", "texto_original": "http://sapl.adamantina.sp.leg.br/media/sapl/public/materialegislativa/2023/14595/indicacao_090_45a_ordinaria.pdf", "ementa": "Solicita seja estudada a readequa\u00e7\u00e3o dos servi\u00e7os de manuten\u00e7\u00e3o, ro\u00e7agem e limpeza de \u00e1reas verdes atrav\u00e9s da contrata\u00e7\u00e3o de mais funcion\u00e1rios ou da terceiriza\u00e7\u00e3o de parte dos servi\u00e7os."}, {"id": "14596", "ano": "2023", "numero": "91", "tipo__sigla": "IND", "tipo__descricao": "Indica\u00e7\u00e3o", "autoria": "ALCIO IKEDA", "texto_original": "http://sapl.adamantina.sp.leg.br/media/sapl/public/materialegislativa/2023/14596/indicacao_091_45a_ordinaria.pdf", "ementa": "Solicita sejam fiscalizados e vistoriados diversos terrenos da cidade, bem como notificados propriet\u00e1rios dos mesmos, particulares ou do setor p\u00fablico, para que procedam limpeza, ro\u00e7agem e outros cuidados por raz\u00f5es sanit\u00e1rias."}, {"id": "14597", "ano": "2023", "numero": "92", "tipo__sigla": "IND", "tipo__descricao": "Indica\u00e7\u00e3o", "autoria": "Cid Jos\u00e9 Aparecido dos Santos, Aguinaldo Pires Galv\u00e3o, H\u00e9lio Jos\u00e9 dos Santos, NORIKO ONISHI SAITO, RIQUINHA DO BAR", "texto_original": "http://sapl.adamantina.sp.leg.br/media/sapl/public/materialegislativa/2023/14597/indicacao_092_45a_ordinaria.pdf", "ementa": "Solicitam a realiza\u00e7\u00e3o dos servi\u00e7os de reforma da quadra esportiva do Parque Igua\u00e7u, bem como a concretagem na \u00e1rea de passeio ao seu redor da referida quadra esportiva e \u00e1rea verde."}, {"id": "14598", "ano": "2023", "numero": "93", "tipo__sigla": "IND", "tipo__descricao": "Indica\u00e7\u00e3o", "autoria": "Cid Jos\u00e9 Aparecido dos Santos, H\u00e9lio Jos\u00e9 dos Santos, NORIKO ONISHI SAITO, RIQUINHA DO BAR", "texto_original": "http://sapl.adamantina.sp.leg.br/media/sapl/public/materialegislativa/2023/14598/indicacao_093_45a_ordinaria.pdf", "ementa": "Solicitam sejam denominas as duas ruas do Bairro Residencial Campos Verdes com os nomes Idalina Piva Balista e Osvaldo Balista."}, {"id": "14599", "ano": "2023", "numero": "94", "tipo__sigla": "IND", "tipo__descricao": "Indica\u00e7\u00e3o", "autoria": "Cid Jos\u00e9 Aparecido dos Santos, H\u00e9lio Jos\u00e9 dos Santos, NORIKO ONISHI SAITO, RIQUINHA DO BAR", "texto_original": "http://sapl.adamantina.sp.leg.br/media/sapl/public/materialegislativa/2023/14599/indicacao_094_45a_ordinaria.pdf", "ementa": "Solicitam a instala\u00e7\u00e3o de uma lixeira comunit\u00e1ria no Conjunto Habitacional - CDHU Murilo Jacoud, no Parque Itamarati."}, {"id": "14600", "ano": "2023", "numero": "95", "tipo__sigla": "IND", "tipo__descricao": "Indica\u00e7\u00e3o", "autoria": "Cid Jos\u00e9 Aparecido dos Santos, H\u00e9lio Jos\u00e9 dos Santos, NORIKO ONISHI SAITO, RIQUINHA DO BAR", "texto_original": "http://sapl.adamantina.sp.leg.br/media/sapl/public/materialegislativa/2023/14600/indicacao_095_45a_ordinaria.pdf", "ementa": "Solicitam disponibiliza\u00e7\u00e3o e perman\u00eancia de mais um fiscal no Terminal do Rodovi\u00e1rio do munic\u00edpio e ainda a utiliza\u00e7\u00e3o atrav\u00e9s do conv\u00eanio de Atividade Delegada, no sentido de garantir a seguran\u00e7a e ordem do local por meio de perman\u00eancia de policiais militares nas depend\u00eancias do Terminal Rodovi\u00e1rio Tamoto Matuoka."}, {"id": "14601", "ano": "2023", "numero": "96", "tipo__sigla": "IND", "tipo__descricao": "Indica\u00e7\u00e3o", "autoria": "PAULO CERVELHEIRA", "texto_original": "http://sapl.adamantina.sp.leg.br/media/sapl/public/materialegislativa/2023/14601/indicacao_096_45a_ordinaria.pdf", "ementa": "Solicita regulamentar o estacionamento de ve\u00edculos na Al. Padre N\u00f3brega, no trecho entre a ponte do C\u00f3rrego Caldeira, at\u00e9 as Ruas Maria Esther Tofolli e Turqueza."}, {"id": "14627", "ano": "2023", "numero": "97", "tipo__sigla": "IND", "tipo__descricao": "Indica\u00e7\u00e3o", "autoria": "Aguinaldo Pires Galv\u00e3o, Cid Jos\u00e9 Aparecido dos Santos, PAULO CERVELHEIRA, RIQUINHA DO BAR", "texto_original": "http://sapl.adamantina.sp.leg.br/media/sapl/public/materialegislativa/2023/14627/indicacao_097_46a_ordinaria.pdf", "ementa": "Solicitam o cumprimento da Lei n\u00ba 3.761 de 25 de maio de 2017, que disp\u00f5e sobre a regulamenta\u00e7\u00e3o da coleta de entulhos nas obras de constru\u00e7\u00e3o, reforma e demoli\u00e7\u00e3o de Adamantina, principalmente seus artigos 1\u00ba e 2\u00ba que determinam como deve proceder o recolhimento dos entulhos."}, {"id": "14628", "ano": "2023", "numero": "98", "tipo__sigla": "IND", "tipo__descricao": "Indica\u00e7\u00e3o", "autoria": "Aguinaldo Pires Galv\u00e3o, Cid Jos\u00e9 Aparecido dos Santos, RIQUINHA DO BAR", "texto_original": "http://sapl.adamantina.sp.leg.br/media/sapl/public/materialegislativa/2023/14628/indicacao_098_46a_ordinaria.pdf", "ementa": "Solicitam proceder com a m\u00e1xima urg\u00eancia a ro\u00e7agem e limpeza nas laterais das Vicinais Pl\u00e1cido Rocha, Jos\u00e9 Bocardi e Pedro Monego, pois o mato tomou conta do acostamento, atrapalhando a visibilidade dos motoristas e escondendo as placas de sinaliza\u00e7\u00e3o."}, {"id": "14629", "ano": "2023", "numero": "99", "tipo__sigla": "IND", "tipo__descricao": "Indica\u00e7\u00e3o", "autoria": "Aguinaldo Pires Galv\u00e3o, Cid Jos\u00e9 Aparecido dos Santos, PAULO CERVELHEIRA, RIQUINHA DO BAR", "texto_original": "http://sapl.adamantina.sp.leg.br/media/sapl/public/materialegislativa/2023/14629/indicacao_099_46a_ordinaria.pdf", "ementa": "Solicitam instalar um redutor de velocidade (lombada), bem como sinalizar 30 km/h, na Rua Dion\u00edsio Bozzeto, que liga a Rua Santos Dumont ao Residencial Altos da Colina."}, {"id": "14630", "ano": "2023", "numero": "100", "tipo__sigla": "IND", "tipo__descricao": "Indica\u00e7\u00e3o", "autoria": "BIGODE, ALCIO IKEDA, PAULO CERVELHEIRA, RAFAEL PACHECO", "texto_original": "http://sapl.adamantina.sp.leg.br/media/sapl/public/materialegislativa/2023/14630/indicacao_100_46a_ordinaria.pdf", "ementa": "Solicitam instalar lumin\u00e1rias, tipo as existentes no Parque Caldeira, em toda a extens\u00e3o da linha f\u00e9rrea, do pontilh\u00e3o da Rua Joaquim Nabuco at\u00e9 a Rua Tetsushi Haga estendendo at\u00e9 o final do Jardim Adamantina."}, {"id": "14631", "ano": "2023", "numero": "101", "tipo__sigla": "IND", "tipo__descricao": "Indica\u00e7\u00e3o", "autoria": "BIGODE, ALCIO IKEDA, PAULO CERVELHEIRA, RAFAEL PACHECO", "texto_original": "http://sapl.adamantina.sp.leg.br/media/sapl/public/materialegislativa/2023/14631/indicacao_101_46a_ordinaria.pdf", "ementa": "Solicitam proceder reparos em toda a malha asf\u00e1ltica do trevo principal da cidade, inclusive tapar os buracos decorrentes das fortes chuvas, a fim de evitar poss\u00edveis acidentes."}, {"id": "14632", "ano": "2023", "numero": "102", "tipo__sigla": "IND", "tipo__descricao": "Indica\u00e7\u00e3o", "autoria": "Aguinaldo Pires Galv\u00e3o, Cid Jos\u00e9 Aparecido dos Santos, PAULO CERVELHEIRA, RIQUINHA DO BAR", "texto_original": "http://sapl.adamantina.sp.leg.br/media/sapl/public/materialegislativa/2023/14632/indicacao_102_46a_ordinaria.pdf", "ementa": "Solicitam instalar lumin\u00e1rias na extens\u00e3o da rede el\u00e9trica no final da Rua Dion\u00edsio Bozzeto, Residencial Calif\u00f3rnia, acesso ao Residencial Altos da Colina."}, {"id": "14633", "ano": "2023", "numero": "103", "tipo__sigla": "IND", "tipo__descricao": "Indica\u00e7\u00e3o", "autoria": "NORIKO ONISHI SAITO, H\u00e9lio Jos\u00e9 dos Santos, RIQUINHA DO BAR", "texto_original": "http://sapl.adamantina.sp.leg.br/media/sapl/public/materialegislativa/2023/14633/indicacao_103_46a_ordinaria.pdf", "ementa": "Solicitam proceder a poda dos matos e uma completa limpeza na cal\u00e7ada da \u00e1rea de lazer arborizada, localizada na Rua Prof\u00aa Maria Esther Tofoli, no Bairro Monte Alegre."}, {"id": "14634", "ano": "2023", "numero": "104", "tipo__sigla": "IND", "tipo__descricao": "Indica\u00e7\u00e3o", "autoria": "RIQUINHA DO BAR, Cid Jos\u00e9 Aparecido dos Santos, H\u00e9lio Jos\u00e9 dos Santos, NORIKO ONISHI SAITO", "texto_original": "http://sapl.adamantina.sp.leg.br/media/sapl/public/materialegislativa/2023/14634/indicacao_104_46a_ordinaria.pdf", "ementa": "Solicitam proceder com a m\u00e1xima urg\u00eancia a lavagem das cal\u00e7adas, interna e externa, da Pra\u00e7a \u00c9lio Micheloni, \u00e1rea central da cidade."}, {"id": "14635", "ano": "2023", "numero": "105", "tipo__sigla": "IND", "tipo__descricao": "Indica\u00e7\u00e3o", "autoria": "NORIKO ONISHI SAITO", "texto_original": "http://sapl.adamantina.sp.leg.br/media/sapl/public/materialegislativa/2023/14635/indicacao_105_46a_ordinaria.pdf", "ementa": "Solicita proceder, com urg\u00eancia, v\u00e1rias a\u00e7\u00f5es de melhorias na Pra\u00e7a Kobori Kazuo, como reparos na cal\u00e7ada, poda de galhos das \u00e1rvores que est\u00e3o muito altas e comprometendo a rede el\u00e9trica, repintura nos postes para poder identificar os devidos nomes das ruas, e instala\u00e7\u00e3o de lixeiras em torno dessa rua."}, {"id": "14636", "ano": "2023", "numero": "106", "tipo__sigla": "IND", "tipo__descricao": "Indica\u00e7\u00e3o", "autoria": "NORIKO ONISHI SAITO, Cid Jos\u00e9 Aparecido dos Santos, PAULO CERVELHEIRA, RIQUINHA DO BAR", "texto_original": "http://sapl.adamantina.sp.leg.br/media/sapl/public/materialegislativa/2023/14636/indicacao_106_46a_ordinaria.pdf", "ementa": "Solicitam proceder estudos visando a constru\u00e7\u00e3o ou instala\u00e7\u00e3o de bancos na \u00e1rea verde denominada Prof\u00aa Oneide dos Santos Morelatti no Bairro Tipuanas."}, {"id": "14637", "ano": "2023", "numero": "107", "tipo__sigla": "IND", "tipo__descricao": "Indica\u00e7\u00e3o", "autoria": "NORIKO ONISHI SAITO", "texto_original": "http://sapl.adamantina.sp.leg.br/media/sapl/public/materialegislativa/2023/14637/indicacao_107_46a_ordinaria.pdf", "ementa": "Solicita proceder reparos das cal\u00e7adas no entorno da Escola EMEI-I Raio de Sol, localizada na Rua Luiz Gasparini, com a Rua Jo\u00e3o Andrade e Oleg\u00e1rio Campos Souza, Bairro Oiti/Tipuanas."}, {"id": "14638", "ano": "2023", "numero": "108", "tipo__sigla": "IND", "tipo__descricao": "Indica\u00e7\u00e3o", "autoria": "NORIKO ONISHI SAITO", "texto_original": "http://sapl.adamantina.sp.leg.br/media/sapl/public/materialegislativa/2023/14638/indicacao_108_46a_ordinaria.pdf", "ementa": "Solicita proceder v\u00e1rias a\u00e7\u00f5es na Rua Walter Massafero, no Residencial Jaragu\u00e1, como reparos nas cal\u00e7adas, substituir a placa do nome da rua, pois a existente est\u00e1 desbotada e quase n\u00e3o da pra ler a denomina\u00e7\u00e3o, fazer poda parcial de todas as \u00e1rvores, pois est\u00e3o muito altas, comprometendo a rede el\u00e9trica, e colocar lixeiras em toda extens\u00e3o da rua."}, {"id": "14639", "ano": "2023", "numero": "109", "tipo__sigla": "IND", "tipo__descricao": "Indica\u00e7\u00e3o", "autoria": "PAULO CERVELHEIRA, NORIKO ONISHI SAITO", "texto_original": "http://sapl.adamantina.sp.leg.br/media/sapl/public/materialegislativa/2023/14639/indicacao_109_46a_ordinaria.pdf", "ementa": "Solicitam proceder reparos necess\u00e1rios nas salas de atendimento na UBS do Jardim Adamantina."}, {"id": "14640", "ano": "2023", "numero": "110", "tipo__sigla": "IND", "tipo__descricao": "Indica\u00e7\u00e3o", "autoria": "PAULO CERVELHEIRA", "texto_original": "http://sapl.adamantina.sp.leg.br/media/sapl/public/materialegislativa/2023/14640/indicacao_110_46a_ordinaria.pdf", "ementa": "Solicita designar um eletricista para proceder a troca dos cabos de internet do container de atendimento m\u00e9dico instalado na UBS de Jardim Adamantina."}, {"id": "14641", "ano": "2023", "numero": "111", "tipo__sigla": "IND", "tipo__descricao": "Indica\u00e7\u00e3o", "autoria": "BIGODE, ALCIO IKEDA, PAULO CERVELHEIRA, RAFAEL PACHECO", "texto_original": "http://sapl.adamantina.sp.leg.br/media/sapl/public/materialegislativa/2023/14641/indicacao_111_46a_ordinaria.pdf", "ementa": "Solicitam proceder a poda parcial das \u00e1rvores localizadas na Rua Padre Caetano Maria Dolcim\u00e1sculo, mais precisamente em frente \u00e0 Casa dos Garotos, bem como melhorar a ilumina\u00e7\u00e3o do local que encontra-se \u00e0s escuras devido as \u00e1rvores e precariedade da ilumina\u00e7\u00e3o."}, {"id": "14642", "ano": "2023", "numero": "112", "tipo__sigla": "IND", "tipo__descricao": "Indica\u00e7\u00e3o", "autoria": "RAFAEL PACHECO", "texto_original": "http://sapl.adamantina.sp.leg.br/media/sapl/public/materialegislativa/2023/14642/indicacao_112_46a_ordinaria.pdf", "ementa": "Solicito seja criado um Cronograma de Limpeza e Recolhimento de Lixos descartados por moradores nas ruas e estradas rurais do nosso munic\u00edpio, tais como m\u00f3veis usados, pneus velhos, eletrodom\u00e9sticos e todos os tipos de lixos grandes proveniente dos moradores dos bairros de Adamantina, bem como que estas coletas sejam realizadas ao menos a cada seis meses em cada bairro da nossa cidade, com ampla divulga\u00e7\u00e3o."}, {"id": "14643", "ano": "2023", "numero": "113", "tipo__sigla": "IND", "tipo__descricao": "Indica\u00e7\u00e3o", "autoria": "RAFAEL PACHECO", "texto_original": "http://sapl.adamantina.sp.leg.br/media/sapl/public/materialegislativa/2023/14643/indicacao_113_46a_ordinaria.pdf", "ementa": "Solicito seja instalado um sem\u00e1foro na Rodovia/Estrada Moys\u00e9s Justino da Silva com faixa de pedestres, na altura do no Bairro Bella Vista, na Rodovia Moys\u00e9s Justino da Silva."}, {"id": "14644", "ano": "2023", "numero": "114", "tipo__sigla": "IND", "tipo__descricao": "Indica\u00e7\u00e3o", "autoria": "RAFAEL PACHECO, ALCIO IKEDA, BIGODE", "texto_original": "http://sapl.adamantina.sp.leg.br/media/sapl/public/materialegislativa/2023/14644/indicacao_114_46a_ordinaria.pdf", "ementa": "Solicitam de instalar um redutor de velocidade na Av. Marechal Castelo Branco (do tipo \u201clombada eletr\u00f4nica\u201d), nossa principal via de acesso."}, {"id": "14645", "ano": "2023", "numero": "115", "tipo__sigla": "IND", "tipo__descricao": "Indica\u00e7\u00e3o", "autoria": "RAFAEL PACHECO, ALCIO IKEDA, BIGODE", "texto_original": "http://sapl.adamantina.sp.leg.br/media/sapl/public/materialegislativa/2023/14645/indicacao_115_46a_ordinaria.pdf", "ementa": "Solicitam agilizar o processo de ro\u00e7agem e limpeza do mato nas \u00e1reas verdes pertencentes ao poder p\u00fablico municipal."}, {"id": "14646", "ano": "2023", "numero": "116", "tipo__sigla": "IND", "tipo__descricao": "Indica\u00e7\u00e3o", "autoria": "RAFAEL PACHECO, ALCIO IKEDA, BIGODE", "texto_original": "http://sapl.adamantina.sp.leg.br/media/sapl/public/materialegislativa/2023/14646/indicacao_116_46a_ordinaria.pdf", "ementa": "Solicitam sejam distribu\u00eddos sacos de lixo verdes (de forma gratuita) em todas as resid\u00eancias de Adamantina, e, tamb\u00e9m, seja feita uma ampla divulga\u00e7\u00e3o informando a popula\u00e7\u00e3o sobre os tipos de materiais que podem ser descartados e o dia da coleta no seu bairro."}, {"id": "14647", "ano": "2023", "numero": "117", "tipo__sigla": "IND", "tipo__descricao": "Indica\u00e7\u00e3o", "autoria": "RAFAEL PACHECO, ALCIO IKEDA", "texto_original": "http://sapl.adamantina.sp.leg.br/media/sapl/public/materialegislativa/2023/14647/indicacao_117_46a_ordinaria.pdf", "ementa": "Solicitam proceder a instala\u00e7\u00e3o de EcoPontos em nosso munic\u00edpio, que s\u00e3o \u201cContainers Para Entrega Volunt\u00e1ria de Lixos Recicl\u00e1veis ou n\u00e3o\u201d pela popula\u00e7\u00e3o."}, {"id": "14648", "ano": "2023", "numero": "118", "tipo__sigla": "IND", "tipo__descricao": "Indica\u00e7\u00e3o", "autoria": "H\u00e9lio Jos\u00e9 dos Santos", "texto_original": "http://sapl.adamantina.sp.leg.br/media/sapl/public/materialegislativa/2023/14648/indicacao_118_46a_ordinaria.pdf", "ementa": "Solicita seja instalado obst\u00e1culo na Alameda Padre N\u00f3brega, mais precisamente no trecho compreendido entre a Rua Jos\u00e9 de Oliveira J\u00fanior, no Conjunto Habitacional M\u00e1rio Covas J\u00fanior I e a ponte localizada sobre o C\u00f3rrego Caldeiras, no Parque Caldeiras e o outro obst\u00e1culo na Rua Dante Bolgue, nas proximidades com a Rua Prof\u00aa Maria Esther T\u00f3foli, haja vista o grande fluxo de ve\u00edculos e de pessoas naquele local, rota de entrada e sa\u00edda para v\u00e1rios bairros da nossa cidade, entre eles: Parque Itapu\u00e3, Conjunto Habitacional M\u00e1rio Covas J\u00fanior I e II, Residencial San Miguel e de propriedades rurais."}, {"id": "14649", "ano": "2023", "numero": "119", "tipo__sigla": "IND", "tipo__descricao": "Indica\u00e7\u00e3o", "autoria": "H\u00e9lio Jos\u00e9 dos Santos", "texto_original": "http://sapl.adamantina.sp.leg.br/media/sapl/public/materialegislativa/2023/14649/indicacao_119_46a_ordinaria.pdf", "ementa": "Solicita realizar servi\u00e7os de consertos nas guias e sarjetas em um pequeno trecho no final da Rua Delelmo Fredi, bem como proceder a identifica\u00e7\u00e3o dos nome desta rua e da Rua El\u00edsio Zanardi, ambas localizadas no Residencial Millenium, objetivando facilitar a localiza\u00e7\u00e3o das resid\u00eancias."}, {"id": "14650", "ano": "2023", "numero": "120", "tipo__sigla": "IND", "tipo__descricao": "Indica\u00e7\u00e3o", "autoria": "H\u00e9lio Jos\u00e9 dos Santos, Aguinaldo Pires Galv\u00e3o, ALCIO IKEDA, BIGODE, Cid Jos\u00e9 Aparecido dos Santos, NORIKO ONISHI SAITO, PAULO CERVELHEIRA, RAFAEL PACHECO, RIQUINHA DO BAR", "texto_original": "http://sapl.adamantina.sp.leg.br/media/sapl/public/materialegislativa/2023/14650/indicacao_120_46a_ordinaria.pdf", "ementa": "Solicitam que na aprova\u00e7\u00e3o do  Projeto de Lei Complementar n\u00b0 008/2023, que disp\u00f5e sobre autoriza\u00e7\u00e3o para o Poder Executivo alienar bens im\u00f3veis, mediante Processo Licitat\u00f3rio, para a capta\u00e7\u00e3o de recursos financeiros que ser\u00e3o reinvestidos em bem im\u00f3vel e equipamentos, quando for elaborado o processo licitat\u00f3rio para aliena\u00e7\u00e3o da citada \u00e1rea seja determinado que ser\u00e3o permitidos pela administra\u00e7\u00e3o municipal apenas a instala\u00e7\u00e3o de empresas voltadas ao com\u00e9rcio e/ou servi\u00e7os naquele local, pois, dessa forma, certamente estaremos garantindo que haver\u00e1 as condi\u00e7\u00f5es essenciais para o desenvolvimento econ\u00f4mico e social daquele regi\u00e3o da nossa cidade, com a consequente valoriza\u00e7\u00e3o para \u00e0s comunidades do Jardim Brasil e da Vila Jardim."}, {"id": "14651", "ano": "2023", "numero": "121", "tipo__sigla": "IND", "tipo__descricao": "Indica\u00e7\u00e3o", "autoria": "BIGODE", "texto_original": "http://sapl.adamantina.sp.leg.br/media/sapl/public/materialegislativa/2023/14651/indicacao_121_46a_ordinaria.pdf", "ementa": "Solicita notificar o propriet\u00e1rio do terreno localizado na Rua Cear\u00e1, ao lado da resid\u00eancia n\u00ba 346, no Jardim Brasil, pois encontra-se totalmente tomada de enorme matagal, servindo de criadouro de in\u00fameros insetos, inclusive escorpi\u00f5es."}, {"id": "14652", "ano": "2023", "numero": "122", "tipo__sigla": "IND", "tipo__descricao": "Indica\u00e7\u00e3o", "autoria": "BIGODE", "texto_original": "http://sapl.adamantina.sp.leg.br/media/sapl/public/materialegislativa/2023/14652/indicacao_122_46a_ordinaria.pdf", "ementa": "Solicita instalar um redutor de velocidade (osbst\u00e1culo) na Rua S\u00e3o Bento, proximidades do n\u00ba 251, Vila Jamil de Lima, a fim de coibir o excesso de velocidade no local."}, {"id": "14653", "ano": "2023", "numero": "123", "tipo__sigla": "IND", "tipo__descricao": "Indica\u00e7\u00e3o", "autoria": "ALCIO IKEDA, BIGODE, RAFAEL PACHECO", "texto_original": "http://sapl.adamantina.sp.leg.br/media/sapl/public/materialegislativa/2023/14653/indicacao_123_46a_ordinaria.pdf", "ementa": "Solicitam seja programada com urg\u00eancia a manuten\u00e7\u00e3o do pavimento asf\u00e1ltico da Rua Quintino Bocaiuva."}, {"id": "14654", "ano": "2023", "numero": "124", "tipo__sigla": "IND", "tipo__descricao": "Indica\u00e7\u00e3o", "autoria": "ALCIO IKEDA, BIGODE, RAFAEL PACHECO", "texto_original": "http://sapl.adamantina.sp.leg.br/media/sapl/public/materialegislativa/2023/14654/indicacao_124_46a_ordinaria.pdf", "ementa": "Solicitam seja programada a ro\u00e7agem e limpeza dos matos do fundo do Bairro Mario Covas e do Jardim das Ac\u00e1cias (Parque dos Caldeiras)."}, {"id": "14655", "ano": "2023", "numero": "125", "tipo__sigla": "IND", "tipo__descricao": "Indica\u00e7\u00e3o", "autoria": "ALCIO IKEDA, PAULO CERVELHEIRA", "texto_original": "http://sapl.adamantina.sp.leg.br/media/sapl/public/materialegislativa/2023/14655/indicacao_125_46a_ordinaria.pdf", "ementa": "Solicitam a programa\u00e7\u00e3o da Rua Fernando Costa (Jardim Paulista) para nova pavimenta\u00e7\u00e3o da via, considerando o estado prec\u00e1rio da malha asf\u00e1ltica."}, {"id": "14656", "ano": "2023", "numero": "126", "tipo__sigla": "IND", "tipo__descricao": "Indica\u00e7\u00e3o", "autoria": "ALCIO IKEDA", "texto_original": "http://sapl.adamantina.sp.leg.br/media/sapl/public/materialegislativa/2023/14656/indicacao_126_46a_ordinaria.pdf", "ementa": "Solicita seja realizada vistoria e posteriormente, a manuten\u00e7\u00e3o da cobertura do terminal rodovi\u00e1rio, que se encontra com diversos pontos de infiltra\u00e7\u00e3o de \u00e1gua."}, {"id": "14657", "ano": "2023", "numero": "127", "tipo__sigla": "IND", "tipo__descricao": "Indica\u00e7\u00e3o", "autoria": "ALCIO IKEDA", "texto_original": "http://sapl.adamantina.sp.leg.br/media/sapl/public/materialegislativa/2023/14657/indicacao_127_46a_ordinaria.pdf", "ementa": "Solicita seja programada a instala\u00e7\u00e3o de um parquinho infantil em \u00e1rea das Casas Populares do parque Itamarati (Conj. Habitacional Murilo Jaccoud)."}, {"id": "14679", "ano": "2023", "numero": "128", "tipo__sigla": "IND", "tipo__descricao": "Indica\u00e7\u00e3o", "autoria": "Aguinaldo Pires Galv\u00e3o, Cid Jos\u00e9 Aparecido dos Santos, RIQUINHA DO BAR", "texto_original": "http://sapl.adamantina.sp.leg.br/media/sapl/public/materialegislativa/2023/14679/indicacao_128_47a_ordinaria.pdf", "ementa": "Solicitam proceder com a m\u00e1xima urg\u00eancia reparos na ponte localizada na estrada ADM 451, conhecida como Estrada do Kobori, bem como a coloca\u00e7\u00e3o de pedras bica corrida, principalmente nos pontos cr\u00edticos ocasionados pelas fortes chuvas."}, {"id": "14680", "ano": "2023", "numero": "129", "tipo__sigla": "IND", "tipo__descricao": "Indica\u00e7\u00e3o", "autoria": "Aguinaldo Pires Galv\u00e3o, Cid Jos\u00e9 Aparecido dos Santos, RIQUINHA DO BAR", "texto_original": "http://sapl.adamantina.sp.leg.br/media/sapl/public/materialegislativa/2023/14680/indicacao_129_47a_ordinaria.pdf", "ementa": "Solicitam incluir a Alameda Curitiba e Rua Bar\u00e3o de Itapetininga na programa\u00e7\u00e3o de recapeamento asf\u00e1ltico."}, {"id": "14681", "ano": "2023", "numero": "130", "tipo__sigla": "IND", "tipo__descricao": "Indica\u00e7\u00e3o", "autoria": "BIGODE, Cid Jos\u00e9 Aparecido dos Santos, RAFAEL PACHECO", "texto_original": "http://sapl.adamantina.sp.leg.br/media/sapl/public/materialegislativa/2023/14681/indicacao_130_47a_ordinaria.pdf", "ementa": "Solicitam contrata\u00e7\u00e3o de mais dois m\u00e9dicos e enfermeiros para o nosso Pronto Socorro Municipal, pois os existentes para o atendimento n\u00e3o t\u00eam sido suficientes para a grande demanda, deixando os pacientes esperando por muito tempo para serem atendidos."}, {"id": "14682", "ano": "2023", "numero": "131", "tipo__sigla": "IND", "tipo__descricao": "Indica\u00e7\u00e3o", "autoria": "NORIKO ONISHI SAITO", "texto_original": "http://sapl.adamantina.sp.leg.br/media/sapl/public/materialegislativa/2023/14682/indicacao_131_47a_ordinaria.pdf", "ementa": "Solicita agendar o nome da senhora Maria Madalena de G\u00f3is Balista para denominar ruas e avenidas em novos loteamentos que forem lan\u00e7ados em nosso munic\u00edpio."}, {"id": "14683", "ano": "2023", "numero": "132", "tipo__sigla": "IND", "tipo__descricao": "Indica\u00e7\u00e3o", "autoria": "PAULO CERVELHEIRA", "texto_original": "http://sapl.adamantina.sp.leg.br/media/sapl/public/materialegislativa/2023/14683/indicacao_132_47a_ordinaria.pdf", "ementa": "Solicita agendar o nome do senhor Vict\u00f3rio Fernando de Santi, a fim de denominar rua ou avenida em futuros loteamentos que forem lan\u00e7ados em nosso munic\u00edpio."}, {"id": "14684", "ano": "2023", "numero": "133", "tipo__sigla": "IND", "tipo__descricao": "Indica\u00e7\u00e3o", "autoria": "NORIKO ONISHI SAITO, Aguinaldo Pires Galv\u00e3o, Cid Jos\u00e9 Aparecido dos Santos, H\u00e9lio Jos\u00e9 dos Santos, RIQUINHA DO BAR", "texto_original": "http://sapl.adamantina.sp.leg.br/media/sapl/public/materialegislativa/2023/14684/indicacao_133_47a_ordinaria.pdf", "ementa": "Solicitam proceder reparos nos in\u00fameros tamp\u00f5es de po\u00e7o de visita, (tampa PV), da rede coletora de esgoto."}, {"id": "14685", "ano": "2023", "numero": "134", "tipo__sigla": "IND", "tipo__descricao": "Indica\u00e7\u00e3o", "autoria": "NORIKO ONISHI SAITO, Cid Jos\u00e9 Aparecido dos Santos, H\u00e9lio Jos\u00e9 dos Santos, PAULO CERVELHEIRA, RIQUINHA DO BAR", "texto_original": "http://sapl.adamantina.sp.leg.br/media/sapl/public/materialegislativa/2023/14685/indicacao_134_47a_ordinaria.pdf", "ementa": "Solicitam proceder reparos urgentes na pista de caminhada do Parque Caldeira, pois existem v\u00e1rias eros\u00f5es que est\u00e3o pondo em risco os pedestres que fazem caminhada e tamb\u00e9m prejudicam a parte f\u00edsica no local."}, {"id": "14686", "ano": "2023", "numero": "135", "tipo__sigla": "IND", "tipo__descricao": "Indica\u00e7\u00e3o", "autoria": "PAULO CERVELHEIRA, NORIKO ONISHI SAITO", "texto_original": "http://sapl.adamantina.sp.leg.br/media/sapl/public/materialegislativa/2023/14686/indicacao_135_47a_ordinaria.pdf", "ementa": "Solicitam estudar a viabilidade de elaborar projeto visando melhorar a ilumina\u00e7\u00e3o da Rua Jos\u00e9 Vicente, do quarteir\u00e3o do CIS \u2013 Centro Integrado de Sa\u00fade, at\u00e9 o seu final, a fim de atender os pedidos dos moradores desta localidade que t\u00eam reclamado da escurid\u00e3o que causa inseguran\u00e7a aos pedestres, principalmente alunos que estudam no hor\u00e1rio noturno e que residem ou passam por aquele local."}, {"id": "14687", "ano": "2023", "numero": "136", "tipo__sigla": "IND", "tipo__descricao": "Indica\u00e7\u00e3o", "autoria": "NORIKO ONISHI SAITO, Cid Jos\u00e9 Aparecido dos Santos, H\u00e9lio Jos\u00e9 dos Santos, PAULO CERVELHEIRA, RIQUINHA DO BAR", "texto_original": "http://sapl.adamantina.sp.leg.br/media/sapl/public/materialegislativa/2023/14687/indicacao_136_47a_ordinaria.pdf", "ementa": "Solicitam instalar um redutor de velocidade na Alameda Padre N\u00f3brega, em frente das Ruas Santa Catarina e Jos\u00e9 de Oliveira Junior, a fim de coibir o excesso de velocidade empregado no local pelos motoristas, podendo ocorrer acidentes."}, {"id": "14688", "ano": "2023", "numero": "137", "tipo__sigla": "IND", "tipo__descricao": "Indica\u00e7\u00e3o", "autoria": "NORIKO ONISHI SAITO, Aguinaldo Pires Galv\u00e3o, RIQUINHA DO BAR", "texto_original": "http://sapl.adamantina.sp.leg.br/media/sapl/public/materialegislativa/2023/14688/indicacao_137_47a_ordinaria.pdf", "ementa": "Solicitam proceder v\u00e1rios reparos, inclusive a coloca\u00e7\u00e3o de corrim\u00e3os na ponte localizada no prolongamento da Rua Santa Catarina, na Estrada 6, que d\u00e1 acesso ao Col\u00e9gio Agr\u00edcola e Bairro Boa Vista."}, {"id": "14689", "ano": "2023", "numero": "138", "tipo__sigla": "IND", "tipo__descricao": "Indica\u00e7\u00e3o", "autoria": "BIGODE, RAFAEL PACHECO", "texto_original": "http://sapl.adamantina.sp.leg.br/media/sapl/public/materialegislativa/2023/14689/indicacao_138_47a_ordinaria.pdf", "ementa": "Solicitam ro\u00e7agem e limpeza do terreno de propriedade da prefeitura, localizado na Rua das Papoulas, proximidades do n\u00ba 771, na Vila Jardim, a fim de evitar que o local se torne criadouro de v\u00e1rios animais pe\u00e7onhentos, nocivos \u00e0 sa\u00fade."}, {"id": "14690", "ano": "2023", "numero": "139", "tipo__sigla": "IND", "tipo__descricao": "Indica\u00e7\u00e3o", "autoria": "BIGODE, RAFAEL PACHECO", "texto_original": "http://sapl.adamantina.sp.leg.br/media/sapl/public/materialegislativa/2023/14690/indicacao_139_47a_ordinaria.pdf", "ementa": "Solicitam proceder uma completa limpeza nas \u00e1reas verdes de nossa cidade, bem como em todos os loteamentos que encontram-se tomados por enorme matagal, executando os servi\u00e7os e cobrando dos propriet\u00e1rios dos terrenos."}, {"id": "14691", "ano": "2023", "numero": "140", "tipo__sigla": "IND", "tipo__descricao": "Indica\u00e7\u00e3o", "autoria": "BIGODE, RAFAEL PACHECO", "texto_original": "http://sapl.adamantina.sp.leg.br/media/sapl/public/materialegislativa/2023/14691/indicacao_140_47a_ordinaria.pdf", "ementa": "Solicitam promover a\u00e7\u00f5es a fim de melhorar o aspecto visual e funcional do nosso cemit\u00e9rio municipal, que, segundo as pessoas que visitam o local, encontra-se tomado por matos, entulhos, t\u00famulos em p\u00e9ssimo estado, destru\u00eddos, apresentando aspecto de abandono."}, {"id": "14692", "ano": "2023", "numero": "141", "tipo__sigla": "IND", "tipo__descricao": "Indica\u00e7\u00e3o", "autoria": "Aguinaldo Pires Galv\u00e3o, Cid Jos\u00e9 Aparecido dos Santos, NORIKO ONISHI SAITO, RIQUINHA DO BAR", "texto_original": "http://sapl.adamantina.sp.leg.br/media/sapl/public/materialegislativa/2023/14692/indicacao_141_47a_ordinaria.pdf", "ementa": "Solicitam instalar placas de orienta\u00e7\u00e3o nos padr\u00f5es da OMT \u2013 Organiza\u00e7\u00e3o Municipal de Turismo, objetivando facilitar o acesso aos pontos tur\u00edsticos da cidade."}, {"id": "14693", "ano": "2023", "numero": "142", "tipo__sigla": "IND", "tipo__descricao": "Indica\u00e7\u00e3o", "autoria": "RIQUINHA DO BAR, Aguinaldo Pires Galv\u00e3o, Cid Jos\u00e9 Aparecido dos Santos, NORIKO ONISHI SAITO", "texto_original": "http://sapl.adamantina.sp.leg.br/media/sapl/public/materialegislativa/2023/14693/indicacao_142_47a_ordinaria.pdf", "ementa": "Solicitam promover estudos visando a constru\u00e7\u00e3o de se\u00e7\u00e3o de tubos no final da Rua Laurindo Simoncelli com a Rua Pernambuco, no Jardim Brasil."}, {"id": "14694", "ano": "2023", "numero": "143", "tipo__sigla": "IND", "tipo__descricao": "Indica\u00e7\u00e3o", "autoria": "RIQUINHA DO BAR, Aguinaldo Pires Galv\u00e3o, Cid Jos\u00e9 Aparecido dos Santos, NORIKO ONISHI SAITO", "texto_original": "http://sapl.adamantina.sp.leg.br/media/sapl/public/materialegislativa/2023/14694/indicacao_143_47a_ordinaria.pdf", "ementa": "Solicitam seja feito o cadastramento do nosso munic\u00edpio junto a Secretaria Estadual de Esportes e Recrea\u00e7\u00e3o, objetivando receber uma academia ao ar livre que dever\u00e1 ser instalada ao lado do centro comunit\u00e1rio do bairro Parque do Sol."}, {"id": "14695", "ano": "2023", "numero": "144", "tipo__sigla": "IND", "tipo__descricao": "Indica\u00e7\u00e3o", "autoria": "RIQUINHA DO BAR, Aguinaldo Pires Galv\u00e3o, Cid Jos\u00e9 Aparecido dos Santos, NORIKO ONISHI SAITO", "texto_original": "http://sapl.adamantina.sp.leg.br/media/sapl/public/materialegislativa/2023/14695/indicacao_144_47a_ordinaria.pdf", "ementa": "Solicitam proceder com urg\u00eancia uma completa limpeza entre a linha f\u00e9rrea e as Ruas Cear\u00e1 e Laurindo Simonceli, no Jardim Brasil, pois os locais encontram-se tomados por enorme matagal, servindo de criadouro de animais pe\u00e7onhentos, ratos, baratas escorpi\u00f5es e outros."}, {"id": "14696", "ano": "2023", "numero": "145", "tipo__sigla": "IND", "tipo__descricao": "Indica\u00e7\u00e3o", "autoria": "RIQUINHA DO BAR, Aguinaldo Pires Galv\u00e3o, Cid Jos\u00e9 Aparecido dos Santos, NORIKO ONISHI SAITO", "texto_original": "http://sapl.adamantina.sp.leg.br/media/sapl/public/materialegislativa/2023/14696/indicacao_145_47a_ordinaria.pdf", "ementa": "Solicitam estudar a possibilidade de implantar um ponto de \u00f4nibus na Avenida 15 de Novembro, Vila Jamil de Lima, proximidades da escola ETEC Prof. Eud\u00e9cio Luiz Vicente, objetivando favorecer os estudantes que atualmente t\u00eam que desembarcar dos \u00f4nibus distante da escola, uma vez que os \u00f4nibus n\u00e3o podem parar na rua em frente da escola, pois podem ser multados ou at\u00e9 provocar acidentes."}, {"id": "14697", "ano": "2023", "numero": "146", "tipo__sigla": "IND", "tipo__descricao": "Indica\u00e7\u00e3o", "autoria": "RAFAEL PACHECO", "texto_original": "http://sapl.adamantina.sp.leg.br/media/sapl/public/materialegislativa/2023/14697/indicacao_146_47a_ordinaria.pdf", "ementa": "Solicita seja criada uma horta comunit\u00e1ria no bairro Jardim Brasil."}, {"id": "14698", "ano": "2023", "numero": "147", "tipo__sigla": "IND", "tipo__descricao": "Indica\u00e7\u00e3o", "autoria": "RAFAEL PACHECO", "texto_original": "http://sapl.adamantina.sp.leg.br/media/sapl/public/materialegislativa/2023/14698/indicacao_147_47a_ordinaria.pdf", "ementa": "Solicita realizar estudos para a constru\u00e7\u00e3o da nova sede da Prefeitura do Munic\u00edpio de Adamantina no terreno localizado no bairro Jardim Brasil, terreno p\u00fablico este que est\u00e1 em vias de ser vendido por meio de licita\u00e7\u00e3o."}, {"id": "14699", "ano": "2023", "numero": "148", "tipo__sigla": "IND", "tipo__descricao": "Indica\u00e7\u00e3o", "autoria": "RAFAEL PACHECO", "texto_original": "http://sapl.adamantina.sp.leg.br/media/sapl/public/materialegislativa/2023/14699/indicacao_148_47a_ordinaria.pdf", "ementa": "Solicita proceder uma total reforma nos banheiros do Parque Caldeiras."}, {"id": "14700", "ano": "2023", "numero": "149", "tipo__sigla": "IND", "tipo__descricao": "Indica\u00e7\u00e3o", "autoria": "Cid Jos\u00e9 Aparecido dos Santos, Aguinaldo Pires Galv\u00e3o, H\u00e9lio Jos\u00e9 dos Santos, NORIKO ONISHI SAITO, RIQUINHA DO BAR", "texto_original": "http://sapl.adamantina.sp.leg.br/media/sapl/public/materialegislativa/2023/14700/indicacao_149_47a_ordinaria.pdf", "ementa": "Solicitam a coloca\u00e7\u00e3o de Placa de sinaliza\u00e7\u00e3o de tr\u00e2nsito (PARE), de parada obrigat\u00f3ria nas seguintes ruas e locais: no cruzamento da Avenida das Rosas com a Rua Vit\u00f3ria R\u00e9gia pr\u00f3xima a Igreja Nossa Senhora Aparecida (Vila Jardim); no cruzamento da Rua Tamoto Matuoka com a Alameda Francisco Jos\u00e9 de Azevedo (Jardim Am\u00e9rica); no cruzamento da Rua Carmem Miranda com a Alameda Francisco Jos\u00e9 de Azevedo pr\u00f3ximo ao Diogo (Jardim Am\u00e9rica); no cruzamento da Rua Adoniran Barbosa com a Alameda Francisco Jos\u00e9 de Azevedo pr\u00f3ximo ao ATC (Jardim Am\u00e9rica) e no cruzamento da Rua Zequinha de Abreu com a Rua Paulo Jos\u00e9 Br\u00e1s Filho (pr\u00f3ximo a \u00e1rea verde) Parque Itapu\u00e3."}, {"id": "14701", "ano": "2023", "numero": "150", "tipo__sigla": "IND", "tipo__descricao": "Indica\u00e7\u00e3o", "autoria": "Cid Jos\u00e9 Aparecido dos Santos", "texto_original": "http://sapl.adamantina.sp.leg.br/media/sapl/public/materialegislativa/2023/14701/indicacao_150_47a_ordinaria.pdf", "ementa": "Solicita notificar a empresa Patense para que tome as medidas necess\u00e1rias em seu parque industrial para cessar o mau cheiro proliferado constantemente em nossa cidade, motivo de muita reclama\u00e7\u00e3o dos mun\u00edcipes."}, {"id": "14702", "ano": "2023", "numero": "151", "tipo__sigla": "IND", "tipo__descricao": "Indica\u00e7\u00e3o", "autoria": "H\u00e9lio Jos\u00e9 dos Santos, Aguinaldo Pires Galv\u00e3o, ALCIO IKEDA, BIGODE, Cid Jos\u00e9 Aparecido dos Santos, NORIKO ONISHI SAITO, PAULO CERVELHEIRA, RAFAEL PACHECO, RIQUINHA DO BAR", "texto_original": "http://sapl.adamantina.sp.leg.br/media/sapl/public/materialegislativa/2023/14702/indicacao_151_47a_ordinaria.pdf", "ementa": "Solicitam sejam adotadas provid\u00eancias legais necess\u00e1rias, visando \u00e0 destina\u00e7\u00e3o de recursos financeiros no valor de R$10.000,00 (dez mil reais) para o custeio de algumas despesas que dever\u00e3o ser contratadas pela diretoria respons\u00e1vel pela organiza\u00e7\u00e3o da 31\u00ba Festa Junina do Padroeiro de Adamantina (Santo Ant\u00f4nio)"}, {"id": "14703", "ano": "2023", "numero": "152", "tipo__sigla": "IND", "tipo__descricao": "Indica\u00e7\u00e3o", "autoria": "H\u00e9lio Jos\u00e9 dos Santos, Aguinaldo Pires Galv\u00e3o, ALCIO IKEDA, BIGODE, Cid Jos\u00e9 Aparecido dos Santos, NORIKO ONISHI SAITO, PAULO CERVELHEIRA, RAFAEL PACHECO, RIQUINHA DO BAR", "texto_original": "http://sapl.adamantina.sp.leg.br/media/sapl/public/materialegislativa/2023/14703/indicacao_152_47a_ordinaria.pdf", "ementa": "Solicitam ao Prof. Dr. Alexandre Teixeira de Souza,  Reitor do Centro Universit\u00e1rio de Adamantina - FAI, que adote as provid\u00eancias legais necess\u00e1rias, visando \u00e0 destina\u00e7\u00e3o de recursos financeiros no valor de R$5.000,00 (cinco mil reais) \u00e0 t\u00edtulo de apoio cultural, com vistas ao custeio de algumas despesas que dever\u00e3o ser contratadas pela diretoria respons\u00e1vel pela organiza\u00e7\u00e3o da 31\u00ba Festa Junina do Padroeiro de Adamantina (Santo Ant\u00f4nio)"}, {"id": "14704", "ano": "2023", "numero": "153", "tipo__sigla": "IND", "tipo__descricao": "Indica\u00e7\u00e3o", "autoria": "PAULO CERVELHEIRA", "texto_original": "http://sapl.adamantina.sp.leg.br/media/sapl/public/materialegislativa/2023/14704/indicacao_153_47a_ordinaria.pdf", "ementa": "Solicita proceder a sinaliza\u00e7\u00e3o \u201cpare\u201d, com a coloca\u00e7\u00e3o de placa, bem como a pintura de solo em todo o bairro Vila Freitas."}, {"id": "14705", "ano": "2023", "numero": "154", "tipo__sigla": "IND", "tipo__descricao": "Indica\u00e7\u00e3o", "autoria": "PAULO CERVELHEIRA", "texto_original": "http://sapl.adamantina.sp.leg.br/media/sapl/public/materialegislativa/2023/14705/indicacao_154_47a_ordinaria.pdf", "ementa": "Solicita sejam acionadas as entidades do munic\u00edpio, que tem no seu plano de servi\u00e7os a realiza\u00e7\u00e3o de cursos profissionais, visando implantar o curso profissionalizante de a\u00e7ougueiros."}, {"id": "14706", "ano": "2023", "numero": "155", "tipo__sigla": "IND", "tipo__descricao": "Indica\u00e7\u00e3o", "autoria": "PAULO CERVELHEIRA", "texto_original": "http://sapl.adamantina.sp.leg.br/media/sapl/public/materialegislativa/2023/14706/indicacao_155_47a_ordinaria.pdf", "ementa": "Solicita implantar um redutor de velocidade, (tipo lombada) na Rua Santa Catarina, trecho compreendido da Rua Liberato Furlan, no Conjunto Habitacional Mario Covas, e Rua Gerson Cansian, Bairro S\u00e3o Miguel II, a fim de coibir o excesso de velocidade praticado neste local."}, {"id": "14736", "ano": "2023", "numero": "156", "tipo__sigla": "IND", "tipo__descricao": "Indica\u00e7\u00e3o", "autoria": "RAFAEL PACHECO", "texto_original": "http://sapl.adamantina.sp.leg.br/media/sapl/public/materialegislativa/2023/14736/indicacao_156_48a_ordinaria.pdf", "ementa": "Solicitam sejam contratados mais m\u00e9dicos para atender nos Postos de Sa\u00fade da nossa cidade, pois uma consulta com cl\u00ednico geral est\u00e1 demorando em m\u00e9dia 30 dias."}, {"id": "14737", "ano": "2023", "numero": "157", "tipo__sigla": "IND", "tipo__descricao": "Indica\u00e7\u00e3o", "autoria": "RAFAEL PACHECO, BIGODE", "texto_original": "http://sapl.adamantina.sp.leg.br/media/sapl/public/materialegislativa/2023/14737/indicacao_157_48a_ordinaria.pdf", "ementa": "Solicitam seja realizada uma limpeza completa na \u00e1rea verde do munic\u00edpio na Rua Esp\u00edrito Santo, em frente \u00e0 Pra\u00e7a M\u00e1rio Bergamo, com poda das \u00e1rvores, no bairro Jardim Brasil."}, {"id": "14738", "ano": "2023", "numero": "158", "tipo__sigla": "IND", "tipo__descricao": "Indica\u00e7\u00e3o", "autoria": "BIGODE, RAFAEL PACHECO", "texto_original": "http://sapl.adamantina.sp.leg.br/media/sapl/public/materialegislativa/2023/14738/indicacao_158_48a_ordinaria.pdf", "ementa": "Solicitam seja elaborado um calend\u00e1rio diferenciado para as EMEI, Escola Municipal de Ensino Infantil, de zero a quatro anos (creches), a fim de que mantenham abertas, o ano todo, n\u00e3o seguindo o calend\u00e1rio das demais escolas de outras faixas et\u00e1rias, bem como sejam criados novos empregos p\u00fablicos e realizadas novas contrata\u00e7\u00f5es de servidores para trabalharem nos locais acima indicados."}, {"id": "14739", "ano": "2023", "numero": "159", "tipo__sigla": "IND", "tipo__descricao": "Indica\u00e7\u00e3o", "autoria": "BIGODE, RAFAEL PACHECO", "texto_original": "http://sapl.adamantina.sp.leg.br/media/sapl/public/materialegislativa/2023/14739/indicacao_159_48a_ordinaria.pdf", "ementa": "Solicitam proceder ro\u00e7agem e limpeza de dois terrenos, de propriedade da prefeitura, sendo um localizado na esquina da Rua Vergueiro com a Avenida Jos\u00e9 Urbano Luize, e outro na esquina da Rua Vergueiro com a Al. Jos\u00e9 Sichieri, no bairro Parque do Sol, a fim de evitar que estes locais se tornem criadouro de v\u00e1rios animais pe\u00e7onhentos, nocivos \u00e0 sa\u00fade."}, {"id": "14740", "ano": "2023", "numero": "160", "tipo__sigla": "IND", "tipo__descricao": "Indica\u00e7\u00e3o", "autoria": "BIGODE, RAFAEL PACHECO", "texto_original": "http://sapl.adamantina.sp.leg.br/media/sapl/public/materialegislativa/2023/14740/indicacao_160_48a_ordinaria.pdf", "ementa": "Solicitam proceder ro\u00e7agem e limpeza na \u00e1rea verde localizada na Rua Reinaldo Turra, Parque Itamaraty, que encontra-se tomado por enorme matagal, a fim de evitar que estes locais se tornem criadouros de v\u00e1rios animais pe\u00e7onhentos, nocivos \u00e0 sa\u00fade."}, {"id": "14741", "ano": "2023", "numero": "161", "tipo__sigla": "IND", "tipo__descricao": "Indica\u00e7\u00e3o", "autoria": "RIQUINHA DO BAR, Aguinaldo Pires Galv\u00e3o, Cid Jos\u00e9 Aparecido dos Santos, NORIKO ONISHI SAITO", "texto_original": "http://sapl.adamantina.sp.leg.br/media/sapl/public/materialegislativa/2023/14741/indicacao_161_48a_ordinaria.pdf", "ementa": "Solicitam proceder ro\u00e7agem e limpeza das \u00e1reas verdes e canteiros localizados na Rua Carlos Pegoraro, na \u00c1rea Comercial Luiz Stechi, visando atender pedido de comerciantes e da popula\u00e7\u00e3o que transita pelo local que encontra-se tomado por enorme matagal, servindo de criadouro de animais pe\u00e7onhentos."}, {"id": "14742", "ano": "2023", "numero": "162", "tipo__sigla": "IND", "tipo__descricao": "Indica\u00e7\u00e3o", "autoria": "RIQUINHA DO BAR, Aguinaldo Pires Galv\u00e3o, Cid Jos\u00e9 Aparecido dos Santos, NORIKO ONISHI SAITO", "texto_original": "http://sapl.adamantina.sp.leg.br/media/sapl/public/materialegislativa/2023/14742/indicacao_162_48a_ordinaria.pdf", "ementa": "Solicitam promover melhorias na malha asf\u00e1ltica das ruas e avenidas do bairro Vila Jardim e tamb\u00e9m proceder a sinaliza\u00e7\u00e3o de tr\u00e2nsito destas ruas com pintura de faixa de pedestres e pintura de solo PARE em todos os cruzamentos."}, {"id": "14743", "ano": "2023", "numero": "163", "tipo__sigla": "IND", "tipo__descricao": "Indica\u00e7\u00e3o", "autoria": "RIQUINHA DO BAR, Aguinaldo Pires Galv\u00e3o, Cid Jos\u00e9 Aparecido dos Santos, NORIKO ONISHI SAITO", "texto_original": "http://sapl.adamantina.sp.leg.br/media/sapl/public/materialegislativa/2023/14743/indicacao_163_48a_ordinaria.pdf", "ementa": "Solicitam proceder a aplica\u00e7\u00e3o de micro revestimento asf\u00e1ltico na Rua Siqueira Campos e Rua Osvaldo Aranha, localizadas no Parque Residencial Itamarati, pois a malha asf\u00e1ltica das referidas ruas est\u00e1 em p\u00e9ssimo estado de conserva\u00e7\u00e3o."}, {"id": "14744", "ano": "2023", "numero": "164", "tipo__sigla": "IND", "tipo__descricao": "Indica\u00e7\u00e3o", "autoria": "RIQUINHA DO BAR, Aguinaldo Pires Galv\u00e3o, Cid Jos\u00e9 Aparecido dos Santos, NORIKO ONISHI SAITO", "texto_original": "http://sapl.adamantina.sp.leg.br/media/sapl/public/materialegislativa/2023/14744/indicacao_164_48a_ordinaria.pdf", "ementa": "Solicitam proceder com urg\u00eancia reparos na canaleta de \u00e1gua, localizada na Rua Saldanha Marinho, Parque Itamarati, proximidades do Conjunto Habitacional Murilo Jaccoud, pois o canalet\u00e3o acumula muita \u00e1gua que, parada, pode transformar-se em criadouro do mosquito da dengue."}, {"id": "14745", "ano": "2023", "numero": "165", "tipo__sigla": "IND", "tipo__descricao": "Indica\u00e7\u00e3o", "autoria": "RAFAEL PACHECO, ALCIO IKEDA, BIGODE", "texto_original": "http://sapl.adamantina.sp.leg.br/media/sapl/public/materialegislativa/2023/14745/indicacao_165_48a_ordinaria.pdf", "ementa": "Solicitam seja organizado um cronograma de limpeza em todos os bairros da cidade de Adamantina, coletando, semestralmente, ap\u00f3s campanha de informa\u00e7\u00e3o aos mun\u00edcipes, todo tipo de lixo que n\u00e3o \u00e9 coletado regularmente."}, {"id": "14746", "ano": "2023", "numero": "166", "tipo__sigla": "IND", "tipo__descricao": "Indica\u00e7\u00e3o", "autoria": "RAFAEL PACHECO, ALCIO IKEDA, BIGODE", "texto_original": "http://sapl.adamantina.sp.leg.br/media/sapl/public/materialegislativa/2023/14746/indicacao_166_48a_ordinaria.pdf", "ementa": "Solicita sejam instaladas mais lixeiras ecol\u00f3gicas em todos os parques da cidade."}, {"id": "14747", "ano": "2023", "numero": "167", "tipo__sigla": "IND", "tipo__descricao": "Indica\u00e7\u00e3o", "autoria": "RAFAEL PACHECO", "texto_original": "http://sapl.adamantina.sp.leg.br/media/sapl/public/materialegislativa/2023/14747/indicacao_167_48a_ordinaria.pdf", "ementa": "Solicita sejam instaladas mais lixeiras ecol\u00f3gicas em todos os parques da cidade."}, {"id": "14748", "ano": "2023", "numero": "168", "tipo__sigla": "IND", "tipo__descricao": "Indica\u00e7\u00e3o", "autoria": "NORIKO ONISHI SAITO", "texto_original": "http://sapl.adamantina.sp.leg.br/media/sapl/public/materialegislativa/2023/14748/indicacao_168_48a_ordinaria.pdf", "ementa": "Solicita proceder o recapeamento asf\u00e1ltico na Rua Ant\u00f4nio Andrade esquina com a Rua Br\u00e1ulio Molina Frias e Av. Vit\u00f3rio Romanini, pois a rua se encontra em p\u00e9ssimas condi\u00e7\u00f5es, gerando reclama\u00e7\u00f5es dos moradores do quarteir\u00e3o."}, {"id": "14749", "ano": "2023", "numero": "169", "tipo__sigla": "IND", "tipo__descricao": "Indica\u00e7\u00e3o", "autoria": "NORIKO ONISHI SAITO, Cid Jos\u00e9 Aparecido dos Santos, PAULO CERVELHEIRA, RIQUINHA DO BAR", "texto_original": "http://sapl.adamantina.sp.leg.br/media/sapl/public/materialegislativa/2023/14749/indicacao_169_48a_ordinaria.pdf", "ementa": "Solicitam a coloca\u00e7\u00e3o de corrim\u00e3o na escada do palco do anfiteatro da Biblioteca Municipal Jurema Gomes Moreira Citeli."}, {"id": "14750", "ano": "2023", "numero": "170", "tipo__sigla": "IND", "tipo__descricao": "Indica\u00e7\u00e3o", "autoria": "NORIKO ONISHI SAITO, PAULO CERVELHEIRA", "texto_original": "http://sapl.adamantina.sp.leg.br/media/sapl/public/materialegislativa/2023/14750/indicacao_170_48a_ordinaria.pdf", "ementa": "Solicitam confeccionar e colocar uma lixeira comunit\u00e1ria na Rua Ov\u00eddio Albanez, n\u00ba 32, esquina com a Rua Ant\u00f4nio Ginez Abelan, no Jardim das Primaveras."}, {"id": "14751", "ano": "2023", "numero": "171", "tipo__sigla": "IND", "tipo__descricao": "Indica\u00e7\u00e3o", "autoria": "H\u00e9lio Jos\u00e9 dos Santos, Aguinaldo Pires Galv\u00e3o, ALCIO IKEDA, BIGODE, Cid Jos\u00e9 Aparecido dos Santos, NORIKO ONISHI SAITO, PAULO CERVELHEIRA, RAFAEL PACHECO, RIQUINHA DO BAR", "texto_original": "http://sapl.adamantina.sp.leg.br/media/sapl/public/materialegislativa/2023/14751/indicacao_171_48a_ordinaria.pdf", "ementa": "Solicitam seja analisada, junto aos gestores e professores da rede municipal de ensino, a possibilidade da realiza\u00e7\u00e3o de atividades voltadas ao amor, compaix\u00e3o e gratid\u00e3o em todas as unidades escolares da secretaria municipal de educa\u00e7\u00e3o no pr\u00f3ximo dia 20 de abril (quinta-feira), com o envolvimento de alunos, professores, gestores e todos os demais servidores administrativos, pois diante do cen\u00e1rio que estamos vivenciando, precisamos urgentemente mudar o foco para algo positivo e construtivo, promovendo verdadeiras correntes do bem, com o intuito do restabelecimento de um ambiente de paz e tranquilidade em nossas escolas."}, {"id": "14752", "ano": "2023", "numero": "172", "tipo__sigla": "IND", "tipo__descricao": "Indica\u00e7\u00e3o", "autoria": "H\u00e9lio Jos\u00e9 dos Santos, Cid Jos\u00e9 Aparecido dos Santos, NORIKO ONISHI SAITO, PAULO CERVELHEIRA", "texto_original": "http://sapl.adamantina.sp.leg.br/media/sapl/public/materialegislativa/2023/14752/indicacao_172_48a_ordinaria.pdf", "ementa": "Solicitam seja estudada a elabora\u00e7\u00e3o de um projeto de lei, instituindo o programa \u201cJovem Estagi\u00e1rio - Inicia\u00e7\u00e3o ao Mercado de Trabalho\u201d, com oportunidade de est\u00e1gio aos estudantes do ensino m\u00e9dio, haja vista que com essa proposta o Poder P\u00fablico Municipal deixa de ser mera inst\u00e2ncia burocr\u00e1tica, distante da realidade dos jovens, passando a ser o protagonista do processo de aproxima\u00e7\u00e3o entre os universos da educa\u00e7\u00e3o e do trabalho, bem como estimular\u00e1 os jovens estagi\u00e1rios que ter\u00e3o condi\u00e7\u00f5es de planejar, na perspectiva de seus aprendizados no Poder P\u00fablico, qual carreira seguir no futuro ao alcan\u00e7ar a idade acad\u00eamica e o ingresso no t\u00e3o concorrido mercado de trabalho local, regional, estadual e nacional."}, {"id": "14753", "ano": "2023", "numero": "173", "tipo__sigla": "IND", "tipo__descricao": "Indica\u00e7\u00e3o", "autoria": "PAULO CERVELHEIRA", "texto_original": "http://sapl.adamantina.sp.leg.br/media/sapl/public/materialegislativa/2023/14753/indicacao_173_48a_ordinaria.pdf", "ementa": "Solicita agendar na programa\u00e7\u00e3o de recapeamento asf\u00e1ltico as seguintes ruas do bairro Vila Jamil de Lima: Rua Jos\u00e9 Friz\u00e3o, Rua Francisco Troncon, e Rua Bar\u00e3o de Itapetininga."}, {"id": "14754", "ano": "2023", "numero": "174", "tipo__sigla": "IND", "tipo__descricao": "Indica\u00e7\u00e3o", "autoria": "ALCIO IKEDA", "texto_original": "http://sapl.adamantina.sp.leg.br/media/sapl/public/materialegislativa/2023/14754/indicacao_174_48a_ordinaria.pdf", "ementa": "Solicita seja realizada a manuten\u00e7\u00e3o e sejam programadas melhorias na rua localizada no Jardim das Primaveras, ao fundo da EMEI Crian\u00e7a Feliz (Parque Itaipus), denominada como Rua 15 no mapa da Prefeitura, em seu site oficial."}, {"id": "14755", "ano": "2023", "numero": "175", "tipo__sigla": "IND", "tipo__descricao": "Indica\u00e7\u00e3o", "autoria": "ALCIO IKEDA, Aguinaldo Pires Galv\u00e3o", "texto_original": "http://sapl.adamantina.sp.leg.br/media/sapl/public/materialegislativa/2023/14755/indicacao_175_48a_ordinaria.pdf", "ementa": "Solicitam seja retomado o fornecimento de p\u00e3es aos servidores municipais do setor operacional da Prefeitura (Almoxarifado, usina, agricultura, viveiro de mudas e outros)."}, {"id": "14756", "ano": "2023", "numero": "176", "tipo__sigla": "IND", "tipo__descricao": "Indica\u00e7\u00e3o", "autoria": "ALCIO IKEDA", "texto_original": "http://sapl.adamantina.sp.leg.br/media/sapl/public/materialegislativa/2023/14756/indicacao_176_48a_ordinaria.pdf", "ementa": "Solicitam sejam estudadas medidas para ampliar a seguran\u00e7a das unidades escolares municipais, tais como: convoca\u00e7\u00e3o (definitiva ou tempor\u00e1ria) de agentes de vigil\u00e2ncia patrimonial aprovados no concurso p\u00fablico n\u00ba 001/2021 e contrata\u00e7\u00e3o de empresa terceirizada em seguran\u00e7a, indicando um seguran\u00e7a por unidade escolar do munic\u00edpio."}, {"id": "14757", "ano": "2023", "numero": "177", "tipo__sigla": "IND", "tipo__descricao": "Indica\u00e7\u00e3o", "autoria": "ALCIO IKEDA, Aguinaldo Pires Galv\u00e3o, BIGODE, Cid Jos\u00e9 Aparecido dos Santos, H\u00e9lio Jos\u00e9 dos Santos, NORIKO ONISHI SAITO, PAULO CERVELHEIRA, RAFAEL PACHECO, RIQUINHA DO BAR", "texto_original": "http://sapl.adamantina.sp.leg.br/media/sapl/public/materialegislativa/2023/14757/indicacao_177_48a_ordinaria.pdf", "ementa": "Solicitam ao Excelent\u00edssimo Reitor do Centro Universit\u00e1rio de Adamantina, Prof. Dr. Alexandre Teixeira de Souza, junto a coordena\u00e7\u00e3o do curso de Medicina, que seja estudada a parceria com a Cl\u00ednica de Repouso PAI Nosso Lar, no sentido de que seja analisada a disponibiliza\u00e7\u00e3o de internato m\u00e9dico nas \u00e1reas de psiquiatria, cl\u00ednica m\u00e9dica entre outras especialidades."}, {"id": "14775", "ano": "2023", "numero": "178", "tipo__sigla": "IND", "tipo__descricao": "Indica\u00e7\u00e3o", "autoria": "ALCIO IKEDA", "texto_original": "http://sapl.adamantina.sp.leg.br/media/sapl/public/materialegislativa/2023/14775/indicacao_178_49a_ordinaria.pdf", "ementa": "Solicita sejam realizados estudos t\u00e9cnicos para avaliar a viabilidade de ado\u00e7\u00e3o de medidas para redu\u00e7\u00e3o de velocidade e, se for vi\u00e1vel tecnicamente, a instala\u00e7\u00e3o de redutor de velocidade na Rua Tsunekishi Sakai, proximidades da resid\u00eancia n\u00ba 374 (uma quadra antes do campo do Marroco)."}, {"id": "14776", "ano": "2023", "numero": "179", "tipo__sigla": "IND", "tipo__descricao": "Indica\u00e7\u00e3o", "autoria": "Obras, Servi\u00e7os P\u00fablicos e Meio Ambiente", "texto_original": "http://sapl.adamantina.sp.leg.br/media/sapl/public/materialegislativa/2023/14776/indicacao_179_49a_ordinaria.pdf", "ementa": "Solicitam seja realizada a manuten\u00e7\u00e3o das cal\u00e7adas do Parque dos Pioneiros, considerando o estado prec\u00e1rio que v\u00e1rios pontos se encontram, oferecendo riscos eminentes de acidentes."}, {"id": "14777", "ano": "2023", "numero": "180", "tipo__sigla": "IND", "tipo__descricao": "Indica\u00e7\u00e3o", "autoria": "Obras, Servi\u00e7os P\u00fablicos e Meio Ambiente", "texto_original": "http://sapl.adamantina.sp.leg.br/media/sapl/public/materialegislativa/2023/14777/indicacao_180_49a_ordinaria.pdf", "ementa": "Solicitam seja programada ampla reforma no Terminal Rodovi\u00e1rio de Adamantina, no sentido de que sejam solucionados problemas de infiltra\u00e7\u00e3o de \u00e1guas de chuva e o espa\u00e7o seja revitalizado, a fim de oferecer maior seguran\u00e7a e bem estar para quem utiliza dos servi\u00e7os e frequenta o local."}, {"id": "14778", "ano": "2023", "numero": "181", "tipo__sigla": "IND", "tipo__descricao": "Indica\u00e7\u00e3o", "autoria": "BIGODE", "texto_original": "http://sapl.adamantina.sp.leg.br/media/sapl/public/materialegislativa/2023/14778/indicacao_181_49a_ordinaria.pdf", "ementa": "Solicita proceder, com a m\u00e1xima urg\u00eancia, a sinaliza\u00e7\u00e3o de tr\u00e2nsito com pintura de solo e coloca\u00e7\u00e3o de placa PARE nas ruas do bairro Residencial It\u00e1lia."}, {"id": "14779", "ano": "2023", "numero": "182", "tipo__sigla": "IND", "tipo__descricao": "Indica\u00e7\u00e3o", "autoria": "NORIKO ONISHI SAITO", "texto_original": "http://sapl.adamantina.sp.leg.br/media/sapl/public/materialegislativa/2023/14779/indicacao_182_49a_ordinaria.pdf", "ementa": "Solicitam pintura de uma faixa de pedestres, para travessia dos alunos do infantil Pr\u00e9 I e Pr\u00e9 II, em frente do novo port\u00e3o de entrada Escola Crist\u00e3 na Alameda Padre N\u00f3brega, esquina com a Rua Sirlene Rodrigues de Castro."}, {"id": "14781", "ano": "2023", "numero": "183", "tipo__sigla": "IND", "tipo__descricao": "Indica\u00e7\u00e3o", "autoria": "NORIKO ONISHI SAITO, Aguinaldo Pires Galv\u00e3o, Cid Jos\u00e9 Aparecido dos Santos, H\u00e9lio Jos\u00e9 dos Santos, RIQUINHA DO BAR", "texto_original": "http://sapl.adamantina.sp.leg.br/media/sapl/public/materialegislativa/2023/14781/indicacao_183_49a_ordinaria.pdf", "ementa": "Solicitam instalar um redutor de velocidade, tipo lombada, na Rua Jos\u00e9 Vicente, em frente da Creche Cec\u00edlia Meirelles, a fim de coibir o excesso de velocidade no local."}, {"id": "14782", "ano": "2023", "numero": "184", "tipo__sigla": "IND", "tipo__descricao": "Indica\u00e7\u00e3o", "autoria": "NORIKO ONISHI SAITO, Aguinaldo Pires Galv\u00e3o, Cid Jos\u00e9 Aparecido dos Santos, H\u00e9lio Jos\u00e9 dos Santos, RIQUINHA DO BAR", "texto_original": "http://sapl.adamantina.sp.leg.br/media/sapl/public/materialegislativa/2023/14782/indicacao_184_49a_ordinaria.pdf", "ementa": "Solicitam proceder com a m\u00e1xima urg\u00eancia reparos na pista de caminhada do Parque Caldeira."}, {"id": "14783", "ano": "2023", "numero": "185", "tipo__sigla": "IND", "tipo__descricao": "Indica\u00e7\u00e3o", "autoria": "Aguinaldo Pires Galv\u00e3o, H\u00e9lio Jos\u00e9 dos Santos, NORIKO ONISHI SAITO", "texto_original": "http://sapl.adamantina.sp.leg.br/media/sapl/public/materialegislativa/2023/14783/indicacao_185_49a_ordinaria.pdf", "ementa": "Solicitam incluir nos servi\u00e7os de aplica\u00e7\u00e3o de lama asf\u00e1ltica o trecho da Avenida Ipiranga, entre a Rua XV de Novembro e Alameda Goi\u00e2nia, na Vila Jamil de Lima."}, {"id": "14784", "ano": "2023", "numero": "186", "tipo__sigla": "IND", "tipo__descricao": "Indica\u00e7\u00e3o", "autoria": "RAFAEL PACHECO, ALCIO IKEDA, BIGODE", "texto_original": "http://sapl.adamantina.sp.leg.br/media/sapl/public/materialegislativa/2023/14784/indicacao_186_49a_ordinaria.pdf", "ementa": "Solicitam melhorar a ilumina\u00e7\u00e3o p\u00fablica no Centro da cidade e em especial da Pra\u00e7a \u00c9lio Micheloni."}, {"id": "14785", "ano": "2023", "numero": "187", "tipo__sigla": "IND", "tipo__descricao": "Indica\u00e7\u00e3o", "autoria": "RAFAEL PACHECO", "texto_original": "http://sapl.adamantina.sp.leg.br/media/sapl/public/materialegislativa/2023/14785/indicacao_187_49a_ordinaria.pdf", "ementa": "Solicita transformar em via de m\u00e3o \u00fanica a Al. Jo\u00e3o Andrade, rua de tr\u00e1s de Santa Casa."}, {"id": "14786", "ano": "2023", "numero": "188", "tipo__sigla": "IND", "tipo__descricao": "Indica\u00e7\u00e3o", "autoria": "RAFAEL PACHECO", "texto_original": "http://sapl.adamantina.sp.leg.br/media/sapl/public/materialegislativa/2023/14786/indicacao_188_49a_ordinaria.pdf", "ementa": "Solicita sejam instaladas lixeiras ecol\u00f3gicas nas diversas pra\u00e7as de nossa cidade."}, {"id": "14787", "ano": "2023", "numero": "189", "tipo__sigla": "IND", "tipo__descricao": "Indica\u00e7\u00e3o", "autoria": "RAFAEL PACHECO", "texto_original": "http://sapl.adamantina.sp.leg.br/media/sapl/public/materialegislativa/2023/14787/indicacao_189_49a_ordinaria.pdf", "ementa": "Solicita sejam disponibilizadas lixeiras para descartar pilhas e baterias em Adamantina, e posteriormente, d\u00ea o destino adequado a este tipo de material."}, {"id": "14788", "ano": "2023", "numero": "190", "tipo__sigla": "IND", "tipo__descricao": "Indica\u00e7\u00e3o", "autoria": "RAFAEL PACHECO", "texto_original": "http://sapl.adamantina.sp.leg.br/media/sapl/public/materialegislativa/2023/14788/indicacao_190_49a_ordinaria.pdf", "ementa": "Solicita seja criada uma campanha para conscientiza\u00e7\u00e3o da popula\u00e7\u00e3o para \u201cRespeito \u00e0 Faixa de Pedestres\u201d na cidade de Adamantina."}, {"id": "14789", "ano": "2023", "numero": "191", "tipo__sigla": "IND", "tipo__descricao": "Indica\u00e7\u00e3o", "autoria": "H\u00e9lio Jos\u00e9 dos Santos, NORIKO ONISHI SAITO", "texto_original": "http://sapl.adamantina.sp.leg.br/media/sapl/public/materialegislativa/2023/14789/indicacao_191_49a_ordinaria.pdf", "ementa": "Solicitam seja instalado ponto de \u00f4nibus coberto, na entrada da EE. Helen Keller, de Adamantina, que est\u00e1 localizada na Rua Joaquim Luiz Vian, destinado ao atendimento dos alunos da referida unidade escolar, mas que tamb\u00e9m poder\u00e1 ser utilizado por estudantes de outras escolas daquela regi\u00e3o ou mesmo pela comunidade como um todo,  garantindo, dessa forma, maior conforto e seguran\u00e7a para todos."}, {"id": "14790", "ano": "2023", "numero": "192", "tipo__sigla": "IND", "tipo__descricao": "Indica\u00e7\u00e3o", "autoria": "H\u00e9lio Jos\u00e9 dos Santos, Aguinaldo Pires Galv\u00e3o, BIGODE, NORIKO ONISHI SAITO, RIQUINHA DO BAR", "texto_original": "http://sapl.adamantina.sp.leg.br/media/sapl/public/materialegislativa/2023/14790/indicacao_192_49a_ordinaria.pdf", "ementa": "Solicitam seja realizado um amplo trabalho de monitoramento e conserva\u00e7\u00e3o dos parquinhos infantis instalados em v\u00e1rias pra\u00e7as e parques da nossa cidade, objetivando a utiliza\u00e7\u00e3o dos equipamentos por parte da nossa popula\u00e7\u00e3o, principalmente pelas nossas crian\u00e7as e adolescentes, sobretudo, de forma segura e sem risco de acidentes ou incidentes para os seus usu\u00e1rios, bem como proceder a instala\u00e7\u00e3o desses importantes equipamentos de lazer em locais e bairros que ainda n\u00e3o possuem esse importante espa\u00e7o de recrea\u00e7\u00e3o infantil."}, {"id": "14791", "ano": "2023", "numero": "193", "tipo__sigla": "IND", "tipo__descricao": "Indica\u00e7\u00e3o", "autoria": "H\u00e9lio Jos\u00e9 dos Santos, Aguinaldo Pires Galv\u00e3o, Cid Jos\u00e9 Aparecido dos Santos, NORIKO ONISHI SAITO, RIQUINHA DO BAR", "texto_original": "http://sapl.adamantina.sp.leg.br/media/sapl/public/materialegislativa/2023/14791/indicacao_193_49a_ordinaria.pdf", "ementa": "Solicitam seja organizado um cronograma de servi\u00e7os municipais, objetivando a realiza\u00e7\u00e3o de obras de recapeamento e de opera\u00e7\u00f5es tapa-buracos, priorizando as principais art\u00e9rias na nossa cidade, bem como as vias de acesso aos bairros e locais estrat\u00e9gicos, que apresentam uma grande circula\u00e7\u00e3o de pessoas, fluxo de ve\u00edculos e de servi\u00e7os, com o intuito de otimizar a utiliza\u00e7\u00e3o dos recursos humanos, equipamentos e materiais existentes."}, {"id": "14792", "ano": "2023", "numero": "194", "tipo__sigla": "IND", "tipo__descricao": "Indica\u00e7\u00e3o", "autoria": "H\u00e9lio Jos\u00e9 dos Santos, Aguinaldo Pires Galv\u00e3o, Cid Jos\u00e9 Aparecido dos Santos, NORIKO ONISHI SAITO, RIQUINHA DO BAR", "texto_original": "http://sapl.adamantina.sp.leg.br/media/sapl/public/materialegislativa/2023/14792/indicacao_194_49a_ordinaria.pdf", "ementa": "Solicitam seja realizado estudo imediato no sentido de viabilizar \u00e0s justas reivindica\u00e7\u00f5es apresentadas pelo senhor Nivaldo Martins do Nascimento (Londrina), presidente do Sindicato dos Servidores P\u00fablicos Municipais - Sindserv,  como reajuste salarial dos servidores municipais, majora\u00e7\u00e3o e equipara\u00e7\u00e3o do vale-alimenta\u00e7\u00e3o dos servidores municipais da prefeitura com os valores pagos aos servidores do Centro Universit\u00e1rio de Adamantina - FAI, bem como para a efetiva\u00e7\u00e3o do piso salarial nacional da enfermagem aos profissionais municipais da sa\u00fade da prefeitura, e tamb\u00e9m seja agendada uma reuni\u00e3o com o referido presidente e a participa\u00e7\u00e3o do Legislativo, objetivando dialogarmos sobre essas e outras importantes quest\u00f5es que envolvem os valorosos servidores municipais da prefeitura de Adamantina."}, {"id": "14793", "ano": "2023", "numero": "195", "tipo__sigla": "IND", "tipo__descricao": "Indica\u00e7\u00e3o", "autoria": "PAULO CERVELHEIRA, Aguinaldo Pires Galv\u00e3o", "texto_original": "http://sapl.adamantina.sp.leg.br/media/sapl/public/materialegislativa/2023/14793/indicacao_195_49a_ordinaria.pdf", "ementa": "Solicitam estudar a possibilidade de implantar um redutor de velocidade tipo (lombada) na Rua Mario Oliveiro, na altura do n\u00ba 730."}, {"id": "14794", "ano": "2023", "numero": "196", "tipo__sigla": "IND", "tipo__descricao": "Indica\u00e7\u00e3o", "autoria": "PAULO CERVELHEIRA, Aguinaldo Pires Galv\u00e3o", "texto_original": "http://sapl.adamantina.sp.leg.br/media/sapl/public/materialegislativa/2023/14794/indicacao_196_49a_ordinaria.pdf", "ementa": "Solicitam incluir nos trabalhos de recapeamento asf\u00e1ltico o \u00fanico quarteir\u00e3o da Rua Valentin Gentil, defronte \u00e0 Construtora La\u00eds, no bairro Vila Cicma, tendo em vista que os caminh\u00f5es, aos realizarem suas manobras, danificam a malha asf\u00e1ltica."}, {"id": "14795", "ano": "2023", "numero": "197", "tipo__sigla": "IND", "tipo__descricao": "Indica\u00e7\u00e3o", "autoria": "PAULO CERVELHEIRA", "texto_original": "http://sapl.adamantina.sp.leg.br/media/sapl/public/materialegislativa/2023/14795/indicacao_197_49a_ordinaria.pdf", "ementa": "Solicita proceder com urg\u00eancia a pintura de sinaliza\u00e7\u00e3o PARE no solo bem como coloca\u00e7\u00e3o de placa, na Rua Mario Oliveiro, esquina com a Rua Tras\u00edbulo Pereira de Souza, a fim de orientar os motoristas."}, {"id": "14796", "ano": "2023", "numero": "198", "tipo__sigla": "IND", "tipo__descricao": "Indica\u00e7\u00e3o", "autoria": "BIGODE", "texto_original": "http://sapl.adamantina.sp.leg.br/media/sapl/public/materialegislativa/2023/14796/indicacao_198_49a_ordinaria.pdf", "ementa": "Solicita proceder com urg\u00eancia a poda das \u00e1rvores em volta do Centro Comunit\u00e1rio do Jardim das Primaveras, bem como a retirada de duas \u00e1rvores, uma que, segundo os moradores, tem atrapalhado a vis\u00e3o do campo e a outra est\u00e1 ocasionando destrui\u00e7\u00e3o de parte do piso do Centro Comunit\u00e1rio."}, {"id": "14797", "ano": "2023", "numero": "199", "tipo__sigla": "IND", "tipo__descricao": "Indica\u00e7\u00e3o", "autoria": "BIGODE, RAFAEL PACHECO", "texto_original": "http://sapl.adamantina.sp.leg.br/media/sapl/public/materialegislativa/2023/14797/indicacao_199_49a_ordinaria.pdf", "ementa": "Solicitam proceder reparos em todas as rampas para cadeirantes, principalmente as localizadas no Parque Caldeira."}, {"id": "14817", "ano": "2023", "numero": "200", "tipo__sigla": "IND", "tipo__descricao": "Indica\u00e7\u00e3o", "autoria": "Aguinaldo Pires Galv\u00e3o", "texto_original": "http://sapl.adamantina.sp.leg.br/media/sapl/public/materialegislativa/2023/14817/indicacao_200_50a_ordinaria.pdf", "ementa": "Solicita elaborar projeto a fim adequar o SIM \u2013 Servi\u00e7o de Inspe\u00e7\u00e3o Municipal, selo municipal, para enquadr\u00e1-lo no SISBI-POA \u2013 Sistema Brasileiro de Inspe\u00e7\u00e3o de Produtos de Origem Animal, selo estadual."}, {"id": "14818", "ano": "2023", "numero": "201", "tipo__sigla": "IND", "tipo__descricao": "Indica\u00e7\u00e3o", "autoria": "Aguinaldo Pires Galv\u00e3o, BIGODE, Cid Jos\u00e9 Aparecido dos Santos, RIQUINHA DO BAR", "texto_original": "http://sapl.adamantina.sp.leg.br/media/sapl/public/materialegislativa/2023/14818/indicacao_201_50a_ordinaria.pdf", "ementa": "Solicitam coloca\u00e7\u00e3o de cascalho, ou pedra bica corrida, nos pontos cr\u00edticos da Estrada Vicinal Vicente Lima que liga \u00e0 Estrada Leonardo Cornacini, Bairro Cana Verde. Solicitamos ainda que sejam feitos reparos na ponte localizada na vicinal citada."}, {"id": "14819", "ano": "2023", "numero": "202", "tipo__sigla": "IND", "tipo__descricao": "Indica\u00e7\u00e3o", "autoria": "Aguinaldo Pires Galv\u00e3o, NORIKO ONISHI SAITO", "texto_original": "http://sapl.adamantina.sp.leg.br/media/sapl/public/materialegislativa/2023/14819/indicacao_202_50a_ordinaria.pdf", "ementa": "Solicitam proceder com urg\u00eancia a coloca\u00e7\u00e3o de cascalho em toda extens\u00e3o da Estrada Vicinal 451, conhecida como Estrada do Kobori."}, {"id": "14820", "ano": "2023", "numero": "203", "tipo__sigla": "IND", "tipo__descricao": "Indica\u00e7\u00e3o", "autoria": "BIGODE, Aguinaldo Pires Galv\u00e3o", "texto_original": "http://sapl.adamantina.sp.leg.br/media/sapl/public/materialegislativa/2023/14820/indicacao_203_50a_ordinaria.pdf", "ementa": "Solicitam proceder a ro\u00e7agem, limpeza e poda de v\u00e1rios galhos de \u00e1rvores no acostamento da Rodovia Pl\u00e1cido Rocha at\u00e9 o limite do munic\u00edpio."}, {"id": "14821", "ano": "2023", "numero": "204", "tipo__sigla": "IND", "tipo__descricao": "Indica\u00e7\u00e3o", "autoria": "BIGODE", "texto_original": "http://sapl.adamantina.sp.leg.br/media/sapl/public/materialegislativa/2023/14821/indicacao_204_50a_ordinaria.pdf", "ementa": "Solicita incluir na programa\u00e7\u00e3o de recapeamento asf\u00e1ltico o trecho da Rua Jo\u00e3o Perroni, entre as Ruas Domingos Fratini e \u00c2ngelo Stafuzza, no Jardim Adamantin."}, {"id": "14822", "ano": "2023", "numero": "205", "tipo__sigla": "IND", "tipo__descricao": "Indica\u00e7\u00e3o", "autoria": "BIGODE", "texto_original": "http://sapl.adamantina.sp.leg.br/media/sapl/public/materialegislativa/2023/14822/indicacao_205_50a_ordinaria.pdf", "ementa": "Solicita sejam notificados os propriet\u00e1rios dos terrenos do Residencial Rio Branco a fim de proceder a limpeza das cal\u00e7adas na Avenida Rio Branco, pois os pedestres n\u00e3o t\u00eam como utilizar o passeio p\u00fablico sendo obrigados a andar na rua, podendo ocorrer acidentes."}, {"id": "14823", "ano": "2023", "numero": "206", "tipo__sigla": "IND", "tipo__descricao": "Indica\u00e7\u00e3o", "autoria": "BIGODE", "texto_original": "http://sapl.adamantina.sp.leg.br/media/sapl/public/materialegislativa/2023/14823/indicacao_206_50a_ordinaria.pdf", "ementa": "Solicita incluir na programa\u00e7\u00e3o de aplica\u00e7\u00e3o de lama asf\u00e1ltica a Rua Jo\u00e3o Vicente Miranda, no Jardim Primavera, pois a referida rua encontra-se em p\u00e9ssimo estado de conserva\u00e7\u00e3o."}, {"id": "14824", "ano": "2023", "numero": "207", "tipo__sigla": "IND", "tipo__descricao": "Indica\u00e7\u00e3o", "autoria": "BIGODE", "texto_original": "http://sapl.adamantina.sp.leg.br/media/sapl/public/materialegislativa/2023/14824/indicacao_207_50a_ordinaria.pdf", "ementa": "Solicita incluir na programa\u00e7\u00e3o de recapeamento asf\u00e1ltico a Rua Joaquim Marques Caldeira, no Jardim Adamantina, pois malha asf\u00e1ltica da referida rua encontra-se em p\u00e9ssimo estado de conserva\u00e7\u00e3o."}, {"id": "14825", "ano": "2023", "numero": "208", "tipo__sigla": "IND", "tipo__descricao": "Indica\u00e7\u00e3o", "autoria": "BIGODE", "texto_original": "http://sapl.adamantina.sp.leg.br/media/sapl/public/materialegislativa/2023/14825/indicacao_208_50a_ordinaria.pdf", "ementa": "Solicita estudar a possibilidade de colocar tela de prote\u00e7\u00e3o atr\u00e1s dos gols do campo de futebol do Bairro Lagoa Seca."}, {"id": "14826", "ano": "2023", "numero": "209", "tipo__sigla": "IND", "tipo__descricao": "Indica\u00e7\u00e3o", "autoria": "BIGODE", "texto_original": "http://sapl.adamantina.sp.leg.br/media/sapl/public/materialegislativa/2023/14826/indicacao_209_50a_ordinaria.pdf", "ementa": "Solicita estudar a possibilidade de iluminar a academia ao ar livre, recentemente instalada no Bairro Lagoa Seca."}, {"id": "14827", "ano": "2023", "numero": "210", "tipo__sigla": "IND", "tipo__descricao": "Indica\u00e7\u00e3o", "autoria": "BIGODE", "texto_original": "http://sapl.adamantina.sp.leg.br/media/sapl/public/materialegislativa/2023/14827/indicacao_210_50a_ordinaria.pdf", "ementa": "Solicita proceder a ro\u00e7agem e limpeza no acostamento do prolongamento da Av. Rio Branco, acesso ao trevo Fl\u00f3rida Paulista-Valpara\u00edso, pois est\u00e1 tomada por enorme matagal."}, {"id": "14828", "ano": "2023", "numero": "211", "tipo__sigla": "IND", "tipo__descricao": "Indica\u00e7\u00e3o", "autoria": "BIGODE", "texto_original": "http://sapl.adamantina.sp.leg.br/media/sapl/public/materialegislativa/2023/14828/indicacao_211_50a_ordinaria.pdf", "ementa": "Solicita proceder a ro\u00e7agem e limpeza da \u00e1rea de lazer localizada na Rua Jo\u00e3o Vicente de Miranda, no Jardim Primavera, pois a mesma encontra-se tomada por enorme matagal."}, {"id": "14829", "ano": "2023", "numero": "212", "tipo__sigla": "IND", "tipo__descricao": "Indica\u00e7\u00e3o", "autoria": "ALCIO IKEDA", "texto_original": "http://sapl.adamantina.sp.leg.br/media/sapl/public/materialegislativa/2023/14829/indicacao_212_50a_ordinaria.pdf", "ementa": "Solicita seja realizado estudo a fim de verificar a possibilidade de melhorias para solucionar o problema de \u00e1guas paradas na Rua Constante Ortolan, proximidades da resid\u00eancia n\u00ba 58."}, {"id": "14830", "ano": "2023", "numero": "213", "tipo__sigla": "IND", "tipo__descricao": "Indica\u00e7\u00e3o", "autoria": "RIQUINHA DO BAR, Aguinaldo Pires Galv\u00e3o, Cid Jos\u00e9 Aparecido dos Santos, NORIKO ONISHI SAITO", "texto_original": "http://sapl.adamantina.sp.leg.br/media/sapl/public/materialegislativa/2023/14830/indicacao_213_50a_ordinaria.pdf", "ementa": "Solicitam proceder com urg\u00eancia uma completa limpeza entre a linha f\u00e9rrea e as Ruas Cear\u00e1 e Laurindo Simonceli, no Jardim Brasil, pois os locais encontram-se tomados por enorme matagal, servindo de criadouro de animais pe\u00e7onhentos, ratos, baratas escorpi\u00f5es e outros."}, {"id": "14831", "ano": "2023", "numero": "214", "tipo__sigla": "IND", "tipo__descricao": "Indica\u00e7\u00e3o", "autoria": "RIQUINHA DO BAR, Aguinaldo Pires Galv\u00e3o, Cid Jos\u00e9 Aparecido dos Santos, NORIKO ONISHI SAITO", "texto_original": "http://sapl.adamantina.sp.leg.br/media/sapl/public/materialegislativa/2023/14831/indicacao_214_50a_ordinaria.pdf", "ementa": "Solicitam proceder a repintura de toda sinaliza\u00e7\u00e3o da rotat\u00f3ria entre a Rua Goi\u00e1s e Av. Ant\u00f4nio Tiveron, no Jardim Brasil, pois a existente encontra-se apagada."}, {"id": "14832", "ano": "2023", "numero": "215", "tipo__sigla": "IND", "tipo__descricao": "Indica\u00e7\u00e3o", "autoria": "RIQUINHA DO BAR, Aguinaldo Pires Galv\u00e3o, Cid Jos\u00e9 Aparecido dos Santos, NORIKO ONISHI SAITO", "texto_original": "http://sapl.adamantina.sp.leg.br/media/sapl/public/materialegislativa/2023/14832/indicacao_215_50a_ordinaria.pdf", "ementa": "Solicitam seja dado in\u00edcio na constru\u00e7\u00e3o de cal\u00e7ada, conforme programa\u00e7\u00e3o nas \u00e1reas verdes do Jardim Bandeirantes, atendendo in\u00fameros pedidos dos moradores daquela localidade, melhorando, desta forma, o visual destes locais."}, {"id": "14833", "ano": "2023", "numero": "216", "tipo__sigla": "IND", "tipo__descricao": "Indica\u00e7\u00e3o", "autoria": "RIQUINHA DO BAR, Aguinaldo Pires Galv\u00e3o, Cid Jos\u00e9 Aparecido dos Santos, NORIKO ONISHI SAITO", "texto_original": "http://sapl.adamantina.sp.leg.br/media/sapl/public/materialegislativa/2023/14833/indicacao_216_50a_ordinaria.pdf", "ementa": "Solicitam seja implantado em nosso munic\u00edpio uma unidade p\u00fablica Centro Dia para Idosos."}, {"id": "14834", "ano": "2023", "numero": "217", "tipo__sigla": "IND", "tipo__descricao": "Indica\u00e7\u00e3o", "autoria": "RIQUINHA DO BAR, Aguinaldo Pires Galv\u00e3o, Cid Jos\u00e9 Aparecido dos Santos, NORIKO ONISHI SAITO", "texto_original": "http://sapl.adamantina.sp.leg.br/media/sapl/public/materialegislativa/2023/14834/indicacao_217_50a_ordinaria.pdf", "ementa": "Solicitam estudar a viabilidade de instalar um redutor de velocidade (tipo lombada) na Rua Nair Quinto Zamb\u00e3o, proximidades do n\u00ba 270, principal acesso ao Residencial Monte Carlo."}, {"id": "14835", "ano": "2023", "numero": "218", "tipo__sigla": "IND", "tipo__descricao": "Indica\u00e7\u00e3o", "autoria": "RIQUINHA DO BAR, Aguinaldo Pires Galv\u00e3o, Cid Jos\u00e9 Aparecido dos Santos, NORIKO ONISHI SAITO", "texto_original": "http://sapl.adamantina.sp.leg.br/media/sapl/public/materialegislativa/2023/14835/indicacao_218_50a_ordinaria.pdf", "ementa": "Solicitam incluir na programa\u00e7\u00e3o de confec\u00e7\u00e3o de cal\u00e7adas o trecho da Rua Hermenegildo Lopes Pedroso, do lado direito, sentido sa\u00edda da cidade, do CEMA IV at\u00e9 a Cl\u00ednica de Repouso Nosso Lar."}, {"id": "14836", "ano": "2023", "numero": "219", "tipo__sigla": "IND", "tipo__descricao": "Indica\u00e7\u00e3o", "autoria": "NORIKO ONISHI SAITO, Aguinaldo Pires Galv\u00e3o, Cid Jos\u00e9 Aparecido dos Santos, H\u00e9lio Jos\u00e9 dos Santos, RIQUINHA DO BAR", "texto_original": "http://sapl.adamantina.sp.leg.br/media/sapl/public/materialegislativa/2023/14836/indicacao_219_50a_ordinaria.pdf", "ementa": "Solicitam promover estudos visando proceder uma ampla reforma no parque infantil localizado na Rua Syrlene Rodrigues de Castro, conjunto Residencial Alamandas."}, {"id": "14837", "ano": "2023", "numero": "220", "tipo__sigla": "IND", "tipo__descricao": "Indica\u00e7\u00e3o", "autoria": "NORIKO ONISHI SAITO, Aguinaldo Pires Galv\u00e3o, Cid Jos\u00e9 Aparecido dos Santos, H\u00e9lio Jos\u00e9 dos Santos, RIQUINHA DO BAR", "texto_original": "http://sapl.adamantina.sp.leg.br/media/sapl/public/materialegislativa/2023/14837/indicacao_220_50a_ordinaria.pdf", "ementa": "Solicitam atender as sugest\u00f5es dos alunos da Escola Crist\u00e3 de Ensino a fim de resolver problemas de alagamento na cidade com coloca\u00e7\u00e3o de placas escrito proibido jogar lixo, bem como alertar sobre o local de alagamento que pode causar mortes, acidentes, infiltra\u00e7\u00f5es nas casas, lojas e apresentar danos aos ve\u00edculos decorrentes de alagamento."}, {"id": "14838", "ano": "2023", "numero": "221", "tipo__sigla": "IND", "tipo__descricao": "Indica\u00e7\u00e3o", "autoria": "H\u00e9lio Jos\u00e9 dos Santos, NORIKO ONISHI SAITO", "texto_original": "http://sapl.adamantina.sp.leg.br/media/sapl/public/materialegislativa/2023/14838/indicacao_221_50a_ordinaria.pdf", "ementa": "Solicitam seja estudada a possibilidade de fornecer repositor hidroeletrol\u00edticos aos servidores da administra\u00e7\u00e3o municipal que trabalham em atividades f\u00edsicas intensas, objetivando a reposi\u00e7\u00e3o de \u00e1gua, carboidratos e sais minerais, evitando-se a desidrata\u00e7\u00e3o e, consequentemente a perda de rendimento f\u00edsico durante a execu\u00e7\u00e3o dos servi\u00e7os p\u00fablicos e preservando a sa\u00fade dos funcion\u00e1rios municipais."}, {"id": "14839", "ano": "2023", "numero": "222", "tipo__sigla": "IND", "tipo__descricao": "Indica\u00e7\u00e3o", "autoria": "H\u00e9lio Jos\u00e9 dos Santos, NORIKO ONISHI SAITO", "texto_original": "http://sapl.adamantina.sp.leg.br/media/sapl/public/materialegislativa/2023/14839/indicacao_222_50a_ordinaria.pdf", "ementa": "Solicitam sejam adotadas as provid\u00eancias necess\u00e1rias visando \u00e0 contrata\u00e7\u00e3o urgente de ao menos mais dois Assistente Sociais e dois Psic\u00f3logos para atender na Rede Municipal de Sa\u00fade e na Rede Municipal de Educa\u00e7\u00e3o."}, {"id": "14840", "ano": "2023", "numero": "223", "tipo__sigla": "IND", "tipo__descricao": "Indica\u00e7\u00e3o", "autoria": "H\u00e9lio Jos\u00e9 dos Santos, Aguinaldo Pires Galv\u00e3o, ALCIO IKEDA, BIGODE, Cid Jos\u00e9 Aparecido dos Santos, NORIKO ONISHI SAITO, PAULO CERVELHEIRA, RAFAEL PACHECO, RIQUINHA DO BAR", "texto_original": "http://sapl.adamantina.sp.leg.br/media/sapl/public/materialegislativa/2023/14840/indicacao_223_50a_ordinaria.pdf", "ementa": "Solicitam seja encaminhado of\u00edcio \u00e0 empresa Adasebo/Patense, solicitando informa\u00e7\u00f5es sobre todos os procedimentos e investimentos que ser\u00e3o realizados na empresa, com o intuito de buscar solu\u00e7\u00f5es para o problema com o mau cheiro, em fun\u00e7\u00e3o das atividades exercidas, inclusive se houve estabelecimento de prazo para a efetiva\u00e7\u00e3o das provid\u00eancias que ser\u00e3o adotadas, e que a resposta da referida empresa seja encaminhada a esta Casa para que possamos responder os questionamentos da popula\u00e7\u00e3o."}, {"id": "14841", "ano": "2023", "numero": "224", "tipo__sigla": "IND", "tipo__descricao": "Indica\u00e7\u00e3o", "autoria": "ALCIO IKEDA", "texto_original": "http://sapl.adamantina.sp.leg.br/media/sapl/public/materialegislativa/2023/14841/indicacao_224_50a_ordinaria.pdf", "ementa": "Solicita sejam inclu\u00eddas no cronograma do recape asf\u00e1ltico, as seguintes vias:\r\nAl. Dos Expedicion\u00e1rios, nos quarteir\u00f5es necess\u00e1rios entre a Rua Heitor Freire de Carvalho e a Rua Nair Quinto Zamb\u00e3o (Vila Cicma/Vila Olivero) e Al. Ant\u00f4nio Buzetto, (Vila Cicma/Vila Olivero)."}, {"id": "14842", "ano": "2023", "numero": "225", "tipo__sigla": "IND", "tipo__descricao": "Indica\u00e7\u00e3o", "autoria": "ALCIO IKEDA", "texto_original": "http://sapl.adamantina.sp.leg.br/media/sapl/public/materialegislativa/2023/14842/indicacao_225_50a_ordinaria.pdf", "ementa": "Solicita seja realizada vistoria na via p\u00fablica ap\u00f3s a esquina da Capela Santa Luzia, no in\u00edcio do bairro San Miguel II e da Rua Yolanda Suzana Miguel, uma vez que no entroncamento, o asfalto est\u00e1 cedendo, oferecendo s\u00e9rios riscos de afundamento."}, {"id": "14843", "ano": "2023", "numero": "226", "tipo__sigla": "IND", "tipo__descricao": "Indica\u00e7\u00e3o", "autoria": "ALCIO IKEDA", "texto_original": "http://sapl.adamantina.sp.leg.br/media/sapl/public/materialegislativa/2023/14843/indicacao_226_50a_ordinaria.pdf", "ementa": "Solicita sejam atendidos os seguintes pedidos referentes ao campo localizado ao final da Rua Turquesa, Residencial Eldorado I: 1 - Seja programada a limpeza do campo, ou seja, a ro\u00e7agem e a o recolhimento dos matos e sujeiras existentes no local e ao redor do local; 2 - Seja realizada a pintura na marca\u00e7\u00e3o das linhas do campo; 3 - Seja estudada a possibilidade de promover melhorias para a entrada dos cidad\u00e3os no mencionado campo."}, {"id": "14844", "ano": "2023", "numero": "227", "tipo__sigla": "IND", "tipo__descricao": "Indica\u00e7\u00e3o", "autoria": "RAFAEL PACHECO", "texto_original": "http://sapl.adamantina.sp.leg.br/media/sapl/public/materialegislativa/2023/14844/indicacao_227_50a_ordinaria.pdf", "ementa": "Solicita sejam disponibilizadas lixeiras para descartar pilhas e baterias em Adamantina, e posteriormente, providencie a correta devolu\u00e7\u00e3o aos fabricantes, OU, obrigue os fabricantes a disponibilizar locais para o devido descarte como determina a lei."}, {"id": "14845", "ano": "2023", "numero": "228", "tipo__sigla": "IND", "tipo__descricao": "Indica\u00e7\u00e3o", "autoria": "RAFAEL PACHECO", "texto_original": "http://sapl.adamantina.sp.leg.br/media/sapl/public/materialegislativa/2023/14845/indicacao_228_50a_ordinaria.pdf", "ementa": "Solicita seja criada uma campanha para conscientiza\u00e7\u00e3o da popula\u00e7\u00e3o para \u201cRespeito \u00e0 Faixa de Pedestres\u201d na cidade de Adamantina."}, {"id": "14846", "ano": "2023", "numero": "229", "tipo__sigla": "IND", "tipo__descricao": "Indica\u00e7\u00e3o", "autoria": "RAFAEL PACHECO", "texto_original": "http://sapl.adamantina.sp.leg.br/media/sapl/public/materialegislativa/2023/14846/indicacao_229_50a_ordinaria.pdf", "ementa": "Solicita seja oferecido um reajuste com aumento real no Vale Alimenta\u00e7\u00e3o de todos os servidores p\u00fablicos municipais."}, {"id": "14883", "ano": "2023", "numero": "230", "tipo__sigla": "IND", "tipo__descricao": "Indica\u00e7\u00e3o", "autoria": "RIQUINHA DO BAR, Cid Jos\u00e9 Aparecido dos Santos, NORIKO ONISHI SAITO", "texto_original": "http://sapl.adamantina.sp.leg.br/media/sapl/public/materialegislativa/2023/14883/indicacao_230_51a_ordinaria.pdf", "ementa": "Solicitam proceder a poda das \u00e1rvores da Rua Marechal Deodoro, mais precisamente em frente ao n\u00ba 267, no Jardim das Alamandas."}, {"id": "14884", "ano": "2023", "numero": "231", "tipo__sigla": "IND", "tipo__descricao": "Indica\u00e7\u00e3o", "autoria": "RIQUINHA DO BAR, Aguinaldo Pires Galv\u00e3o, Cid Jos\u00e9 Aparecido dos Santos, NORIKO ONISHI SAITO", "texto_original": "http://sapl.adamantina.sp.leg.br/media/sapl/public/materialegislativa/2023/14884/indicacao_231_51a_ordinaria.pdf", "ementa": "Solicitam proceder reparos na malha asf\u00e1ltica no cruzamento das Ruas Mato Grosso e Para\u00edba, no Jardim Brasil."}, {"id": "14885", "ano": "2023", "numero": "232", "tipo__sigla": "IND", "tipo__descricao": "Indica\u00e7\u00e3o", "autoria": "BIGODE", "texto_original": "http://sapl.adamantina.sp.leg.br/media/sapl/public/materialegislativa/2023/14885/indicacao_232_51a_ordinaria.pdf", "ementa": "Solicita proceder com urg\u00eancia o recapeamento asf\u00e1ltico da entrada e sa\u00edda do Bairro Tucuruvi, pois a malha asf\u00e1ltica encontra-se em p\u00e9ssimo estado de conserva\u00e7\u00e3o, gerando reclama\u00e7\u00f5es das pessoas que utilizam diariamente o local."}, {"id": "14886", "ano": "2023", "numero": "233", "tipo__sigla": "IND", "tipo__descricao": "Indica\u00e7\u00e3o", "autoria": "BIGODE", "texto_original": "http://sapl.adamantina.sp.leg.br/media/sapl/public/materialegislativa/2023/14886/indicacao_233_51a_ordinaria.pdf", "ementa": "Solicita incluir na programa\u00e7\u00e3o de recapeamento asf\u00e1ltico a Rua Valentim Borro, no Jardim Adamantina, pois \u00e9 cr\u00edtica a situa\u00e7\u00e3o da malha asf\u00e1ltica da referida rua, gerando reclama\u00e7\u00f5es dos moradores."}, {"id": "14887", "ano": "2023", "numero": "234", "tipo__sigla": "IND", "tipo__descricao": "Indica\u00e7\u00e3o", "autoria": "BIGODE", "texto_original": "http://sapl.adamantina.sp.leg.br/media/sapl/public/materialegislativa/2023/14887/indicacao_234_51a_ordinaria.pdf", "ementa": "Solicita manter contato com a empresa Rumo Log\u00edstica a fim de proceder a ro\u00e7agem e limpeza da linha f\u00e9rrea, no trecho do Almoxarifado da Prefeitura at\u00e9 o Restaurante Hangar, que est\u00e1 tomado por enorme matagal. Caso a empresa n\u00e3o tome as provid\u00eancias necess\u00e1rias, que os servi\u00e7os sejam executados pela Prefeitura e lan\u00e7ado \u00e0 empresa taxa de limpeza p\u00fablica, ou ent\u00e3o que seja permitida a limpeza por mais pessoas que quiserem fazer como volunt\u00e1rios, gratuitamente, a fim de resolver este grave problema."}, {"id": "14888", "ano": "2023", "numero": "235", "tipo__sigla": "IND", "tipo__descricao": "Indica\u00e7\u00e3o", "autoria": "BIGODE", "texto_original": "http://sapl.adamantina.sp.leg.br/media/sapl/public/materialegislativa/2023/14888/indicacao_235_51a_ordinaria.pdf", "ementa": "Solicita incluir na programa\u00e7\u00e3o de recapeamento asf\u00e1ltico as ruas do Residencial Parque Para\u00edso."}, {"id": "14889", "ano": "2023", "numero": "236", "tipo__sigla": "IND", "tipo__descricao": "Indica\u00e7\u00e3o", "autoria": "NORIKO ONISHI SAITO, Cid Jos\u00e9 Aparecido dos Santos, PAULO CERVELHEIRA, RIQUINHA DO BAR", "texto_original": "http://sapl.adamantina.sp.leg.br/media/sapl/public/materialegislativa/2023/14889/indicacao_236_51a_ordinaria.pdf", "ementa": "Solicitam proceder estudos visando a constru\u00e7\u00e3o ou instala\u00e7\u00e3o de bancos na \u00e1rea verde denominada Prof\u00aa Oneide dos Santos Morelatti no Bairro Tipuanas, atendendo pedidos dos moradores daquela comunidade."}, {"id": "14890", "ano": "2023", "numero": "237", "tipo__sigla": "IND", "tipo__descricao": "Indica\u00e7\u00e3o", "autoria": "NORIKO ONISHI SAITO, Cid Jos\u00e9 Aparecido dos Santos, PAULO CERVELHEIRA, RIQUINHA DO BAR", "texto_original": "http://sapl.adamantina.sp.leg.br/media/sapl/public/materialegislativa/2023/14890/indicacao_237_51a_ordinaria.pdf", "ementa": "Solicitam providenciar a coloca\u00e7\u00e3o de corrim\u00e3o na escada do palco do anfiteatro da Biblioteca Municipal Jurema Gomes Moreira Citelli."}, {"id": "14891", "ano": "2023", "numero": "238", "tipo__sigla": "IND", "tipo__descricao": "Indica\u00e7\u00e3o", "autoria": "NORIKO ONISHI SAITO, Cid Jos\u00e9 Aparecido dos Santos, PAULO CERVELHEIRA, RIQUINHA DO BAR", "texto_original": "http://sapl.adamantina.sp.leg.br/media/sapl/public/materialegislativa/2023/14891/indicacao_238_51a_ordinaria.pdf", "ementa": "Solicitam proceder poda e a substitui\u00e7\u00e3o de 10 \u00e1rvores (tipuanas) enormes com troncos totalmente condenados e ra\u00edzes profundas que est\u00e3o invadindo as casas pr\u00f3ximas prejudicando as estruturas das resid\u00eancias do Conjunto Residencial Tipuanas."}, {"id": "14892", "ano": "2023", "numero": "239", "tipo__sigla": "IND", "tipo__descricao": "Indica\u00e7\u00e3o", "autoria": "H\u00e9lio Jos\u00e9 dos Santos, Aguinaldo Pires Galv\u00e3o, NORIKO ONISHI SAITO, PAULO CERVELHEIRA, RIQUINHA DO BAR", "texto_original": "http://sapl.adamantina.sp.leg.br/media/sapl/public/materialegislativa/2023/14892/indicacao_239_51a_ordinaria.pdf", "ementa": "Solicitam seja encaminhado uma minuta do Projeto de Lei Complementar referente ao Sistema Municipal de Educa\u00e7\u00e3o, que o Executivo est\u00e1 elaborando, para uma an\u00e1lise inicial dos vereadores, com o intuito de apresentarmos alguma sugest\u00e3o para melhoria da proposi\u00e7\u00e3o apresentada, sobretudo \u00e0quelas que n\u00e3o poderiam ser realizada por interm\u00e9dio de emenda do Legislativo, antes do envio da vers\u00e3o final do referido documento."}, {"id": "14893", "ano": "2023", "numero": "240", "tipo__sigla": "IND", "tipo__descricao": "Indica\u00e7\u00e3o", "autoria": "H\u00e9lio Jos\u00e9 dos Santos, NORIKO ONISHI SAITO", "texto_original": "http://sapl.adamantina.sp.leg.br/media/sapl/public/materialegislativa/2023/14893/indicacao_240_51a_ordinaria.pdf", "ementa": "Solicitam proceder instala\u00e7\u00e3o de um obst\u00e1culo na Rua M\u00e1rio Oliveiro, no trecho compreendido entre as Ruas Joaquim Zacarias da Silva e Jos\u00e9 Bechara, haja vista o grande fluxo de ve\u00edculos e de pessoas naquele local."}, {"id": "14894", "ano": "2023", "numero": "241", "tipo__sigla": "IND", "tipo__descricao": "Indica\u00e7\u00e3o", "autoria": "H\u00e9lio Jos\u00e9 dos Santos, NORIKO ONISHI SAITO", "texto_original": "http://sapl.adamantina.sp.leg.br/media/sapl/public/materialegislativa/2023/14894/indicacao_241_51a_ordinaria.pdf", "ementa": "Solicitam seja realizado um amplo trabalho de recupera\u00e7\u00e3o e conserva\u00e7\u00e3o da Rua Prof\u00aa Maria Esther T\u00f3foli, no trecho compreendido entre a Rua Dante Bolgue, no Residencial Monte Alegre e a Rua Francisco D\u00e1rio T\u00f3ffoli, no Residencial Eldorado II."}, {"id": "14895", "ano": "2023", "numero": "242", "tipo__sigla": "IND", "tipo__descricao": "Indica\u00e7\u00e3o", "autoria": "Cid Jos\u00e9 Aparecido dos Santos, Aguinaldo Pires Galv\u00e3o, H\u00e9lio Jos\u00e9 dos Santos, NORIKO ONISHI SAITO, RIQUINHA DO BAR", "texto_original": "http://sapl.adamantina.sp.leg.br/media/sapl/public/materialegislativa/2023/14895/indicacao_242_51a_ordinaria.pdf", "ementa": "Solicitam oficiar o Gerente dos Correios de Adamantina, no sentido de providenciar com urg\u00eancia a presta\u00e7\u00e3o do servi\u00e7o de entregas de correspond\u00eancias nos novos loteamentos e bairros da cidade de Adamantina, fato que tem gerado muitas reclama\u00e7\u00f5es dos mun\u00edcipes moradores dos bairros n\u00e3o atendidos pelo servi\u00e7o essencial de responsabilidade dos Correios local."}, {"id": "14896", "ano": "2023", "numero": "243", "tipo__sigla": "IND", "tipo__descricao": "Indica\u00e7\u00e3o", "autoria": "Cid Jos\u00e9 Aparecido dos Santos, Aguinaldo Pires Galv\u00e3o, H\u00e9lio Jos\u00e9 dos Santos, NORIKO ONISHI SAITO, RIQUINHA DO BAR", "texto_original": "http://sapl.adamantina.sp.leg.br/media/sapl/public/materialegislativa/2023/14896/indicacao_243_51a_ordinaria.pdf", "ementa": "Solicita proceder a instala\u00e7\u00e3o de bancos nas pra\u00e7as de nosso munic\u00edpio onde est\u00e3o sendo instalados os novos e modernos parquinhos infantis, atendendo solicita\u00e7\u00f5es dos pais das crian\u00e7as adamantinenses beneficiadas."}, {"id": "14897", "ano": "2023", "numero": "244", "tipo__sigla": "IND", "tipo__descricao": "Indica\u00e7\u00e3o", "autoria": "Cid Jos\u00e9 Aparecido dos Santos, Aguinaldo Pires Galv\u00e3o, H\u00e9lio Jos\u00e9 dos Santos, NORIKO ONISHI SAITO, RIQUINHA DO BAR", "texto_original": "http://sapl.adamantina.sp.leg.br/media/sapl/public/materialegislativa/2023/14897/indicacao_244_51a_ordinaria.pdf", "ementa": "Solicita seja estudado plano de atendimento para elabora\u00e7\u00e3o do projeto de cria\u00e7\u00e3o e instala\u00e7\u00e3o do Projeto Social Centro Dia para Idosos nosso munic\u00edpio, para atender pessoas idosas com 60 anos ou mais, de ambos os sexos, prioritariamente benefici\u00e1rias do Benef\u00edcio de Presta\u00e7\u00e3o Continuada \u2013 BPC-LOAS e em situa\u00e7\u00e3o de pobreza inclu\u00eddas no Cadastro \u00danico para Programas Sociais - Cad\u00danico, com diferentes necessidades e graus de depend\u00eancia, que n\u00e3o tenham condi\u00e7\u00f5es de permanecerem sozinhas nos domic\u00edlios."}, {"id": "14898", "ano": "2023", "numero": "245", "tipo__sigla": "IND", "tipo__descricao": "Indica\u00e7\u00e3o", "autoria": "Cid Jos\u00e9 Aparecido dos Santos, Aguinaldo Pires Galv\u00e3o, H\u00e9lio Jos\u00e9 dos Santos, NORIKO ONISHI SAITO, RIQUINHA DO BAR", "texto_original": "http://sapl.adamantina.sp.leg.br/media/sapl/public/materialegislativa/2023/14898/indicacao_245_51a_ordinaria.pdf", "ementa": "Solicita incluir no programa atual de recupera\u00e7\u00e3o da malha asf\u00e1ltica urbana do munic\u00edpio o trecho compreendido da Alameda Santa Cruz de Adamantina, entre as Ruas Osvaldo Cruz e Joaquim Nabuco, uma vez que referido trecho encontra-se em p\u00e9ssimo estado de conserva\u00e7\u00e3o."}, {"id": "14899", "ano": "2023", "numero": "246", "tipo__sigla": "IND", "tipo__descricao": "Indica\u00e7\u00e3o", "autoria": "Cid Jos\u00e9 Aparecido dos Santos, Aguinaldo Pires Galv\u00e3o, H\u00e9lio Jos\u00e9 dos Santos, NORIKO ONISHI SAITO, RIQUINHA DO BAR", "texto_original": "http://sapl.adamantina.sp.leg.br/media/sapl/public/materialegislativa/2023/14899/indicacao_246_51a_ordinaria.pdf", "ementa": "Solicitam incluir no programa atual de recupera\u00e7\u00e3o da malha asf\u00e1ltica urbana do munic\u00edpio o trecho compreendido da Rua Ant\u00f4nio Andrade, entre a Avenida Br\u00e1ulio Molina Frias e Avenida Vit\u00f3rio Romanini, uma vez que referido trecho encontra-se em p\u00e9ssimo estado de conserva\u00e7\u00e3o, com infiltra\u00e7\u00e3o asf\u00e1ltica, diversos buracos e ondula\u00e7\u00f5es."}, {"id": "14900", "ano": "2023", "numero": "247", "tipo__sigla": "IND", "tipo__descricao": "Indica\u00e7\u00e3o", "autoria": "ALCIO IKEDA", "texto_original": "http://sapl.adamantina.sp.leg.br/media/sapl/public/materialegislativa/2023/14900/indicacao_247_51a_ordinaria.pdf", "ementa": "Solicita sejam realizadas as seguintes melhorias no campo de futebol do Jardim Bela Vista: 1 - Seja agilizada a instala\u00e7\u00e3o de gramado sint\u00e9tico e sua respectiva infraestrutura; 2 - Enquanto n\u00e3o for realizado, seja providenciada a limpeza e adequa\u00e7\u00e3o do local para os moradores."}, {"id": "14901", "ano": "2023", "numero": "248", "tipo__sigla": "IND", "tipo__descricao": "Indica\u00e7\u00e3o", "autoria": "ALCIO IKEDA", "texto_original": "http://sapl.adamantina.sp.leg.br/media/sapl/public/materialegislativa/2023/14901/indicacao_248_51a_ordinaria.pdf", "ementa": "Solicita sejam realizadas as demarca\u00e7\u00f5es de solo em vias que receberam recape, em especial, as vias do Parque Itaipus."}, {"id": "14902", "ano": "2023", "numero": "249", "tipo__sigla": "IND", "tipo__descricao": "Indica\u00e7\u00e3o", "autoria": "ALCIO IKEDA", "texto_original": "http://sapl.adamantina.sp.leg.br/media/sapl/public/materialegislativa/2023/14902/indicacao_249_51a_ordinaria.pdf", "ementa": "Solicita seja estudada a viabilidade t\u00e9cnica de instalar uma faixa de carga e descarga (estacionamento r\u00e1pido) na Av. Capit\u00e3o Jos\u00e9 Ant\u00f4nio de Oliveira, quarteir\u00e3o do restaurante Cartola / Moderninha."}, {"id": "14903", "ano": "2023", "numero": "250", "tipo__sigla": "IND", "tipo__descricao": "Indica\u00e7\u00e3o", "autoria": "RAFAEL PACHECO, BIGODE", "texto_original": "http://sapl.adamantina.sp.leg.br/media/sapl/public/materialegislativa/2023/14903/indicacao_250_51a_ordinaria.pdf", "ementa": "Solicitam proceder a reforma na casa, de propriedade da Prefeitura Municipal, localizada no bairro Jardim Adamantina pois a mesma se encontra em p\u00e9ssimas condi\u00e7\u00f5es de higiene e sanit\u00e1rias, inclusive apresentando problemas estruturais."}, {"id": "14904", "ano": "2023", "numero": "251", "tipo__sigla": "IND", "tipo__descricao": "Indica\u00e7\u00e3o", "autoria": "RAFAEL PACHECO", "texto_original": "http://sapl.adamantina.sp.leg.br/media/sapl/public/materialegislativa/2023/14904/indicacao_251_51a_ordinaria.pdf", "ementa": "Solicita atribuir a responsabilidade a um funcion\u00e1rio p\u00fablico municipal de regar, aos finais de semana e feriados, a horta comunit\u00e1ria localizada do bairro Jardim Adamantina."}, {"id": "14905", "ano": "2023", "numero": "252", "tipo__sigla": "IND", "tipo__descricao": "Indica\u00e7\u00e3o", "autoria": "RAFAEL PACHECO", "texto_original": "http://sapl.adamantina.sp.leg.br/media/sapl/public/materialegislativa/2023/14905/indicacao_252_51a_ordinaria.pdf", "ementa": "Solicita sejam oferecidas ca\u00e7ambas gratuitas em todos os bairros da cidade para dispensa de lixos como m\u00f3veis antigos, sof\u00e1s velhos, pneus, etc."}, {"id": "14906", "ano": "2023", "numero": "253", "tipo__sigla": "IND", "tipo__descricao": "Indica\u00e7\u00e3o", "autoria": "RAFAEL PACHECO", "texto_original": "http://sapl.adamantina.sp.leg.br/media/sapl/public/materialegislativa/2023/14906/indicacao_253_51a_ordinaria.pdf", "ementa": "Solicita fiscalizar e solucionar o problema das casas populares no Bairro Lagoa Seca, procedendo uma reforma ou outra medida que for necess\u00e1ria."}, {"id": "14907", "ano": "2023", "numero": "254", "tipo__sigla": "IND", "tipo__descricao": "Indica\u00e7\u00e3o", "autoria": "RAFAEL PACHECO", "texto_original": "http://sapl.adamantina.sp.leg.br/media/sapl/public/materialegislativa/2023/14907/indicacao_254_51a_ordinaria.pdf", "ementa": "Solicita sejam instalados na Avenida Capit\u00e3o Jos\u00e9 Ant\u00f4nio de Oliveira, na altura da faixa de pedestres em frente ao Supermercado Godoy, redutores de velocidade, do tipo tartarugas, antes e depois da faixa de pedestres instalada naquele local."}, {"id": "14912", "ano": "2023", "numero": "255", "tipo__sigla": "IND", "tipo__descricao": "Indica\u00e7\u00e3o", "autoria": "NORIKO ONISHI SAITO, Aguinaldo Pires Galv\u00e3o, Cid Jos\u00e9 Aparecido dos Santos, RIQUINHA DO BAR", "texto_original": "http://sapl.adamantina.sp.leg.br/media/sapl/public/materialegislativa/2023/14912/indicacao_255_52a_ordinaria.pdf", "ementa": "Solicitam proceder a constru\u00e7\u00e3o de rampa de acessibilidade para portadores de defici\u00eancias em frente ao Centro Comunit\u00e1rio do Jardim das Primaveras, local onde foi instalada a Casa Afro, pois com a reforma do local a rampa n\u00e3o foi constru\u00edda, estando sem acessibilidade para cadeirantes."}, {"id": "14913", "ano": "2023", "numero": "256", "tipo__sigla": "IND", "tipo__descricao": "Indica\u00e7\u00e3o", "autoria": "BIGODE", "texto_original": "http://sapl.adamantina.sp.leg.br/media/sapl/public/materialegislativa/2023/14913/indicacao_256_52a_ordinaria.pdf", "ementa": "Solicita proceder a pintura de solo \u201cPARE\u201d e faixas de pedestres em v\u00e1rios pontos do centro e bairros da cidade, pois encontram-se apagadas."}, {"id": "14914", "ano": "2023", "numero": "257", "tipo__sigla": "IND", "tipo__descricao": "Indica\u00e7\u00e3o", "autoria": "BIGODE", "texto_original": "http://sapl.adamantina.sp.leg.br/media/sapl/public/materialegislativa/2023/14914/indicacao_257_52a_ordinaria.pdf", "ementa": "Solicita incluir a Rua Juruva, Parque Residencial Tangar\u00e1, na programa\u00e7\u00e3o dos servi\u00e7os de recapeamento asf\u00e1ltico."}, {"id": "14915", "ano": "2023", "numero": "258", "tipo__sigla": "IND", "tipo__descricao": "Indica\u00e7\u00e3o", "autoria": "Obras, Servi\u00e7os P\u00fablicos e Meio Ambiente", "texto_original": "http://sapl.adamantina.sp.leg.br/media/sapl/public/materialegislativa/2023/14915/indicacao_258_52a_ordinaria.pdf", "ementa": "Solicitam sejam realizadas as manuten\u00e7\u00f5es necess\u00e1rias na pavimenta\u00e7\u00e3o asf\u00e1ltica do p\u00e1tio da esta\u00e7\u00e3o recreio, especialmente nas proximidades de onde os comerciantes de pastel trabalham, uma vez que o asfalto est\u00e1 afundando, dificultando o trabalho dos comerciantes locais."}, {"id": "14916", "ano": "2023", "numero": "259", "tipo__sigla": "IND", "tipo__descricao": "Indica\u00e7\u00e3o", "autoria": "Cid Jos\u00e9 Aparecido dos Santos, Aguinaldo Pires Galv\u00e3o, H\u00e9lio Jos\u00e9 dos Santos, NORIKO ONISHI SAITO, RIQUINHA DO BAR", "texto_original": "http://sapl.adamantina.sp.leg.br/media/sapl/public/materialegislativa/2023/14916/indicacao_259_52a_ordinaria.pdf", "ementa": "Solicitam a instala\u00e7\u00e3o urgente de uma lombada para conter o excesso de velocidade na Rua Domingos Milan, pr\u00f3ximo ao n\u00ba 138, Est\u00e2ncia Dorigo, pois trata-se de via p\u00fablica que liga os bairros adjacentes com movimento crescente de ve\u00edculos que trafegam constantemente, em sua maioria, em velocidade incompat\u00edvel com o local."}, {"id": "14917", "ano": "2023", "numero": "260", "tipo__sigla": "IND", "tipo__descricao": "Indica\u00e7\u00e3o", "autoria": "Cid Jos\u00e9 Aparecido dos Santos, Aguinaldo Pires Galv\u00e3o, H\u00e9lio Jos\u00e9 dos Santos, NORIKO ONISHI SAITO, RIQUINHA DO BAR", "texto_original": "http://sapl.adamantina.sp.leg.br/media/sapl/public/materialegislativa/2023/14917/indicacao_260_52a_ordinaria.pdf", "ementa": "Solicitam sejam retiradas as pedras de paralelep\u00edpedos e lajotas da via p\u00fablica da Rua Noel Rosa, entre a Rua Francisco Jos\u00e9 de Azevedo e Rua Zequinha de Abreu, substituindo para pavimenta\u00e7\u00e3o asf\u00e1ltica, em raz\u00e3o do p\u00e9ssimo estado em que se encontra todo trecho da via, bem como a constru\u00e7\u00e3o de galerias pluviais para a regular capita\u00e7\u00e3o das \u00e1guas de chuvas."}, {"id": "14918", "ano": "2023", "numero": "261", "tipo__sigla": "IND", "tipo__descricao": "Indica\u00e7\u00e3o", "autoria": "Cid Jos\u00e9 Aparecido dos Santos, Aguinaldo Pires Galv\u00e3o, H\u00e9lio Jos\u00e9 dos Santos, NORIKO ONISHI SAITO, RIQUINHA DO BAR", "texto_original": "http://sapl.adamantina.sp.leg.br/media/sapl/public/materialegislativa/2023/14918/indicacao_261_52a_ordinaria.pdf", "ementa": "Solicitam proceder a instala\u00e7\u00e3o de parquinho com brinquedos infantis na \u00e1rea de lazer do Residencial Eldorado II e bairros adjacentes, uma vez que as crian\u00e7as e os adolescentes t\u00eam direito a lazer."}, {"id": "14919", "ano": "2023", "numero": "262", "tipo__sigla": "IND", "tipo__descricao": "Indica\u00e7\u00e3o", "autoria": "Cid Jos\u00e9 Aparecido dos Santos, Aguinaldo Pires Galv\u00e3o, H\u00e9lio Jos\u00e9 dos Santos, NORIKO ONISHI SAITO, RIQUINHA DO BAR", "texto_original": "http://sapl.adamantina.sp.leg.br/media/sapl/public/materialegislativa/2023/14919/indicacao_262_52a_ordinaria.pdf", "ementa": "Solicitam seja encaminhado of\u00edcio aos Correios, ao respons\u00e1vel pela Ag\u00eancia de Adamantina, no sentido de providenciar urgentemente o regular servi\u00e7o de entregas de correspond\u00eancias e demais servi\u00e7os aos moradores de v\u00e1rios novas bairros de Adamantina, que ainda n\u00e3o contam com os servi\u00e7os de entregas de correspond\u00eancias."}, {"id": "14920", "ano": "2023", "numero": "263", "tipo__sigla": "IND", "tipo__descricao": "Indica\u00e7\u00e3o", "autoria": "Cid Jos\u00e9 Aparecido dos Santos, Aguinaldo Pires Galv\u00e3o, H\u00e9lio Jos\u00e9 dos Santos, NORIKO ONISHI SAITO, RIQUINHA DO BAR", "texto_original": "http://sapl.adamantina.sp.leg.br/media/sapl/public/materialegislativa/2023/14920/indicacao_263_52a_ordinaria.pdf", "ementa": "Solicitam proceder o recapeamento asf\u00e1ltico na Rua Professora Maria Esther Tofoli, no Jardim Eldorado, em raz\u00e3o do p\u00e9ssimo estado de conserva\u00e7\u00e3o que se encontram os dois \u00faltimos quarteir\u00f5es desta importante via p\u00fablica em nosso munic\u00edpio."}, {"id": "14921", "ano": "2023", "numero": "264", "tipo__sigla": "IND", "tipo__descricao": "Indica\u00e7\u00e3o", "autoria": "Cid Jos\u00e9 Aparecido dos Santos, Aguinaldo Pires Galv\u00e3o, H\u00e9lio Jos\u00e9 dos Santos, NORIKO ONISHI SAITO, RIQUINHA DO BAR", "texto_original": "http://sapl.adamantina.sp.leg.br/media/sapl/public/materialegislativa/2023/14921/indicacao_264_52a_ordinaria.pdf", "ementa": "Solicitam instala\u00e7\u00e3o de redutores de velocidade e/ou radares fixos a Avenida Marechal Castelo Branco (via de Acesso), uma vez que \u00e9 crescente cada vez mais as reclama\u00e7\u00f5es dos empres\u00e1rios e pedestres, sobre os ve\u00edculos que trafegam acima da velocidade permitida."}, {"id": "14922", "ano": "2023", "numero": "265", "tipo__sigla": "IND", "tipo__descricao": "Indica\u00e7\u00e3o", "autoria": "RAFAEL PACHECO", "texto_original": "http://sapl.adamantina.sp.leg.br/media/sapl/public/materialegislativa/2023/14922/indicacao_265_52a_ordinaria.pdf", "ementa": "Solicita seja disponibilizado o servi\u00e7o de castra m\u00f3vel para que a popula\u00e7\u00e3o de Adamantina possa castrar seus animais evitando a prolifera\u00e7\u00e3o de gatos e cachorros abandonados na cidade."}, {"id": "14923", "ano": "2023", "numero": "266", "tipo__sigla": "IND", "tipo__descricao": "Indica\u00e7\u00e3o", "autoria": "RAFAEL PACHECO", "texto_original": "http://sapl.adamantina.sp.leg.br/media/sapl/public/materialegislativa/2023/14923/indicacao_266_52a_ordinaria.pdf", "ementa": "Solicita seja instalado um redutor de velocidade na Rua Prudente de Moraes, na altura do n\u00famero 51."}, {"id": "14924", "ano": "2023", "numero": "267", "tipo__sigla": "IND", "tipo__descricao": "Indica\u00e7\u00e3o", "autoria": "RAFAEL PACHECO", "texto_original": "http://sapl.adamantina.sp.leg.br/media/sapl/public/materialegislativa/2023/14924/indicacao_267_52a_ordinaria.pdf", "ementa": "Solicita seja instalado na cidade, em diversos pontos, as chamadas travessias elevadas, como a instalada em frente ao Supermercado 7."}, {"id": "14925", "ano": "2023", "numero": "268", "tipo__sigla": "IND", "tipo__descricao": "Indica\u00e7\u00e3o", "autoria": "Cid Jos\u00e9 Aparecido dos Santos, RIQUINHA DO BAR", "texto_original": "http://sapl.adamantina.sp.leg.br/media/sapl/public/materialegislativa/2023/14925/indicacao_268_52a_ordinaria.pdf", "ementa": "Solicitam proceder a substitui\u00e7\u00e3o das l\u00e2mpadas exististes nos postes de ilumina\u00e7\u00e3o nas proximidades da FATEC por L\u00e2mpadas de Led, no sentido melhorar a ilumina\u00e7\u00e3o p\u00fablica no local, bem como em todo o Bairro Jardim Brasil."}, {"id": "14926", "ano": "2023", "numero": "269", "tipo__sigla": "IND", "tipo__descricao": "Indica\u00e7\u00e3o", "autoria": "H\u00e9lio Jos\u00e9 dos Santos, ALCIO IKEDA, NORIKO ONISHI SAITO, PAULO CERVELHEIRA", "texto_original": "http://sapl.adamantina.sp.leg.br/media/sapl/public/materialegislativa/2023/14926/indicacao_269_52a_ordinaria.pdf", "ementa": "Solicitam ado\u00e7\u00e3o de medidas legais, visando uma nova reestrutura\u00e7\u00e3o ou adequa\u00e7\u00e3o na carreira dos empregos permanentes de auxiliares de empregos na \u00e1rea de sa\u00fade (Farm\u00e1cia, Laborat\u00f3rio, Sa\u00fade Bucal), bem como os cargos de Topografia, Borracheiro, Funileiro, Ferramenteiro, Almoxarife e os Assistentes de Controle de Vetores, pois entendemos se tratar de uma quest\u00e3o de inteira justi\u00e7a e de isonomia de carreiras p\u00fablicas."}, {"id": "14927", "ano": "2023", "numero": "270", "tipo__sigla": "IND", "tipo__descricao": "Indica\u00e7\u00e3o", "autoria": "H\u00e9lio Jos\u00e9 dos Santos", "texto_original": "http://sapl.adamantina.sp.leg.br/media/sapl/public/materialegislativa/2023/14927/indicacao_270_52a_ordinaria.pdf", "ementa": "Solicita proceder a instala\u00e7\u00e3o de um obst\u00e1culo na Rua Jos\u00e9 Vicente, no trecho compreendido entre as Ruas Nair Quinto Zamb\u00e3o e Professora Berta, na altura entre as resid\u00eancias de n\u00fameros 604 e 620, haja vista o grande fluxo de ve\u00edculos e de pessoas naquele local, pois \u00e9 uma das rotas de liga\u00e7\u00e3o da \u00e1rea urbana com v\u00e1rios bairros daquela importante regi\u00e3o da nossa cidade."}, {"id": "14928", "ano": "2023", "numero": "271", "tipo__sigla": "IND", "tipo__descricao": "Indica\u00e7\u00e3o", "autoria": "H\u00e9lio Jos\u00e9 dos Santos", "texto_original": "http://sapl.adamantina.sp.leg.br/media/sapl/public/materialegislativa/2023/14928/indicacao_271_52a_ordinaria.pdf", "ementa": "Solicita proceder a instala\u00e7\u00e3o de um ponto de \u00f4nibus coberto, na entrada do Bairro Parque do Sol, mais precisamente nas imedia\u00e7\u00f5es do cruzamento da Avenida Jos\u00e9 Urbano Luize com a Rua Carlos Pegoraro, sendo que essa obra p\u00fablica tamb\u00e9m ser\u00e1 utilizado por outras pessoas daquela importante regi\u00e3o da nossa cidade, inclusive trabalhadores, garantindo, dessa forma, maior conforto e seguran\u00e7a para todos."}, {"id": "14968", "ano": "2023", "numero": "272", "tipo__sigla": "IND", "tipo__descricao": "Indica\u00e7\u00e3o", "autoria": "Aguinaldo Pires Galv\u00e3o, BIGODE, Cid Jos\u00e9 Aparecido dos Santos, NORIKO ONISHI SAITO, RIQUINHA DO BAR", "texto_original": "http://sapl.adamantina.sp.leg.br/media/sapl/public/materialegislativa/2023/14968/indicacao_272_53a_ordinaria.pdf", "ementa": "Solicitam proceder a orienta\u00e7\u00e3o de todos os ambulantes e comerciantes se que utilizam do passeio p\u00fablico para comercializarem seus produtos sobre a necessidade de observar uma faixa de no m\u00ednimo 120m de largura da cal\u00e7ada e que n\u00e3o tenha nada que obstrua a passagem das pessoas."}, {"id": "14969", "ano": "2023", "numero": "273", "tipo__sigla": "IND", "tipo__descricao": "Indica\u00e7\u00e3o", "autoria": "NORIKO ONISHI SAITO, Aguinaldo Pires Galv\u00e3o, Cid Jos\u00e9 Aparecido dos Santos, RIQUINHA DO BAR", "texto_original": "http://sapl.adamantina.sp.leg.br/media/sapl/public/materialegislativa/2023/14969/indicacao_273_53a_ordinaria.pdf", "ementa": "Solicitam realizar uma completa reforma e pintura do pr\u00e9dio da Escola Municipal CEMA I."}, {"id": "14970", "ano": "2023", "numero": "274", "tipo__sigla": "IND", "tipo__descricao": "Indica\u00e7\u00e3o", "autoria": "NORIKO ONISHI SAITO, Aguinaldo Pires Galv\u00e3o, Cid Jos\u00e9 Aparecido dos Santos, RIQUINHA DO BAR", "texto_original": "http://sapl.adamantina.sp.leg.br/media/sapl/public/materialegislativa/2023/14970/indicacao_274_53a_ordinaria.pdf", "ementa": "Solicitam proceder com urg\u00eancia os seguintes servi\u00e7os: 1 \u2013 Pintura das lombofaixas em frente aos Supermercados Mituo e SETE; 2 \u2013 Pintura da faixa de pedestre em frente ao Supermercado Godoy; 3 \u2013 Pintura das lombadas pr\u00f3ximas das escolas municipais CEMA I e CEMA II, e 4 \u2013 Pintura em todas as sinaliza\u00e7\u00f5es de solo PARE e faixas de pedestres da cidade, em especial as existentes nos arredores da Santa Casa, e nas Avenidas Adhemar de Barros e Marechal Castelo Branco (via de acesso)."}, {"id": "14971", "ano": "2023", "numero": "275", "tipo__sigla": "IND", "tipo__descricao": "Indica\u00e7\u00e3o", "autoria": "NORIKO ONISHI SAITO, Aguinaldo Pires Galv\u00e3o, Cid Jos\u00e9 Aparecido dos Santos, RIQUINHA DO BAR", "texto_original": "http://sapl.adamantina.sp.leg.br/media/sapl/public/materialegislativa/2023/14971/indicacao_275_53a_ordinaria.pdf", "ementa": "Solicitam proceder reparos no telhado do pr\u00e9dio onde ser\u00e1 instalado o arquivo hist\u00f3rico de Adamantina."}, {"id": "14972", "ano": "2023", "numero": "276", "tipo__sigla": "IND", "tipo__descricao": "Indica\u00e7\u00e3o", "autoria": "Aguinaldo Pires Galv\u00e3o, Cid Jos\u00e9 Aparecido dos Santos, NORIKO ONISHI SAITO, RIQUINHA DO BAR", "texto_original": "http://sapl.adamantina.sp.leg.br/media/sapl/public/materialegislativa/2023/14972/indicacao_276_53a_ordinaria.pdf", "ementa": "Solicitam proceder v\u00e1rias a\u00e7\u00f5es para a revitaliza\u00e7\u00e3o da Pra\u00e7a Jos\u00e9 Parila, uma das mais antigas, conforme segue: 1 \u2013 Instala\u00e7\u00f5es de bancos, h\u00e1 v\u00e1rios quebrados; 2 \u2013 Pintura nos postes e 3 \u2013 Reparos em todo o cal\u00e7amento da pra\u00e7a."}, {"id": "14973", "ano": "2023", "numero": "277", "tipo__sigla": "IND", "tipo__descricao": "Indica\u00e7\u00e3o", "autoria": "RIQUINHA DO BAR, Aguinaldo Pires Galv\u00e3o, Cid Jos\u00e9 Aparecido dos Santos, NORIKO ONISHI SAITO", "texto_original": "http://sapl.adamantina.sp.leg.br/media/sapl/public/materialegislativa/2023/14973/indicacao_277_53a_ordinaria.pdf", "ementa": "Solicitam opera\u00e7\u00e3o tapa buracos a fim de recuperar a malha asf\u00e1ltica da Rua M\u00e1rio de Andrade, Jardim dos Poetas."}, {"id": "14974", "ano": "2023", "numero": "278", "tipo__sigla": "IND", "tipo__descricao": "Indica\u00e7\u00e3o", "autoria": "RIQUINHA DO BAR, Aguinaldo Pires Galv\u00e3o, Cid Jos\u00e9 Aparecido dos Santos, NORIKO ONISHI SAITO", "texto_original": "http://sapl.adamantina.sp.leg.br/media/sapl/public/materialegislativa/2023/14974/indicacao_278_53a_ordinaria.pdf", "ementa": "Solicitam proceder a sinaliza\u00e7\u00e3o de tr\u00e2nsito com pintura de faixas e coloca\u00e7\u00e3o de placas no cruzamento das Ruas das Palmas e das Papoulas, na Vila Jardim."}, {"id": "14975", "ano": "2023", "numero": "279", "tipo__sigla": "IND", "tipo__descricao": "Indica\u00e7\u00e3o", "autoria": "RIQUINHA DO BAR, Aguinaldo Pires Galv\u00e3o, Cid Jos\u00e9 Aparecido dos Santos, NORIKO ONISHI SAITO", "texto_original": "http://sapl.adamantina.sp.leg.br/media/sapl/public/materialegislativa/2023/14975/indicacao_279_53a_ordinaria.pdf", "ementa": "Solicita a recupera\u00e7\u00e3o e manuten\u00e7\u00e3o das cal\u00e7adas da Escola Teruyo Kikuta, na Vila Jardim."}, {"id": "14976", "ano": "2023", "numero": "280", "tipo__sigla": "IND", "tipo__descricao": "Indica\u00e7\u00e3o", "autoria": "RIQUINHA DO BAR, Cid Jos\u00e9 Aparecido dos Santos, NORIKO ONISHI SAITO", "texto_original": "http://sapl.adamantina.sp.leg.br/media/sapl/public/materialegislativa/2023/14976/indicacao_280_53a_ordinaria.pdf", "ementa": "Solicita proceder a instala\u00e7\u00e3o de redutor de velocidade, tipo lombada, na Rua Francisco Alves de Lima, entre as Ruas Jos\u00e9 Miguel e Juvenal dos Santos, no Residencial Monte Alegre."}, {"id": "14977", "ano": "2023", "numero": "281", "tipo__sigla": "IND", "tipo__descricao": "Indica\u00e7\u00e3o", "autoria": "PAULO CERVELHEIRA", "texto_original": "http://sapl.adamantina.sp.leg.br/media/sapl/public/materialegislativa/2023/14977/indicacao_281_53a_ordinaria.pdf", "ementa": "Solicita proceder a sinaliza\u00e7\u00e3o \u201cPARE\u201d, com a coloca\u00e7\u00e3o de placa, bem como a pintura de solo em todo o bairro Vila Freitas."}, {"id": "14978", "ano": "2023", "numero": "282", "tipo__sigla": "IND", "tipo__descricao": "Indica\u00e7\u00e3o", "autoria": "RAFAEL PACHECO", "texto_original": "http://sapl.adamantina.sp.leg.br/media/sapl/public/materialegislativa/2023/14978/indicacao_282_53a_ordinaria.pdf", "ementa": "Solicita sejam oferecidas ca\u00e7ambas gratuitas em todos os bairros da cidade para dispensa de lixos como m\u00f3veis antigos, sof\u00e1s velhos, pneus, etc."}, {"id": "14979", "ano": "2023", "numero": "283", "tipo__sigla": "IND", "tipo__descricao": "Indica\u00e7\u00e3o", "autoria": "RAFAEL PACHECO", "texto_original": "http://sapl.adamantina.sp.leg.br/media/sapl/public/materialegislativa/2023/14979/indicacao_283_53a_ordinaria.pdf", "ementa": "Solicita seja realizado um estudo para impedir o estacionamento de caminh\u00f5es, num per\u00edmetro de pelo menos 15 metros para cada lado, na sa\u00edda do Residencial EcoVille 2."}, {"id": "14980", "ano": "2023", "numero": "284", "tipo__sigla": "IND", "tipo__descricao": "Indica\u00e7\u00e3o", "autoria": "RAFAEL PACHECO", "texto_original": "http://sapl.adamantina.sp.leg.br/media/sapl/public/materialegislativa/2023/14980/indicacao_284_53a_ordinaria.pdf", "ementa": "Solicita melhorar a ilumina\u00e7\u00e3o p\u00fablica no centro da cidade e em todas as pra\u00e7as do munic\u00edpio."}, {"id": "14981", "ano": "2023", "numero": "285", "tipo__sigla": "IND", "tipo__descricao": "Indica\u00e7\u00e3o", "autoria": "RAFAEL PACHECO", "texto_original": "http://sapl.adamantina.sp.leg.br/media/sapl/public/materialegislativa/2023/14981/indicacao_285_53a_ordinaria.pdf", "ementa": "Solicita melhorar a ilumina\u00e7\u00e3o na Rua Deputado Salles Filho, entre a Av Rio Branco e Av. Capit\u00e3o Jos\u00e9 Ant\u00f4nio de Oliveira."}, {"id": "14982", "ano": "2023", "numero": "286", "tipo__sigla": "IND", "tipo__descricao": "Indica\u00e7\u00e3o", "autoria": "RAFAEL PACHECO", "texto_original": "http://sapl.adamantina.sp.leg.br/media/sapl/public/materialegislativa/2023/14982/indicacao_286_53a_ordinaria.pdf", "ementa": "Solicita seja criado, juntamente com profissionais de v\u00e1rias \u00e1reas como engenheiros, arquitetos, agr\u00f4nomos, urbanistas e soci\u00f3logos, um Projeto para atrair empresas para o nosso munic\u00edpio e que atrav\u00e9s de estudos sobre nossa regi\u00e3o enfatize os pontos positivos com informa\u00e7\u00f5es bem detalhadas que nosso munic\u00edpio pode oferecer."}, {"id": "14983", "ano": "2023", "numero": "287", "tipo__sigla": "IND", "tipo__descricao": "Indica\u00e7\u00e3o", "autoria": "RAFAEL PACHECO", "texto_original": "http://sapl.adamantina.sp.leg.br/media/sapl/public/materialegislativa/2023/14983/indicacao_287_53a_ordinaria.pdf", "ementa": "Solicita seja criada uma horta comunit\u00e1ria no Jardim Brasil."}, {"id": "14984", "ano": "2023", "numero": "288", "tipo__sigla": "IND", "tipo__descricao": "Indica\u00e7\u00e3o", "autoria": "RAFAEL PACHECO", "texto_original": "http://sapl.adamantina.sp.leg.br/media/sapl/public/materialegislativa/2023/14984/indicacao_288_53a_ordinaria.pdf", "ementa": "Solicita para asfaltar a Av. Adhemar de Barros, entre as ruas Av. Capit\u00e3o Jos\u00e9 Ant\u00f4nio de Oliveira e a Al. Dr Armando de Salles Oliveira."}, {"id": "14985", "ano": "2023", "numero": "289", "tipo__sigla": "IND", "tipo__descricao": "Indica\u00e7\u00e3o", "autoria": "RAFAEL PACHECO", "texto_original": "http://sapl.adamantina.sp.leg.br/media/sapl/public/materialegislativa/2023/14985/indicacao_289_53a_ordinaria.pdf", "ementa": "Solicita asfaltar a Alameda Doutor Armando de Salles Oliveira, entre a Av. Ademar de Barros e Rua Osvaldo Cruz."}, {"id": "14986", "ano": "2023", "numero": "290", "tipo__sigla": "IND", "tipo__descricao": "Indica\u00e7\u00e3o", "autoria": "RAFAEL PACHECO", "texto_original": "http://sapl.adamantina.sp.leg.br/media/sapl/public/materialegislativa/2023/14986/indicacao_290_53a_ordinaria.pdf", "ementa": "Solicita disponibilizar uma \u00e1rea, relativamente afastada do centro da cidade, para a constru\u00e7\u00e3o de uma pista de motocross."}, {"id": "14987", "ano": "2023", "numero": "291", "tipo__sigla": "IND", "tipo__descricao": "Indica\u00e7\u00e3o", "autoria": "BIGODE", "texto_original": "http://sapl.adamantina.sp.leg.br/media/sapl/public/materialegislativa/2023/14987/indicacao_291_53a_ordinaria.pdf", "ementa": "Solicita proceder a poda de uma \u00e1rvore localizada nos fundos da Rua Ant\u00f4nio Orazil Bisterso, proximidades do n\u00ba 143, no Jardim Bela Vista."}, {"id": "14988", "ano": "2023", "numero": "292", "tipo__sigla": "IND", "tipo__descricao": "Indica\u00e7\u00e3o", "autoria": "BIGODE", "texto_original": "http://sapl.adamantina.sp.leg.br/media/sapl/public/materialegislativa/2023/14988/indicacao_292_53a_ordinaria.pdf", "ementa": "Solicita proceder com urg\u00eancia a limpeza das \u00e1reas verdes do Conjunto Habitacional Jardim das Primaveras."}, {"id": "14989", "ano": "2023", "numero": "293", "tipo__sigla": "IND", "tipo__descricao": "Indica\u00e7\u00e3o", "autoria": "BIGODE", "texto_original": "http://sapl.adamantina.sp.leg.br/media/sapl/public/materialegislativa/2023/14989/indicacao_293_53a_ordinaria.pdf", "ementa": "Solicita proceder a pintura de solo PARE, bem como as faixas de pedestres na rotat\u00f3ria que d\u00e1 acesso ao Jardim Brasil, entre as Ruas Rio de Janeiro e Goi\u00e1s."}, {"id": "14990", "ano": "2023", "numero": "294", "tipo__sigla": "IND", "tipo__descricao": "Indica\u00e7\u00e3o", "autoria": "BIGODE", "texto_original": "http://sapl.adamantina.sp.leg.br/media/sapl/public/materialegislativa/2023/14990/indicacao_294_53a_ordinaria.pdf", "ementa": "Solicita substituir as l\u00e2mpadas queimadas na Rua Paul Harris, no Jardim Oriente, proximidades do Rotary Club."}, {"id": "14991", "ano": "2023", "numero": "295", "tipo__sigla": "IND", "tipo__descricao": "Indica\u00e7\u00e3o", "autoria": "Cid Jos\u00e9 Aparecido dos Santos, Aguinaldo Pires Galv\u00e3o, H\u00e9lio Jos\u00e9 dos Santos, NORIKO ONISHI SAITO, RIQUINHA DO BAR", "texto_original": "http://sapl.adamantina.sp.leg.br/media/sapl/public/materialegislativa/2023/14991/indicacao_295_53a_ordinaria.pdf", "ementa": "Solicitam seja oficiada a Energisa a fim de regularizar o poste de luz e da rede de energia el\u00e9trica na Rua Jos\u00e9 Braz Filho, pr\u00f3ximo ao cruzamento com a Rua Takayoshi Morinaga (divisa dos Parques Itapu\u00e3 e Igua\u00e7u), uma vez que o posto se encontra rente a guia da via urbana, pois al\u00e9m de irregular oferece perigo aos usu\u00e1rios da via."}, {"id": "14992", "ano": "2023", "numero": "296", "tipo__sigla": "IND", "tipo__descricao": "Indica\u00e7\u00e3o", "autoria": "Cid Jos\u00e9 Aparecido dos Santos, Aguinaldo Pires Galv\u00e3o, H\u00e9lio Jos\u00e9 dos Santos, NORIKO ONISHI SAITO, RIQUINHA DO BAR", "texto_original": "http://sapl.adamantina.sp.leg.br/media/sapl/public/materialegislativa/2023/14992/indicacao_296_53a_ordinaria.pdf", "ementa": "Solicitam sejam realizados estudos espec\u00edficos no sentido de disponibilizar em Adamantina um estacionamento amplo e seguro para carretas, treminh\u00f5es, caminh\u00f5es e outros ve\u00edculos de grande porte, como j\u00e1 acontece em outros munic\u00edpios, evitando assim que estes ve\u00edculos de grande porte fiquem estacionados nas vias urbanas de Adamantina."}, {"id": "14993", "ano": "2023", "numero": "297", "tipo__sigla": "IND", "tipo__descricao": "Indica\u00e7\u00e3o", "autoria": "Cid Jos\u00e9 Aparecido dos Santos, Aguinaldo Pires Galv\u00e3o, H\u00e9lio Jos\u00e9 dos Santos, NORIKO ONISHI SAITO, RIQUINHA DO BAR", "texto_original": "http://sapl.adamantina.sp.leg.br/media/sapl/public/materialegislativa/2023/14993/indicacao_297_53a_ordinaria.pdf", "ementa": "Solicitam proceder a instala\u00e7\u00e3o de postes com l\u00e2mpadas de Led na pra\u00e7a do Parque Jaragu\u00e1, bem como a realiza\u00e7\u00e3o de podas das \u00e1rvores da pra\u00e7a."}, {"id": "14994", "ano": "2023", "numero": "298", "tipo__sigla": "IND", "tipo__descricao": "Indica\u00e7\u00e3o", "autoria": "Cid Jos\u00e9 Aparecido dos Santos, Aguinaldo Pires Galv\u00e3o, H\u00e9lio Jos\u00e9 dos Santos, NORIKO ONISHI SAITO, RIQUINHA DO BAR", "texto_original": "http://sapl.adamantina.sp.leg.br/media/sapl/public/materialegislativa/2023/14994/indicacao_298_53a_ordinaria.pdf", "ementa": "Solicitam proceder a substitui\u00e7\u00e3o das l\u00e2mpadas queimadas dos postes de ilumina\u00e7\u00e3o da segunda pra\u00e7a do Parque Igua\u00e7u localizada na Rua Francisco Jos\u00e9 de Azevedo."}, {"id": "14995", "ano": "2023", "numero": "299", "tipo__sigla": "IND", "tipo__descricao": "Indica\u00e7\u00e3o", "autoria": "H\u00e9lio Jos\u00e9 dos Santos, NORIKO ONISHI SAITO, RIQUINHA DO BAR", "texto_original": "http://sapl.adamantina.sp.leg.br/media/sapl/public/materialegislativa/2023/14995/indicacao_299_53a_ordinaria.pdf", "ementa": "Solicitam a ades\u00e3o da Prefeitura de Adamantina para fazer a Gest\u00e3o do Programa Bolsa-Fam\u00edlia."}, {"id": "14996", "ano": "2023", "numero": "300", "tipo__sigla": "IND", "tipo__descricao": "Indica\u00e7\u00e3o", "autoria": "H\u00e9lio Jos\u00e9 dos Santos, NORIKO ONISHI SAITO, RIQUINHA DO BAR", "texto_original": "http://sapl.adamantina.sp.leg.br/media/sapl/public/materialegislativa/2023/14996/indicacao_300_53a_ordinaria.pdf", "ementa": "Solicitam realizar um amplo trabalho de verifica\u00e7\u00e3o das condi\u00e7\u00f5es e da estrutura f\u00edsica do pr\u00e9dio onde est\u00e1 instalado o CIS - Centro Integrado de Sa\u00fade \u201cDr. Jo\u00e3o Salvi\u201d, de Adamantina, haja vista que h\u00e1 ind\u00edcios de problemas com infiltra\u00e7\u00f5es, goteiras, problemas com o piso, forro e teto, o que tem prejudicado sobremaneira o exemplar trabalho que \u00e9 realizado pelos respons\u00e1veis, competentes e abnegados servidores municipais que atuam naquela exemplar unidade b\u00e1sica de sa\u00fade do nosso munic\u00edpio."}, {"id": "14997", "ano": "2023", "numero": "301", "tipo__sigla": "IND", "tipo__descricao": "Indica\u00e7\u00e3o", "autoria": "Obras, Servi\u00e7os P\u00fablicos e Meio Ambiente", "texto_original": "http://sapl.adamantina.sp.leg.br/media/sapl/public/materialegislativa/2023/14997/indicacao_301_53a_ordinaria.pdf", "ementa": "Solicitam seja programada para recape, na Rua dos Acad\u00eamicos, Parque dos Universit\u00e1rios, considerando se tratar de uma via importante que d\u00e1 acesso ao bairro e tem alto fluxo de ve\u00edculos."}, {"id": "14998", "ano": "2023", "numero": "302", "tipo__sigla": "IND", "tipo__descricao": "Indica\u00e7\u00e3o", "autoria": "Obras, Servi\u00e7os P\u00fablicos e Meio Ambiente", "texto_original": "http://sapl.adamantina.sp.leg.br/media/sapl/public/materialegislativa/2023/14998/indicacao_302_53a_ordinaria.pdf", "ementa": "Solicitam seja realizado estudo na Rua dos Acad\u00eamicos, Parque dos Universit\u00e1rios, a fim de que sejam realizadas a\u00e7\u00f5es para o controle de velocidade dos ve\u00edculos na via, se necess\u00e1rio, instalando redutor de velocidade. Indicamos ainda, que tal pedido seja realizado ap\u00f3s o recape da via."}, {"id": "14999", "ano": "2023", "numero": "303", "tipo__sigla": "IND", "tipo__descricao": "Indica\u00e7\u00e3o", "autoria": "ALCIO IKEDA, BIGODE, RAFAEL PACHECO", "texto_original": "http://sapl.adamantina.sp.leg.br/media/sapl/public/materialegislativa/2023/14999/indicacao_303_53a_ordinaria.pdf", "ementa": "Solicitam seja programada para recape, a Rua Maria da Concei\u00e7\u00e3o, n\u00ba 149, Vila Freitas, considerando o estado da via em quest\u00e3o."}, {"id": "15000", "ano": "2023", "numero": "304", "tipo__sigla": "IND", "tipo__descricao": "Indica\u00e7\u00e3o", "autoria": "ALCIO IKEDA", "texto_original": "http://sapl.adamantina.sp.leg.br/media/sapl/public/materialegislativa/2023/15000/indicacao_304_53a_ordinaria.pdf", "ementa": "Solicita seja programada, com urg\u00eancia, limpeza no terminal rodovi\u00e1rio de Adamantina, em especial, a limpeza de fezes de pombos. Se necess\u00e1rio, indicamos que sejam providenciados mais servidores para a realiza\u00e7\u00e3o dos servi\u00e7os de limpeza no local."}, {"id": "15001", "ano": "2023", "numero": "305", "tipo__sigla": "IND", "tipo__descricao": "Indica\u00e7\u00e3o", "autoria": "ALCIO IKEDA", "texto_original": "http://sapl.adamantina.sp.leg.br/media/sapl/public/materialegislativa/2023/15001/indicacao_305_53a_ordinaria.pdf", "ementa": "Solicitam sejam atendidas as seguintes reivindica\u00e7\u00f5es dos servidores do setor de viveiro de mudas: 1 - Destina\u00e7\u00e3o de uma geladeira para o armazenamento de \u00e1gua e de comidas para os servidores, que almo\u00e7am no setor; 2 - Manuten\u00e7\u00e3o do banheiro do viveiro de mudas, que se encontra em m\u00e1s condi\u00e7\u00f5es estruturais para o uso dos servidores; 3 - In\u00edcio do envio de leite aos servidores do viveiro de mudas, da mesma forma como s\u00e3o encaminhados a outros setores."}, {"id": "15017", "ano": "2023", "numero": "306", "tipo__sigla": "IND", "tipo__descricao": "Indica\u00e7\u00e3o", "autoria": "BIGODE", "texto_original": "http://sapl.adamantina.sp.leg.br/media/sapl/public/materialegislativa/2023/15017/indicacao_306_54a_ordinaria.pdf", "ementa": "Solicita proceder reparos na malha asf\u00e1ltica em frente da Casa Afro, na Avenida Rio Branco, pois o tapa buraco que foi feito no local est\u00e1 afundando, dificultando a passagem de ve\u00edculos."}, {"id": "15018", "ano": "2023", "numero": "307", "tipo__sigla": "IND", "tipo__descricao": "Indica\u00e7\u00e3o", "autoria": "BIGODE", "texto_original": "http://sapl.adamantina.sp.leg.br/media/sapl/public/materialegislativa/2023/15018/indicacao_307_54a_ordinaria.pdf", "ementa": "Solicita construir cal\u00e7ada no entorno da horta comunit\u00e1ria do Jardim Adamantina, nas laterais das Ruas Domingos Fratini, Dante Mantovani e Jos\u00e9 Bortoleto."}, {"id": "15019", "ano": "2023", "numero": "308", "tipo__sigla": "IND", "tipo__descricao": "Indica\u00e7\u00e3o", "autoria": "BIGODE", "texto_original": "http://sapl.adamantina.sp.leg.br/media/sapl/public/materialegislativa/2023/15019/indicacao_308_54a_ordinaria.pdf", "ementa": "Solicita proceder a instala\u00e7\u00e3o de dois obst\u00e1culos, tipo lombada, um antes e outro depois do trevo de acesso que ser\u00e1 constru\u00eddo nas proximidades do condom\u00ednio Bellagio Residencial Clube."}, {"id": "15020", "ano": "2023", "numero": "309", "tipo__sigla": "IND", "tipo__descricao": "Indica\u00e7\u00e3o", "autoria": "BIGODE", "texto_original": "http://sapl.adamantina.sp.leg.br/media/sapl/public/materialegislativa/2023/15020/indicacao_309_54a_ordinaria.pdf", "ementa": "Solicita resolver definitivamente o problema que vem ocorrendo no terminal rodovi\u00e1rio, pois pombos adentram no v\u00e3o do telhado deixando muita sujeira. A t\u00edtulo de sugest\u00e3o poderia colocar tela de prote\u00e7\u00e3o para impedir a entrada dos pombos."}, {"id": "15021", "ano": "2023", "numero": "310", "tipo__sigla": "IND", "tipo__descricao": "Indica\u00e7\u00e3o", "autoria": "BIGODE", "texto_original": "http://sapl.adamantina.sp.leg.br/media/sapl/public/materialegislativa/2023/15021/indicacao_310_54a_ordinaria.pdf", "ementa": "Solicita elaborar um projeto de constru\u00e7\u00e3o de uma ciclovia em nossa cidade, mais precisamente na Vicinal pavimentada Jos\u00e9 Bocardi, ao lado contr\u00e1rio da faixa de rodagem, fazendo o alargamento no trecho do bairro Jardim Europa at\u00e9 o antigo matadouro."}, {"id": "15022", "ano": "2023", "numero": "311", "tipo__sigla": "IND", "tipo__descricao": "Indica\u00e7\u00e3o", "autoria": "Aguinaldo Pires Galv\u00e3o, Cid Jos\u00e9 Aparecido dos Santos, H\u00e9lio Jos\u00e9 dos Santos, NORIKO ONISHI SAITO, RIQUINHA DO BAR", "texto_original": "http://sapl.adamantina.sp.leg.br/media/sapl/public/materialegislativa/2023/15022/indicacao_311_54a_ordinaria.pdf", "ementa": "Solicitam comtemplar o Bairro Lagoa Seca com a instala\u00e7\u00e3o de um parque infantil, a exemplo dos que j\u00e1 foram instalados em v\u00e1rios bairros de nossa cidade."}, {"id": "15023", "ano": "2023", "numero": "312", "tipo__sigla": "IND", "tipo__descricao": "Indica\u00e7\u00e3o", "autoria": "RIQUINHA DO BAR, Aguinaldo Pires Galv\u00e3o, Cid Jos\u00e9 Aparecido dos Santos, NORIKO ONISHI SAITO", "texto_original": "http://sapl.adamantina.sp.leg.br/media/sapl/public/materialegislativa/2023/15023/indicacao_312_54a_ordinaria.pdf", "ementa": "Solicitam proceder com a m\u00e1xima urg\u00eancia o recolhimento do lixo e entulhos acumulados no interior da \u00e1rea verde localizada na Rua Jos\u00e9 Pereira no Jardim Bandeirantes."}, {"id": "15024", "ano": "2023", "numero": "313", "tipo__sigla": "IND", "tipo__descricao": "Indica\u00e7\u00e3o", "autoria": "RIQUINHA DO BAR, Aguinaldo Pires Galv\u00e3o, Cid Jos\u00e9 Aparecido dos Santos, NORIKO ONISHI SAITO", "texto_original": "http://sapl.adamantina.sp.leg.br/media/sapl/public/materialegislativa/2023/15024/indicacao_313_54a_ordinaria.pdf", "ementa": "Solicitam oficiar a SABESP a fim de que a mesma proceda reparos no tamp\u00e3o de po\u00e7o de visita (tampa PV) da rede coletora de esgoto localizada no cruzamento da Avenida Rio Branco com a Rua Ant\u00f4nio Schmidt Vilela."}, {"id": "15025", "ano": "2023", "numero": "314", "tipo__sigla": "IND", "tipo__descricao": "Indica\u00e7\u00e3o", "autoria": "RIQUINHA DO BAR, Aguinaldo Pires Galv\u00e3o, Cid Jos\u00e9 Aparecido dos Santos, NORIKO ONISHI SAITO", "texto_original": "http://sapl.adamantina.sp.leg.br/media/sapl/public/materialegislativa/2023/15025/indicacao_314_54a_ordinaria.pdf", "ementa": "Solicitam instalar um redutor de velocidade, tipo lombada, na Rua Arno Kiefer, em frente ao Est\u00e1dio Municipal, a fim de diminuir a velocidade dos ve\u00edculos empregada no local."}, {"id": "15026", "ano": "2023", "numero": "315", "tipo__sigla": "IND", "tipo__descricao": "Indica\u00e7\u00e3o", "autoria": "RIQUINHA DO BAR, Aguinaldo Pires Galv\u00e3o, Cid Jos\u00e9 Aparecido dos Santos, NORIKO ONISHI SAITO", "texto_original": "http://sapl.adamantina.sp.leg.br/media/sapl/public/materialegislativa/2023/15026/indicacao_314_54a_ordinaria.pdf", "ementa": "Solicitam proceder a coloca\u00e7\u00e3o de placas indicativas (ele/ela) nos rec\u00e9m constru\u00eddos banheiros p\u00fablicos da Pra\u00e7a \u00c9lio Micheloni."}, {"id": "15027", "ano": "2023", "numero": "316", "tipo__sigla": "IND", "tipo__descricao": "Indica\u00e7\u00e3o", "autoria": "RIQUINHA DO BAR, Aguinaldo Pires Galv\u00e3o, Cid Jos\u00e9 Aparecido dos Santos, NORIKO ONISHI SAITO", "texto_original": "http://sapl.adamantina.sp.leg.br/media/sapl/public/materialegislativa/2023/15027/indicacao_316_54a_ordinaria.pdf", "ementa": "Solicitam promover estudos t\u00e9cnicos e financeiros visando adquirir banheiros qu\u00edmicos para serem utilizados em v\u00e1rios eventos promovidos pela prefeitura em locais que n\u00e3o possui o banheiro p\u00fablico."}, {"id": "15028", "ano": "2023", "numero": "317", "tipo__sigla": "IND", "tipo__descricao": "Indica\u00e7\u00e3o", "autoria": "PAULO CERVELHEIRA, NORIKO ONISHI SAITO", "texto_original": "http://sapl.adamantina.sp.leg.br/media/sapl/public/materialegislativa/2023/15028/indicacao_317_54a_ordinaria.pdf", "ementa": "Solicitam seja elaborado projeto visando melhorar a ilumina\u00e7\u00e3o da Rua Jos\u00e9 Vicente, do quarteir\u00e3o do CIS \u2013 Centro Integrado de Sa\u00fade, at\u00e9 o seu final, a fim de atender os pedidos dos moradores desta localidade que t\u00eam reclamado da escurid\u00e3o que causa inseguran\u00e7a aos pedestres."}, {"id": "15029", "ano": "2023", "numero": "318", "tipo__sigla": "IND", "tipo__descricao": "Indica\u00e7\u00e3o", "autoria": "RAFAEL PACHECO", "texto_original": "http://sapl.adamantina.sp.leg.br/media/sapl/public/materialegislativa/2023/15029/indicacao_318_54a_ordinaria.pdf", "ementa": "Solicita seja resolvido o problema da falta de medicamentos para a popula\u00e7\u00e3o."}, {"id": "15030", "ano": "2023", "numero": "319", "tipo__sigla": "IND", "tipo__descricao": "Indica\u00e7\u00e3o", "autoria": "RAFAEL PACHECO", "texto_original": "http://sapl.adamantina.sp.leg.br/media/sapl/public/materialegislativa/2023/15030/indicacao_319_54a_ordinaria.pdf", "ementa": "Solicita seja criada uma for\u00e7a tarefa junto aos m\u00e9dicos do munic\u00edpio para a realiza\u00e7\u00e3o de cirurgias de eletivas, muitas das quais cirurgias simples como:\r\nRessec\u00e7\u00e3o de les\u00f5es cut\u00e2neas. Ressec\u00e7\u00e3o de tumores de pele. Corre\u00e7\u00e3o de pequenas cicatrizas. Eletrocoagula\u00e7\u00e3o de verrugas. Vasectomia. Postectomia (cirurgia de fimose) Bi\u00f3psia de les\u00f5es. Ex\u00e9rese de lipoma."}, {"id": "15031", "ano": "2023", "numero": "320", "tipo__sigla": "IND", "tipo__descricao": "Indica\u00e7\u00e3o", "autoria": "RAFAEL PACHECO", "texto_original": "http://sapl.adamantina.sp.leg.br/media/sapl/public/materialegislativa/2023/15031/indicacao_320_54a_ordinaria.pdf", "ementa": "Solicita instala\u00e7\u00e3o de EcoPontos em nosso munic\u00edpio, que s\u00e3o \u201cContainers Para Entrega Volunt\u00e1ria de Lixos Recicl\u00e1veis ou n\u00e3o\u201d pela popula\u00e7\u00e3o."}, {"id": "15032", "ano": "2023", "numero": "321", "tipo__sigla": "IND", "tipo__descricao": "Indica\u00e7\u00e3o", "autoria": "RAFAEL PACHECO", "texto_original": "http://sapl.adamantina.sp.leg.br/media/sapl/public/materialegislativa/2023/15032/indicacao_321_54a_ordinaria.pdf", "ementa": "Solicita sejam disponibilizadas lixeiras para descartar pilhas e baterias em Adamantina, e posteriormente, providencie a correta devolu\u00e7\u00e3o aos fabricantes, OU, obrigue os fabricantes a disponibilizar locais para o devido descarte como determina a lei."}, {"id": "15033", "ano": "2023", "numero": "322", "tipo__sigla": "IND", "tipo__descricao": "Indica\u00e7\u00e3o", "autoria": "RAFAEL PACHECO, ALCIO IKEDA", "texto_original": "http://sapl.adamantina.sp.leg.br/media/sapl/public/materialegislativa/2023/15033/indicacao_322_54a_ordinaria.pdf", "ementa": "Solicitam proceder a distribui\u00e7\u00e3o de sacos de lixo verdes (de forma gratuita) em todas as resid\u00eancias de Adamantina, e, tamb\u00e9m, seja feita uma ampla divulga\u00e7\u00e3o informando a popula\u00e7\u00e3o sobre os tipos de materiais que podem ser descartados e o dia da coleta no seu bairro."}, {"id": "15034", "ano": "2023", "numero": "323", "tipo__sigla": "IND", "tipo__descricao": "Indica\u00e7\u00e3o", "autoria": "H\u00e9lio Jos\u00e9 dos Santos, Cid Jos\u00e9 Aparecido dos Santos, NORIKO ONISHI SAITO", "texto_original": "http://sapl.adamantina.sp.leg.br/media/sapl/public/materialegislativa/2023/15034/indicacao_323_54a_ordinaria.pdf", "ementa": "Solicitam estudar a possibilidade de destinar um campo de futebol m\u00e9dio, de grama sint\u00e9tica para atender os moradores da Vila Jamil de Lima, um dos mais antigos e mais importantes bairros da nossa urbe, inclusive h\u00e1 uma \u00e1rea verde municipal, que poder\u00e1 ser utilizada para essa finalidade."}, {"id": "15035", "ano": "2023", "numero": "324", "tipo__sigla": "IND", "tipo__descricao": "Indica\u00e7\u00e3o", "autoria": "H\u00e9lio Jos\u00e9 dos Santos", "texto_original": "http://sapl.adamantina.sp.leg.br/media/sapl/public/materialegislativa/2023/15035/indicacao_324_54a_ordinaria.pdf", "ementa": "Solicita proceder a instala\u00e7\u00e3o de um obst\u00e1culo no final da Rua Guerino Dorigo, na proximidade com a Rua Deolinda Ferreira da Silva, ao lado da Empresa Comercial de Cereais Demarque Ltda, haja vista o grande fluxo de ve\u00edculos e de pessoas naquele local."}, {"id": "15036", "ano": "2023", "numero": "325", "tipo__sigla": "IND", "tipo__descricao": "Indica\u00e7\u00e3o", "autoria": "H\u00e9lio Jos\u00e9 dos Santos, Aguinaldo Pires Galv\u00e3o, Cid Jos\u00e9 Aparecido dos Santos, NORIKO ONISHI SAITO, RIQUINHA DO BAR", "texto_original": "http://sapl.adamantina.sp.leg.br/media/sapl/public/materialegislativa/2023/15036/indicacao_325_54a_ordinaria.pdf", "ementa": "Solicitam seja analisada a possibilidade do atendimento das justas reivindica\u00e7\u00f5es e importantes demandas solicitadas pela Diretoria da Associa\u00e7\u00e3o de Moradores do Jardim Bela Vista de Adamantina, tais como, servi\u00e7os de cal\u00e7amento, limpeza e manuten\u00e7\u00e3o, instala\u00e7\u00e3o de obst\u00e1culo, sinaliza\u00e7\u00e3o de tr\u00e2nsito, constru\u00e7\u00e3o de canaleta, constru\u00e7\u00e3o de murro de arrimo ou sinaliza\u00e7\u00e3o, servi\u00e7os no campo de futebol e recapeamento de ruas."}, {"id": "15037", "ano": "2023", "numero": "326", "tipo__sigla": "IND", "tipo__descricao": "Indica\u00e7\u00e3o", "autoria": "NORIKO ONISHI SAITO, Aguinaldo Pires Galv\u00e3o, Cid Jos\u00e9 Aparecido dos Santos, H\u00e9lio Jos\u00e9 dos Santos, RIQUINHA DO BAR", "texto_original": "http://sapl.adamantina.sp.leg.br/media/sapl/public/materialegislativa/2023/15037/indicacao_326_54a_ordinaria.pdf", "ementa": "Solicitam promover estudos t\u00e9cnicos preliminares e financeiros sobre a possibilidade de confeccionar um portal japon\u00eas (TORII) na entrada do jardim da Esta\u00e7\u00e3o Recreio, mais precisamente no in\u00edcio da Rua Deputado Salles Filho."}, {"id": "15038", "ano": "2023", "numero": "327", "tipo__sigla": "IND", "tipo__descricao": "Indica\u00e7\u00e3o", "autoria": "NORIKO ONISHI SAITO, Aguinaldo Pires Galv\u00e3o, Cid Jos\u00e9 Aparecido dos Santos, RIQUINHA DO BAR", "texto_original": "http://sapl.adamantina.sp.leg.br/media/sapl/public/materialegislativa/2023/15038/indicacao_327_54a_ordinaria.pdf", "ementa": "Solicitam instalar um redutor de velocidade, tipo lombada, na Rua Jo\u00e3o Perroni, nas imedia\u00e7\u00f5es da UBS do Jardim Adamantina, a fim de coibir o excesso de velocidade praticado no local."}, {"id": "15039", "ano": "2023", "numero": "328", "tipo__sigla": "IND", "tipo__descricao": "Indica\u00e7\u00e3o", "autoria": "Cid Jos\u00e9 Aparecido dos Santos, Aguinaldo Pires Galv\u00e3o, H\u00e9lio Jos\u00e9 dos Santos, NORIKO ONISHI SAITO, RIQUINHA DO BAR", "texto_original": "http://sapl.adamantina.sp.leg.br/media/sapl/public/materialegislativa/2023/15039/indicacao_328_54a_ordinaria.pdf", "ementa": "Solicitam proceder a instala\u00e7\u00e3o de redutores de velocidade e/ou radares fixos na continua\u00e7\u00e3o da Alameda Padre N\u00f3brega, pr\u00f3ximo ao Parque Caldeira, uma vez que \u00e9 crescente cada vez mais as reclama\u00e7\u00f5es dos pedestres, sobre os ve\u00edculos que trafegam acima da velocidade permitida."}, {"id": "15040", "ano": "2023", "numero": "329", "tipo__sigla": "IND", "tipo__descricao": "Indica\u00e7\u00e3o", "autoria": "Cid Jos\u00e9 Aparecido dos Santos, Aguinaldo Pires Galv\u00e3o, H\u00e9lio Jos\u00e9 dos Santos, RIQUINHA DO BAR", "texto_original": "http://sapl.adamantina.sp.leg.br/media/sapl/public/materialegislativa/2023/15040/indicacao_329_54a_ordinaria.pdf", "ementa": "Solicitam incluir no atual programa de recupera\u00e7\u00e3o de malha asf\u00e1ltica das ruas de Adamantina, a Rua Manuel Ant\u00f4nio de Azevedo, Jardim Paulista, bem como a instala\u00e7\u00e3o de redutor de velocidade (lombada), pois h\u00e1 grande movimento de ve\u00edculos na presente via, em raz\u00e3o da cria\u00e7\u00e3o de novos loteamentos e novos bairros nas proximidades do Jardim Paulista."}, {"id": "15041", "ano": "2023", "numero": "330", "tipo__sigla": "IND", "tipo__descricao": "Indica\u00e7\u00e3o", "autoria": "Cid Jos\u00e9 Aparecido dos Santos, Aguinaldo Pires Galv\u00e3o, H\u00e9lio Jos\u00e9 dos Santos, NORIKO ONISHI SAITO, RIQUINHA DO BAR", "texto_original": "http://sapl.adamantina.sp.leg.br/media/sapl/public/materialegislativa/2023/15041/indicacao_330_54a_ordinaria.pdf", "ementa": "Solicitam proceder com urg\u00eancia a instala\u00e7\u00e3o de uma lombada para conter o excesso de velocidade na Rua Domingos Milan, pr\u00f3ximo ao n\u00ba 138, na Est\u00e2ncia Dorigo, pois trata-se de via p\u00fablica que liga os bairros adjacentes com movimento crescente de ve\u00edculos que trafegam constantemente, em sua maioria, em velocidade incompat\u00edvel com o local."}, {"id": "15042", "ano": "2023", "numero": "331", "tipo__sigla": "IND", "tipo__descricao": "Indica\u00e7\u00e3o", "autoria": "Cid Jos\u00e9 Aparecido dos Santos, Aguinaldo Pires Galv\u00e3o, H\u00e9lio Jos\u00e9 dos Santos, NORIKO ONISHI SAITO, RIQUINHA DO BAR", "texto_original": "http://sapl.adamantina.sp.leg.br/media/sapl/public/materialegislativa/2023/15042/indicacao_331_54a_ordinaria.pdf", "ementa": "Solicitam proceder a retirada das pedras de paralelep\u00edpedos e lajotas da via p\u00fablica da Rua Noel Rosa, entre a Rua Francisco Jos\u00e9 de Azevedo e Rua Zequinha de Abreu, substituindo pela pavimenta\u00e7\u00e3o asf\u00e1ltica, em raz\u00e3o do p\u00e9ssimo estado em que se encontra todo trecho da via, bem como a constru\u00e7\u00e3o de galerias pluviais para a regular capita\u00e7\u00e3o das \u00e1guas de chuvas."}, {"id": "15043", "ano": "2023", "numero": "332", "tipo__sigla": "IND", "tipo__descricao": "Indica\u00e7\u00e3o", "autoria": "Cid Jos\u00e9 Aparecido dos Santos, Aguinaldo Pires Galv\u00e3o, H\u00e9lio Jos\u00e9 dos Santos, NORIKO ONISHI SAITO, RIQUINHA DO BAR", "texto_original": "http://sapl.adamantina.sp.leg.br/media/sapl/public/materialegislativa/2023/15043/indicacao_332_54a_ordinaria.pdf", "ementa": "Solicitam proceder a instala\u00e7\u00e3o de redutores de velocidade e/ou radares fixos a Avenida Marechal Castelo Branco (via de Acesso), uma vez que \u00e9 crescente cada vez mais as reclama\u00e7\u00f5es dos empres\u00e1rios e pedestres, sobre os ve\u00edculos que trafegam acima da velocidade permitida."}, {"id": "15044", "ano": "2023", "numero": "333", "tipo__sigla": "IND", "tipo__descricao": "Indica\u00e7\u00e3o", "autoria": "Cid Jos\u00e9 Aparecido dos Santos, Aguinaldo Pires Galv\u00e3o, H\u00e9lio Jos\u00e9 dos Santos, NORIKO ONISHI SAITO, RIQUINHA DO BAR", "texto_original": "http://sapl.adamantina.sp.leg.br/media/sapl/public/materialegislativa/2023/15044/indicacao_333_54a_ordinaria.pdf", "ementa": "Solicitam proceder a substitui\u00e7\u00e3o de l\u00e2mpadas queimadas na segunda pra\u00e7a p\u00fablica do Parque Residencial Igua\u00e7u."}, {"id": "15045", "ano": "2023", "numero": "334", "tipo__sigla": "IND", "tipo__descricao": "Indica\u00e7\u00e3o", "autoria": "Obras, Servi\u00e7os P\u00fablicos e Meio Ambiente", "texto_original": "http://sapl.adamantina.sp.leg.br/media/sapl/public/materialegislativa/2023/15045/indicacao_334_54a_ordinaria.pdf", "ementa": "Solicitam seja programada a pavimenta\u00e7\u00e3o da Rua Rui Barbosa, especialmente no quarteir\u00e3o localizado entre a Al. Fern\u00e3o Dias e a Av. Crist\u00f3v\u00e3o Goulart Marmo."}, {"id": "15046", "ano": "2023", "numero": "335", "tipo__sigla": "IND", "tipo__descricao": "Indica\u00e7\u00e3o", "autoria": "Obras, Servi\u00e7os P\u00fablicos e Meio Ambiente", "texto_original": "http://sapl.adamantina.sp.leg.br/media/sapl/public/materialegislativa/2023/15046/indicacao_335_54a_ordinaria.pdf", "ementa": "Solicitam, seja programada a manuten\u00e7\u00e3o, com urg\u00eancia da Rua Professora Maria Esther Toffoli, em especial, seja realizada nova pavimenta\u00e7\u00e3o na via indicada."}, {"id": "15047", "ano": "2023", "numero": "336", "tipo__sigla": "IND", "tipo__descricao": "Indica\u00e7\u00e3o", "autoria": "ALCIO IKEDA", "texto_original": "http://sapl.adamantina.sp.leg.br/media/sapl/public/materialegislativa/2023/15047/indicacao_336_54a_ordinaria.pdf", "ementa": "Solicita seja programada a instala\u00e7\u00e3o de um parquinho infantil em \u00e1rea adequada na Est\u00e2ncia Dorigo."}, {"id": "15058", "ano": "2023", "numero": "337", "tipo__sigla": "IND", "tipo__descricao": "Indica\u00e7\u00e3o", "autoria": "Aguinaldo Pires Galv\u00e3o, Cid Jos\u00e9 Aparecido dos Santos, NORIKO ONISHI SAITO, RIQUINHA DO BAR", "texto_original": "http://sapl.adamantina.sp.leg.br/media/sapl/public/materialegislativa/2023/15058/indicacao_337_55a_ordinaria.pdf", "ementa": "Solicitam manter sempre 1 (um) engenheiro na Secretaria de Planejamento, j\u00e1 que temos 2 (dois), e ap\u00f3s as 13h manter 1 (um) profissional at\u00e9 \u00e0s 17h."}, {"id": "15059", "ano": "2023", "numero": "338", "tipo__sigla": "IND", "tipo__descricao": "Indica\u00e7\u00e3o", "autoria": "Aguinaldo Pires Galv\u00e3o, Cid Jos\u00e9 Aparecido dos Santos, H\u00e9lio Jos\u00e9 dos Santos, NORIKO ONISHI SAITO, RIQUINHA DO BAR", "texto_original": "http://sapl.adamantina.sp.leg.br/media/sapl/public/materialegislativa/2023/15059/indicacao_338_55a_ordinaria.pdf", "ementa": "Solicitam instalar placas de sinaliza\u00e7\u00e3o, indicando o sentido de como chegar \u00e0 FATEC, porque \u00e9 um local de dif\u00edcil localiza\u00e7\u00e3o."}, {"id": "15060", "ano": "2023", "numero": "339", "tipo__sigla": "IND", "tipo__descricao": "Indica\u00e7\u00e3o", "autoria": "NORIKO ONISHI SAITO", "texto_original": "http://sapl.adamantina.sp.leg.br/media/sapl/public/materialegislativa/2023/15060/indicacao_339_55a_ordinaria.pdf", "ementa": "Solicita fazer cal\u00e7amento na Rua Manoel Pereira Campos, nas proximidades dos n\u00bas 16, 28, 40, 52, 64 e 78, que fazem divisa com a floresta urbana, a fim de sanar definitivamente o s\u00e9rio problema de infiltra\u00e7\u00e3o que vem ocorrendo nas resid\u00eancias."}, {"id": "15061", "ano": "2023", "numero": "340", "tipo__sigla": "IND", "tipo__descricao": "Indica\u00e7\u00e3o", "autoria": "RIQUINHA DO BAR, Aguinaldo Pires Galv\u00e3o, Cid Jos\u00e9 Aparecido dos Santos, NORIKO ONISHI SAITO", "texto_original": "http://sapl.adamantina.sp.leg.br/media/sapl/public/materialegislativa/2023/15061/indicacao_340_55a_ordinaria.pdf", "ementa": "Solicitam sejam instaladas placas indicativas dos nomes das ruas em todas as ruas do bairro Jardim Adamantina, pois as existentes est\u00e3o apagadas, dificultando a identifica\u00e7\u00e3o."}, {"id": "15062", "ano": "2023", "numero": "341", "tipo__sigla": "IND", "tipo__descricao": "Indica\u00e7\u00e3o", "autoria": "RIQUINHA DO BAR, Aguinaldo Pires Galv\u00e3o, Cid Jos\u00e9 Aparecido dos Santos, NORIKO ONISHI SAITO", "texto_original": "http://sapl.adamantina.sp.leg.br/media/sapl/public/materialegislativa/2023/15062/indicacao_341_55a_ordinaria.pdf", "ementa": "Solicitam construir um sarjet\u00e3o na Rua Jo\u00e3o Latini, esquina com a Rua Bas\u00edlio Marini, no Jardim Adamantina, a fim de disciplinar o escoamento de \u00e1gua no local."}, {"id": "15063", "ano": "2023", "numero": "342", "tipo__sigla": "IND", "tipo__descricao": "Indica\u00e7\u00e3o", "autoria": "RIQUINHA DO BAR, Aguinaldo Pires Galv\u00e3o, Cid Jos\u00e9 Aparecido dos Santos, NORIKO ONISHI SAITO", "texto_original": "http://sapl.adamantina.sp.leg.br/media/sapl/public/materialegislativa/2023/15063/indicacao_342_55a_ordinaria.pdf", "ementa": "Solicitam proceder a implanta\u00e7\u00e3o e coloca\u00e7\u00e3o de l\u00e2mpadas de \u201cled\u201d em todas as ruas do bairro Jardim Adamantina a fim de melhorar a ilumina\u00e7\u00e3o p\u00fablica do referido bairro."}, {"id": "15064", "ano": "2023", "numero": "343", "tipo__sigla": "IND", "tipo__descricao": "Indica\u00e7\u00e3o", "autoria": "BIGODE", "texto_original": "http://sapl.adamantina.sp.leg.br/media/sapl/public/materialegislativa/2023/15064/indicacao_343_55a_ordinaria.pdf", "ementa": "Solicita seja nomeado um novo secret\u00e1rio de planejamento, tendo em vista que a referida secretaria \u00e9 uma das mais importantes da Prefeitura, respons\u00e1vel por v\u00e1rios setores, sobretudo a Diretoria Municipal de Tr\u00e2nsito, e n\u00e3o pode funcionar com a precariedade na sua dire\u00e7\u00e3o, com o secret\u00e1rio designado acumulando duas secretarias."}, {"id": "15065", "ano": "2023", "numero": "344", "tipo__sigla": "IND", "tipo__descricao": "Indica\u00e7\u00e3o", "autoria": "BIGODE", "texto_original": "http://sapl.adamantina.sp.leg.br/media/sapl/public/materialegislativa/2023/15065/indicacao_344_55a_ordinaria.pdf", "ementa": "Solicita instalar outro redutor de velocidade na Rua Prudente de Moraes, no bairro Parque Itamarati, a fim de diminuir o excesso de velocidade praticada pelos motoristas da referida rua."}, {"id": "15066", "ano": "2023", "numero": "345", "tipo__sigla": "IND", "tipo__descricao": "Indica\u00e7\u00e3o", "autoria": "BIGODE", "texto_original": "http://sapl.adamantina.sp.leg.br/media/sapl/public/materialegislativa/2023/15066/indicacao_345_55a_ordinaria.pdf", "ementa": "Solicita promover uma opera\u00e7\u00e3o visando a pintura de solo e as faixas de pedestres em todas as escolas, principalmente aquelas do ensino fundamental como a Escola Navarro de Andrade, pois as faixas est\u00e3o todas apagadas, o que deve ser corrigido em raz\u00e3o da volta as aulas."}, {"id": "15067", "ano": "2023", "numero": "346", "tipo__sigla": "IND", "tipo__descricao": "Indica\u00e7\u00e3o", "autoria": "BIGODE", "texto_original": "http://sapl.adamantina.sp.leg.br/media/sapl/public/materialegislativa/2023/15067/indicacao_346_55a_ordinaria.pdf", "ementa": "Solicita proceder a pintura de faixa de pedestres no quarteir\u00e3o onde fica o ACREA, Av. Deputado Cunha Bueno, esquinas com as Ruas Joaquim Nabuco e Nove de Julho, bem como proceder demarca\u00e7\u00e3o em amarelo nas guias das esquinas mencionadas, a fim de coibir estacionamento irregular de ve\u00edculos."}, {"id": "15068", "ano": "2023", "numero": "347", "tipo__sigla": "IND", "tipo__descricao": "Indica\u00e7\u00e3o", "autoria": "NORIKO ONISHI SAITO, Cid Jos\u00e9 Aparecido dos Santos, RIQUINHA DO BAR", "texto_original": "http://sapl.adamantina.sp.leg.br/media/sapl/public/materialegislativa/2023/15068/indicacao_347_55a_ordinaria.pdf", "ementa": "Solicitam realizar com a m\u00e1xima urg\u00eancia opera\u00e7\u00e3o tapa buraco no Bairro Monte Alegre, principalmente na Rua Jos\u00e9 Miguel, proximidades do n\u00ba 84, bem como melhorar a ilumina\u00e7\u00e3o p\u00fablica do referido bairro."}, {"id": "15069", "ano": "2023", "numero": "348", "tipo__sigla": "IND", "tipo__descricao": "Indica\u00e7\u00e3o", "autoria": "H\u00e9lio Jos\u00e9 dos Santos, Aguinaldo Pires Galv\u00e3o, Cid Jos\u00e9 Aparecido dos Santos, NORIKO ONISHI SAITO, RIQUINHA DO BAR", "texto_original": "http://sapl.adamantina.sp.leg.br/media/sapl/public/materialegislativa/2023/15069/indicacao_348_55a_ordinaria.pdf", "ementa": "Solicitam seja realizado estudo junto \u00e0 Reitoria do Centro Universit\u00e1rio de Adamantina, sobre a necessidade da institui\u00e7\u00e3o de uma comiss\u00e3o municipal, por interm\u00e9dio de um decreto do prefeito, constitu\u00edda por servidores do Executivo, do Legislativo, da FAI, do Sindicato dos Servidores P\u00fablicos Municipais (SINDSERV), da Associa\u00e7\u00e3o Comercial e Empresarial de Adamantina (ACE) e de outros \u00f3rg\u00e3os e/ou institui\u00e7\u00f5es da nossa cidade, objetivando estudar a possibilidade do aumento do n\u00famero de bolsas de estudos de 50% (cinquenta por cento) para os estudantes com resid\u00eancia fixa no munic\u00edpio de Adamantina, principalmente para preencher as vagas existentes e n\u00e3o totalmente preenchidas nos diversos cursos de gradua\u00e7\u00e3o da nossa autarquia municipal, possibilitando, tamb\u00e9m, uma amplia\u00e7\u00e3o no n\u00famero de universit\u00e1rios da nossa respeit\u00e1vel institui\u00e7\u00e3o de ensino superior."}, {"id": "15070", "ano": "2023", "numero": "349", "tipo__sigla": "IND", "tipo__descricao": "Indica\u00e7\u00e3o", "autoria": "H\u00e9lio Jos\u00e9 dos Santos, Aguinaldo Pires Galv\u00e3o, NORIKO ONISHI SAITO, RIQUINHA DO BAR", "texto_original": "http://sapl.adamantina.sp.leg.br/media/sapl/public/materialegislativa/2023/15070/indicacao_349_55a_ordinaria.pdf", "ementa": "Solicitam recapeamento da Alameda Santa Cruz, no trecho compreendido entre \u00e0 Rua Deputado Sales Filho e a Avenida Santo Ant\u00f4nio, haja vista que houve a recupera\u00e7\u00e3o da referida alameda em quase toda a sua extens\u00e3o, com exce\u00e7\u00e3o da \u00e1rea identificada nesta proposi\u00e7\u00e3o, local de grande fluxo de ve\u00edculos e de pessoas, sobretudo, em fun\u00e7\u00e3o da localiza\u00e7\u00e3o da sede da Casa da Agricultura de Adamantina, importante \u00f3rg\u00e3o estadual."}, {"id": "15071", "ano": "2023", "numero": "350", "tipo__sigla": "IND", "tipo__descricao": "Indica\u00e7\u00e3o", "autoria": "RAFAEL PACHECO", "texto_original": "http://sapl.adamantina.sp.leg.br/media/sapl/public/materialegislativa/2023/15071/indicacao_350_55a_ordinaria.pdf", "ementa": "Solicita seja disponibilizado um servi\u00e7o de seguran\u00e7a de forma permanente na nossa rodovi\u00e1ria, e caso seja invi\u00e1vel oferecer o servi\u00e7o por 24hs/dia, que a seguran\u00e7a permane\u00e7a no local ao menos na parte da noite, ou seja, entre as 19hs e 7hs da manh\u00e3, a fim de coibir estes inc\u00f4modos e garantir tranquilidade e seguran\u00e7a aos cidad\u00e3os que necessitam se utilizar da rodovi\u00e1ria."}, {"id": "15072", "ano": "2023", "numero": "351", "tipo__sigla": "IND", "tipo__descricao": "Indica\u00e7\u00e3o", "autoria": "RAFAEL PACHECO", "texto_original": "http://sapl.adamantina.sp.leg.br/media/sapl/public/materialegislativa/2023/15072/indicacao_351_55a_ordinaria.pdf", "ementa": "Solicita seja implementado na nossa Santa Casa a estrutura que poderia oferecer a realiza\u00e7\u00e3o de sess\u00f5es de quimioterapia."}, {"id": "15073", "ano": "2023", "numero": "352", "tipo__sigla": "IND", "tipo__descricao": "Indica\u00e7\u00e3o", "autoria": "RAFAEL PACHECO", "texto_original": "http://sapl.adamantina.sp.leg.br/media/sapl/public/materialegislativa/2023/15073/indicacao_352_55a_ordinaria.pdf", "ementa": "Solicita criar uma campanha de conscientiza\u00e7\u00e3o para a popula\u00e7\u00e3o sobre a necessidade de se respeitar as rampas de acesso de cadeirantes     nas cal\u00e7adas do nosso munic\u00edpio."}, {"id": "15074", "ano": "2023", "numero": "353", "tipo__sigla": "IND", "tipo__descricao": "Indica\u00e7\u00e3o", "autoria": "RAFAEL PACHECO", "texto_original": "http://sapl.adamantina.sp.leg.br/media/sapl/public/materialegislativa/2023/15074/indicacao_353_55a_ordinaria.pdf", "ementa": "Solicita sejam feitos reparos de forma urgente na Rua Professora Maria Esther Tofoli, na proximidades da casa n\u00ba 160, no Bairro Monte Alegre, pois a rua se encontra com v\u00e1rios buracos o que acumula \u00e1gua parada o que causa in\u00fameros transtornos no tr\u00e1fego de ve\u00edculos, sujeira e o acumulo de \u00e1gua que pode gerar a prolifera\u00e7\u00e3o de doen\u00e7as."}, {"id": "15075", "ano": "2023", "numero": "354", "tipo__sigla": "IND", "tipo__descricao": "Indica\u00e7\u00e3o", "autoria": "Cid Jos\u00e9 Aparecido dos Santos, Aguinaldo Pires Galv\u00e3o, RIQUINHA DO BAR", "texto_original": "http://sapl.adamantina.sp.leg.br/media/sapl/public/materialegislativa/2023/15075/indicacao_354_55a_ordinaria.pdf", "ementa": "Solicitam seja executado projeto de revitaliza\u00e7\u00e3o da Pra\u00e7a Jos\u00e9 Parrilla."}, {"id": "15076", "ano": "2023", "numero": "355", "tipo__sigla": "IND", "tipo__descricao": "Indica\u00e7\u00e3o", "autoria": "PAULO CERVELHEIRA", "texto_original": "http://sapl.adamantina.sp.leg.br/media/sapl/public/materialegislativa/2023/15076/indicacao_355_55a_ordinaria.pdf", "ementa": "Solicita instalar um redutor de velocidade, tipo lombada, na Av. Miguel Veiga, entre as Ruas M\u00e1rio Olivero e Heitor Freire de Carvalho, na Vila Olivero, a fim de evitar o excesso de velocidade praticada no local."}, {"id": "15077", "ano": "2023", "numero": "356", "tipo__sigla": "IND", "tipo__descricao": "Indica\u00e7\u00e3o", "autoria": "PAULO CERVELHEIRA", "texto_original": "http://sapl.adamantina.sp.leg.br/media/sapl/public/materialegislativa/2023/15077/indicacao_356_55a_ordinaria.pdf", "ementa": "Solicita proceder a demarca\u00e7\u00e3o para estacionamento de ve\u00edculos na Al. Armando de Salles Oliveira, trecho compreendido entre a Av. Adhemar de Barros e Rua Osvaldo Cruz, a fim de organizar o estacionamento de ve\u00edculos e consequentemente oferecer mais vagas no referido trecho."}, {"id": "15078", "ano": "2023", "numero": "357", "tipo__sigla": "IND", "tipo__descricao": "Indica\u00e7\u00e3o", "autoria": "RAFAEL PACHECO, ALCIO IKEDA", "texto_original": "http://sapl.adamantina.sp.leg.br/media/sapl/public/materialegislativa/2023/15078/indicacao_357_55a_ordinaria.pdf", "ementa": "Solicitam sejam oferecidas ca\u00e7ambas gratuitas, estrategicamente em todos os bairros da cidade para dispensa de lixos como m\u00f3veis antigos, sof\u00e1s velhos, pneus, etc."}, {"id": "15079", "ano": "2023", "numero": "358", "tipo__sigla": "IND", "tipo__descricao": "Indica\u00e7\u00e3o", "autoria": "Obras, Servi\u00e7os P\u00fablicos e Meio Ambiente", "texto_original": "http://sapl.adamantina.sp.leg.br/media/sapl/public/materialegislativa/2023/15079/indicacao_358_55a_ordinaria.pdf", "ementa": "Solicitam seja realizada a manuten\u00e7\u00e3o do parquinho do Jardim das Alamandas, uma vez que o mesmo necessita de melhorias e seguran\u00e7a para as crian\u00e7as da comunidade, em especial, \u00e0s crian\u00e7as da APAE que frequentam com frequ\u00eancia o espa\u00e7o."}, {"id": "15080", "ano": "2023", "numero": "359", "tipo__sigla": "IND", "tipo__descricao": "Indica\u00e7\u00e3o", "autoria": "Obras, Servi\u00e7os P\u00fablicos e Meio Ambiente", "texto_original": "http://sapl.adamantina.sp.leg.br/media/sapl/public/materialegislativa/2023/15080/indicacao_359_55a_ordinaria.pdf", "ementa": "Solicitam sejam realizadas melhorias ao final da Rua Rio de Janeiro, no Jardim Brasil, tais como estudos para a instala\u00e7\u00e3o de galerias pluviais e programa\u00e7\u00e3o da pavimenta\u00e7\u00e3o da via."}, {"id": "15106", "ano": "2023", "numero": "360", "tipo__sigla": "IND", "tipo__descricao": "Indica\u00e7\u00e3o", "autoria": "Aguinaldo Pires Galv\u00e3o", "texto_original": "http://sapl.adamantina.sp.leg.br/media/sapl/public/materialegislativa/2023/15106/indicacao_360_56a_ordinaria.pdf", "ementa": "Solicita promover estudos visando adquirir uma caminhote devidamente equipada para a Secretaria de Obras e Servi\u00e7os/setor de ilumina\u00e7\u00e3o p\u00fablica."}, {"id": "15107", "ano": "2023", "numero": "361", "tipo__sigla": "IND", "tipo__descricao": "Indica\u00e7\u00e3o", "autoria": "Aguinaldo Pires Galv\u00e3o", "texto_original": "http://sapl.adamantina.sp.leg.br/media/sapl/public/materialegislativa/2023/15107/indicacao_361_56a_ordinaria.pdf", "ementa": "Solicita proceder a\u00e7\u00f5es visando melhorar as nossas estradas rurais, principalmente nos pontos cr\u00edticos, com a coloca\u00e7\u00e3o de pedras bica corrida, bem como realizar as sa\u00eddas de \u00e1gua e capta\u00e7\u00e3o nas laterais das estradas."}, {"id": "15108", "ano": "2023", "numero": "362", "tipo__sigla": "IND", "tipo__descricao": "Indica\u00e7\u00e3o", "autoria": "NORIKO ONISHI SAITO", "texto_original": "http://sapl.adamantina.sp.leg.br/media/sapl/public/materialegislativa/2023/15108/indicacao_362_56a_ordinaria.pdf", "ementa": "Solicita sejam tomadas as seguintes provid\u00eancias visando melhorias no Bairro Tupazinho conforme segue: Oficiar a empresa EIXO para que instale placa Adamantina-Mari\u00f3polis na rotat\u00f3ria da estrada indicando o bairro; Proceder a coloca\u00e7\u00e3o de placa na ADM 028, indicando o referido bairro; Proceder a coloca\u00e7\u00e3o de pedra brita no estacionamento do sal\u00e3o de festas do bairro e realizar outras melhorias que se fizerem necess\u00e1rias."}, {"id": "15109", "ano": "2023", "numero": "363", "tipo__sigla": "IND", "tipo__descricao": "Indica\u00e7\u00e3o", "autoria": "PAULO CERVELHEIRA, Aguinaldo Pires Galv\u00e3o, H\u00e9lio Jos\u00e9 dos Santos, NORIKO ONISHI SAITO, RIQUINHA DO BAR", "texto_original": "http://sapl.adamantina.sp.leg.br/media/sapl/public/materialegislativa/2023/15109/indicacao_363_56a_ordinaria.pdf", "ementa": "Solicitam notificar o propriet\u00e1rio do loteamento inacabado localizado na Rua Juruva, proximidades do Residencial Tangar\u00e1 e Parque Caldeira, para realizar uma completa limpeza no local, pois est\u00e1 coberto por um enorme matagal e entulhos de constru\u00e7\u00f5es, gerando preocupa\u00e7\u00e3o aos moradores pr\u00f3ximos."}, {"id": "15110", "ano": "2023", "numero": "364", "tipo__sigla": "IND", "tipo__descricao": "Indica\u00e7\u00e3o", "autoria": "BIGODE, RAFAEL PACHECO", "texto_original": "http://sapl.adamantina.sp.leg.br/media/sapl/public/materialegislativa/2023/15110/indicacao_364_56a_ordinaria.pdf", "ementa": "Solicitam incluir na programa\u00e7\u00e3o de recapeamento asf\u00e1ltico a Rua Domingos Fratini no Jardim Adamantina em raz\u00e3o do p\u00e9ssimo estado de conserva\u00e7\u00e3o da malha asf\u00e1ltica, bem como construir um sarjet\u00e3o na mesma rua, na esquina do Bar e Mercearia do \u201cDito\u201d, a fim de disciplinar o escoamento de \u00e1guas no local."}, {"id": "15111", "ano": "2023", "numero": "365", "tipo__sigla": "IND", "tipo__descricao": "Indica\u00e7\u00e3o", "autoria": "BIGODE, RAFAEL PACHECO", "texto_original": "http://sapl.adamantina.sp.leg.br/media/sapl/public/materialegislativa/2023/15111/indicacao_365_56a_ordinaria.pdf", "ementa": "Solicitam proceder o recapeamento asf\u00e1ltico da Rua Valentin Borro, no trecho ap\u00f3s o campo de futebol at\u00e9 o seu final."}, {"id": "15112", "ano": "2023", "numero": "366", "tipo__sigla": "IND", "tipo__descricao": "Indica\u00e7\u00e3o", "autoria": "BIGODE, RAFAEL PACHECO", "texto_original": "http://sapl.adamantina.sp.leg.br/media/sapl/public/materialegislativa/2023/15112/indicacao_366_56a_ordinaria.pdf", "ementa": "Solicitam incluir na programa\u00e7\u00e3o de recapeamento asf\u00e1ltico a Rua Joaquim Marques Caldeira, no Jardim Adamantina."}, {"id": "15113", "ano": "2023", "numero": "367", "tipo__sigla": "IND", "tipo__descricao": "Indica\u00e7\u00e3o", "autoria": "BIGODE, RAFAEL PACHECO", "texto_original": "http://sapl.adamantina.sp.leg.br/media/sapl/public/materialegislativa/2023/15113/indicacao_367_56a_ordinaria.pdf", "ementa": "Solicitam estudar a possibilidade de construir cal\u00e7ada no entorno da horta comunit\u00e1ria do Jardim Adamantina, nas laterais das Ruas Domingos Fratini, Dante Mantovani e Jos\u00e9 Bortoleto."}, {"id": "15114", "ano": "2023", "numero": "368", "tipo__sigla": "IND", "tipo__descricao": "Indica\u00e7\u00e3o", "autoria": "NORIKO ONISHI SAITO, Cid Jos\u00e9 Aparecido dos Santos, PAULO CERVELHEIRA, RIQUINHA DO BAR", "texto_original": "http://sapl.adamantina.sp.leg.br/media/sapl/public/materialegislativa/2023/15114/indicacao_368_56a_ordinaria.pdf", "ementa": "Solicitam atender pedidos dos moradores do Conjunto Residencial Tipuanas que reivindica a poda e a substitui\u00e7\u00e3o de 10 \u00e1rvores (tipuanas) enormes com troncos totalmente condenados e ra\u00edzes profundas que est\u00e3o invadindo as casas pr\u00f3ximas prejudicando as estruturas das resid\u00eancias."}, {"id": "15115", "ano": "2023", "numero": "369", "tipo__sigla": "IND", "tipo__descricao": "Indica\u00e7\u00e3o", "autoria": "NORIKO ONISHI SAITO, Cid Jos\u00e9 Aparecido dos Santos, PAULO CERVELHEIRA, RIQUINHA DO BAR", "texto_original": "http://sapl.adamantina.sp.leg.br/media/sapl/public/materialegislativa/2023/15115/indicacao_369_56a_ordinaria.pdf", "ementa": "Solicitam proceder estudos visando a constru\u00e7\u00e3o ou instala\u00e7\u00e3o de bancos na \u00e1rea verde denominada Prof\u00aa Oneide dos Santos Morelatti no Bairro Tipuanas, atendendo pedidos dos moradores daquela comunidade."}, {"id": "15116", "ano": "2023", "numero": "370", "tipo__sigla": "IND", "tipo__descricao": "Indica\u00e7\u00e3o", "autoria": "RIQUINHA DO BAR, Cid Jos\u00e9 Aparecido dos Santos, H\u00e9lio Jos\u00e9 dos Santos, NORIKO ONISHI SAITO", "texto_original": "http://sapl.adamantina.sp.leg.br/media/sapl/public/materialegislativa/2023/15116/indicacao_370_56a_ordinaria.pdf", "ementa": "Solicitam reformar o gramado do campo de futebol m\u00e9dio do Jardim Bela Vista, aplicando grama sint\u00e9tica, no formato da existente no Parque dos Pioneiros, atendendo, desta forma, pedidos dos moradores esportistas do referido bairro."}, {"id": "15117", "ano": "2023", "numero": "371", "tipo__sigla": "IND", "tipo__descricao": "Indica\u00e7\u00e3o", "autoria": "RIQUINHA DO BAR, Cid Jos\u00e9 Aparecido dos Santos, H\u00e9lio Jos\u00e9 dos Santos, NORIKO ONISHI SAITO", "texto_original": "http://sapl.adamantina.sp.leg.br/media/sapl/public/materialegislativa/2023/15117/indicacao_371_56a_ordinaria.pdf", "ementa": "Solicitam promover estudos visando a constru\u00e7\u00e3o de se\u00e7\u00e3o de tubos no final da Rua Laurindo Simoncelli com a Rua Pernambuco no Jardim Brasil."}, {"id": "15118", "ano": "2023", "numero": "372", "tipo__sigla": "IND", "tipo__descricao": "Indica\u00e7\u00e3o", "autoria": "RAFAEL PACHECO, BIGODE", "texto_original": "http://sapl.adamantina.sp.leg.br/media/sapl/public/materialegislativa/2023/15118/indicacao_372_56a_ordinaria.pdf", "ementa": "Solicitam sejam desfeitos os canteiros ao redor dos postes, especialmente os que se localizam nos cruzamentos com outras ruas ao longo da Avenida Capit\u00e3o Jos\u00e9 Ant\u00f4nio de Oliveira e Av. Miguel Veiga, dentre outros."}, {"id": "15119", "ano": "2023", "numero": "373", "tipo__sigla": "IND", "tipo__descricao": "Indica\u00e7\u00e3o", "autoria": "RAFAEL PACHECO", "texto_original": "http://sapl.adamantina.sp.leg.br/media/sapl/public/materialegislativa/2023/15119/indicacao_373_56a_ordinaria.pdf", "ementa": "Solicita instalar um redutor de velocidade na Avenida Marechal Castelo Branco."}, {"id": "15120", "ano": "2023", "numero": "374", "tipo__sigla": "IND", "tipo__descricao": "Indica\u00e7\u00e3o", "autoria": "RAFAEL PACHECO", "texto_original": "http://sapl.adamantina.sp.leg.br/media/sapl/public/materialegislativa/2023/15120/indicacao_374_56a_ordinaria.pdf", "ementa": "Solicita pro\u00edba o estacionamento em 45 graus na Alameda Jo\u00e3o Andrade, rua na parte de tr\u00e1s da Santa Casa, pois o fluxo de ve\u00edculos naquele local \u00e9 intenso."}, {"id": "15121", "ano": "2023", "numero": "375", "tipo__sigla": "IND", "tipo__descricao": "Indica\u00e7\u00e3o", "autoria": "H\u00e9lio Jos\u00e9 dos Santos, Aguinaldo Pires Galv\u00e3o, ALCIO IKEDA, BIGODE, Cid Jos\u00e9 Aparecido dos Santos, NORIKO ONISHI SAITO, PAULO CERVELHEIRA, RAFAEL PACHECO, RIQUINHA DO BAR", "texto_original": "http://sapl.adamantina.sp.leg.br/media/sapl/public/materialegislativa/2023/15121/indicacao_375_56a_ordinaria.pdf", "ementa": "Solicitam ao Prof. Dr. Alexandre Teixeira de Souza, Reitor do Centro Universit\u00e1rio de Adamantina, que estude a possibilidade de conceder um \u201cabono natalino\u201d ao final deste ano de 2023 aos docentes e funcion\u00e1rios Centro Universit\u00e1rio de Adamantina \u2013 FAI."}, {"id": "15122", "ano": "2023", "numero": "376", "tipo__sigla": "IND", "tipo__descricao": "Indica\u00e7\u00e3o", "autoria": "H\u00e9lio Jos\u00e9 dos Santos, Aguinaldo Pires Galv\u00e3o, ALCIO IKEDA, BIGODE, Cid Jos\u00e9 Aparecido dos Santos, NORIKO ONISHI SAITO, PAULO CERVELHEIRA, RAFAEL PACHECO, RIQUINHA DO BAR", "texto_original": "http://sapl.adamantina.sp.leg.br/media/sapl/public/materialegislativa/2023/15122/indicacao_376_56a_ordinaria.pdf", "ementa": "Solicitam seja estuda a possibilidade de conceder aos funcion\u00e1rios da prefeitura um \u201cabono natalino\u201d ao final deste ano de 2023, a exemplo do que j\u00e1 ocorreu nos anos de 2018 e 2019."}, {"id": "15123", "ano": "2023", "numero": "377", "tipo__sigla": "IND", "tipo__descricao": "Indica\u00e7\u00e3o", "autoria": "Aguinaldo Pires Galv\u00e3o, Cid Jos\u00e9 Aparecido dos Santos, RIQUINHA DO BAR", "texto_original": "http://sapl.adamantina.sp.leg.br/media/sapl/public/materialegislativa/2023/15123/indicacao_376_56a_ordinaria.pdf", "ementa": "Solicitam sejam tomadas as seguintes provid\u00eancias: romper o contrato com a empresa respons\u00e1vel pela troca de l\u00e2mpadas e equipar os profissionais da prefeitura, adquirindo um caminh\u00e3o e aumentar o n\u00famero de funcion\u00e1rios."}, {"id": "15124", "ano": "2023", "numero": "378", "tipo__sigla": "IND", "tipo__descricao": "Indica\u00e7\u00e3o", "autoria": "BIGODE, RAFAEL PACHECO", "texto_original": "http://sapl.adamantina.sp.leg.br/media/sapl/public/materialegislativa/2023/15124/indicacao_378_56a_ordinaria.pdf", "ementa": "Solicita construir um sarjet\u00e3o na esquina da Rua Padre Caetano Maria Dolcim\u00e1sculo, com a Rua Carlos Pegoraro, proximidades da Casa do Garoto."}, {"id": "15125", "ano": "2023", "numero": "379", "tipo__sigla": "IND", "tipo__descricao": "Indica\u00e7\u00e3o", "autoria": "PAULO CERVELHEIRA", "texto_original": "http://sapl.adamantina.sp.leg.br/media/sapl/public/materialegislativa/2023/15125/indicacao_379_56a_ordinaria.pdf", "ementa": "Solicita agendar na programa\u00e7\u00e3o de recapeamento asf\u00e1ltico o trecho da Rua Ant\u00f4nio Andrade, entre a Avenida Vit\u00f3rio Romanini e Alameda Jarbas Bento da Silva, em raz\u00e3o do p\u00e9ssimo estado de conserva\u00e7\u00e3o da malha asf\u00e1ltica do referido trecho."}, {"id": "15126", "ano": "2023", "numero": "380", "tipo__sigla": "IND", "tipo__descricao": "Indica\u00e7\u00e3o", "autoria": "PAULO CERVELHEIRA", "texto_original": "http://sapl.adamantina.sp.leg.br/media/sapl/public/materialegislativa/2023/15126/indicacao_380_56a_ordinaria.pdf", "ementa": "Solicitam contatar os policiais da atividade delegada, a fim de intensificar a fiscaliza\u00e7\u00e3o nos estacionamentos especiais para idosos e de pessoas com defici\u00eancia em toda cidade, pois muitos motoristas t\u00eam utilizado estes locais sem ter a idade que permite o estacionamento especial, bem como sem a carteira de estacionamento de idosos e deficientes."}, {"id": "15127", "ano": "2023", "numero": "381", "tipo__sigla": "IND", "tipo__descricao": "Indica\u00e7\u00e3o", "autoria": "Obras, Servi\u00e7os P\u00fablicos e Meio Ambiente", "texto_original": "http://sapl.adamantina.sp.leg.br/media/sapl/public/materialegislativa/2023/15127/indicacao_381_56a_ordinaria.pdf", "ementa": "Solicitam seja realizada a instala\u00e7\u00e3o de canaleta na Rua Jo\u00e3o Latini, proximidades do n\u00famero 433, Jardim Adamantina, considerando o ac\u00famulo de \u00e1gua de um lado da rua, em decorr\u00eancia do n\u00e3o escoamento \u00e0 boca de lobo localizada do outro lado da via."}, {"id": "15128", "ano": "2023", "numero": "382", "tipo__sigla": "IND", "tipo__descricao": "Indica\u00e7\u00e3o", "autoria": "ALCIO IKEDA, Aguinaldo Pires Galv\u00e3o, BIGODE, Cid Jos\u00e9 Aparecido dos Santos, H\u00e9lio Jos\u00e9 dos Santos, NORIKO ONISHI SAITO, PAULO CERVELHEIRA, RAFAEL PACHECO, RIQUINHA DO BAR", "texto_original": "http://sapl.adamantina.sp.leg.br/media/sapl/public/materialegislativa/2023/15128/indicacao_382_56a_ordinaria.pdf", "ementa": "Solicitam seja programada a manuten\u00e7\u00e3o, com urg\u00eancia da Rua Professora Maria Esther Toffoli, em especial, seja realizada nova pavimenta\u00e7\u00e3o na via indicada."}, {"id": "15129", "ano": "2023", "numero": "383", "tipo__sigla": "IND", "tipo__descricao": "Indica\u00e7\u00e3o", "autoria": "ALCIO IKEDA", "texto_original": "http://sapl.adamantina.sp.leg.br/media/sapl/public/materialegislativa/2023/15129/indicacao_383_56a_ordinaria.pdf", "ementa": "Solicita sejam realizadas podas das \u00e1rvores das \u00e1reas verdes da Rua Ant\u00f4nio Padovan, Jardim dos Bandeirantes, que se encontram invadindo as casas dos moradores da rua em quest\u00e3o."}, {"id": "15147", "ano": "2023", "numero": "384", "tipo__sigla": "IND", "tipo__descricao": "Indica\u00e7\u00e3o", "autoria": "PAULO CERVELHEIRA, NORIKO ONISHI SAITO, RIQUINHA DO BAR", "texto_original": "http://sapl.adamantina.sp.leg.br/media/sapl/public/materialegislativa/2023/15147/indicacao_384_57a_ordinaria.pdf", "ementa": "Solicitam seja oficiada a empresa ENERGISA S/A a fim de que a mesma proceda a poda parcial de \u00e1rvores localizadas na Rua L\u00edbero Badar\u00f3, Bloco 238, Vila Jamil de Lima, Conjunto Habitacional Azaleias."}, {"id": "15148", "ano": "2023", "numero": "385", "tipo__sigla": "IND", "tipo__descricao": "Indica\u00e7\u00e3o", "autoria": "NORIKO ONISHI SAITO, Cid Jos\u00e9 Aparecido dos Santos, PAULO CERVELHEIRA, RIQUINHA DO BAR", "texto_original": "http://sapl.adamantina.sp.leg.br/media/sapl/public/materialegislativa/2023/15148/indicacao_385_57a_ordinaria.pdf", "ementa": "Solicitam seja providenciada a coloca\u00e7\u00e3o de corrim\u00e3o na escada do palco do anfiteatro da Biblioteca Municipal Jurema Gomes Moreira Citeli."}, {"id": "15149", "ano": "2023", "numero": "386", "tipo__sigla": "IND", "tipo__descricao": "Indica\u00e7\u00e3o", "autoria": "NORIKO ONISHI SAITO, Aguinaldo Pires Galv\u00e3o, PAULO CERVELHEIRA, RIQUINHA DO BAR", "texto_original": "http://sapl.adamantina.sp.leg.br/media/sapl/public/materialegislativa/2023/15149/indicacao_386_57a_ordinaria.pdf", "ementa": "Solicitam proceder com urg\u00eancia e ro\u00e7agem e limpeza nas proximidades da linha f\u00e9rrea, mais precisamente nos arredores do Parque das Na\u00e7\u00f5es, Aguape\u00ed e de todos que residem naquela \u00e1rea, a fim de evitar queimadas e tamb\u00e9m deixar livre para os pedestres que fazem caminhada e os trabalhadores que utilizam diariamente para ter acesso a \u00e1rea comercial da cidade."}, {"id": "15150", "ano": "2023", "numero": "387", "tipo__sigla": "IND", "tipo__descricao": "Indica\u00e7\u00e3o", "autoria": "Aguinaldo Pires Galv\u00e3o, Cid Jos\u00e9 Aparecido dos Santos, RIQUINHA DO BAR", "texto_original": "http://sapl.adamantina.sp.leg.br/media/sapl/public/materialegislativa/2023/15150/indicacao_387_57a_ordinaria.pdf", "ementa": "Solicitam proceder a pintura das lombofaixas em frente dos supermercados Suzano, SETE e Mituo e da faixa de pedestre em frente ao Supermercado Godoy, pois est\u00e3o apagadas."}, {"id": "15151", "ano": "2023", "numero": "388", "tipo__sigla": "IND", "tipo__descricao": "Indica\u00e7\u00e3o", "autoria": "BIGODE", "texto_original": "http://sapl.adamantina.sp.leg.br/media/sapl/public/materialegislativa/2023/15151/indicacao_388_57a_ordinaria.pdf", "ementa": "Solicita proceder a limpeza completa da \u00e1rea verde e terreno, devolvido da Construlix, localizados na Rua Saldanha Marinho, no Parque Itamarati."}, {"id": "15152", "ano": "2023", "numero": "389", "tipo__sigla": "IND", "tipo__descricao": "Indica\u00e7\u00e3o", "autoria": "BIGODE", "texto_original": "http://sapl.adamantina.sp.leg.br/media/sapl/public/materialegislativa/2023/15152/indicacao_389_57a_ordinaria.pdf", "ementa": "Solicita proceder o recapeamento da Rua Luiz Endo, na Vila Endo."}, {"id": "15153", "ano": "2023", "numero": "390", "tipo__sigla": "IND", "tipo__descricao": "Indica\u00e7\u00e3o", "autoria": "BIGODE", "texto_original": "http://sapl.adamantina.sp.leg.br/media/sapl/public/materialegislativa/2023/15153/indicacao_390_57a_ordinaria.pdf", "ementa": "Solicita proceder a pintura de solo PARE e faixa de pedestres em frente ao Poupatempo, bem como na rotat\u00f3ria instalada na Av. Adhemar de Barros, proximidades do Parque dos Pioneiros, pois encontram-se apagadas."}, {"id": "15154", "ano": "2023", "numero": "391", "tipo__sigla": "IND", "tipo__descricao": "Indica\u00e7\u00e3o", "autoria": "BIGODE", "texto_original": "http://sapl.adamantina.sp.leg.br/media/sapl/public/materialegislativa/2023/15154/indicacao_391_57a_ordinaria.pdf", "ementa": "Solicita proceder a completa reforma do Centro Comunit\u00e1rio da Vila Cicma, pois o local encontra-se em situa\u00e7\u00e3o prec\u00e1ria."}, {"id": "15155", "ano": "2023", "numero": "392", "tipo__sigla": "IND", "tipo__descricao": "Indica\u00e7\u00e3o", "autoria": "BIGODE", "texto_original": "http://sapl.adamantina.sp.leg.br/media/sapl/public/materialegislativa/2023/15155/indicacao_392_57a_ordinaria.pdf", "ementa": "Solicita proceder a completa reforma do Centro Comunit\u00e1rio da AMJAIP, pois o local encontra-se em situa\u00e7\u00e3o prec\u00e1ria. Ainda, seja realizada a ro\u00e7agem e limpeza da \u00e1rea de lazer onde est\u00e1 localizado o centro comunit\u00e1rio, campo de futebol e parque infantil."}, {"id": "15156", "ano": "2023", "numero": "393", "tipo__sigla": "IND", "tipo__descricao": "Indica\u00e7\u00e3o", "autoria": "BIGODE", "texto_original": "http://sapl.adamantina.sp.leg.br/media/sapl/public/materialegislativa/2023/15156/indicacao_393_57a_ordinaria.pdf", "ementa": "Solicita proceder a manuten\u00e7\u00e3o nos brinquedos do parquinho infantil instalado no Parque dos Pioneiros, pois os brinquedos encontram-se, em sua maioria, danificados colocando em risco a seguran\u00e7a das crian\u00e7as que frequentam o local."}, {"id": "15157", "ano": "2023", "numero": "394", "tipo__sigla": "IND", "tipo__descricao": "Indica\u00e7\u00e3o", "autoria": "RIQUINHA DO BAR, Aguinaldo Pires Galv\u00e3o, Cid Jos\u00e9 Aparecido dos Santos, H\u00e9lio Jos\u00e9 dos Santos, NORIKO ONISHI SAITO", "texto_original": "http://sapl.adamantina.sp.leg.br/media/sapl/public/materialegislativa/2023/15157/indicacao_394_57a_ordinaria.pdf", "ementa": "Solicitam proceder a repintura de toda sinaliza\u00e7\u00e3o da rotat\u00f3ria entre a Rua Goi\u00e1s e Av. Ant\u00f4nio Tiveron, no Jardim Brasil, pois a existente encontra-se apagada."}, {"id": "15158", "ano": "2023", "numero": "395", "tipo__sigla": "IND", "tipo__descricao": "Indica\u00e7\u00e3o", "autoria": "RIQUINHA DO BAR, Cid Jos\u00e9 Aparecido dos Santos, NORIKO ONISHI SAITO", "texto_original": "http://sapl.adamantina.sp.leg.br/media/sapl/public/materialegislativa/2023/15158/indicacao_395_57a_ordinaria.pdf", "ementa": "Solicitam incluir na programa\u00e7\u00e3o de constru\u00e7\u00e3o de cal\u00e7adas nas \u00e1reas e pra\u00e7as p\u00fablicas, a \u00e1rea verde do Jardim Bela Vista e Jardim Bandeirantes, atendendo desta forma in\u00fameros pedidos dos moradores destas localidades."}, {"id": "15159", "ano": "2023", "numero": "396", "tipo__sigla": "IND", "tipo__descricao": "Indica\u00e7\u00e3o", "autoria": "RIQUINHA DO BAR, Cid Jos\u00e9 Aparecido dos Santos, NORIKO ONISHI SAITO", "texto_original": "http://sapl.adamantina.sp.leg.br/media/sapl/public/materialegislativa/2023/15159/indicacao_396_57a_ordinaria.pdf", "ementa": "Solicitam a constru\u00e7\u00e3o de cal\u00e7ada em frente das casas, constru\u00eddas atrav\u00e9s de doa\u00e7\u00e3o, localizadas no final da Rua Cear\u00e1 com a Rua Pernambuco no Jardim Brasil."}, {"id": "15160", "ano": "2023", "numero": "397", "tipo__sigla": "IND", "tipo__descricao": "Indica\u00e7\u00e3o", "autoria": "H\u00e9lio Jos\u00e9 dos Santos, NORIKO ONISHI SAITO, RIQUINHA DO BAR", "texto_original": "http://sapl.adamantina.sp.leg.br/media/sapl/public/materialegislativa/2023/15160/indicacao_397_57a_ordinaria.pdf", "ementa": "Solicitam realizar com urg\u00eancia um amplo trabalho de recupera\u00e7\u00e3o e revitaliza\u00e7\u00e3o da Pra\u00e7a M\u00e1rio Bergamo, localizada em uma \u00e1rea de conflu\u00eancia entre os bairros: Vila Jardim e Jardim Brasil, haja vista que \u00e0quele importante espa\u00e7o de lazer necessita de servi\u00e7os de melhorias para uma melhor utiliza\u00e7\u00e3o por parte da popula\u00e7\u00e3o."}, {"id": "15161", "ano": "2023", "numero": "398", "tipo__sigla": "IND", "tipo__descricao": "Indica\u00e7\u00e3o", "autoria": "ALCIO IKEDA, Aguinaldo Pires Galv\u00e3o, BIGODE, Cid Jos\u00e9 Aparecido dos Santos, H\u00e9lio Jos\u00e9 dos Santos, NORIKO ONISHI SAITO, PAULO CERVELHEIRA, RAFAEL PACHECO, RIQUINHA DO BAR", "texto_original": "http://sapl.adamantina.sp.leg.br/media/sapl/public/materialegislativa/2023/15161/indicacao_398_57a_ordinaria.pdf", "ementa": "Solicitam sejam realizados estudos, com urg\u00eancia, para a adequa\u00e7\u00e3o da carreira dos Auxiliares de Desenvolvimento Infantil (ADIs) e dos demais servidores da educa\u00e7\u00e3o que n\u00e3o comp\u00f5em o quadro do magist\u00e9rio."}, {"id": "15162", "ano": "2023", "numero": "399", "tipo__sigla": "IND", "tipo__descricao": "Indica\u00e7\u00e3o", "autoria": "ALCIO IKEDA", "texto_original": "http://sapl.adamantina.sp.leg.br/media/sapl/public/materialegislativa/2023/15162/indicacao_399_57a_ordinaria.pdf", "ementa": "Solicita seja estudada a possibilidade do munic\u00edpio adquirir, ou de abrir processo licitat\u00f3rio para contrata\u00e7\u00e3o de \u00f4nibus espec\u00edfico e adequado para a utiliza\u00e7\u00e3o do esporte e da cultura local."}, {"id": "15163", "ano": "2023", "numero": "400", "tipo__sigla": "IND", "tipo__descricao": "Indica\u00e7\u00e3o", "autoria": "ALCIO IKEDA", "texto_original": "http://sapl.adamantina.sp.leg.br/media/sapl/public/materialegislativa/2023/15163/indicacao_400_57a_ordinaria.pdf", "ementa": "Solicita seja realizado estudo para promover medidas de redu\u00e7\u00e3o da velocidade de ve\u00edculos na Rua Arno Kieffer, quarteir\u00e3o entre a Al. Padre N\u00f3brega e Al. Padre Anchieta (Est\u00e1dio Municipal). Indicamos ainda, seja realizada sinaliza\u00e7\u00e3o (PARE e faixa de pedestre) nas esquinas das vias referidas."}, {"id": "15164", "ano": "2023", "numero": "401", "tipo__sigla": "IND", "tipo__descricao": "Indica\u00e7\u00e3o", "autoria": "RAFAEL PACHECO, BIGODE", "texto_original": "http://sapl.adamantina.sp.leg.br/media/sapl/public/materialegislativa/2023/15164/indicacao_401_57a_ordinaria.pdf", "ementa": "Solicitam seja contratado mais garis para manter limpa as ruas centrais do nosso munic\u00edpio. H\u00e1 alguns anos havia 22 garis, hoje apenas 5."}, {"id": "15165", "ano": "2023", "numero": "402", "tipo__sigla": "IND", "tipo__descricao": "Indica\u00e7\u00e3o", "autoria": "RAFAEL PACHECO", "texto_original": "http://sapl.adamantina.sp.leg.br/media/sapl/public/materialegislativa/2023/15165/indicacao_402_57a_ordinaria.pdf", "ementa": "Solicitam seja contratado mais m\u00e9dicos para o Pronto-Socorro do nosso munic\u00edpio. Isso porque no dia 29 de agosto, havia cerca de 40 pessoas no PS e nenhum m\u00e9dico atendendo. Inclusive foi constatado que uma mulher teve que esperar das 16hs at\u00e9 20h30m com a perna quebrada at\u00e9 ser atendida."}, {"id": "15166", "ano": "2023", "numero": "403", "tipo__sigla": "IND", "tipo__descricao": "Indica\u00e7\u00e3o", "autoria": "RAFAEL PACHECO", "texto_original": "http://sapl.adamantina.sp.leg.br/media/sapl/public/materialegislativa/2023/15166/indicacao_403_57a_ordinaria.pdf", "ementa": "Solicitam sejam isentos de qualquer tipo de imposto municipal os moradores da zona rural que s\u00e3o prejudicados pela falta da ponte que d\u00e1 acesso as suas propriedades."}, {"id": "15175", "ano": "2023", "numero": "404", "tipo__sigla": "IND", "tipo__descricao": "Indica\u00e7\u00e3o", "autoria": "BIGODE, RAFAEL PACHECO", "texto_original": "http://sapl.adamantina.sp.leg.br/media/sapl/public/materialegislativa/2023/15175/indicacao_404_58a_ordinaria.pdf", "ementa": "Solicitam agilizar as licita\u00e7\u00f5es e tomadas de pre\u00e7os dos medicamentos da rede p\u00fablica de sa\u00fade e que as compras sejam efetuadas em grande volume, visando sanar a falta de medicamentos e principalmente os mais utilizados e de uso cont\u00ednuo que a popula\u00e7\u00e3o procura e n\u00e3o tem encontrado."}, {"id": "15176", "ano": "2023", "numero": "405", "tipo__sigla": "IND", "tipo__descricao": "Indica\u00e7\u00e3o", "autoria": "BIGODE", "texto_original": "http://sapl.adamantina.sp.leg.br/media/sapl/public/materialegislativa/2023/15176/indicacao_405_58a_ordinaria.pdf", "ementa": "Solicita refazer a sinaliza\u00e7\u00e3o de tr\u00e2nsito da rotat\u00f3ria da principal entrada para o Jardim Brasil, no in\u00edcio da Rua Ant\u00f4nio Tiveron, procedendo a sinaliza\u00e7\u00e3o, pintura de solo \u201cpare\u201d, coloca\u00e7\u00e3o de placas e pintura das faixas de pedestres e demais sinaliza\u00e7\u00f5es necess\u00e1rias, tendo em vista que as existentes encontram-se apagadas, colocando em risco os transeuntes e desorganizando o tr\u00e1fego de ve\u00edculos."}, {"id": "15177", "ano": "2023", "numero": "406", "tipo__sigla": "IND", "tipo__descricao": "Indica\u00e7\u00e3o", "autoria": "BIGODE", "texto_original": "http://sapl.adamantina.sp.leg.br/media/sapl/public/materialegislativa/2023/15177/indicacao_406_58a_ordinaria.pdf", "ementa": "Solicita de instalar um redutor de velocidade, tipo lombada, em frente da FATEC, no Jardim Brasil, a fim de diminuir o excesso de velocidade praticado no local."}, {"id": "15178", "ano": "2023", "numero": "407", "tipo__sigla": "IND", "tipo__descricao": "Indica\u00e7\u00e3o", "autoria": "BIGODE", "texto_original": "http://sapl.adamantina.sp.leg.br/media/sapl/public/materialegislativa/2023/15178/indicacao_407_58a_ordinaria.pdf", "ementa": "Solicita instalar um redutor de velocidade, tipo lombada, em frente ao IAMA, Instituto de Assist\u00eancia ao Menor de Adamantina, a fim de diminuir o excesso de velocidade praticado no local, pondo em risco os transeuntes, principalmente as crian\u00e7as que frequentam a entidade."}, {"id": "15179", "ano": "2023", "numero": "408", "tipo__sigla": "IND", "tipo__descricao": "Indica\u00e7\u00e3o", "autoria": "BIGODE", "texto_original": "http://sapl.adamantina.sp.leg.br/media/sapl/public/materialegislativa/2023/15179/indicacao_408_58a_ordinaria.pdf", "ementa": "Solicita agendar na programa\u00e7\u00e3o de recapeamento asf\u00e1ltico a Rua Quintino Bocai\u00fava, no Parque Itamarati, no trecho compreendido entre a Cl\u00ednica PAI Nosso Lar, e a empresa Feij\u00e3o Nicoval, pois \u00e9 cr\u00edtica a situa\u00e7\u00e3o da malha asf\u00e1ltica no mencionado trecho."}, {"id": "15180", "ano": "2023", "numero": "409", "tipo__sigla": "IND", "tipo__descricao": "Indica\u00e7\u00e3o", "autoria": "BIGODE", "texto_original": "http://sapl.adamantina.sp.leg.br/media/sapl/public/materialegislativa/2023/15180/indicacao_409_58a_ordinaria.pdf", "ementa": "Solicita proceder a ro\u00e7agem e limpeza da \u00e1rea verde do Parque Itamarati, inclusive a devolvida pela empresa Construlix."}, {"id": "15181", "ano": "2023", "numero": "410", "tipo__sigla": "IND", "tipo__descricao": "Indica\u00e7\u00e3o", "autoria": "RIQUINHA DO BAR, Cid Jos\u00e9 Aparecido dos Santos, NORIKO ONISHI SAITO", "texto_original": "http://sapl.adamantina.sp.leg.br/media/sapl/public/materialegislativa/2023/15181/indicacao_410_58a_ordinaria.pdf", "ementa": "Solicita proceder com urg\u00eancia o recapeamento asf\u00e1ltico do final da Rua Mato Grosso, Jardim Brasil, pois no referido local a malha asf\u00e1ltica est\u00e1 totalmente destru\u00edda, necessitando ser reparada, o que vem gerando in\u00fameras reclama\u00e7\u00f5es dos moradores daquela localidade."}, {"id": "15182", "ano": "2023", "numero": "411", "tipo__sigla": "IND", "tipo__descricao": "Indica\u00e7\u00e3o", "autoria": "RIQUINHA DO BAR, Aguinaldo Pires Galv\u00e3o, H\u00e9lio Jos\u00e9 dos Santos, NORIKO ONISHI SAITO", "texto_original": "http://sapl.adamantina.sp.leg.br/media/sapl/public/materialegislativa/2023/15182/indicacao_411_58a_ordinaria.pdf", "ementa": "Solicitam proceder uma completa reforma na cozinha da usina de reciclagem de lixo, bem como a troca do bebedouro de \u00e1gua."}, {"id": "15183", "ano": "2023", "numero": "412", "tipo__sigla": "IND", "tipo__descricao": "Indica\u00e7\u00e3o", "autoria": "RIQUINHA DO BAR, Aguinaldo Pires Galv\u00e3o, Cid Jos\u00e9 Aparecido dos Santos, NORIKO ONISHI SAITO", "texto_original": "http://sapl.adamantina.sp.leg.br/media/sapl/public/materialegislativa/2023/15183/indicacao_412_58a_ordinaria.pdf", "ementa": "Solicitam estudar a possibilidade da constru\u00e7\u00e3o de uma cobertura para as pessoas que est\u00e3o na fila do posto de sa\u00fade, localizado no bairro Jardim Brasil, a fim de proteg\u00ea-los do sol e da chuva enquanto aguardam o atendimento."}, {"id": "15184", "ano": "2023", "numero": "413", "tipo__sigla": "IND", "tipo__descricao": "Indica\u00e7\u00e3o", "autoria": "RIQUINHA DO BAR, Aguinaldo Pires Galv\u00e3o, Cid Jos\u00e9 Aparecido dos Santos, NORIKO ONISHI SAITO", "texto_original": "http://sapl.adamantina.sp.leg.br/media/sapl/public/materialegislativa/2023/15184/indicacao_413_58a_ordinaria.pdf", "ementa": "Solicitam estudar a possibilidade da constru\u00e7\u00e3o de uma cobertura para as pessoas que est\u00e3o na fila do posto de sa\u00fade, localizado no bairro Jardim Brasil, a fim de proteg\u00ea-los do sol e da chuva enquanto aguardam o atendimento."}, {"id": "15185", "ano": "2023", "numero": "414", "tipo__sigla": "IND", "tipo__descricao": "Indica\u00e7\u00e3o", "autoria": "PAULO CERVELHEIRA, NORIKO ONISHI SAITO", "texto_original": "http://sapl.adamantina.sp.leg.br/media/sapl/public/materialegislativa/2023/15185/indicacao_414_58a_ordinaria.pdf", "ementa": "Solicitam proceder a demarca\u00e7\u00e3o para estacionamento de ve\u00edculos na Al. Armando de Salles Oliveira, trecho compreendido entre a Av. Adhemar de Barros e Rua Osvaldo Cruz, a fim de organizar o estacionamento de ve\u00edculos e consequentemente oferecer mais vagas no referido trecho."}, {"id": "15186", "ano": "2023", "numero": "415", "tipo__sigla": "IND", "tipo__descricao": "Indica\u00e7\u00e3o", "autoria": "RAFAEL PACHECO", "texto_original": "http://sapl.adamantina.sp.leg.br/media/sapl/public/materialegislativa/2023/15186/indicacao_415_58a_ordinaria.pdf", "ementa": "Solicita seja realizada uma campanha de castra\u00e7\u00e3o para cachorros e gatos e nossa cidade evitando a prolifera\u00e7\u00e3o de animais abandonados pelas ruas da cidade."}, {"id": "15187", "ano": "2023", "numero": "416", "tipo__sigla": "IND", "tipo__descricao": "Indica\u00e7\u00e3o", "autoria": "RAFAEL PACHECO", "texto_original": "http://sapl.adamantina.sp.leg.br/media/sapl/public/materialegislativa/2023/15187/indicacao_416_58a_ordinaria.pdf", "ementa": "Solicita a cria\u00e7\u00e3o de uma horta comunit\u00e1ria no Jardim Brasil para atender a popula\u00e7\u00e3o que ali reside."}, {"id": "15188", "ano": "2023", "numero": "417", "tipo__sigla": "IND", "tipo__descricao": "Indica\u00e7\u00e3o", "autoria": "RAFAEL PACHECO", "texto_original": "http://sapl.adamantina.sp.leg.br/media/sapl/public/materialegislativa/2023/15188/indicacao_417_58a_ordinaria.pdf", "ementa": "Solicita cria\u00e7\u00e3o de uma norma que imponha restri\u00e7\u00f5es para caminh\u00f5es de grande porte circular pelo centro da cidade durante o hor\u00e1rio comercial, a fim de melhorar o tr\u00e2nsito de ve\u00edculos em nossa cidade."}, {"id": "15189", "ano": "2023", "numero": "418", "tipo__sigla": "IND", "tipo__descricao": "Indica\u00e7\u00e3o", "autoria": "RAFAEL PACHECO", "texto_original": "http://sapl.adamantina.sp.leg.br/media/sapl/public/materialegislativa/2023/15189/indicacao_418_58a_ordinaria.pdf", "ementa": "Solicita a instala\u00e7\u00e3o de lixeiras de tamanho grande nas ruas centrais do nosso munic\u00edpio, modelo similar ao que se encontra em frente ao pr\u00e9dio da prefeitura."}, {"id": "15190", "ano": "2023", "numero": "419", "tipo__sigla": "IND", "tipo__descricao": "Indica\u00e7\u00e3o", "autoria": "H\u00e9lio Jos\u00e9 dos Santos, NORIKO ONISHI SAITO, RIQUINHA DO BAR", "texto_original": "http://sapl.adamantina.sp.leg.br/media/sapl/public/materialegislativa/2023/15190/indicacao_419_58a_ordinaria.pdf", "ementa": "Solicitam proceder a instala\u00e7\u00e3o de uma Academia ao Ar Livre no Parque do Sol"}, {"id": "15191", "ano": "2023", "numero": "420", "tipo__sigla": "IND", "tipo__descricao": "Indica\u00e7\u00e3o", "autoria": "Cid Jos\u00e9 Aparecido dos Santos, Aguinaldo Pires Galv\u00e3o, H\u00e9lio Jos\u00e9 dos Santos, NORIKO ONISHI SAITO, RIQUINHA DO BAR", "texto_original": "http://sapl.adamantina.sp.leg.br/media/sapl/public/materialegislativa/2023/15191/indicacao_420_58a_ordinaria.pdf", "ementa": "Solicitam incluir no programa atual de recupera\u00e7\u00e3o da malha asf\u00e1ltica urbana do munic\u00edpio o trecho compreendido da Rua Ant\u00f4nio Andrade, entre a Avenida Br\u00e1ulio Molina Frias e Avenida Vit\u00f3rio Romanini, uma vez que referido trecho encontra-se em p\u00e9ssimo estado de conserva\u00e7\u00e3o, com infiltra\u00e7\u00e3o asf\u00e1ltica, diversos buracos e ondula\u00e7\u00f5es."}, {"id": "15192", "ano": "2023", "numero": "421", "tipo__sigla": "IND", "tipo__descricao": "Indica\u00e7\u00e3o", "autoria": "Cid Jos\u00e9 Aparecido dos Santos, Aguinaldo Pires Galv\u00e3o, H\u00e9lio Jos\u00e9 dos Santos, NORIKO ONISHI SAITO, RIQUINHA DO BAR", "texto_original": "http://sapl.adamantina.sp.leg.br/media/sapl/public/materialegislativa/2023/15192/indicacao_421_58a_ordinaria.pdf", "ementa": "Solicitam seja constru\u00edda uma pista exclusiva e oficial de atletismo, que possua 400 m de extens\u00e3o constitu\u00edda por no m\u00ednimo de oito raias, uma vez que \u00e9 crescente a pr\u00e1tica desta modalidade esportiva em nosso munic\u00edpio, necessitando de uma pista oficial e p\u00fablica em Adamantina."}, {"id": "15193", "ano": "2023", "numero": "422", "tipo__sigla": "IND", "tipo__descricao": "Indica\u00e7\u00e3o", "autoria": "Cid Jos\u00e9 Aparecido dos Santos, Aguinaldo Pires Galv\u00e3o, H\u00e9lio Jos\u00e9 dos Santos, NORIKO ONISHI SAITO, RIQUINHA DO BAR", "texto_original": "http://sapl.adamantina.sp.leg.br/media/sapl/public/materialegislativa/2023/15193/indicacao_422_58a_ordinaria.pdf", "ementa": "Solicitam instalar um redutor de velocidade na Rua Santos Dumont em frente ao n\u00ba 95, entre a Alameda Armando de Sales Oliveira e Avenida Deputado Cunha Bueno, pois no local tem ocorrido acidentes em raz\u00e3o do excesso de velocidade praticado por alguns motoristas."}, {"id": "15194", "ano": "2023", "numero": "423", "tipo__sigla": "IND", "tipo__descricao": "Indica\u00e7\u00e3o", "autoria": "Cid Jos\u00e9 Aparecido dos Santos", "texto_original": "http://sapl.adamantina.sp.leg.br/media/sapl/public/materialegislativa/2023/15194/indicacao_423_58a_ordinaria.pdf", "ementa": "Solicitam proceder a fiscaliza\u00e7\u00e3o no sentido de punir com as medidas cab\u00edveis os respons\u00e1veis por despejar entulhos e m\u00f3veis velhos nas margens das estradas municipais."}, {"id": "15195", "ano": "2023", "numero": "424", "tipo__sigla": "IND", "tipo__descricao": "Indica\u00e7\u00e3o", "autoria": "Cid Jos\u00e9 Aparecido dos Santos, ALCIO IKEDA", "texto_original": "http://sapl.adamantina.sp.leg.br/media/sapl/public/materialegislativa/2023/15195/indicacao_424_58a_ordinaria.pdf", "ementa": "Solicitam seja realizado estudo visando, dentro da legalidade e razoabilidade, conceder benef\u00edcios fiscais aos feirantes do munic\u00edpio, ou outras medidas de incentivo e est\u00edmulo ao funcionamento da feira livre local."}, {"id": "15196", "ano": "2023", "numero": "425", "tipo__sigla": "IND", "tipo__descricao": "Indica\u00e7\u00e3o", "autoria": "Obras, Servi\u00e7os P\u00fablicos e Meio Ambiente", "texto_original": "http://sapl.adamantina.sp.leg.br/media/sapl/public/materialegislativa/2023/15196/indicacao_425_58a_ordinaria.pdf", "ementa": "Solicitam sejam resolvidos problemas frequentes de ac\u00famulo de \u00e1gua e vazamento de esgoto que ocorrem na Rua Saldanha Marinho, proximidades do n\u00ba 130, entrada do Conjunto Murilo Jaccoud. Indicamos que sejam realizadas obras (como canaletas) para solucionar definitivamente o ac\u00famulo de \u00e1guas e de sujeira no local mencionado e que seja acionada a SABESP naquilo que for cab\u00edvel."}, {"id": "15197", "ano": "2023", "numero": "426", "tipo__sigla": "IND", "tipo__descricao": "Indica\u00e7\u00e3o", "autoria": "Obras, Servi\u00e7os P\u00fablicos e Meio Ambiente", "texto_original": "http://sapl.adamantina.sp.leg.br/media/sapl/public/materialegislativa/2023/15197/indicacao_426_58a_ordinaria.pdf", "ementa": "Solicitam seja realizada a limpeza completa (ro\u00e7agem e limpeza) do fundo dos bairros Mario Covas e Jardim das Ac\u00e1cias (Parque dos Caldeiras)."}, {"id": "15231", "ano": "2023", "numero": "427", "tipo__sigla": "IND", "tipo__descricao": "Indica\u00e7\u00e3o", "autoria": "BIGODE", "texto_original": "http://sapl.adamantina.sp.leg.br/media/sapl/public/materialegislativa/2023/15231/indicacao_427_59a_ordinaria.pdf", "ementa": "Solicita construir um sarjet\u00e3o na esquina da Av. Rio Branco com a Rua Jo\u00e3o Caldeira, no Jardim Adamantina visando disciplinar o escoamento de \u00e1gua."}, {"id": "15232", "ano": "2023", "numero": "428", "tipo__sigla": "IND", "tipo__descricao": "Indica\u00e7\u00e3o", "autoria": "BIGODE", "texto_original": "http://sapl.adamantina.sp.leg.br/media/sapl/public/materialegislativa/2023/15232/indicacao_428_59a_ordinaria.pdf", "ementa": "Solicita recapeamento da Rua Prof\u00aa Maria Esther Tofoli, no Bairro Monte Alegre, trecho da Al. Padre Nobrega at\u00e9 a Rua Francisca Dario Tofoli."}, {"id": "15233", "ano": "2023", "numero": "429", "tipo__sigla": "IND", "tipo__descricao": "Indica\u00e7\u00e3o", "autoria": "BIGODE", "texto_original": "http://sapl.adamantina.sp.leg.br/media/sapl/public/materialegislativa/2023/15233/indicacao_429_59a_ordinaria.pdf", "ementa": "Solicita proceder o recapeamento da Av. Ipiranga, do cruzamento com a Avenida XV de novembro, at\u00e9 a Rua Natal, na Vila Jamil de Lima."}, {"id": "15234", "ano": "2023", "numero": "430", "tipo__sigla": "IND", "tipo__descricao": "Indica\u00e7\u00e3o", "autoria": "BIGODE", "texto_original": "http://sapl.adamantina.sp.leg.br/media/sapl/public/materialegislativa/2023/15234/indicacao_430_59a_ordinaria.pdf", "ementa": "Solicita realizar com a m\u00e1xima urg\u00eancia opera\u00e7\u00e3o tapa buraco na Rua Sebasti\u00e3o de Almeida no Bairro Morada do Sol, pois \u00e9 cr\u00edtica a situa\u00e7\u00e3o da malha asf\u00e1ltica."}, {"id": "15235", "ano": "2023", "numero": "431", "tipo__sigla": "IND", "tipo__descricao": "Indica\u00e7\u00e3o", "autoria": "BIGODE", "texto_original": "http://sapl.adamantina.sp.leg.br/media/sapl/public/materialegislativa/2023/15235/indicacao_431_59a_ordinaria.pdf", "ementa": "Solicita proceder com a m\u00e1xima urg\u00eancia reparos nos muros das resid\u00eancias que fazem divisa com o pr\u00e9dio da UBS, Unidade B\u00e1sica de Sa\u00fade, do Conjunto Habitacional Mario Covas, que sofreram abalo nas estruturas em decorr\u00eancia da constru\u00e7\u00e3o da unidade."}, {"id": "15236", "ano": "2023", "numero": "432", "tipo__sigla": "IND", "tipo__descricao": "Indica\u00e7\u00e3o", "autoria": "BIGODE", "texto_original": "http://sapl.adamantina.sp.leg.br/media/sapl/public/materialegislativa/2023/15236/indicacao_432_59a_ordinaria.pdf", "ementa": "Solicita estudar a possibilidade de espalhar pedriscos no terreno utilizado para estacionamento do sal\u00e3o de festas do Bairro Tupanzinho, em frente da Capela do referido bairro."}, {"id": "15237", "ano": "2023", "numero": "433", "tipo__sigla": "IND", "tipo__descricao": "Indica\u00e7\u00e3o", "autoria": "BIGODE", "texto_original": "http://sapl.adamantina.sp.leg.br/media/sapl/public/materialegislativa/2023/15237/indicacao_433_59a_ordinaria.pdf", "ementa": "Solicita manter aberto o lix\u00e3o aos s\u00e1bados e domingos a fim de que a popula\u00e7\u00e3o proceda o descarte de material, pois o port\u00e3o fica fechado aos finais de semana."}, {"id": "15238", "ano": "2023", "numero": "434", "tipo__sigla": "IND", "tipo__descricao": "Indica\u00e7\u00e3o", "autoria": "NORIKO ONISHI SAITO, RIQUINHA DO BAR", "texto_original": "http://sapl.adamantina.sp.leg.br/media/sapl/public/materialegislativa/2023/15238/indicacao_434_59a_ordinaria.pdf", "ementa": "Solicitam proceder o recolhimento das pedras que est\u00e3o soltas na via p\u00fablica, decorrentes do servi\u00e7o de tapa buracos realizado na Rua Hermenegildo Romanini, proximidades do n\u00ba 38, no in\u00edcio da quadra da mencionada rua, perto da linha f\u00e9rrea."}, {"id": "15239", "ano": "2023", "numero": "435", "tipo__sigla": "IND", "tipo__descricao": "Indica\u00e7\u00e3o", "autoria": "RIQUINHA DO BAR, NORIKO ONISHI SAITO", "texto_original": "http://sapl.adamantina.sp.leg.br/media/sapl/public/materialegislativa/2023/15239/indicacao_435_59a_ordinaria.pdf", "ementa": "Solicitam construir uma cal\u00e7ada na \u00e1rea verde localizada na Rua Vit\u00f3rio Belomo, proximidades do n\u00ba 21, no Conjunto Habitacional Jardim Primavera."}, {"id": "15240", "ano": "2023", "numero": "436", "tipo__sigla": "IND", "tipo__descricao": "Indica\u00e7\u00e3o", "autoria": "RIQUINHA DO BAR, Aguinaldo Pires Galv\u00e3o, NORIKO ONISHI SAITO", "texto_original": "http://sapl.adamantina.sp.leg.br/media/sapl/public/materialegislativa/2023/15240/indicacao_436_59a_ordinaria.pdf", "ementa": "Solicitam incluir nos servi\u00e7os de recapeamento asf\u00e1ltico a Vicinal Pedro Monego que liga a Estrada Vicinal Jos\u00e9 Maria da Silva, no Bairro Tupanzinho."}, {"id": "15241", "ano": "2023", "numero": "437", "tipo__sigla": "IND", "tipo__descricao": "Indica\u00e7\u00e3o", "autoria": "Cid Jos\u00e9 Aparecido dos Santos, Aguinaldo Pires Galv\u00e3o, H\u00e9lio Jos\u00e9 dos Santos, NORIKO ONISHI SAITO, RIQUINHA DO BAR", "texto_original": "http://sapl.adamantina.sp.leg.br/media/sapl/public/materialegislativa/2023/15241/indicacao_437_59a_ordinaria.pdf", "ementa": "Solicitam incluir no programa de recapeamento asf\u00e1ltico v\u00e1rios trechos de ruas do Jardim Ipiranga e Am\u00e9rica que se encontram em p\u00e9ssimo estado de conserva\u00e7\u00e3o: Rua Zequinha de Abreu, Rua Vicente Celestino, Rua Lamartine Babo, Rua Ari Barroso, Rua Carmem Miranda, Rua Adoniram Barbosa, Rua Jos\u00e9 Quevedo, Rua Jo\u00e3o Possari, Rua Tamoto Matuoka, Rua S\u00e3o Felipe, Rua Santa Mercedes e Rua Francisco Alves."}, {"id": "15242", "ano": "2023", "numero": "438", "tipo__sigla": "IND", "tipo__descricao": "Indica\u00e7\u00e3o", "autoria": "Cid Jos\u00e9 Aparecido dos Santos, ALCIO IKEDA, H\u00e9lio Jos\u00e9 dos Santos, PAULO CERVELHEIRA", "texto_original": "http://sapl.adamantina.sp.leg.br/media/sapl/public/materialegislativa/2023/15242/indicacao_438_59a_ordinaria.pdf", "ementa": "Solicitam realizar estudos para regulamentar estacionamento para motocicletas na Avenida Adhemar de Barros entre a Alameda Josefina Tiveron e Alameda Fern\u00e3o Dias."}, {"id": "15243", "ano": "2023", "numero": "439", "tipo__sigla": "IND", "tipo__descricao": "Indica\u00e7\u00e3o", "autoria": "Cid Jos\u00e9 Aparecido dos Santos, NORIKO ONISHI SAITO, RIQUINHA DO BAR", "texto_original": "http://sapl.adamantina.sp.leg.br/media/sapl/public/materialegislativa/2023/15243/indicacao_439_59a_ordinaria.pdf", "ementa": "Solicitam seja instalado novo parquinho infantil, igualmente, no Jardim CECAP."}, {"id": "15244", "ano": "2023", "numero": "440", "tipo__sigla": "IND", "tipo__descricao": "Indica\u00e7\u00e3o", "autoria": "Cid Jos\u00e9 Aparecido dos Santos, ALCIO IKEDA, BIGODE, PAULO CERVELHEIRA, RAFAEL PACHECO", "texto_original": "http://sapl.adamantina.sp.leg.br/media/sapl/public/materialegislativa/2023/15244/indicacao_440_59a_ordinaria.pdf", "ementa": "Solicitam proceder a coloca\u00e7\u00e3o urgente de placas de sinaliza\u00e7\u00e3o \u201cPARE\u201d no cruzamento das Rua Zequinha de Abreu com a Rua Jos\u00e9 Br\u00e1s Filho, pois a aus\u00eancia de sinaliza\u00e7\u00e3o de tr\u00e2nsito contribui para ocorr\u00eancias frequentes de acidentes de tr\u00e2nsito."}, {"id": "15245", "ano": "2023", "numero": "441", "tipo__sigla": "IND", "tipo__descricao": "Indica\u00e7\u00e3o", "autoria": "Cid Jos\u00e9 Aparecido dos Santos, Aguinaldo Pires Galv\u00e3o, ALCIO IKEDA, BIGODE, H\u00e9lio Jos\u00e9 dos Santos, NORIKO ONISHI SAITO, PAULO CERVELHEIRA, RAFAEL PACHECO, RIQUINHA DO BAR", "texto_original": "http://sapl.adamantina.sp.leg.br/media/sapl/public/materialegislativa/2023/15245/indicacao_441_59a_ordinaria.pdf", "ementa": "Solicitam o in\u00edcio das reformas e projetos de revitaliza\u00e7\u00e3o das Pra\u00e7as P\u00fablicas  Jos\u00e9 Parrilla e Euclides Romanini, uma vez que \u00e9 p\u00e9ssimo o estado de conserva\u00e7\u00e3o destes locais, motivo pelo qual tem gerado muitas reclama\u00e7\u00f5es dos mun\u00edcipes."}, {"id": "15246", "ano": "2023", "numero": "442", "tipo__sigla": "IND", "tipo__descricao": "Indica\u00e7\u00e3o", "autoria": "Aguinaldo Pires Galv\u00e3o, Cid Jos\u00e9 Aparecido dos Santos, H\u00e9lio Jos\u00e9 dos Santos, PAULO CERVELHEIRA, RAFAEL PACHECO, RIQUINHA DO BAR", "texto_original": "http://sapl.adamantina.sp.leg.br/media/sapl/public/materialegislativa/2023/15246/indicacao_442_59a_ordinaria.pdf", "ementa": "Solicitam seja criado, em car\u00e1ter de urg\u00eancia, O Programa de Recupera\u00e7\u00e3o Fiscal Municipal \u2013 Refis, que consiste num parcelamento de d\u00e9bitos fiscais/ tribut\u00e1rios propostos \u00e0s pessoas f\u00edsicas e jur\u00eddicas com d\u00edvidas perante o munic\u00edpio, concedendo desconto de 50 a 70% nos juros e multas."}, {"id": "15247", "ano": "2023", "numero": "443", "tipo__sigla": "IND", "tipo__descricao": "Indica\u00e7\u00e3o", "autoria": "RAFAEL PACHECO, BIGODE", "texto_original": "http://sapl.adamantina.sp.leg.br/media/sapl/public/materialegislativa/2023/15247/indicacao_443_59a_ordinaria.pdf", "ementa": "Solicitam manter o banheiro do Parque do Caldeira sempre aberto e em condi\u00e7\u00f5es de uso para a popula\u00e7\u00e3o."}, {"id": "15248", "ano": "2023", "numero": "444", "tipo__sigla": "IND", "tipo__descricao": "Indica\u00e7\u00e3o", "autoria": "RAFAEL PACHECO, BIGODE", "texto_original": "http://sapl.adamantina.sp.leg.br/media/sapl/public/materialegislativa/2023/15248/indicacao_444_59a_ordinaria.pdf", "ementa": "Solicitam pavimentar a rua que d\u00e1 acesso entre o Jardim Brasil e o Parque Itamarati, entre as Rua Sergipe e Rua Saldanha Marinho."}, {"id": "15249", "ano": "2023", "numero": "445", "tipo__sigla": "IND", "tipo__descricao": "Indica\u00e7\u00e3o", "autoria": "RAFAEL PACHECO, BIGODE", "texto_original": "http://sapl.adamantina.sp.leg.br/media/sapl/public/materialegislativa/2023/15249/indicacao_445_59a_ordinaria.pdf", "ementa": "Solicitam efetuar a reforma/ constru\u00e7\u00e3o do vesti\u00e1rio do campo do Jardim Brasil deixando-o em condi\u00e7\u00f5es de uso para os moradores do bairro."}, {"id": "15250", "ano": "2023", "numero": "446", "tipo__sigla": "IND", "tipo__descricao": "Indica\u00e7\u00e3o", "autoria": "RAFAEL PACHECO, BIGODE", "texto_original": "http://sapl.adamantina.sp.leg.br/media/sapl/public/materialegislativa/2023/15250/indicacao_446_59a_ordinaria.pdf", "ementa": "Solicitam criar um cronograma de limpeza semanal com o intuito de manter limpo o entorno da horta comunit\u00e1ria do Jardim Adamantina."}, {"id": "15251", "ano": "2023", "numero": "447", "tipo__sigla": "IND", "tipo__descricao": "Indica\u00e7\u00e3o", "autoria": "RAFAEL PACHECO, ALCIO IKEDA, BIGODE, Cid Jos\u00e9 Aparecido dos Santos", "texto_original": "http://sapl.adamantina.sp.leg.br/media/sapl/public/materialegislativa/2023/15251/indicacao_447_59a_ordinaria.pdf", "ementa": "Solicitam refazer toda o cal\u00e7amento no entorno do Parque dos Pioneiros evitando assim que acidentes continuem ocorrendo ali."}, {"id": "15252", "ano": "2023", "numero": "448", "tipo__sigla": "IND", "tipo__descricao": "Indica\u00e7\u00e3o", "autoria": "RAFAEL PACHECO, BIGODE", "texto_original": "http://sapl.adamantina.sp.leg.br/media/sapl/public/materialegislativa/2023/15252/indicacao_448_59a_ordinaria.pdf", "ementa": "Solicitam fazer um ro\u00e7agem na \u00e1rea verde do Parque Itamarati, pois o mato encontra-se muito alto causando a prolifera\u00e7\u00e3o de insetos e tornando o lugar perigoso para as crian\u00e7as."}, {"id": "15253", "ano": "2023", "numero": "449", "tipo__sigla": "IND", "tipo__descricao": "Indica\u00e7\u00e3o", "autoria": "RAFAEL PACHECO, BIGODE", "texto_original": "http://sapl.adamantina.sp.leg.br/media/sapl/public/materialegislativa/2023/15253/indicacao_449_59a_ordinaria.pdf", "ementa": "Solicitam contratar mais zeladores e/ ou cuidadores para dar a devida manuten\u00e7\u00e3o no Parque dos Pioneiros, mantendo assim nosso principal cart\u00e3o postal limpo."}, {"id": "15254", "ano": "2023", "numero": "450", "tipo__sigla": "IND", "tipo__descricao": "Indica\u00e7\u00e3o", "autoria": "H\u00e9lio Jos\u00e9 dos Santos, NORIKO ONISHI SAITO, RIQUINHA DO BAR", "texto_original": "http://sapl.adamantina.sp.leg.br/media/sapl/public/materialegislativa/2023/15254/indicacao_450_59a_ordinaria.pdf", "ementa": "Solicitam sejam analisados o atendimento de reivindica\u00e7\u00f5es demandas da diretoria da associa\u00e7\u00e3o de moradores do conjunto habitacional m\u00e1rio covas, como segue adiante: aquisi\u00e7\u00e3o de ventiladores e de eletrodom\u00e9sticos, substitui\u00e7\u00e3o de uma porta de metal e recapeamento ou lama asf\u00e1ltica na Rua Jos\u00e9 de Oliveira J\u00fanior."}, {"id": "15255", "ano": "2023", "numero": "451", "tipo__sigla": "IND", "tipo__descricao": "Indica\u00e7\u00e3o", "autoria": "H\u00e9lio Jos\u00e9 dos Santos, NORIKO ONISHI SAITO, RIQUINHA DO BAR", "texto_original": "http://sapl.adamantina.sp.leg.br/media/sapl/public/materialegislativa/2023/15255/indicacao_451_59a_ordinaria.pdf", "ementa": "Solicitam constru\u00e7\u00e3o da cobertura da arquibancada da quadra de esportes do Projeto Asa, bem como para instala\u00e7\u00e3o de uma academia ao ar livre para atender aos moradores daquela importante regi\u00e3o da nossa cidade, sobretudo para os moradores dos bairros: Jardim Paulista, Vila Nilza e Jardim San Fernando."}, {"id": "15256", "ano": "2023", "numero": "452", "tipo__sigla": "IND", "tipo__descricao": "Indica\u00e7\u00e3o", "autoria": "H\u00e9lio Jos\u00e9 dos Santos, Aguinaldo Pires Galv\u00e3o, Cid Jos\u00e9 Aparecido dos Santos, NORIKO ONISHI SAITO, RIQUINHA DO BAR", "texto_original": "http://sapl.adamantina.sp.leg.br/media/sapl/public/materialegislativa/2023/15256/indicacao_452_59a_ordinaria.pdf", "ementa": "Solicitam determinar o nome do ex-vereador e ex-presidente da C\u00e2mara Municipal de Adamantina, Celso Osmar Mastellini, \u00e0 \u00e1rea institucional do munic\u00edpio localizada na Vila Jamil de Lima, bairro em que ele residiu por mais de duas d\u00e9cadas at\u00e9 o seu lament\u00e1vel falecimento."}, {"id": "15257", "ano": "2023", "numero": "453", "tipo__sigla": "IND", "tipo__descricao": "Indica\u00e7\u00e3o", "autoria": "RAFAEL PACHECO, BIGODE", "texto_original": "http://sapl.adamantina.sp.leg.br/media/sapl/public/materialegislativa/2023/15257/indicacao_453_59a_ordinaria.pdf", "ementa": "Solicitam sejam finalizadas as obras no espa\u00e7o p\u00fablico do bairro do AMJAIP."}, {"id": "15258", "ano": "2023", "numero": "454", "tipo__sigla": "IND", "tipo__descricao": "Indica\u00e7\u00e3o", "autoria": "ALCIO IKEDA, Aguinaldo Pires Galv\u00e3o, BIGODE, Cid Jos\u00e9 Aparecido dos Santos, H\u00e9lio Jos\u00e9 dos Santos, NORIKO ONISHI SAITO, PAULO CERVELHEIRA, RAFAEL PACHECO, RIQUINHA DO BAR", "texto_original": "http://sapl.adamantina.sp.leg.br/media/sapl/public/materialegislativa/2023/15258/indicacao_454_59a_ordinaria.pdf", "ementa": "Solicitam sejam encaminhados Projetos de Lei fixando o abono natalino como um direito definitivo dos servidores p\u00fablicos municipais da Prefeitura e do Centro Universit\u00e1rio de Adamantina - FAI, de forma que n\u00e3o seja mais necess\u00e1ria a aprova\u00e7\u00e3o anual de leis para a concess\u00e3o do benef\u00edcio."}, {"id": "15259", "ano": "2023", "numero": "455", "tipo__sigla": "IND", "tipo__descricao": "Indica\u00e7\u00e3o", "autoria": "ALCIO IKEDA", "texto_original": "http://sapl.adamantina.sp.leg.br/media/sapl/public/materialegislativa/2023/15259/indicacao_455_59a_ordinaria.pdf", "ementa": "Solicita seja estudada possibilidade de contrata\u00e7\u00e3o de um lavador exclusivo ao setor do transporte da sa\u00fade, visando realizar a limpeza e a conserva\u00e7\u00e3o dos ve\u00edculos da frota da sa\u00fade municipal."}, {"id": "15260", "ano": "2023", "numero": "456", "tipo__sigla": "IND", "tipo__descricao": "Indica\u00e7\u00e3o", "autoria": "Obras, Servi\u00e7os P\u00fablicos e Meio Ambiente", "texto_original": "http://sapl.adamantina.sp.leg.br/media/sapl/public/materialegislativa/2023/15260/indicacao_456_59a_ordinaria.pdf", "ementa": "Solicitam sejam estudadas medidas para redu\u00e7\u00e3o de velocidade dos ve\u00edculos na Rua Josefina Dall\u2019Antonia Tiveron, proximidades da Delegacia Seccional e do Centro Intregado de Sa\u00fade.  Sugerimos o estudo t\u00e9cnico para avaliar a viabilidade da instala\u00e7\u00e3o de uma lombofaixa (faixa elevada para pedestres) defronte ao CIS (Centro Integrado de Sa\u00fade)."}, {"id": "15261", "ano": "2023", "numero": "457", "tipo__sigla": "IND", "tipo__descricao": "Indica\u00e7\u00e3o", "autoria": "Todos os Edis", "texto_original": "http://sapl.adamantina.sp.leg.br/media/sapl/public/materialegislativa/2023/15261/indicacao_457_59a_ordinaria.pdf", "ementa": "Solicitam conceder reajuste salarial (ganho real) a todos os servidores municipais."}, {"id": "15272", "ano": "2023", "numero": "458", "tipo__sigla": "IND", "tipo__descricao": "Indica\u00e7\u00e3o", "autoria": "NORIKO ONISHI SAITO, Aguinaldo Pires Galv\u00e3o, Cid Jos\u00e9 Aparecido dos Santos, RIQUINHA DO BAR", "texto_original": "http://sapl.adamantina.sp.leg.br/media/sapl/public/materialegislativa/2023/15272/indicacao_458_60a_ordinaria.pdf", "ementa": "Solicitam dotar de ilumina\u00e7\u00e3o o campinho de futebol no Jardim Adamantina, proximidades da Casa Afro, com a implanta\u00e7\u00e3o de no m\u00e1ximo 4 postes de ilumina\u00e7\u00e3o."}, {"id": "15273", "ano": "2023", "numero": "459", "tipo__sigla": "IND", "tipo__descricao": "Indica\u00e7\u00e3o", "autoria": "NORIKO ONISHI SAITO, Aguinaldo Pires Galv\u00e3o, Cid Jos\u00e9 Aparecido dos Santos, RIQUINHA DO BAR", "texto_original": "http://sapl.adamantina.sp.leg.br/media/sapl/public/materialegislativa/2023/15273/indicacao_459_60a_ordinaria.pdf", "ementa": "Solicita transformar em m\u00e3o \u00fanica o quarteir\u00e3o da Rua Saturnino de Castro que d\u00e1 acesso \u00e0 Avenida Rio Branco, no Jardim das Primaveras."}, {"id": "15274", "ano": "2023", "numero": "460", "tipo__sigla": "IND", "tipo__descricao": "Indica\u00e7\u00e3o", "autoria": "RIQUINHA DO BAR, Aguinaldo Pires Galv\u00e3o, Cid Jos\u00e9 Aparecido dos Santos, NORIKO ONISHI SAITO", "texto_original": "http://sapl.adamantina.sp.leg.br/media/sapl/public/materialegislativa/2023/15274/indicacao_460_60a_ordinaria.pdf", "ementa": "Solicitam proceder manuten\u00e7\u00e3o no passeio p\u00fablico da Vicinal Moys\u00e9s Justino da Silva, desde o Hotel 10, at\u00e9 o Bairro Bela Vista pois em alguns trechos a cal\u00e7ada est\u00e1 levantada e em outros abriram crateras, podendo ocasionar acidentes com os pedestres que passam pelo local."}, {"id": "15275", "ano": "2023", "numero": "461", "tipo__sigla": "IND", "tipo__descricao": "Indica\u00e7\u00e3o", "autoria": "RIQUINHA DO BAR, Aguinaldo Pires Galv\u00e3o, Cid Jos\u00e9 Aparecido dos Santos, NORIKO ONISHI SAITO", "texto_original": "http://sapl.adamantina.sp.leg.br/media/sapl/public/materialegislativa/2023/15275/indicacao_461_60a_ordinaria.pdf", "ementa": "Solicitam que mantenha entendimento com a empresa respons\u00e1vel pelo transporte urbano de nossa cidade, visando a instala\u00e7\u00e3o de mais um ponto de \u00f4nibus circular no Jardim Bela Vista, em frente ao parque infantil e academia, atendendo pedidos dos moradores e usu\u00e1rios do coletivo p\u00fablico."}, {"id": "15276", "ano": "2023", "numero": "462", "tipo__sigla": "IND", "tipo__descricao": "Indica\u00e7\u00e3o", "autoria": "PAULO CERVELHEIRA", "texto_original": "http://sapl.adamantina.sp.leg.br/media/sapl/public/materialegislativa/2023/15276/indicacao_462_60a_ordinaria.pdf", "ementa": "Solicita realizar uma pintura e restaura\u00e7\u00e3o da est\u00e1tua do Cristo que est\u00e1 instalada na rotat\u00f3ria da entrada da Rua Joaquim Nabuco (pontilh\u00e3o)."}, {"id": "15277", "ano": "2023", "numero": "463", "tipo__sigla": "IND", "tipo__descricao": "Indica\u00e7\u00e3o", "autoria": "RIQUINHA DO BAR, Aguinaldo Pires Galv\u00e3o, Cid Jos\u00e9 Aparecido dos Santos, NORIKO ONISHI SAITO", "texto_original": "http://sapl.adamantina.sp.leg.br/media/sapl/public/materialegislativa/2023/15277/indicacao_463_60a_ordinaria.pdf", "ementa": "Solicita proceder a repintura de toda sinaliza\u00e7\u00e3o da rotat\u00f3ria entre a Rua Goi\u00e1s e Av. Ant\u00f4nio Tiveron, no Jardim Brasil, pois a existente encontra-se apagada, bem como consertar o a placa de sinaliza\u00e7\u00e3o que encontra-se derrubada."}, {"id": "15278", "ano": "2023", "numero": "464", "tipo__sigla": "IND", "tipo__descricao": "Indica\u00e7\u00e3o", "autoria": "H\u00e9lio Jos\u00e9 dos Santos, Aguinaldo Pires Galv\u00e3o, NORIKO ONISHI SAITO, RIQUINHA DO BAR", "texto_original": "http://sapl.adamantina.sp.leg.br/media/sapl/public/materialegislativa/2023/15278/indicacao_464_60a_ordinaria.pdf", "ementa": "Solicitam sejam atendidas reivindica\u00e7\u00f5es dos mun\u00edcipes residentes nos Bairros Eldorado II e Monte Alegre, como INSTALA\u00c7\u00c3O DE OBST\u00c1CULOS -  Na Rua Dante Bolgue, e conserva\u00e7\u00e3o da \u00c1rea Verde."}, {"id": "15279", "ano": "2023", "numero": "465", "tipo__sigla": "IND", "tipo__descricao": "Indica\u00e7\u00e3o", "autoria": "BIGODE, RAFAEL PACHECO", "texto_original": "http://sapl.adamantina.sp.leg.br/media/sapl/public/materialegislativa/2023/15279/indicacao_465_60a_ordinaria.pdf", "ementa": "Solicitam proceder manuten\u00e7\u00e3o na ponte que liga a Rua Jos\u00e9 Urbano Luize \u00e0 Ch\u00e1cara Ideal."}, {"id": "15280", "ano": "2023", "numero": "466", "tipo__sigla": "IND", "tipo__descricao": "Indica\u00e7\u00e3o", "autoria": "BIGODE, RAFAEL PACHECO", "texto_original": "http://sapl.adamantina.sp.leg.br/media/sapl/public/materialegislativa/2023/15280/indicacao_466_60a_ordinaria.pdf", "ementa": "Solicitam completa limpeza na pra\u00e7a localizada na \u00e1rea central do bairro Jardim dos Poetas."}, {"id": "15281", "ano": "2023", "numero": "467", "tipo__sigla": "IND", "tipo__descricao": "Indica\u00e7\u00e3o", "autoria": "BIGODE", "texto_original": "http://sapl.adamantina.sp.leg.br/media/sapl/public/materialegislativa/2023/15281/indicacao_467_60a_ordinaria.pdf", "ementa": "Solicitam proceder sinaliza\u00e7\u00e3o horizontal e vertical, pintura de solo e instala\u00e7\u00e3o de placas de tr\u00e2nsito, em todo o bairro Parque do Sol."}, {"id": "15282", "ano": "2023", "numero": "468", "tipo__sigla": "IND", "tipo__descricao": "Indica\u00e7\u00e3o", "autoria": "BIGODE, RAFAEL PACHECO", "texto_original": "http://sapl.adamantina.sp.leg.br/media/sapl/public/materialegislativa/2023/15282/indicacao_468_60a_ordinaria.pdf", "ementa": "Solicita proceder limpeza da \u00e1rea que margeia a Rua Sebasti\u00e3o Cavalini, no Parque do Sol."}, {"id": "15283", "ano": "2023", "numero": "469", "tipo__sigla": "IND", "tipo__descricao": "Indica\u00e7\u00e3o", "autoria": "BIGODE, RAFAEL PACHECO", "texto_original": "http://sapl.adamantina.sp.leg.br/media/sapl/public/materialegislativa/2023/15283/indicacao_469_60a_ordinaria.pdf", "ementa": "Solicita proceder com urg\u00eancia uma completa limpeza na \u00e1rea verde localizada na Rua Jos\u00e9 de Oliveira Junior, no Conjunto Mario Covas."}, {"id": "15284", "ano": "2023", "numero": "470", "tipo__sigla": "IND", "tipo__descricao": "Indica\u00e7\u00e3o", "autoria": "Aguinaldo Pires Galv\u00e3o, Cid Jos\u00e9 Aparecido dos Santos, NORIKO ONISHI SAITO, RIQUINHA DO BAR", "texto_original": "http://sapl.adamantina.sp.leg.br/media/sapl/public/materialegislativa/2023/15284/indicacao_470_60a_ordinaria.pdf", "ementa": "Solicitam incluir na programa\u00e7\u00e3o de recapeamento asf\u00e1ltico as ruas n\u00e3o recapeadas do bairro Vila Freitas."}, {"id": "15285", "ano": "2023", "numero": "471", "tipo__sigla": "IND", "tipo__descricao": "Indica\u00e7\u00e3o", "autoria": "Cid Jos\u00e9 Aparecido dos Santos, Aguinaldo Pires Galv\u00e3o", "texto_original": "http://sapl.adamantina.sp.leg.br/media/sapl/public/materialegislativa/2023/15285/indicacao_471_60a_ordinaria.pdf", "ementa": "Solicitam agendar o nome do Senhor Lourival Frasson, popularmente conhecido por \u201cBrasa\u201d, para denominar ruas ou avenidas em futuros loteamentos que forem lan\u00e7ados em nosso munic\u00edpio."}, {"id": "15286", "ano": "2023", "numero": "472", "tipo__sigla": "IND", "tipo__descricao": "Indica\u00e7\u00e3o", "autoria": "PAULO CERVELHEIRA", "texto_original": "http://sapl.adamantina.sp.leg.br/media/sapl/public/materialegislativa/2023/15286/indicacao_472_60a_ordinaria.pdf", "ementa": "Solicita proceder a sinaliza\u00e7\u00e3o \u201cPARE\u201d, com a coloca\u00e7\u00e3o de placa, bem como a pintura de solo e de faixa de pedestres na rua do Viaduto Ant\u00f4nia Geralda Tinetti, que cruza com a Rua Rio de Janeiro, no Jardim Brasil."}, {"id": "15287", "ano": "2023", "numero": "473", "tipo__sigla": "IND", "tipo__descricao": "Indica\u00e7\u00e3o", "autoria": "RAFAEL PACHECO, BIGODE", "texto_original": "http://sapl.adamantina.sp.leg.br/media/sapl/public/materialegislativa/2023/15287/indicacao_473_60a_ordinaria.pdf", "ementa": "Solicitam seja realizada a devida manuten\u00e7\u00e3o no letreiro de Adamantina localizado na Rodovia Comandante Jo\u00e3o Ribeiro de Barros pois o mesmo se encontra sem ilumina\u00e7\u00e3o."}, {"id": "15288", "ano": "2023", "numero": "474", "tipo__sigla": "IND", "tipo__descricao": "Indica\u00e7\u00e3o", "autoria": "RAFAEL PACHECO, BIGODE", "texto_original": "http://sapl.adamantina.sp.leg.br/media/sapl/public/materialegislativa/2023/15288/indicacao_474_60a_ordinaria.pdf", "ementa": "Solicitam seja realizada a devida manuten\u00e7\u00e3o na cal\u00e7ada do Campo Rio Branco localizado no Jardim Adamantina."}, {"id": "15289", "ano": "2023", "numero": "475", "tipo__sigla": "IND", "tipo__descricao": "Indica\u00e7\u00e3o", "autoria": "RAFAEL PACHECO, BIGODE", "texto_original": "http://sapl.adamantina.sp.leg.br/media/sapl/public/materialegislativa/2023/15289/indicacao_475_60a_ordinaria.pdf", "ementa": "Solicita se promova a revoga\u00e7\u00e3o ou anula\u00e7\u00e3o do contrato que o munic\u00edpio tem com a empresa que deveria fazer a manuten\u00e7\u00e3o das luzes dos postes p\u00fablicos e volte a realizar o servi\u00e7o pela prefeitura."}, {"id": "15320", "ano": "2023", "numero": "476", "tipo__sigla": "IND", "tipo__descricao": "Indica\u00e7\u00e3o", "autoria": "NORIKO ONISHI SAITO, Aguinaldo Pires Galv\u00e3o, Cid Jos\u00e9 Aparecido dos Santos, RIQUINHA DO BAR", "texto_original": "http://sapl.adamantina.sp.leg.br/media/sapl/public/materialegislativa/2023/15320/indicacao_476_61a_ordinaria.pdf", "ementa": "Solicitam proceder ro\u00e7agem e limpeza da pista de caminhada constru\u00edda na \u00e1rea verde localizada na Rua S\u00e9rgio Rombaldi, cruzamento com a Rua Carlos Gomes, no Residencial Monte Carlo, pois encontra-se tomado por enorme matagal."}, {"id": "15321", "ano": "2023", "numero": "477", "tipo__sigla": "IND", "tipo__descricao": "Indica\u00e7\u00e3o", "autoria": "NORIKO ONISHI SAITO, Aguinaldo Pires Galv\u00e3o, Cid Jos\u00e9 Aparecido dos Santos, RIQUINHA DO BAR", "texto_original": "http://sapl.adamantina.sp.leg.br/media/sapl/public/materialegislativa/2023/15321/indicacao_477_61a_ordinaria.pdf", "ementa": "Solicitam proceder estudos visando a constru\u00e7\u00e3o ou instala\u00e7\u00e3o de bancos na \u00e1rea verde denominada Prof\u00aa Oneide dos Santos Morelatti no Bairro Tipuanas, atendendo pedidos dos moradores daquela comunidade."}, {"id": "15322", "ano": "2023", "numero": "478", "tipo__sigla": "IND", "tipo__descricao": "Indica\u00e7\u00e3o", "autoria": "RIQUINHA DO BAR, Aguinaldo Pires Galv\u00e3o, Cid Jos\u00e9 Aparecido dos Santos, NORIKO ONISHI SAITO", "texto_original": "http://sapl.adamantina.sp.leg.br/media/sapl/public/materialegislativa/2023/15322/indicacao_478_61a_ordinaria.pdf", "ementa": "Solicitam seja instalado recipiente coletor de lixo (lixeira) na Avenida das Rosas, esquina com a Rua Vit\u00f3ria R\u00e9gia, proximidades da Igreja Nossa Senhora Aparecida na Vila Jardim."}, {"id": "15323", "ano": "2023", "numero": "479", "tipo__sigla": "IND", "tipo__descricao": "Indica\u00e7\u00e3o", "autoria": "RIQUINHA DO BAR, Aguinaldo Pires Galv\u00e3o, Cid Jos\u00e9 Aparecido dos Santos, NORIKO ONISHI SAITO", "texto_original": "http://sapl.adamantina.sp.leg.br/media/sapl/public/materialegislativa/2023/15323/indicacao_479_61a_ordinaria.pdf", "ementa": "Solicitam proceder com a m\u00e1xima urg\u00eancia e coloca\u00e7\u00e3o de boca-de-lobo e galeria na Rua Sebasti\u00e3o de Almeida, no bairro Parque Morada do Sol, a fim de absorver as \u00e1guas das cal\u00e7adas que ficam acumuladas no final da rua."}, {"id": "15324", "ano": "2023", "numero": "480", "tipo__sigla": "IND", "tipo__descricao": "Indica\u00e7\u00e3o", "autoria": "RIQUINHA DO BAR, Aguinaldo Pires Galv\u00e3o, Cid Jos\u00e9 Aparecido dos Santos, NORIKO ONISHI SAITO", "texto_original": "http://sapl.adamantina.sp.leg.br/media/sapl/public/materialegislativa/2023/15324/indicacao_480_61a_ordinaria.pdf", "ementa": "Solicitam analisar a possibilidade de construir um obst\u00e1culo tipo lombada na Rua Siqueira Campos, proximidades do n\u00ba 307, Parque Itamarati, a fim de coibir a velocidade dos ve\u00edculos naquele local."}, {"id": "15325", "ano": "2023", "numero": "481", "tipo__sigla": "IND", "tipo__descricao": "Indica\u00e7\u00e3o", "autoria": "NORIKO ONISHI SAITO, Aguinaldo Pires Galv\u00e3o, Cid Jos\u00e9 Aparecido dos Santos, RIQUINHA DO BAR", "texto_original": "http://sapl.adamantina.sp.leg.br/media/sapl/public/materialegislativa/2023/15325/indicacao_481_61a_ordinaria.pdf", "ementa": "Solicitam instala\u00e7\u00e3o de obst\u00e1culo, tipo lombada, em frente da Pra\u00e7a Euclides Romanini, mais conhecida como Pra\u00e7a dos Patos, a fim de coibir o excesso de velocidade que vem sendo praticado no local."}, {"id": "15326", "ano": "2023", "numero": "482", "tipo__sigla": "IND", "tipo__descricao": "Indica\u00e7\u00e3o", "autoria": "BIGODE", "texto_original": "http://sapl.adamantina.sp.leg.br/media/sapl/public/materialegislativa/2023/15326/indicacao_482_62a_ordinaria.pdf", "ementa": "Solicita proceder a completa reforma do Centro Comunit\u00e1rio da AMJAIP, pois o local encontra-se em situa\u00e7\u00e3o prec\u00e1ria. Ainda, seja realizada a ro\u00e7agem e limpeza da \u00e1rea de lazer onde est\u00e1 localizado o centro comunit\u00e1rio, bem como plantar grama no campo de futebol e construir cal\u00e7ada no entorno do campo."}, {"id": "15327", "ano": "2023", "numero": "483", "tipo__sigla": "IND", "tipo__descricao": "Indica\u00e7\u00e3o", "autoria": "BIGODE", "texto_original": "http://sapl.adamantina.sp.leg.br/media/sapl/public/materialegislativa/2023/15327/indicacao_483_62a_ordinaria.pdf", "ementa": "Solicita proceder a completa reforma do Centro Comunit\u00e1rio da Vila Cicma, pois o local encontra-se em situa\u00e7\u00e3o prec\u00e1ria."}, {"id": "15328", "ano": "2023", "numero": "484", "tipo__sigla": "IND", "tipo__descricao": "Indica\u00e7\u00e3o", "autoria": "BIGODE", "texto_original": "http://sapl.adamantina.sp.leg.br/media/sapl/public/materialegislativa/2023/15328/indicacao_484_62a_ordinaria.pdf", "ementa": "Solicita a perfura\u00e7\u00e3o de po\u00e7o artesiano no bairro Vila Jamil de Lima, para uso no vesti\u00e1rio e irriga\u00e7\u00e3o do campo de futebol."}, {"id": "15329", "ano": "2023", "numero": "485", "tipo__sigla": "IND", "tipo__descricao": "Indica\u00e7\u00e3o", "autoria": "BIGODE", "texto_original": "http://sapl.adamantina.sp.leg.br/media/sapl/public/materialegislativa/2023/15329/indicacao_485_62a_ordinaria.pdf", "ementa": "Solicita proceder a ro\u00e7agem e limpeza da \u00e1rea verde do Parque Itamarati, bem como a \u00e1rea doada \u00e0 Construlix que foi retornada ao patrim\u00f4nio da Prefeitura em raz\u00e3o da devolu\u00e7\u00e3o da \u00e1rea pela referida empresa."}, {"id": "15330", "ano": "2023", "numero": "486", "tipo__sigla": "IND", "tipo__descricao": "Indica\u00e7\u00e3o", "autoria": "NORIKO ONISHI SAITO, Aguinaldo Pires Galv\u00e3o, Cid Jos\u00e9 Aparecido dos Santos, RIQUINHA DO BAR", "texto_original": "http://sapl.adamantina.sp.leg.br/media/sapl/public/materialegislativa/2023/15330/indicacao_486_61a_ordinaria.pdf", "ementa": "Solicitam incluir na programa\u00e7\u00e3o dos servi\u00e7os de recapeamento asf\u00e1ltico a Rua Ant\u00f4nio Shimitd Vilela cuja malha asf\u00e1ltica encontra-se em p\u00e9ssimo estado de conserva\u00e7\u00e3o."}, {"id": "15331", "ano": "2023", "numero": "487", "tipo__sigla": "IND", "tipo__descricao": "Indica\u00e7\u00e3o", "autoria": "NORIKO ONISHI SAITO, Aguinaldo Pires Galv\u00e3o, Cid Jos\u00e9 Aparecido dos Santos, RIQUINHA DO BAR", "texto_original": "http://sapl.adamantina.sp.leg.br/media/sapl/public/materialegislativa/2023/15331/indicacao_487_61a_ordinaria.pdf", "ementa": "Solicitam incluir na programa\u00e7\u00e3o dos servi\u00e7os de recapeamento asf\u00e1ltico os dois quarteir\u00f5es da Rua Jo\u00e3o Andrade, bem como a poda parcial de todas as \u00e1rvores na referida rua."}, {"id": "15332", "ano": "2023", "numero": "488", "tipo__sigla": "IND", "tipo__descricao": "Indica\u00e7\u00e3o", "autoria": "PAULO CERVELHEIRA", "texto_original": "http://sapl.adamantina.sp.leg.br/media/sapl/public/materialegislativa/2023/15332/indicacao_488_61a_ordinaria.pdf", "ementa": "Solicita proceder a poda parcial das \u00e1rvores localizadas na \u00e1rea verde do Parque Universit\u00e1rio, bem como uma completa limpeza, com recolhimento de lixo e entulhos."}, {"id": "15333", "ano": "2023", "numero": "489", "tipo__sigla": "IND", "tipo__descricao": "Indica\u00e7\u00e3o", "autoria": "RAFAEL PACHECO, ALCIO IKEDA, BIGODE", "texto_original": "http://sapl.adamantina.sp.leg.br/media/sapl/public/materialegislativa/2023/15333/indicacao_489_61a_ordinaria.pdf", "ementa": "Solicitam seja expressamente impedido que os trabalhadores p\u00fablicos municipais transitem nas ca\u00e7ambas dos caminh\u00f5es da prefeitura para deslocamento em servi\u00e7o."}, {"id": "15334", "ano": "2023", "numero": "490", "tipo__sigla": "IND", "tipo__descricao": "Indica\u00e7\u00e3o", "autoria": "RAFAEL PACHECO, ALCIO IKEDA, BIGODE", "texto_original": "http://sapl.adamantina.sp.leg.br/media/sapl/public/materialegislativa/2023/15334/indicacao_490_61a_ordinaria.pdf", "ementa": "Solicitam seja criada uma horta comunit\u00e1ria no bairro Jardim Brasil."}, {"id": "15335", "ano": "2023", "numero": "491", "tipo__sigla": "IND", "tipo__descricao": "Indica\u00e7\u00e3o", "autoria": "ALCIO IKEDA", "texto_original": "http://sapl.adamantina.sp.leg.br/media/sapl/public/materialegislativa/2023/15335/indicacao_491_61a_ordinaria.pdf", "ementa": "Solicitam seja programada com urg\u00eancia, a poda das \u00e1rvores de \u00e1rea verde ao lado da resid\u00eancia localizada na Rua Cedro n\u00ba 103, Residencial Itaipus, pois os galhos das \u00e1rvores invadem a resid\u00eancia causando incomodo aos moradores."}, {"id": "15356", "ano": "2023", "numero": "492", "tipo__sigla": "IND", "tipo__descricao": "Indica\u00e7\u00e3o", "autoria": "H\u00e9lio Jos\u00e9 dos Santos, Aguinaldo Pires Galv\u00e3o, Cid Jos\u00e9 Aparecido dos Santos, NORIKO ONISHI SAITO, RIQUINHA DO BAR", "texto_original": "http://sapl.adamantina.sp.leg.br/media/sapl/public/materialegislativa/2023/15356/indicacao_492_62a_ordinaria.pdf", "ementa": "Solicitam iniciar estudos com o objetivo de elaborar uma lei municipal fixando a data base de 1\u00ba janeiro de cada ano civil para a revis\u00e3o geral anual dos vencimentos dos servidores p\u00fablicos municipais de Adamantina."}, {"id": "15357", "ano": "2023", "numero": "493", "tipo__sigla": "IND", "tipo__descricao": "Indica\u00e7\u00e3o", "autoria": "BIGODE, RAFAEL PACHECO", "texto_original": "http://sapl.adamantina.sp.leg.br/media/sapl/public/materialegislativa/2023/15357/indicacao_493_62a_ordinaria.pdf", "ementa": "Solicitam agendar na programa\u00e7\u00e3o de recapeamento asf\u00e1ltico as seguintes ruas do Jardim Adamantina: Rua Jo\u00e3o Pachione; Rua Joaquim Malheiros; Rua Jo\u00e3o Perrone, e Rua Valentim Borro."}, {"id": "15358", "ano": "2023", "numero": "494", "tipo__sigla": "IND", "tipo__descricao": "Indica\u00e7\u00e3o", "autoria": "BIGODE, RAFAEL PACHECO", "texto_original": "http://sapl.adamantina.sp.leg.br/media/sapl/public/materialegislativa/2023/15358/indicacao_494_62a_ordinaria.pdf", "ementa": "Solicitam construir um sarjet\u00e3o na esquina da Av. Rio Branco com a Rua Jo\u00e3o Caldeira, proximidades do campo de futebol, no Jardim Adamantina."}, {"id": "15359", "ano": "2023", "numero": "495", "tipo__sigla": "IND", "tipo__descricao": "Indica\u00e7\u00e3o", "autoria": "BIGODE", "texto_original": "http://sapl.adamantina.sp.leg.br/media/sapl/public/materialegislativa/2023/15359/indicacao_495_62a_ordinaria.pdf", "ementa": "Solicitam sejam realizados os necess\u00e1rios reparos em toda a cal\u00e7ada que circunda o Parque dos Pioneiros."}, {"id": "15378", "ano": "2023", "numero": "496", "tipo__sigla": "IND", "tipo__descricao": "Indica\u00e7\u00e3o", "autoria": "BIGODE, RAFAEL PACHECO", "texto_original": "http://sapl.adamantina.sp.leg.br/media/sapl/public/materialegislativa/2023/15378/indicacao_496_62a_ordinaria.pdf", "ementa": "Solicitam proceder o recapeamento da Rua Joaquim Nabuco, cruzamento com a Av. Capit\u00e3o Jos\u00e9 Ant\u00f4nio de Oliveira, em frente \u00e0 Creche Pequeno Pr\u00edncipe."}, {"id": "15379", "ano": "2023", "numero": "497", "tipo__sigla": "IND", "tipo__descricao": "Indica\u00e7\u00e3o", "autoria": "BIGODE, RAFAEL PACHECO", "texto_original": "http://sapl.adamantina.sp.leg.br/media/sapl/public/materialegislativa/2023/15379/indicacao_497_62a_ordinaria.pdf", "ementa": "Solicitam proceder o recapeamento da Rua Sebasti\u00e3o Rombaldi, no entorno do Parque dos Pioneiros."}, {"id": "15380", "ano": "2023", "numero": "498", "tipo__sigla": "IND", "tipo__descricao": "Indica\u00e7\u00e3o", "autoria": "NORIKO ONISHI SAITO, Aguinaldo Pires Galv\u00e3o, Cid Jos\u00e9 Aparecido dos Santos, RIQUINHA DO BAR", "texto_original": "http://sapl.adamantina.sp.leg.br/media/sapl/public/materialegislativa/2023/15380/indicacao_498_62a_ordinaria.pdf", "ementa": "Solicitam agendar na rua programa\u00e7\u00e3o de recapeamento asf\u00e1ltico da Rua Francisco Alves de Lima, Bairro Monte Alegre."}, {"id": "15381", "ano": "2023", "numero": "499", "tipo__sigla": "IND", "tipo__descricao": "Indica\u00e7\u00e3o", "autoria": "Cid Jos\u00e9 Aparecido dos Santos, Aguinaldo Pires Galv\u00e3o, H\u00e9lio Jos\u00e9 dos Santos, NORIKO ONISHI SAITO, RIQUINHA DO BAR", "texto_original": "http://sapl.adamantina.sp.leg.br/media/sapl/public/materialegislativa/2023/15381/indicacao_499_62a_ordinaria.pdf", "ementa": "Solicitam regulamentar e transformar como m\u00e3o \u00fanica a Rua Santurnino de Castro, localizada no Bairro Jardim Primavera, atendendo pedido dos moradores do local."}, {"id": "15382", "ano": "2023", "numero": "500", "tipo__sigla": "IND", "tipo__descricao": "Indica\u00e7\u00e3o", "autoria": "Cid Jos\u00e9 Aparecido dos Santos, Aguinaldo Pires Galv\u00e3o, H\u00e9lio Jos\u00e9 dos Santos, NORIKO ONISHI SAITO, RIQUINHA DO BAR", "texto_original": "http://sapl.adamantina.sp.leg.br/media/sapl/public/materialegislativa/2023/15382/indicacao_500_62a_ordinaria.pdf", "ementa": "Solicitam proceder a coloca\u00e7\u00e3o de placas de sinaliza\u00e7\u00e3o de alerta sobre local de enchente, na Rua Fioravante Sp\u00f3sito, pr\u00f3ximo ao n\u00famero 607, atendendo reivindica\u00e7\u00e3o dos moradores do local, pois tem ocorrido alagamentos que causam danos, preju\u00edzos e ainda colocam em risco a vida das pessoas."}, {"id": "15383", "ano": "2023", "numero": "501", "tipo__sigla": "IND", "tipo__descricao": "Indica\u00e7\u00e3o", "autoria": "Aguinaldo Pires Galv\u00e3o, Cid Jos\u00e9 Aparecido dos Santos, H\u00e9lio Jos\u00e9 dos Santos, RIQUINHA DO BAR", "texto_original": "http://sapl.adamantina.sp.leg.br/media/sapl/public/materialegislativa/2023/15383/indicacao_501_62a_ordinaria.pdf", "ementa": "Solicitam confeccionar e colocar lixeiras no cemit\u00e9rio municipal, pois temos recebido in\u00fameras reclama\u00e7\u00f5es das pessoas que visitam o local, dizendo que h\u00e1 lixos espalhados no lugar."}, {"id": "15384", "ano": "2023", "numero": "502", "tipo__sigla": "IND", "tipo__descricao": "Indica\u00e7\u00e3o", "autoria": "NORIKO ONISHI SAITO, Aguinaldo Pires Galv\u00e3o, RIQUINHA DO BAR", "texto_original": "http://sapl.adamantina.sp.leg.br/media/sapl/public/materialegislativa/2023/15384/indicacao_502_62a_ordinaria.pdf", "ementa": "Solicitam instalar um redutor de velocidade, tipo lombada, na Av. Deputado Cunha Bueno, no quarteir\u00e3o entre as Ruas 9 de Julho e Hermenegildo Romanini, a fim de coibir o excesso de velocidade praticada no local, onde j\u00e1 ocorreu acidente de natureza grave."}, {"id": "15385", "ano": "2023", "numero": "503", "tipo__sigla": "IND", "tipo__descricao": "Indica\u00e7\u00e3o", "autoria": "ALCIO IKEDA", "texto_original": "http://sapl.adamantina.sp.leg.br/media/sapl/public/materialegislativa/2023/15385/indicacao_503_62a_ordinaria.pdf", "ementa": "Solicita seja programado o recape asf\u00e1ltico da Al. Padre Anchieta trecho entre o n\u00famero 423 a 501, considerando a situa\u00e7\u00e3o prec\u00e1ria da via."}, {"id": "15386", "ano": "2023", "numero": "504", "tipo__sigla": "IND", "tipo__descricao": "Indica\u00e7\u00e3o", "autoria": "Obras, Servi\u00e7os P\u00fablicos e Meio Ambiente", "texto_original": "http://sapl.adamantina.sp.leg.br/media/sapl/public/materialegislativa/2023/15386/indicacao_504_62a_ordinaria.pdf", "ementa": "Solicitam seja dado andamento \u00e0 opera\u00e7\u00e3o de cr\u00e9dito junto \u00e0 Desenvolve SP no valor de R$ 1.200.000,00 (um milh\u00e3o e duzentos mil reais), destinadas \u00e0 reestrutura\u00e7\u00e3o de rede coletora de \u00e1guas pluviais visando amenizar os problemas de enchentes em Adamantina, autorizado pela Lei Municipal No 4.081 de 2021."}, {"id": "15387", "ano": "2023", "numero": "505", "tipo__sigla": "IND", "tipo__descricao": "Indica\u00e7\u00e3o", "autoria": "RAFAEL PACHECO, BIGODE", "texto_original": "http://sapl.adamantina.sp.leg.br/media/sapl/public/materialegislativa/2023/15387/indicacao_505_62a_ordinaria.pdf", "ementa": "Solicitam sejam tomadas provid\u00eancias para acabar de uma vez por todas com as enchentes na nossa cidade, especialmente na regi\u00e3o pr\u00f3xima ao Supermercado Godoy."}, {"id": "15388", "ano": "2023", "numero": "506", "tipo__sigla": "IND", "tipo__descricao": "Indica\u00e7\u00e3o", "autoria": "RAFAEL PACHECO, BIGODE", "texto_original": "http://sapl.adamantina.sp.leg.br/media/sapl/public/materialegislativa/2023/15388/indicacao_506_62a_ordinaria.pdf", "ementa": "Solicitam sejam arrumadas a ponte que passa sobre o C\u00f3rrego do Rancho e a ponte entre a Vicinal Jos\u00e9 Bocardi e a Estrada 6."}, {"id": "15389", "ano": "2023", "numero": "507", "tipo__sigla": "IND", "tipo__descricao": "Indica\u00e7\u00e3o", "autoria": "RAFAEL PACHECO, BIGODE", "texto_original": "http://sapl.adamantina.sp.leg.br/media/sapl/public/materialegislativa/2023/15389/indicacao_507_62a_ordinaria.pdf", "ementa": "Solicitam pavimentar a rua que d\u00e1 acesso entre o Jardim Brasil e o Parque Itamarati, entre as Rua Sergipe e Rua Saldanha Marinho."}, {"id": "15390", "ano": "2023", "numero": "508", "tipo__sigla": "IND", "tipo__descricao": "Indica\u00e7\u00e3o", "autoria": "BIGODE, RAFAEL PACHECO", "texto_original": "http://sapl.adamantina.sp.leg.br/media/sapl/public/materialegislativa/2023/15390/indicacao_508_63a_ordinaria.pdf", "ementa": "Solicitam aos departamentos municipais competentes proceder com urg\u00eancia servi\u00e7os de m\u00e1quinas especializadas, visando melhorar as condi\u00e7\u00f5es da Estrada Vicinal que d\u00e1 acesso aos Bairros Aidel\u00e2ndia e Cana Verde, que encontram-se esburacadas em raz\u00e3o das fortes chuvas."}, {"id": "15391", "ano": "2023", "numero": "509", "tipo__sigla": "IND", "tipo__descricao": "Indica\u00e7\u00e3o", "autoria": "BIGODE, RAFAEL PACHECO", "texto_original": "http://sapl.adamantina.sp.leg.br/media/sapl/public/materialegislativa/2023/15391/indicacao_509_63a_ordinaria.pdf", "ementa": "Solicitam aos departamentos municipais competentes completa reforma do Centro Comunit\u00e1rio da AMJAIP, pois o local encontra-se em situa\u00e7\u00e3o prec\u00e1ria. Ainda, seja realizada a ro\u00e7agem e limpeza da \u00e1rea de lazer onde est\u00e1 localizado o centro comunit\u00e1rio, bem como plantar grama no campo de futebol e construir cal\u00e7ada no entorno do campo."}, {"id": "15392", "ano": "2023", "numero": "510", "tipo__sigla": "IND", "tipo__descricao": "Indica\u00e7\u00e3o", "autoria": "BIGODE, RAFAEL PACHECO", "texto_original": "http://sapl.adamantina.sp.leg.br/media/sapl/public/materialegislativa/2023/15392/indicacao_510_63a_ordinaria.pdf", "ementa": "Solicitam aos departamentos municipais competentes construir cal\u00e7ada ao redor de toda a pra\u00e7a Waldemar Romanini, no Jardim Adamantina, onde est\u00e3o localizados o campo de futebol, academia ao ar livre, bem como notificar os propriet\u00e1rios dos im\u00f3veis do lado esquerdo da avenida para construir cal\u00e7adas da Av. das Aroeiras, no Parque Itaipus, at\u00e9 o porto de areia."}, {"id": "15393", "ano": "2023", "numero": "511", "tipo__sigla": "IND", "tipo__descricao": "Indica\u00e7\u00e3o", "autoria": "RIQUINHA DO BAR, Cid Jos\u00e9 Aparecido dos Santos, NORIKO ONISHI SAITO", "texto_original": "http://sapl.adamantina.sp.leg.br/media/sapl/public/materialegislativa/2023/15393/indicacao_511_62a_ordinaria.pdf", "ementa": "Solicitam agendar na programa\u00e7\u00e3o de servi\u00e7os da opera\u00e7\u00e3o tapa buracos a Rua Jos\u00e9 Hor\u00e1cio Lafer, em toda sua extens\u00e3o e principalmente no cruzamento com a Rua Santiago Dantas, no Parque Residencial Itamarati."}, {"id": "15394", "ano": "2023", "numero": "512", "tipo__sigla": "IND", "tipo__descricao": "Indica\u00e7\u00e3o", "autoria": "H\u00e9lio Jos\u00e9 dos Santos, NORIKO ONISHI SAITO, RIQUINHA DO BAR", "texto_original": "http://sapl.adamantina.sp.leg.br/media/sapl/public/materialegislativa/2023/15394/indicacao_512_63a_ordinaria.pdf", "ementa": "Solicitam aos departamentos municipais competentes a iniciarem estudos com o objetivo de integrar os Auxiliares de Desenvolvimento Infantil (ADIs) no Plano de Carreira do Magist\u00e9rio Municipal."}, {"id": "15395", "ano": "2023", "numero": "513", "tipo__sigla": "IND", "tipo__descricao": "Indica\u00e7\u00e3o", "autoria": "ALCIO IKEDA", "texto_original": "http://sapl.adamantina.sp.leg.br/media/sapl/public/materialegislativa/2023/15395/indicacao_513_62a_ordinaria.pdf", "ementa": "Solicita aos Departamentos de Obras e de Tr\u00e2nsito, a possibilidade de realizar rotat\u00f3ria ou acesso de ve\u00edculos no canteiro central, ligando as duas vias da Av. Francisco Bellusci, de forma permitir o acesso e a sa\u00edda de ve\u00edculos do bloco de Medicina Veterin\u00e1ria do Centro Universit\u00e1rio de Adamantina."}, {"id": "15396", "ano": "2023", "numero": "514", "tipo__sigla": "IND", "tipo__descricao": "Indica\u00e7\u00e3o", "autoria": "PAULO CERVELHEIRA", "texto_original": "http://sapl.adamantina.sp.leg.br/media/sapl/public/materialegislativa/2023/15396/indicacao_514_63a_ordinaria.pdf", "ementa": "Solicita \u00e0 Secretaria Municipal de Agricultura, Abastecimento e Meio Ambiente proceder, com urg\u00eancia, a ro\u00e7agem do enorme matagal e uma completa limpeza no final do Conjunto Habitacional M\u00e1rio Covas, mais precisamente na Rua Jos\u00e9 de Oliveira J\u00fanior, que margeia o C\u00f3rrego Caldeira."}, {"id": "15397", "ano": "2023", "numero": "515", "tipo__sigla": "IND", "tipo__descricao": "Indica\u00e7\u00e3o", "autoria": "NORIKO ONISHI SAITO, Cid Jos\u00e9 Aparecido dos Santos, PAULO CERVELHEIRA, RIQUINHA DO BAR", "texto_original": "http://sapl.adamantina.sp.leg.br/media/sapl/public/materialegislativa/2023/15397/indicacao_515_64a_ordinaria.pdf", "ementa": "Solicitam providenciar a coloca\u00e7\u00e3o de corrim\u00e3o na escada do palco do anfiteatro da Biblioteca Municipal Jurema Gomes Moreira Citeli."}, {"id": "15398", "ano": "2023", "numero": "516", "tipo__sigla": "IND", "tipo__descricao": "Indica\u00e7\u00e3o", "autoria": "H\u00e9lio Jos\u00e9 dos Santos, NORIKO ONISHI SAITO, RIQUINHA DO BAR", "texto_original": "http://sapl.adamantina.sp.leg.br/media/sapl/public/materialegislativa/2023/15398/indicacao_516_64a_ordinaria.pdf", "ementa": "Solicitam ado\u00e7\u00e3o de medidas legais, visando uma nova reestrutura\u00e7\u00e3o ou adequa\u00e7\u00e3o na carreira dos empregos permanentes de auxiliares de empregos na \u00e1rea de sa\u00fade (Farm\u00e1cia, Laborat\u00f3rio, Sa\u00fade Bucal), bem como os cargos de Topografia, Borracheiro, Funileiro, Ferramenteiro, Almoxarife e os Assistentes de Controle de Vetores, pois entendemos se tratar de uma quest\u00e3o de inteira justi\u00e7a e de isonomia de carreiras p\u00fablicas."}, {"id": "15399", "ano": "2023", "numero": "517", "tipo__sigla": "IND", "tipo__descricao": "Indica\u00e7\u00e3o", "autoria": "PAULO CERVELHEIRA, RAFAEL PACHECO", "texto_original": "http://sapl.adamantina.sp.leg.br/media/sapl/public/materialegislativa/2023/15399/indicacao_517_64a_ordinaria.pdf", "ementa": "Solicitam proceder com urg\u00eancia a ro\u00e7agem e completa limpeza na \u00e1rea de lazer dos bairros Jardim Tipuanas e Oiti, onde est\u00e1 instalada a academia ao ar livre."}, {"id": "15400", "ano": "2023", "numero": "518", "tipo__sigla": "IND", "tipo__descricao": "Indica\u00e7\u00e3o", "autoria": "PAULO CERVELHEIRA", "texto_original": "http://sapl.adamantina.sp.leg.br/media/sapl/public/materialegislativa/2023/15400/indicacao_518_64a_ordinaria.pdf", "ementa": "Solicita proceder com urg\u00eancia a ro\u00e7agem e completa limpeza na \u00e1rea verde do Conjunto Habitacional Mario Covas, que margeia toda extens\u00e3o do C\u00f3rrego Caldeira, localizada na Rua Jos\u00e9 de Oliveira Junior, pois, segundo os moradores o local virou criadouro de v\u00e1rios animais pe\u00e7onhentos, tais como ratos, baratas, escorpi\u00f5es e cobras."}, {"id": "15401", "ano": "2023", "numero": "519", "tipo__sigla": "IND", "tipo__descricao": "Indica\u00e7\u00e3o", "autoria": "BIGODE", "texto_original": "http://sapl.adamantina.sp.leg.br/media/sapl/public/materialegislativa/2023/15401/indicacao_519_64a_ordinaria.pdf", "ementa": "Solicita instalar um redutor de velocidade, tipo lombada, em frente ao IAMA, Instituto de Assist\u00eancia ao Menor de Adamantina, a fim de diminuir o excesso de velocidade praticado no local, pondo em risco os transeuntes, principalmente as crian\u00e7as que frequentam a entidade."}, {"id": "15402", "ano": "2023", "numero": "520", "tipo__sigla": "IND", "tipo__descricao": "Indica\u00e7\u00e3o", "autoria": "ALCIO IKEDA", "texto_original": "http://sapl.adamantina.sp.leg.br/media/sapl/public/materialegislativa/2023/15402/indicacao_520_64a_ordinaria.pdf", "ementa": "Solicita seja verificada a possibilidade de instalar ponto de \u00f4nibus com cobertura nas proximidades do entroncamento da Rua Carlos Pegoraro com a Av. Jos\u00e9 Urbano Luize, Parque do Sol."}, {"id": "14452", "ano": "2023", "numero": "1", "tipo__sigla": "MOC", "tipo__descricao": "Mo\u00e7\u00e3o", "autoria": "H\u00e9lio Jos\u00e9 dos Santos, Aguinaldo Pires Galv\u00e3o, ALCIO IKEDA, BIGODE, Cid Jos\u00e9 Aparecido dos Santos, NORIKO ONISHI SAITO, PAULO CERVELHEIRA, RAFAEL PACHECO, RIQUINHA DO BAR", "texto_original": "http://sapl.adamantina.sp.leg.br/media/sapl/public/materialegislativa/2023/14452/mocao_001_-_jaqueline_gil_43a_ordinaria.pdf", "ementa": "MO\u00c7\u00c3O DE CONGRATULA\u00c7\u00d5ES E APLAUSOS a senhora Jaqueline Gil, em fun\u00e7\u00e3o de sua justa e merecida nomea\u00e7\u00e3o para ocupar a honrosa fun\u00e7\u00e3o de Diretora de Marketing, Intelig\u00eancia e Comunica\u00e7\u00e3o da Embratur."}, {"id": "14558", "ano": "2023", "numero": "2", "tipo__sigla": "MOC", "tipo__descricao": "Mo\u00e7\u00e3o", "autoria": "Aguinaldo Pires Galv\u00e3o, ALCIO IKEDA, BIGODE, Cid Jos\u00e9 Aparecido dos Santos, H\u00e9lio Jos\u00e9 dos Santos, NORIKO ONISHI SAITO, PAULO CERVELHEIRA, RAFAEL PACHECO, RIQUINHA DO BAR", "texto_original": "http://sapl.adamantina.sp.leg.br/media/sapl/public/materialegislativa/2023/14558/mocao_002_-_maiart_45a_ordinaria.pdf", "ementa": "MO\u00c7\u00c3O DE CONGRATULA\u00c7\u00d5ES E APLAUSOS \u00e0 Empresa Maiart - Ind\u00fastria e Com\u00e9rcio de M\u00f3veis para escrit\u00f3rio Ltda. pela sua amplia\u00e7\u00e3o, localizada na Av. Adhemar de Barros n\u00ba 554 \u2013 centro, em Adamantina."}, {"id": "14559", "ano": "2023", "numero": "3", "tipo__sigla": "MOC", "tipo__descricao": "Mo\u00e7\u00e3o", "autoria": "ALCIO IKEDA, Aguinaldo Pires Galv\u00e3o, BIGODE, Cid Jos\u00e9 Aparecido dos Santos, H\u00e9lio Jos\u00e9 dos Santos, NORIKO ONISHI SAITO, PAULO CERVELHEIRA, RAFAEL PACHECO, RIQUINHA DO BAR", "texto_original": "http://sapl.adamantina.sp.leg.br/media/sapl/public/materialegislativa/2023/14559/mocao_003_-_coletores_de_lixo_que_salvaram_cachorros_45a_ordinaria.pdf", "ementa": "MO\u00c7\u00c3O DE CONGRATULA\u00c7\u00d5ES E APLAUSOS \u00e0 Empresa Maiart - Ind\u00fastria e Com\u00e9rcio de M\u00f3veis para escrit\u00f3rio Ltda. pela sua amplia\u00e7\u00e3o, localizada na Av. Adhemar de Barros n\u00ba 554 \u2013 centro, em Adamantina."}, {"id": "14611", "ano": "2023", "numero": "4", "tipo__sigla": "MOC", "tipo__descricao": "Mo\u00e7\u00e3o", "autoria": "H\u00e9lio Jos\u00e9 dos Santos, Aguinaldo Pires Galv\u00e3o, ALCIO IKEDA, BIGODE, Cid Jos\u00e9 Aparecido dos Santos, NORIKO ONISHI SAITO, PAULO CERVELHEIRA, RAFAEL PACHECO, RIQUINHA DO BAR", "texto_original": "http://sapl.adamantina.sp.leg.br/media/sapl/public/materialegislativa/2023/14611/mocao_004_-_andre_do_prado_46a_ordinaria.pdf", "ementa": "MO\u00c7\u00c3O DE CONGRATULA\u00c7\u00d5ES E APLAUSOS ao deputado estadual Prof. Andr\u00e9 do Prado, em fun\u00e7\u00e3o de sua justa e merecida elei\u00e7\u00e3o para ocupar o honroso e valoroso cargo de presidente da Assembleia Legislativa do Estado de S\u00e3o Paulo."}, {"id": "14674", "ano": "2023", "numero": "5", "tipo__sigla": "MOC", "tipo__descricao": "Mo\u00e7\u00e3o", "autoria": "ALCIO IKEDA, Aguinaldo Pires Galv\u00e3o, BIGODE, Cid Jos\u00e9 Aparecido dos Santos, H\u00e9lio Jos\u00e9 dos Santos, NORIKO ONISHI SAITO, PAULO CERVELHEIRA, RAFAEL PACHECO, RIQUINHA DO BAR", "texto_original": "http://sapl.adamantina.sp.leg.br/media/sapl/public/materialegislativa/2023/14674/mocao_005_-_charles_hartin_-_conclusao_do_curso_cop_policia_civil.pdf", "ementa": "MO\u00c7\u00c3O DE CONGRATULA\u00c7\u00d5ES E APLAUSOS ao agente policial CHARLIE HARTIN OLIVEIRA DE GODOY, pela conclus\u00e3o da 3\u00aa edi\u00e7\u00e3o do Curso de Opera\u00e7\u00f5es Policiais (COP) da Pol\u00edcia Civil do Estado de S\u00e3o Paulo."}, {"id": "14716", "ano": "2023", "numero": "6", "tipo__sigla": "MOC", "tipo__descricao": "Mo\u00e7\u00e3o", "autoria": "H\u00e9lio Jos\u00e9 dos Santos, Aguinaldo Pires Galv\u00e3o, ALCIO IKEDA, BIGODE, Cid Jos\u00e9 Aparecido dos Santos, NORIKO ONISHI SAITO, PAULO CERVELHEIRA, RAFAEL PACHECO, RIQUINHA DO BAR", "texto_original": "http://sapl.adamantina.sp.leg.br/media/sapl/public/materialegislativa/2023/14716/mocao_006_-_ricardo_alfredo_bassio_haddad_48a_ordinaria.pdf", "ementa": "MO\u00c7\u00c3O DE CONGRATULA\u00c7\u00d5ES E APLAUSOS ao din\u00e2mico empres\u00e1rio adamantinense Ricardo Alfredo Bassio Haddad, em decorr\u00eancia de sua justa e merecida reelei\u00e7\u00e3o ao importante cargo de presidente da tradicional ACE - Associa\u00e7\u00e3o Comercial e Empresarial de Adamantina para o per\u00edodo de 2023/2025."}, {"id": "14767", "ano": "2023", "numero": "7", "tipo__sigla": "MOC", "tipo__descricao": "Mo\u00e7\u00e3o", "autoria": "H\u00e9lio Jos\u00e9 dos Santos, Aguinaldo Pires Galv\u00e3o, ALCIO IKEDA, BIGODE, Cid Jos\u00e9 Aparecido dos Santos, NORIKO ONISHI SAITO, PAULO CERVELHEIRA, RAFAEL PACHECO, RIQUINHA DO BAR", "texto_original": "http://sapl.adamantina.sp.leg.br/media/sapl/public/materialegislativa/2023/14767/mocao_007_-_irmes_mary_moreno_roque_mattara_49a_ordinaria.pdf", "ementa": "MO\u00c7\u00c3O DE CONGRATULA\u00c7\u00d5ES E APLAUSOS \u00e0 Profa. Irmes Mary Moreno Roque Mattara, Dirigente Regional de Ensino da Diretoria de Ensino - Regi\u00e3o de Adamantina, bem como aos demais participantes e organizadores da 1\u00aa Feira de Ci\u00eancias e Tecnologia."}, {"id": "14807", "ano": "2023", "numero": "8", "tipo__sigla": "MOC", "tipo__descricao": "Mo\u00e7\u00e3o", "autoria": "H\u00e9lio Jos\u00e9 dos Santos, Aguinaldo Pires Galv\u00e3o, ALCIO IKEDA, BIGODE, Cid Jos\u00e9 Aparecido dos Santos, NORIKO ONISHI SAITO, PAULO CERVELHEIRA, RAFAEL PACHECO, RIQUINHA DO BAR", "texto_original": "http://sapl.adamantina.sp.leg.br/media/sapl/public/materialegislativa/2023/14807/mocao_008_-_casa_das_embalagens_50a_ordinaria.pdf", "ementa": "MO\u00c7\u00c3O DE CONGRATULA\u00c7\u00d5ES e APLAUSOS aos exemplares empres\u00e1rios adamantinenses Reginaldo Solis e Alessandra Zarpelom Solis pela remodela\u00e7\u00e3o da Casa das Embalagens."}, {"id": "14865", "ano": "2023", "numero": "9", "tipo__sigla": "MOC", "tipo__descricao": "Mo\u00e7\u00e3o", "autoria": "Aguinaldo Pires Galv\u00e3o, ALCIO IKEDA, BIGODE, Cid Jos\u00e9 Aparecido dos Santos, H\u00e9lio Jos\u00e9 dos Santos, NORIKO ONISHI SAITO, PAULO CERVELHEIRA, RAFAEL PACHECO, RIQUINHA DO BAR", "texto_original": "http://sapl.adamantina.sp.leg.br/media/sapl/public/materialegislativa/2023/14865/mocao_009_-_portage_51a_ordinaria.pdf", "ementa": "MO\u00c7\u00c3O DE CONGRATULA\u00c7\u00d5ES E APLAUSOS \u00e0 Portage Confec\u00e7\u00f5es, pelos seus 30 anos, localizada na Al. Armando Salles de Oliveira n\u00ba 1350 \u2013 Vila Industrial, em Adamantina."}, {"id": "14866", "ano": "2023", "numero": "10", "tipo__sigla": "MOC", "tipo__descricao": "Mo\u00e7\u00e3o", "autoria": "RIQUINHA DO BAR, Aguinaldo Pires Galv\u00e3o, ALCIO IKEDA, BIGODE, Cid Jos\u00e9 Aparecido dos Santos, H\u00e9lio Jos\u00e9 dos Santos, NORIKO ONISHI SAITO, PAULO CERVELHEIRA, RAFAEL PACHECO", "texto_original": "http://sapl.adamantina.sp.leg.br/media/sapl/public/materialegislativa/2023/14866/mocao_010_-_policia_penal.pdf", "ementa": "MO\u00c7\u00c3O DE APELO ao Excelent\u00edssimo Senhor Governador Tarc\u00edsio Gomes de Freitas, para que seja dada prioridade na regulamenta\u00e7\u00e3o do cargo de Pol\u00edcia Penal, e que nesta esteja inclu\u00eddo todos os servidores que comp\u00f5em os quadros funcionais."}, {"id": "14867", "ano": "2023", "numero": "11", "tipo__sigla": "MOC", "tipo__descricao": "Mo\u00e7\u00e3o", "autoria": "ALCIO IKEDA, Aguinaldo Pires Galv\u00e3o, BIGODE, Cid Jos\u00e9 Aparecido dos Santos, H\u00e9lio Jos\u00e9 dos Santos, NORIKO ONISHI SAITO, PAULO CERVELHEIRA, RAFAEL PACHECO, RIQUINHA DO BAR", "texto_original": "http://sapl.adamantina.sp.leg.br/media/sapl/public/materialegislativa/2023/14867/mocao_de_repudio_011_-_tjsp.pdf", "ementa": "MO\u00c7\u00c3O DE REP\u00daDIO ao Projeto de Lei n\u00ba 752/2021 \u2013 Lei da Taxa Judici\u00e1ria, incidente sobre servi\u00e7os p\u00fablicos de natureza forense."}, {"id": "14868", "ano": "2023", "numero": "12", "tipo__sigla": "MOC", "tipo__descricao": "Mo\u00e7\u00e3o", "autoria": "ALCIO IKEDA", "texto_original": "http://sapl.adamantina.sp.leg.br/media/sapl/public/materialegislativa/2023/14868/mocao_de_apoio_012_-_agentes_comunitarios_de_saude_e_controle.pdf", "ementa": "MO\u00c7\u00c3O DE APOIO \u00e0 mobiliza\u00e7\u00e3o nacional dos Agentes Comunit\u00e1rios de Sa\u00fade e Agentes de Controle de Endemias, para luta permanente em defesa dos direitos da categoria, em especial da regulamenta\u00e7\u00e3o da aposentadoria especial e adicional de insalubridade de 40%."}, {"id": "14911", "ano": "2023", "numero": "13", "tipo__sigla": "MOC", "tipo__descricao": "Mo\u00e7\u00e3o", "autoria": "RAFAEL PACHECO, Aguinaldo Pires Galv\u00e3o, ALCIO IKEDA, BIGODE, Cid Jos\u00e9 Aparecido dos Santos, H\u00e9lio Jos\u00e9 dos Santos, NORIKO ONISHI SAITO, PAULO CERVELHEIRA, RIQUINHA DO BAR", "texto_original": "http://sapl.adamantina.sp.leg.br/media/sapl/public/materialegislativa/2023/14911/mocao_013_-_sergio_barbosa_52a_ordinaria.pdf", "ementa": "MO\u00c7\u00c3O DE CONGRATULA\u00c7\u00d5ES E APLAUSOS ao professor S\u00e9rgio Barbosa, 67 anos, natural de Ourinhos-SP, casado com Marta da Sena Barbosa, jornalista diplomado em 1983 pela Universidade Metodista de S\u00e3o Bernardo do Campo/SP e com Mestrado em Ci\u00eancias da Religi\u00e3o pela mesma institui\u00e7\u00e3o, pelo incr\u00edvel trabalho desenvolvido ao longo das mais de duas d\u00e9cadas na cidade de Adamantina, trabalho este que contribuiu e continua a contribuir de forma incisiva para o crescimento institucional da FAI \u2013 Faculdades Adamantinenses Integradas, na forma\u00e7\u00e3o de milhares de alunos e com a difus\u00e3o de conhecimento, not\u00edcias e informa\u00e7\u00e3o para nossa regi\u00e3o e para o mundo."}, {"id": "14952", "ano": "2023", "numero": "14", "tipo__sigla": "MOC", "tipo__descricao": "Mo\u00e7\u00e3o", "autoria": "H\u00e9lio Jos\u00e9 dos Santos, Aguinaldo Pires Galv\u00e3o, ALCIO IKEDA, BIGODE, Cid Jos\u00e9 Aparecido dos Santos, NORIKO ONISHI SAITO, PAULO CERVELHEIRA, RAFAEL PACHECO, RIQUINHA DO BAR", "texto_original": "http://sapl.adamantina.sp.leg.br/media/sapl/public/materialegislativa/2023/14952/mocao_014_-_arthur_daniel_conceicao_martinez_53a_ordinaria.pdf", "ementa": "MO\u00c7\u00c3O DE CONGRATULA\u00c7\u00d5ES E APLAUSOS ao jovem Arthur Daniel Concei\u00e7\u00e3o Martinez, aluno matriculado na 1\u00aa S\u00e9rie do Ensino M\u00e9dio, com Habilita\u00e7\u00e3o T\u00e9cnica em Desenvolvimento de Sistemas, na ETEC Prof. Eud\u00e9cio Luiz Vicente, pela excepcional participa\u00e7\u00e3o na 17\u00aa Olimp\u00edada Brasileira de Matem\u00e1tica das Escolas P\u00fablicas (OBMEP/2023), em que conquistou de forma brilhante a Medalha de Ouro (N\u00edvel 2),obtendo a 12\u00aa posi\u00e7\u00e3o no Estado de S\u00e3o Paulo e a 79\u00aa coloca\u00e7\u00e3o em n\u00edvel de Brasil."}, {"id": "14953", "ano": "2023", "numero": "15", "tipo__sigla": "MOC", "tipo__descricao": "Mo\u00e7\u00e3o", "autoria": "H\u00e9lio Jos\u00e9 dos Santos, Aguinaldo Pires Galv\u00e3o, ALCIO IKEDA, BIGODE, Cid Jos\u00e9 Aparecido dos Santos, NORIKO ONISHI SAITO, PAULO CERVELHEIRA, RAFAEL PACHECO, RIQUINHA DO BAR", "texto_original": "http://sapl.adamantina.sp.leg.br/media/sapl/public/materialegislativa/2023/14953/mocao_015_-_mauricio_konrad_53a_ordinaria.pdf", "ementa": "MO\u00c7\u00c3O DE CONGRATULA\u00c7\u00d5ES E APLAUSOS ao Engenheiro Agr\u00f4nomo de Adamantina Maur\u00edcio Konrad, em fun\u00e7\u00e3o de uma bel\u00edssima homenagem prestada pela Associa\u00e7\u00e3o de Engenheiros Agr\u00f4nomos do Estado de S\u00e3o Paulo, ocorrida no \u00faltimo dia 21 de junho, na cidade de S\u00e3o Paulo, quando lhe foi concedida de forma justa e merecida a Medalha \u201cFernando Costa\u201d, na Categoria Assist\u00eancia e Extens\u00e3o Rural."}, {"id": "14954", "ano": "2023", "numero": "16", "tipo__sigla": "MOC", "tipo__descricao": "Mo\u00e7\u00e3o", "autoria": "H\u00e9lio Jos\u00e9 dos Santos, Aguinaldo Pires Galv\u00e3o, ALCIO IKEDA, BIGODE, Cid Jos\u00e9 Aparecido dos Santos, NORIKO ONISHI SAITO, PAULO CERVELHEIRA, RAFAEL PACHECO, RIQUINHA DO BAR", "texto_original": "http://sapl.adamantina.sp.leg.br/media/sapl/public/materialegislativa/2023/14954/mocao_016_-_padre_jose_afonso_maniscalco_53a_ordinaria.pdf", "ementa": "MO\u00c7\u00c3O DE CONGRATULA\u00c7\u00d5ES E APLAUSOS ao Padre Jos\u00e9 Afonso Maniscalco, P\u00e1roco da Paroquia Nossa Senhora de F\u00e1tima, em fun\u00e7\u00e3o da sua destacada atua\u00e7\u00e3o e impec\u00e1vel organiza\u00e7\u00e3o da j\u00e1 tradicional Missa Sertaneja na Paroquia Nossa Senhora de F\u00e1tima, celebrada no \u00faltimo dia 25 de junho (domingo \u00e0 noite)."}, {"id": "14955", "ano": "2023", "numero": "17", "tipo__sigla": "MOC", "tipo__descricao": "Mo\u00e7\u00e3o", "autoria": "H\u00e9lio Jos\u00e9 dos Santos, Aguinaldo Pires Galv\u00e3o, ALCIO IKEDA, BIGODE, Cid Jos\u00e9 Aparecido dos Santos, NORIKO ONISHI SAITO, PAULO CERVELHEIRA, RAFAEL PACHECO, RIQUINHA DO BAR", "texto_original": "http://sapl.adamantina.sp.leg.br/media/sapl/public/materialegislativa/2023/14955/mocao_017_-_padre_jose_carlos_vicentin_53a_ordinaria.pdf", "ementa": "MO\u00c7\u00c3O DE CONGRATULA\u00c7\u00d5ES E APLAUSOS ao Padre Jos\u00e9 Carlos Vicentin, ao P\u00e1roco da Igreja Matriz de Santo Ant\u00f4nio, em fun\u00e7\u00e3o da sua atua\u00e7\u00e3o na organiza\u00e7\u00e3o de uma s\u00e9rie de eventos no m\u00eas de junho com temas alusivos \u00e0 comemora\u00e7\u00e3o do 74\u00ba anivers\u00e1rio de emancipa\u00e7\u00e3o pol\u00edtico-administrativa do munic\u00edpio de Adamantina, com destaque para a Missa Especial em A\u00e7\u00e3o de Gra\u00e7as, que foi celebrada no dia 13 de junho, em homenagem ao Padroeiro de Santo Ant\u00f4nio de P\u00e1dua, bem como pela celebra\u00e7\u00e3o do 73\u00ba anivers\u00e1rio de f\u00e9 e evangeliza\u00e7\u00e3o da Par\u00f3quia de Santo Ant\u00f4nio e ao anivers\u00e1rio do munic\u00edpio de Adamantina."}, {"id": "15009", "ano": "2023", "numero": "18", "tipo__sigla": "MOC", "tipo__descricao": "Mo\u00e7\u00e3o", "autoria": "H\u00e9lio Jos\u00e9 dos Santos, Aguinaldo Pires Galv\u00e3o, ALCIO IKEDA, BIGODE, Cid Jos\u00e9 Aparecido dos Santos, NORIKO ONISHI SAITO, PAULO CERVELHEIRA, RAFAEL PACHECO, RIQUINHA DO BAR", "texto_original": "http://sapl.adamantina.sp.leg.br/media/sapl/public/materialegislativa/2023/15009/mocao_018_-_nova_diretoria_do_rotary_club_54a_ordinaria.pdf", "ementa": "MO\u00c7\u00c3O DE CONGRATULA\u00c7\u00d5ES E APLAUSOS \u00e0 nova Diretoria do Rotary Club de Adamantina, representada pelo seu novo Presidente, o Senhor Luis Fernando Canova Martins, que tomou posse no \u00faltimo dia 04 de julho de 2023 e sua esposa, a Senhora Daniela Fernandes de Carvalho Martins, Presidente da Casa da Amizade para a gest\u00e3o do Ano Rot\u00e1rio 2023/2024."}, {"id": "15081", "ano": "2023", "numero": "19", "tipo__sigla": "MOC", "tipo__descricao": "Mo\u00e7\u00e3o", "autoria": "H\u00e9lio Jos\u00e9 dos Santos, Aguinaldo Pires Galv\u00e3o, ALCIO IKEDA, BIGODE, Cid Jos\u00e9 Aparecido dos Santos, NORIKO ONISHI SAITO, PAULO CERVELHEIRA, RAFAEL PACHECO, RIQUINHA DO BAR", "texto_original": "http://sapl.adamantina.sp.leg.br/media/sapl/public/materialegislativa/2023/15081/mocao_019_-_padres_55a_ordinaria.pdf", "ementa": "Pelo exposto, apresentamos \u00e0 Mesa, dispensadas as formalidades regimentais, MO\u00c7\u00c3O DE CONGRATULA\u00c7\u00d5ES E APLAUSOS ao Padre Jos\u00e9 Carlos Vicentin, P\u00e1roco da Matriz de Santo Ant\u00f4nio; ao Padre Jos\u00e9 Afonso Maniscalco, P\u00e1roco da Par\u00f3quia Nossa Senhora de F\u00e1tima e ao Padre Paulo Joaquim de Souza (Padre Quinzinho); P\u00e1roco da Par\u00f3quia de S\u00e3o Francisco de Assis, n\u00e3o apenas em fun\u00e7\u00e3o da celebra\u00e7\u00e3o do Dia do Padre, mas principalmente pelos relevantes servi\u00e7os sacerdotais e sociais prestados \u00e0 nossa comunidade por essas consagradas lideran\u00e7as religiosas da igreja cat\u00f3lica de Adamantina."}, {"id": "15082", "ano": "2023", "numero": "20", "tipo__sigla": "MOC", "tipo__descricao": "Mo\u00e7\u00e3o", "autoria": "ALCIO IKEDA, Aguinaldo Pires Galv\u00e3o, BIGODE, Cid Jos\u00e9 Aparecido dos Santos, H\u00e9lio Jos\u00e9 dos Santos, NORIKO ONISHI SAITO, PAULO CERVELHEIRA, RAFAEL PACHECO, RIQUINHA DO BAR", "texto_original": "http://sapl.adamantina.sp.leg.br/media/sapl/public/materialegislativa/2023/15082/mocao_020_-_zil_silva_55a_ordinaria.pdf", "ementa": "MO\u00c7\u00c3O DE CONGRATULA\u00c7\u00d5ES E APLAUSOS \u00e0 adamantinense ZIL SILVA (Euzimeria Silva de Jesus), por representar o Brasil e conquistar a 4\u00aa posi\u00e7\u00e3o na disputa do \u201cMr. Universe 2023\u201d, competi\u00e7\u00e3o internacional de fisiculturismo que aconteceu no dia 15 de julho, no M\u00e9xico, reunindo atletas de pelo menos 20 pa\u00edses."}, {"id": "15097", "ano": "2023", "numero": "21", "tipo__sigla": "MOC", "tipo__descricao": "Mo\u00e7\u00e3o", "autoria": "PAULO CERVELHEIRA, Aguinaldo Pires Galv\u00e3o, ALCIO IKEDA, BIGODE, Cid Jos\u00e9 Aparecido dos Santos, H\u00e9lio Jos\u00e9 dos Santos, NORIKO ONISHI SAITO, RAFAEL PACHECO, RIQUINHA DO BAR", "texto_original": "http://sapl.adamantina.sp.leg.br/media/sapl/public/materialegislativa/2023/15097/mocao_021_-_dom_luiz_antonio_cipolini_56a_ordinaria.pdf", "ementa": "MO\u00c7\u00c3O DE CONGRATULA\u00c7\u00d5ES E APLAUSOS a Dom Luiz Ant\u00f4nio Cipolini, Bispo Diocesano de Mar\u00edlia, pela escolha do seu nome para presidir a Comiss\u00e3o Episcopal Pastoral para os movimentos, associa\u00e7\u00f5es e servi\u00e7os eclesiais do Regional Sul I da Confer\u00eancia Nacional dos Bispos do Brasil \u2013 CNBB."}, {"id": "15130", "ano": "2023", "numero": "22", "tipo__sigla": "MOC", "tipo__descricao": "Mo\u00e7\u00e3o", "autoria": "NORIKO ONISHI SAITO, Aguinaldo Pires Galv\u00e3o, ALCIO IKEDA, BIGODE, Cid Jos\u00e9 Aparecido dos Santos, H\u00e9lio Jos\u00e9 dos Santos, PAULO CERVELHEIRA, RAFAEL PACHECO, RIQUINHA DO BAR", "texto_original": "http://sapl.adamantina.sp.leg.br/media/sapl/public/materialegislativa/2023/15130/mocao_022_-_arlette_motoki_57a_ordinaria.pdf", "ementa": "MO\u00c7\u00c3O DE CONGRATULA\u00c7\u00d5ES e APLAUSOS \u00e0 atleta adamantinense Arlette Motoki, pela sua grande performance no 56\u00ba Campeonato de Atletismo Master, realizado no Centro Ol\u00edmpico de Treinamento e Pesquisa em S\u00e3o Paulo, entre os dias 18 a 20 de agosto, vencendo cinco provas e batendo recorde estadual."}, {"id": "15198", "ano": "2023", "numero": "23", "tipo__sigla": "MOC", "tipo__descricao": "Mo\u00e7\u00e3o", "autoria": "PAULO CERVELHEIRA, Aguinaldo Pires Galv\u00e3o, ALCIO IKEDA, BIGODE, Cid Jos\u00e9 Aparecido dos Santos, H\u00e9lio Jos\u00e9 dos Santos, NORIKO ONISHI SAITO, RAFAEL PACHECO, RIQUINHA DO BAR", "texto_original": "http://sapl.adamantina.sp.leg.br/media/sapl/public/materialegislativa/2023/15198/mocao_023_-_repudio_a_adpf_442_58a_ordinaria.pdf", "ementa": "MO\u00c7\u00c3O DE REP\u00daDIO \u00e0 Argui\u00e7\u00e3o de Descumprimento de Preceito Fundamental (ADPF) 442, que disp\u00f5e sobre descriminalizar a interrup\u00e7\u00e3o volunt\u00e1ria da gesta\u00e7\u00e3o no primeiro trimestre."}, {"id": "15199", "ano": "2023", "numero": "24", "tipo__sigla": "MOC", "tipo__descricao": "Mo\u00e7\u00e3o", "autoria": "PAULO CERVELHEIRA, Aguinaldo Pires Galv\u00e3o, ALCIO IKEDA, BIGODE, Cid Jos\u00e9 Aparecido dos Santos, H\u00e9lio Jos\u00e9 dos Santos, NORIKO ONISHI SAITO, RAFAEL PACHECO, RIQUINHA DO BAR", "texto_original": "http://sapl.adamantina.sp.leg.br/media/sapl/public/materialegislativa/2023/15199/mocao_024_-_repudio_ao_asilo_58a_ordinaria.pdf", "ementa": "MO\u00c7\u00c3O DE REP\u00daDIO \u00e0 Sociedade de S\u00e3o Vicente de Paulo \u2013 Brasil, pois, desde 2018, a Sociedade de S\u00e3o Vicente de Paulo \u2013 Brasil vem tentando transferir o patrim\u00f4nio de todas as Obras Unidas ligadas a ela para seu CNPJ e, atualmente, o patrim\u00f4nio est\u00e1 registrado em nome das institui\u00e7\u00f5es, que \u00e9 o caso do Lar dos Velhos de Adamantina."}, {"id": "15228", "ano": "2023", "numero": "25", "tipo__sigla": "MOC", "tipo__descricao": "Mo\u00e7\u00e3o", "autoria": "H\u00e9lio Jos\u00e9 dos Santos, Aguinaldo Pires Galv\u00e3o, ALCIO IKEDA, BIGODE, Cid Jos\u00e9 Aparecido dos Santos, NORIKO ONISHI SAITO, PAULO CERVELHEIRA, RAFAEL PACHECO, RIQUINHA DO BAR", "texto_original": "http://sapl.adamantina.sp.leg.br/media/sapl/public/materialegislativa/2023/15228/mocao_025_-_miguel_moreira_correa_59a_ordinaria.pdf", "ementa": "MO\u00c7\u00c3O DE CONGRATULA\u00c7\u00d5ES E APLAUSOS ao talentoso escritor mirim Miguel Moreira Correa, em reconhecimento \u00e0 sua not\u00e1vel e exemplar produ\u00e7\u00e3o liter\u00e1ria \u201cO lobo bom e os porquinhos maus\u201d."}, {"id": "15229", "ano": "2023", "numero": "26", "tipo__sigla": "MOC", "tipo__descricao": "Mo\u00e7\u00e3o", "autoria": "H\u00e9lio Jos\u00e9 dos Santos, Aguinaldo Pires Galv\u00e3o, ALCIO IKEDA, BIGODE, Cid Jos\u00e9 Aparecido dos Santos, NORIKO ONISHI SAITO, PAULO CERVELHEIRA, RAFAEL PACHECO, RIQUINHA DO BAR", "texto_original": "http://sapl.adamantina.sp.leg.br/media/sapl/public/materialegislativa/2023/15229/mocao_026_-_sophia_gabriel_e_guilherme_59a_ordinaria.pdf", "ementa": "MO\u00c7\u00c3O DE CONGRATULA\u00c7\u00d5ES E APLAUSOS aos jovens Sophia Soriano; Gabriel dos Santos Chuma e Guilherme Rodrigues por suas valorosas conquistas obtidas na Competi\u00e7\u00e3o USP de Conhecimentos e Oportunidades, a CUCO/2023."}, {"id": "15230", "ano": "2023", "numero": "27", "tipo__sigla": "MOC", "tipo__descricao": "Mo\u00e7\u00e3o", "autoria": "PAULO CERVELHEIRA, Aguinaldo Pires Galv\u00e3o, ALCIO IKEDA, BIGODE, Cid Jos\u00e9 Aparecido dos Santos, H\u00e9lio Jos\u00e9 dos Santos, NORIKO ONISHI SAITO, RAFAEL PACHECO, RIQUINHA DO BAR", "texto_original": "http://sapl.adamantina.sp.leg.br/media/sapl/public/materialegislativa/2023/15230/mocao_027_-_apoio_ao_congresso_nacional_59a_ordinaria.pdf", "ementa": "MO\u00c7\u00c3O DE APOIO ao Congresso Nacional, face \u00e0 tentativa de legaliza\u00e7\u00e3o do aborto por meio da ADPF 442, a fim de garantir as prerrogativas constitucionais e republicanas das compet\u00eancias do Poder Legislativo e de se evitar um poss\u00edvel ativismo judicial por parte do Supremo Tribunal Federal."}, {"id": "15290", "ano": "2023", "numero": "28", "tipo__sigla": "MOC", "tipo__descricao": "Mo\u00e7\u00e3o", "autoria": "H\u00e9lio Jos\u00e9 dos Santos, Aguinaldo Pires Galv\u00e3o, ALCIO IKEDA, BIGODE, Cid Jos\u00e9 Aparecido dos Santos, NORIKO ONISHI SAITO, PAULO CERVELHEIRA, RAFAEL PACHECO, RIQUINHA DO BAR", "texto_original": "http://sapl.adamantina.sp.leg.br/media/sapl/public/materialegislativa/2023/15290/mocao_028_-_1o_festival_da_primavera_60a_ordinaria.pdf", "ementa": "MO\u00c7\u00c3O DE CONGRATULA\u00c7\u00d5ES E APLAUSOS \u00e0 Profa. Noriko Onishi Saito, Presidente da ACREA - Associa\u00e7\u00e3o Cultural Recreativa Esportiva de Adamantina; ao Lar dos Velhos; \u00e0 APAE; \u00e0 Santa Casa e \u00e0 Prefeitura de Adamantina  pela realiza\u00e7\u00e3o do 1\u00ba Festival da Primavera HARU MATSURI no Recinto Poliesportivo de Adamantina, em comemora\u00e7\u00e3o aos 70 anos de funda\u00e7\u00e3o do Lar dos Velhos de Adamantina e aos 115 anos da Imigra\u00e7\u00e3o Japonesa para o Brasil."}, {"id": "15291", "ano": "2023", "numero": "29", "tipo__sigla": "MOC", "tipo__descricao": "Mo\u00e7\u00e3o", "autoria": "ALCIO IKEDA, Aguinaldo Pires Galv\u00e3o, BIGODE, Cid Jos\u00e9 Aparecido dos Santos, H\u00e9lio Jos\u00e9 dos Santos, NORIKO ONISHI SAITO, PAULO CERVELHEIRA, RAFAEL PACHECO, RIQUINHA DO BAR", "texto_original": "http://sapl.adamantina.sp.leg.br/media/sapl/public/materialegislativa/2023/15291/mocao_029_-_wesley_sebastiao_moreira_da_silva_60a_ordinaria.pdf", "ementa": "MO\u00c7\u00c3O DE CONGRATULA\u00c7\u00d5ES E APLAUSOS ao adamantinense Wesley Sebasti\u00e3o Moreira da Silva pelo lan\u00e7amento do livro \u201cO Amor deixa rastros e pegadas\u201d."}, {"id": "15312", "ano": "2023", "numero": "30", "tipo__sigla": "MOC", "tipo__descricao": "Mo\u00e7\u00e3o", "autoria": "H\u00e9lio Jos\u00e9 dos Santos, Aguinaldo Pires Galv\u00e3o, ALCIO IKEDA, BIGODE, Cid Jos\u00e9 Aparecido dos Santos, NORIKO ONISHI SAITO, PAULO CERVELHEIRA, RAFAEL PACHECO, RIQUINHA DO BAR", "texto_original": "http://sapl.adamantina.sp.leg.br/media/sapl/public/materialegislativa/2023/15312/mocao_030_-_izabela_rodrigues_da_silva_61a_ordinaria.pdf", "ementa": "MO\u00c7\u00c3O DE CONGRATULA\u00c7\u00d5ES E APLAUSOS em honra da adamantinense Izabela Rodrigues da Silva, pelo excepcional feito alcan\u00e7ado no esporte internacional, quando no \u00faltimo dia 30 de outubro conquistou de forma espetacular a medalha de ouro na modalidade de lan\u00e7amento de disco feminino nos Jogos Pan-Americanos, que aconteceu em Santiago, no Chile."}, {"id": "15313", "ano": "2023", "numero": "31", "tipo__sigla": "MOC", "tipo__descricao": "Mo\u00e7\u00e3o", "autoria": "ALCIO IKEDA, Aguinaldo Pires Galv\u00e3o, BIGODE, Cid Jos\u00e9 Aparecido dos Santos, H\u00e9lio Jos\u00e9 dos Santos, NORIKO ONISHI SAITO, PAULO CERVELHEIRA, RAFAEL PACHECO, RIQUINHA DO BAR", "texto_original": "http://sapl.adamantina.sp.leg.br/media/sapl/public/materialegislativa/2023/15313/mocao_031_-_guilherme_piai_silva_fillizzola_61a_ordinaria.pdf", "ementa": "MO\u00c7\u00c3O DE CONGRATULA\u00c7\u00d5ES E APLAUSOS a Guilherme Piai Silva Filizzola, pela posse como Secret\u00e1rio Estadual de Agricultura e Abastecimento do Governo do Estado de S\u00e3o Paulo."}, {"id": "15403", "ano": "2023", "numero": "32", "tipo__sigla": "MOC", "tipo__descricao": "Mo\u00e7\u00e3o", "autoria": "Aguinaldo Pires Galv\u00e3o, ALCIO IKEDA, BIGODE, Cid Jos\u00e9 Aparecido dos Santos, H\u00e9lio Jos\u00e9 dos Santos, NORIKO ONISHI SAITO, PAULO CERVELHEIRA, RAFAEL PACHECO, RIQUINHA DO BAR", "texto_original": "http://sapl.adamantina.sp.leg.br/media/sapl/public/materialegislativa/2023/15403/mocao_032_-_centro_comercial_elpidio_sgobbi_62a_ordinaria.pdf", "ementa": "MO\u00c7\u00c3O DE CONGRATULA\u00c7\u00d5ES e APLAUSOS em homenagem aos not\u00e1veis empres\u00e1rios adamantinenses Vilma Sgobbi e Odair Pinto, pela inaugura\u00e7\u00e3o do magn\u00edfico Centro Comercial \u201cElpidio Sgobbi\u201d, um espa\u00e7o altamente privilegiado para compras, servi\u00e7os e conviv\u00eancia, localizado na Alameda Fern\u00e3o Dias n\u00ba 480, centro de Adamantina, sem d\u00favida um monumental e relevante presente para a nossa comunidade."}, {"id": "15404", "ano": "2023", "numero": "33", "tipo__sigla": "MOC", "tipo__descricao": "Mo\u00e7\u00e3o", "autoria": "PAULO CERVELHEIRA, Aguinaldo Pires Galv\u00e3o, ALCIO IKEDA, BIGODE, Cid Jos\u00e9 Aparecido dos Santos, H\u00e9lio Jos\u00e9 dos Santos, NORIKO ONISHI SAITO, RAFAEL PACHECO, RIQUINHA DO BAR", "texto_original": "http://sapl.adamantina.sp.leg.br/media/sapl/public/materialegislativa/2023/15404/mocao_033_-_amauri_robinsdon_dos_santos_62a_ordinaria.pdf", "ementa": "MO\u00c7\u00c3O DE CONGRATULA\u00c7\u00d5ES E APLAUSOS ao senhor escritor AMAURI ROBINSON DOS SANTOS pelo lan\u00e7amento do seu livro, LAGOA SECA F.C., ocorrido no dia 06 de outubro de 2023."}, {"id": "15405", "ano": "2023", "numero": "34", "tipo__sigla": "MOC", "tipo__descricao": "Mo\u00e7\u00e3o", "autoria": "H\u00e9lio Jos\u00e9 dos Santos, Aguinaldo Pires Galv\u00e3o, ALCIO IKEDA, BIGODE, Cid Jos\u00e9 Aparecido dos Santos, NORIKO ONISHI SAITO, PAULO CERVELHEIRA, RAFAEL PACHECO, RIQUINHA DO BAR", "texto_original": "http://sapl.adamantina.sp.leg.br/media/sapl/public/materialegislativa/2023/15405/mocao_034_-_chuvas_63a_ordinaria.pdf", "ementa": "MO\u00c7\u00c3O DE CONGRATULA\u00c7\u00d5ES E APLAUSOS, com o intuito de cumprimentar, homenagear e valorizar os integrantes da Defesa Civil de Adamantina, assim como os servidores municipais, especialmente \u00e0queles vinculados \u00e0s Secretarias Municipais j\u00e1 mencionadas, reconhecendo o trabalho carinhoso, valoroso e zeloso desenvolvido em favor da nossa municipalidade diretamente atingida pelas consequ\u00eancias das fortes chuvas que assolaram o nosso munic\u00edpio no \u00faltimo dia 29 de novembro."}, {"id": "15406", "ano": "2023", "numero": "35", "tipo__sigla": "MOC", "tipo__descricao": "Mo\u00e7\u00e3o", "autoria": "H\u00e9lio Jos\u00e9 dos Santos, Aguinaldo Pires Galv\u00e3o, ALCIO IKEDA, BIGODE, Cid Jos\u00e9 Aparecido dos Santos, NORIKO ONISHI SAITO, PAULO CERVELHEIRA, RAFAEL PACHECO, RIQUINHA DO BAR", "texto_original": "http://sapl.adamantina.sp.leg.br/media/sapl/public/materialegislativa/2023/15406/mocao_035_-_1o_festival_de_teatro_estudantil_63a_ordinaria.pdf", "ementa": "MO\u00c7\u00c3O DE CONGRATULA\u00c7\u00d5ES E APLAUSOS \u00e0s escolas Fleurides Cavallini Menechino; Helen Keller e Saint George School, bem como \u00e0 Cia. Multiverso Teatral e a Secretaria Municipal de Cultura e Turismo de Adamantina, pela realiza\u00e7\u00e3o do 1\u00ba Festival de Teatro Estudantil de Adamantina."}, {"id": "15407", "ano": "2023", "numero": "36", "tipo__sigla": "MOC", "tipo__descricao": "Mo\u00e7\u00e3o", "autoria": "H\u00e9lio Jos\u00e9 dos Santos, Aguinaldo Pires Galv\u00e3o, ALCIO IKEDA, BIGODE, Cid Jos\u00e9 Aparecido dos Santos, NORIKO ONISHI SAITO, PAULO CERVELHEIRA, RAFAEL PACHECO, RIQUINHA DO BAR", "texto_original": "http://sapl.adamantina.sp.leg.br/media/sapl/public/materialegislativa/2023/15407/mocao_036_-_sara_rocha_e_suelen_rocha_64a_ordinaria.pdf", "ementa": "MO\u00c7\u00c3O DE CONGRATULA\u00c7\u00d5ES E APLAUSOS \u00e0 Mestre Sara Rocha e a Profa. Suelen Renata Rocha Lhana pela not\u00e1vel contribui\u00e7\u00e3o no ensino da capoeira para centenas de crian\u00e7as e adolescentes da nossa cidade, especialmente daquelas que residem na Casa do Garoto, Conjunto Habitacional M\u00e1rio Covas, Jardim Adamantina, Jardim Brasil e Jardim Bela Vista."}, {"id": "14565", "ano": "2023", "numero": "1", "tipo__sigla": "PDL", "tipo__descricao": "Projeto de Decreto Legislativo", "autoria": "RAFAEL PACHECO, Aguinaldo Pires Galv\u00e3o, ALCIO IKEDA, BIGODE, Cid Jos\u00e9 Aparecido dos Santos, H\u00e9lio Jos\u00e9 dos Santos, NORIKO ONISHI SAITO, PAULO CERVELHEIRA, RIQUINHA DO BAR", "texto_original": "http://sapl.adamantina.sp.leg.br/media/sapl/public/materialegislativa/2023/14565/45a_projeto_de_decreto_legislativo_001_-_rafael_e_outros_titulo_de_cidadao_luis_carlos_galvao.pdf", "ementa": "Concede ao Ilustr\u00edssimo Senhor Luiz Carlos Galv\u00e3o o T\u00edtulo de Cidad\u00e3o Adamantinense."}, {"id": "15211", "ano": "2023", "numero": "2", "tipo__sigla": "PDL", "tipo__descricao": "Projeto de Decreto Legislativo", "autoria": "NORIKO ONISHI SAITO, Aguinaldo Pires Galv\u00e3o, ALCIO IKEDA, BIGODE, Cid Jos\u00e9 Aparecido dos Santos, H\u00e9lio Jos\u00e9 dos Santos, PAULO CERVELHEIRA, RAFAEL PACHECO, RIQUINHA DO BAR", "texto_original": "http://sapl.adamantina.sp.leg.br/media/sapl/public/materialegislativa/2023/15211/projeto_de_decreto_legislativo_002_-_nelly_junqueira_de_freitas_58a_ordinaria.pdf", "ementa": "Concede \u00e0 Ilustr\u00edssima Senhora Nelli Junqueira de Freitas o T\u00edtulo de Cidad\u00e3 Adamantinense."}, {"id": "14436", "ano": "2023", "numero": "1", "tipo__sigla": "PLC", "tipo__descricao": "Projeto de Lei Complementar", "autoria": "Prefeito do Munic\u00edpio", "texto_original": "http://sapl.adamantina.sp.leg.br/media/sapl/public/materialegislativa/2023/14436/plc_001_-_m_001_-_plc_-_revisao_geral_anual_do_servidores_da_prefeitura_-80.pdf", "ementa": "Disp\u00f5e sobre a revis\u00e3o geral anual dos vencimentos, proventos e pens\u00f5es dos servidores ativos, inativos, pensionistas e agentes pol\u00edticos (secret\u00e1rios) da Prefeitura do Munic\u00edpio de Adamantina e reajuste (ganho real) aos vencimentos, proventos e pens\u00f5es dos servidores ativos, inativos e pensionistas da Prefeitura do Munic\u00edpio de Adamantina."}, {"id": "14437", "ano": "2023", "numero": "2", "tipo__sigla": "PLC", "tipo__descricao": "Projeto de Lei Complementar", "autoria": "Prefeito do Munic\u00edpio", "texto_original": "http://sapl.adamantina.sp.leg.br/media/sapl/public/materialegislativa/2023/14437/plc_002_-_m_002_-_plc_-_revisao_geral_anual_dos_servidores_unifai_-8.pdf", "ementa": "Disp\u00f5e sobre a revis\u00e3o geral anual e reajuste dos vencimentos, proventos e pens\u00f5es dos servidores ativos, inativos e pensionistas do Centro Universit\u00e1rio de Adamantina \u2013 Unifai."}, {"id": "14448", "ano": "2023", "numero": "3", "tipo__sigla": "PLC", "tipo__descricao": "Projeto de Lei Complementar", "autoria": "Mesa da C\u00e2mara", "texto_original": "http://sapl.adamantina.sp.leg.br/media/sapl/public/materialegislativa/2023/14448/43a_-_projeto_de_lei_complementar_003_-_mesa_revoga_lc_396_-_vale_alimentacao_camara.pdf", "ementa": "Disp\u00f5e sobre a revoga\u00e7\u00e3o da Lei Complementar n\u00ba 396, de 26/04/2022, que concede aos servidores e funcion\u00e1rios ativos da C\u00e2mara Municipal de Adamantina o Vale Alimenta\u00e7\u00e3o e altera/reestrutura a escala de vencimentos dos cargos, empregos p\u00fablicos e empregos de comiss\u00e3o desta C\u00e2mara Municipal e d\u00e1 outras provid\u00eancias"}, {"id": "14449", "ano": "2023", "numero": "4", "tipo__sigla": "PLC", "tipo__descricao": "Projeto de Lei Complementar", "autoria": "Prefeito do Munic\u00edpio", "texto_original": "http://sapl.adamantina.sp.leg.br/media/sapl/public/materialegislativa/2023/14449/43a_-_projeto_de_lei_complementar_004_-_m_008_-_dipoe_sobre_autorizacao_para_abert._de_lic._para_concessao_de_direito_real_de_uso_-_rev.lc__259278_e_355.pdf", "ementa": "Disp\u00f5e sobre autoriza\u00e7\u00e3o para que o Chefe do Poder Executivo possa determinar a abertura de licita\u00e7\u00e3o objetivando a Concess\u00e3o de Direito Real de Uso de Im\u00f3veis \u00e0s Empresas nos ramos da Ind\u00fastria e/ou Com\u00e9rcio e revoga as Leis Complementares n.\u00ba 259, de 05 de abril de 2016, 278, de 07 de junho de 2017 e 355, de 10 de dezembro de 2019."}, {"id": "14450", "ano": "2023", "numero": "5", "tipo__sigla": "PLC", "tipo__descricao": "Projeto de Lei Complementar", "autoria": "Prefeito do Munic\u00edpio", "texto_original": "http://sapl.adamantina.sp.leg.br/media/sapl/public/materialegislativa/2023/14450/43a_-_projeto_de_lei_complementar_005_-_m_009_-__autorizacao_para_alienacao_de_imoveis_area_circo.pdf", "ementa": "Disp\u00f5e sobre a autoriza\u00e7\u00e3o para o Poder Executivo alienar bens im\u00f3veis, mediante Processo Licitat\u00f3rio, para a capta\u00e7\u00e3o de recursos financeiros que ser\u00e3o reinvestidos em bem im\u00f3vel e equipamentos, e d\u00e1 outras provid\u00eancias."}, {"id": "14451", "ano": "2023", "numero": "6", "tipo__sigla": "PLC", "tipo__descricao": "Projeto de Lei Complementar", "autoria": "Prefeito do Munic\u00edpio", "texto_original": "http://sapl.adamantina.sp.leg.br/media/sapl/public/materialegislativa/2023/14451/43a_-_projeto_de_lei_complementar_006_m_010_-_projeto_de_lei_-altera_a_lei_2_328_ctm_-_isencao_taxa_de_publicidade.pdf", "ementa": "Disp\u00f5e sobre altera\u00e7\u00e3o do artigo 177, da Lei 2.328, de 28 de dezembro de 1990."}, {"id": "14566", "ano": "2023", "numero": "7", "tipo__sigla": "PLC", "tipo__descricao": "Projeto de Lei Complementar", "autoria": "Prefeito do Munic\u00edpio", "texto_original": "http://sapl.adamantina.sp.leg.br/media/sapl/public/materialegislativa/2023/14566/45a_projeto_de_lei_complementar_007_m_014_-_dispoe_sobre_a_criacao_emprego_permanente_auxiliar_de_desenvolvimento_escolar__motorista_e_auxiliar_de_enfermagem_2.pdf", "ementa": "Disp\u00f5e sobre a cria\u00e7\u00e3o de vagas de empregos permanentes de Auxiliar de Desenvolvimento Escolar, Motorista e Auxiliar de Enfermagem e altera\u00e7\u00e3o do Anexo I  da Lei Complementar n.\u00ba 402, de 09 de agosto de 2022 e d\u00e1 outras provid\u00eancias."}, {"id": "14567", "ano": "2023", "numero": "8", "tipo__sigla": "PLC", "tipo__descricao": "Projeto de Lei Complementar", "autoria": "Prefeito do Munic\u00edpio", "texto_original": "http://sapl.adamantina.sp.leg.br/media/sapl/public/materialegislativa/2023/14567/45a_projeto_de_lei_complementar_008_m_015_-_autorizacao_para_alienacao_de_imoveis_area_circo.pdf", "ementa": "Disp\u00f5e sobre a autoriza\u00e7\u00e3o para o Poder Executivo alienar bens im\u00f3veis, mediante Processo Licitat\u00f3rio, para a capta\u00e7\u00e3o de recursos financeiros que ser\u00e3o reinvestidos em bem im\u00f3vel e equipamentos, e d\u00e1 outras provid\u00eancias."}, {"id": "14623", "ano": "2023", "numero": "9", "tipo__sigla": "PLC", "tipo__descricao": "Projeto de Lei Complementar", "autoria": "Prefeito do Munic\u00edpio", "texto_original": "http://sapl.adamantina.sp.leg.br/media/sapl/public/materialegislativa/2023/14623/46a_projeto_de_lei_complementar_009_m_023-__alienacao_de_imovel_por_investidura_-_paulo_sergio_andrade__-_q_e_lote_16.pdf", "ementa": "Disp\u00f5e sobre a autoriza\u00e7\u00e3o para o Poder Executivo alienar bem im\u00f3vel, pelo instituto da investidura, conforme especifica e d\u00e1 outras provid\u00eancias."}, {"id": "14624", "ano": "2023", "numero": "10", "tipo__sigla": "PLC", "tipo__descricao": "Projeto de Lei Complementar", "autoria": "Prefeito do Munic\u00edpio", "texto_original": "http://sapl.adamantina.sp.leg.br/media/sapl/public/materialegislativa/2023/14624/46a_projeto_de_lei_complementar_010_m_024_-_alienacao_de_imovel_por_investidura_-_anexo_-_lucinalva_ap._fukushima_fagundes_-_q_f_-_lote_01.pdf", "ementa": "Disp\u00f5e sobre a autoriza\u00e7\u00e3o para o Poder Executivo alienar bem im\u00f3vel, pelo instituto da investidura, conforme especifica e d\u00e1 outras provid\u00eancias."}, {"id": "14625", "ano": "2023", "numero": "11", "tipo__sigla": "PLC", "tipo__descricao": "Projeto de Lei Complementar", "autoria": "Prefeito do Munic\u00edpio", "texto_original": "http://sapl.adamantina.sp.leg.br/media/sapl/public/materialegislativa/2023/14625/46a_projeto_de_lei_complementar_011_m_025_-_alienacao_de_imovel_por_investidura_-_aparecida_dos_santos_-_q_07_-_lote_22.pdf", "ementa": "Disp\u00f5e sobre a autoriza\u00e7\u00e3o para o Poder Executivo alienar bem im\u00f3vel, pelo instituto da investidura, conforme especifica e d\u00e1 outras provid\u00eancias."}, {"id": "14626", "ano": "2023", "numero": "12", "tipo__sigla": "PLC", "tipo__descricao": "Projeto de Lei Complementar", "autoria": "Prefeito do Munic\u00edpio", "texto_original": "http://sapl.adamantina.sp.leg.br/media/sapl/public/materialegislativa/2023/14626/46a_projeto_de_lei_complementar_012_m_026_-__anexo_-_alienacao_de_imovel_por_investidura_-_joao_eduardo_barbosa_pacheco__-_q_3_lote__1.pdf", "ementa": "Disp\u00f5e sobre a autoriza\u00e7\u00e3o para o Poder Executivo alienar bem im\u00f3vel, pelo instituto da investidura, conforme especifica e d\u00e1 outras provid\u00eancias."}, {"id": "14669", "ano": "2023", "numero": "13", "tipo__sigla": "PLC", "tipo__descricao": "Projeto de Lei Complementar", "autoria": "Prefeito do Munic\u00edpio", "texto_original": "http://sapl.adamantina.sp.leg.br/media/sapl/public/materialegislativa/2023/14669/47a_projeto_de_lei_complementar_013_m_031_-_altera_lc_163.11_-_politica_mun._de_atend._dos_direitos_da_crianca__reestrutura_o_cmdca_e_conselho_tutelar.pdf", "ementa": "Disp\u00f5e sobre a altera\u00e7\u00e3o da Lei Complementar n\u00ba 163, de 07 de abril de 2011, que disp\u00f5e sobre a Pol\u00edtica Municipal de Atendimento dos Direitos da Crian\u00e7a e do Adolescente, reestrutura o Conselho Municipal dos Direitos da Crian\u00e7a e do Adolescente, o Fundo Municipal dos Direitos da Crian\u00e7a e do Adolescente e o Conselho Tutelar, e d\u00e1 outras provid\u00eancias"}, {"id": "14670", "ano": "2023", "numero": "14", "tipo__sigla": "PLC", "tipo__descricao": "Projeto de Lei Complementar", "autoria": "Prefeito do Munic\u00edpio", "texto_original": "http://sapl.adamantina.sp.leg.br/media/sapl/public/materialegislativa/2023/14670/47a_projeto_de_lei_complementar_014_m_035_-_autoriza_receber_em_doacao_imovel_der_-_pq_do_sol.pdf", "ementa": "Autoriza o Poder Executivo Municipal a receber por instrumento de doa\u00e7\u00e3o do Departamento de Estradas de Rodagem do Estado de S\u00e3o Paulo, im\u00f3vel que especifica e d\u00e1 outas provid\u00eancias"}, {"id": "14671", "ano": "2023", "numero": "15", "tipo__sigla": "PLC", "tipo__descricao": "Projeto de Lei Complementar", "autoria": "Prefeito do Munic\u00edpio", "texto_original": "http://sapl.adamantina.sp.leg.br/media/sapl/public/materialegislativa/2023/14671/47a_projeto_de_lei_complementar_015_m_037_-_dispoe_sobre_atribuicao_de_gratificacao_de_funcao_mediador_polo_univesp.pdf", "ementa": "Disp\u00f5e sobre as fun\u00e7\u00f5es e gratifica\u00e7\u00e3o de fun\u00e7\u00e3o para o servidor designado \u00e0 orientador do P\u00f3lo da Funda\u00e7\u00e3o Universidade Virtual do Estado de S\u00e3o Paulo \u2013 UNIVESP."}, {"id": "14672", "ano": "2023", "numero": "16", "tipo__sigla": "PLC", "tipo__descricao": "Projeto de Lei Complementar", "autoria": "Prefeito do Munic\u00edpio", "texto_original": "http://sapl.adamantina.sp.leg.br/media/sapl/public/materialegislativa/2023/14672/47a_projeto_de_lei_complementar_016_m_041_-_criacao_emprego_permanente_nutricionista_orientador_social_chefe_museu_e_tec_seg_trabalho.pdf", "ementa": "Disp\u00f5e sobre a cria\u00e7\u00e3o de vagas de empregos permanentes de Nutricionista, Orientador Social e T\u00e9cnico em Seguran\u00e7a do Trabalho e a cria\u00e7\u00e3o de vaga de emprego em comiss\u00e3o de Chefe do Museu Hist\u00f3rico e altera\u00e7\u00e3o dos Anexo I, II e IV da Lei Complementar n.\u00ba 419, de 28 de mar\u00e7o de 2023 e d\u00e1 outras provid\u00eancias."}, {"id": "14673", "ano": "2023", "numero": "17", "tipo__sigla": "PLC", "tipo__descricao": "Projeto de Lei Complementar", "autoria": "Prefeito do Munic\u00edpio", "texto_original": "http://sapl.adamantina.sp.leg.br/media/sapl/public/materialegislativa/2023/14673/47a_projeto_de_lei_complementar_017_m_042_-_dispoe_sobre_atribuicao_de_gratificacao_dos_autores_da_licitacao.pdf", "ementa": "Disp\u00f5e sobre atribui\u00e7\u00e3o de gratifica\u00e7\u00e3o de fun\u00e7\u00e3o para servidores que desempenham atividades de suporte ao Departamento de Licita\u00e7\u00f5es e Contratos e d\u00e1 outras provid\u00eancias."}, {"id": "14711", "ano": "2023", "numero": "18", "tipo__sigla": "PLC", "tipo__descricao": "Projeto de Lei Complementar", "autoria": "Mesa da C\u00e2mara", "texto_original": "http://sapl.adamantina.sp.leg.br/media/sapl/public/materialegislativa/2023/14711/48a_projeto_de_lei_complementar_018_-_mesa_-_revisao_dos_vencimentos_camara.pdf", "ementa": "Disp\u00f5e sobre a revis\u00e3o e aumento real sobre os vencimentos, sal\u00e1rios, proventos e pens\u00f5es dos servidores p\u00fablicos ativos, inativos e pensionistas da C\u00e2mara Municipal de Adamantina e d\u00e1 outras provid\u00eancias."}, {"id": "14760", "ano": "2023", "numero": "19", "tipo__sigla": "PLC", "tipo__descricao": "Projeto de Lei Complementar", "autoria": "Prefeito do Munic\u00edpio", "texto_original": "http://sapl.adamantina.sp.leg.br/media/sapl/public/materialegislativa/2023/14760/49a_projeto_de_lei_complementar_019_m_043-_altera_a_lei_compl._386_-_concessao_area_valentin_gatti_-_geo_analitica.pdf", "ementa": "Disp\u00f5e sobre a altera\u00e7\u00e3o da Lei Complementar n\u00ba 386, de 17 de dezembro de 2021, que disp\u00f5e sobre autoriza\u00e7\u00e3o para que o Chefe do Poder Executivo possa outorgar Concess\u00e3o de Direito Real de Uso de Im\u00f3vel \u00e0 GEO-ANAL\u00cdTICA ESTUDOS E GERENCIAMENTO DE \u00c1REAS CONTAMINADAS LTDA e d\u00e1 outras provid\u00eancias."}, {"id": "14761", "ano": "2023", "numero": "20", "tipo__sigla": "PLC", "tipo__descricao": "Projeto de Lei Complementar", "autoria": "Prefeito do Munic\u00edpio", "texto_original": "http://sapl.adamantina.sp.leg.br/media/sapl/public/materialegislativa/2023/14761/49a_projeto_de_lei_complementar_020_m_046_-_altera_lei_complementar_163_2011_-_conselho_tutelar.pdf", "ementa": "Disp\u00f5e sobre a altera\u00e7\u00e3o da Lei Complementar n\u00ba 163, de 07 de abril de 2011, que disp\u00f5e sobre a Pol\u00edtica Municipal de Atendimento dos Direitos da Crian\u00e7a e do Adolescente, reestrutura o Conselho Municipal dos Direitos da Crian\u00e7a e do Adolescente, o Fundo Municipal dos Direitos da Crian\u00e7a e do Adolescente e o Conselho Tutelar, e d\u00e1 outras provid\u00eancias."}, {"id": "14762", "ano": "2023", "numero": "21", "tipo__sigla": "PLC", "tipo__descricao": "Projeto de Lei Complementar", "autoria": "Prefeito do Munic\u00edpio", "texto_original": "http://sapl.adamantina.sp.leg.br/media/sapl/public/materialegislativa/2023/14762/49a_projeto_de_lei_complementar_021_m_047_-_dispoe_sobre_atribuicao_de_gratificacao_dos_autores_da_licitacao.pdf", "ementa": "Disp\u00f5e sobre atribui\u00e7\u00e3o de gratifica\u00e7\u00e3o de fun\u00e7\u00e3o para servidores que desempenham atividades de suporte ao Departamento de Licita\u00e7\u00f5es e Contratos e d\u00e1 outras provid\u00eancias."}, {"id": "14763", "ano": "2023", "numero": "22", "tipo__sigla": "PLC", "tipo__descricao": "Projeto de Lei Complementar", "autoria": "Prefeito do Munic\u00edpio", "texto_original": "http://sapl.adamantina.sp.leg.br/media/sapl/public/materialegislativa/2023/14763/49a_projeto_de_lei_complementar_022_m_048_-__autorizacao_para_alienacao_de_imovel_por_investidura_-_jose_de_oliveira_neto.pdf", "ementa": "Disp\u00f5e sobre a autoriza\u00e7\u00e3o para o Poder Executivo alienar bem im\u00f3vel, pelo instituto da investidura, conforme especifica e d\u00e1 outras provid\u00eancias."}, {"id": "14803", "ano": "2023", "numero": "23", "tipo__sigla": "PLC", "tipo__descricao": "Projeto de Lei Complementar", "autoria": "Prefeito do Munic\u00edpio", "texto_original": "http://sapl.adamantina.sp.leg.br/media/sapl/public/materialegislativa/2023/14803/50a_projeto_de_lei_complementar_023_m_050_-_autorizacao_para_a_doacao_de_area_que_especifica_-_construtora_rotoli.pdf", "ementa": "Disp\u00f5e sobre autoriza\u00e7\u00e3o para o Chefe do Poder Executivo alienar, por doa\u00e7\u00e3o, \u00e0 empresa CONSTRUTORA ROTOLI LTDA o im\u00f3vel que espec\u00edfica."}, {"id": "14804", "ano": "2023", "numero": "24", "tipo__sigla": "PLC", "tipo__descricao": "Projeto de Lei Complementar", "autoria": "Prefeito do Munic\u00edpio", "texto_original": "http://sapl.adamantina.sp.leg.br/media/sapl/public/materialegislativa/2023/14804/50a_projeto_de_lei_complementar_024_m_053_-_revisao_geral_anual_do_servidores_da_prefeitura_-_15.pdf", "ementa": "Disp\u00f5e sobre o reajuste (ganho real) aos vencimentos, proventos e pens\u00f5es dos servidores ativos, inativos e pensionistas da Prefeitura do Munic\u00edpio de Adamantina."}, {"id": "14805", "ano": "2023", "numero": "25", "tipo__sigla": "PLC", "tipo__descricao": "Projeto de Lei Complementar", "autoria": "Prefeito do Munic\u00edpio", "texto_original": "http://sapl.adamantina.sp.leg.br/media/sapl/public/materialegislativa/2023/14805/50a_projeto_de_lei_complementar_025_m_054-_altera_a_lc_428_-_gratificacao_de_funcao_mediador_polo_univesp.pdf", "ementa": "Altera a Lei Complementar n\u00ba 428, de 04 de maio de 2023, que disp\u00f5e sobre as fun\u00e7\u00f5es e gratifica\u00e7\u00e3o de fun\u00e7\u00e3o para o servidor designado \u00e0 orientador do P\u00f3lo da Funda\u00e7\u00e3o Universidade Virtual do Estado de S\u00e3o Paulo \u2013 UNIVESP."}, {"id": "14863", "ano": "2023", "numero": "26", "tipo__sigla": "PLC", "tipo__descricao": "Projeto de Lei Complementar", "autoria": "Prefeito do Munic\u00edpio", "texto_original": "http://sapl.adamantina.sp.leg.br/media/sapl/public/materialegislativa/2023/14863/51a_projeto_de_lei_complementar_026_m_066_-__altera_a_lc_284_-_limita_verba_hoboraria.pdf", "ementa": "Altera a Lei Complementar n.\u00ba 284, de 14 de julho de 2017 e d\u00e1 outras providencias."}, {"id": "14909", "ano": "2023", "numero": "27", "tipo__sigla": "PLC", "tipo__descricao": "Projeto de Lei Complementar", "autoria": "Prefeito do Munic\u00edpio", "texto_original": "http://sapl.adamantina.sp.leg.br/media/sapl/public/materialegislativa/2023/14909/52a_projeto_de_lei_complementar_027_m_069_-_altera_a_lc_94-2007_-_plano_de_carreira_magisterio.pdf", "ementa": "Disp\u00f5e sobre a altera\u00e7\u00e3o da Lei Complementar Municipal n.\u00ba 94, de 22 de novembro de 2007, e d\u00e1 outras provid\u00eancias."}, {"id": "14967", "ano": "2023", "numero": "28", "tipo__sigla": "PLC", "tipo__descricao": "Projeto de Lei Complementar", "autoria": "Prefeito do Munic\u00edpio", "texto_original": "http://sapl.adamantina.sp.leg.br/media/sapl/public/materialegislativa/2023/14967/53a_projeto_de_lei_complementar_028_m_076_-_revoga_lc_340_-_reversao_de_lote_valentin_gatti_-dias_neto_representacoes_ltda.pdf", "ementa": "Disp\u00f5e sobre a revoga\u00e7\u00e3o da Lei Complementar n.\u00ba 340, de 18 de setembro de 2019, que disp\u00f5e sobre autoriza\u00e7\u00e3o para que o Chefe do Poder Executivo possa outorgar Concess\u00e3o de Direito Real de Uso de Im\u00f3vel \u00e0 DIAS NETO REPRESENTA\u00c7\u00d5ES LTDA."}, {"id": "15054", "ano": "2023", "numero": "29", "tipo__sigla": "PLC", "tipo__descricao": "Projeto de Lei Complementar", "autoria": "Prefeito do Munic\u00edpio", "texto_original": "http://sapl.adamantina.sp.leg.br/media/sapl/public/materialegislativa/2023/15054/55a_projeto_de_lei_complementar_029_m_087_-_atribuicao_de_gratificacao_dos_autores_da_licitacao_unifai.pdf", "ementa": "Disp\u00f5e sobre a atribui\u00e7\u00e3o de gratifica\u00e7\u00e3o de fun\u00e7\u00e3o para empregados p\u00fablicos do Centro Universit\u00e1rio de Adamantina - UNIFAI que desempenham atividades de suporte em procedimentos licitat\u00f3rios e contratos administrativos e d\u00e1 outras provid\u00eancias."}, {"id": "15055", "ano": "2023", "numero": "30", "tipo__sigla": "PLC", "tipo__descricao": "Projeto de Lei Complementar", "autoria": "Prefeito do Munic\u00edpio", "texto_original": "http://sapl.adamantina.sp.leg.br/media/sapl/public/materialegislativa/2023/15055/55a_projeto_de_lei_complementar_030_m_088_-_altera_o_anexo_i_da_lei_407_-_cria10_empregos_de_educador_30hs_e_10_de_40hs.pdf", "ementa": "Disp\u00f5e sobre altera\u00e7\u00e3o do Anexo I da Lei Complementar n.\u00ba 407, de 07 de outubro de 2022."}, {"id": "15266", "ano": "2023", "numero": "31", "tipo__sigla": "PLC", "tipo__descricao": "Projeto de Lei Complementar", "autoria": "Prefeito do Munic\u00edpio", "texto_original": "http://sapl.adamantina.sp.leg.br/media/sapl/public/materialegislativa/2023/15266/59a_projeto_de_lei_complementar_031_m_100_-__atribuicoes_agente_da_receita_tributaria.pdf", "ementa": "Disp\u00f5e sobre as atribui\u00e7\u00f5es de fun\u00e7\u00e3o do emprego de Agente da Receita Tribut\u00e1ria e d\u00e1 outras providencias."}, {"id": "15307", "ano": "2023", "numero": "32", "tipo__sigla": "PLC", "tipo__descricao": "Projeto de Lei Complementar", "autoria": "Prefeito do Munic\u00edpio", "texto_original": "http://sapl.adamantina.sp.leg.br/media/sapl/public/materialegislativa/2023/15307/61a_projeto_de_lei_complementar_032_-_m_116_-_altera_a_lc_440_-_tira_a_retroatividade_da_lei.pdf", "ementa": "Disp\u00f5e sobre a altera\u00e7\u00e3o da Lei Complementar Municipal n.\u00ba 440, de 24 de agosto de 2023, e d\u00e1 outras provid\u00eancias."}, {"id": "15351", "ano": "2023", "numero": "33", "tipo__sigla": "PLC", "tipo__descricao": "Projeto de Lei Complementar", "autoria": "Prefeito do Munic\u00edpio", "texto_original": "http://sapl.adamantina.sp.leg.br/media/sapl/public/materialegislativa/2023/15351/62a_projeto_de_lei_complementar_033_m_125_-_criacao_emprego_permanente_tec._informatica_tec._contabilidade_e_inspetor_de_alunos.pdf", "ementa": "Disp\u00f5e sobre a cria\u00e7\u00e3o de vagas de empregos permanentes de Inspetor de Aluno de Escola P\u00fablica, T\u00e9cnico em Contabilidade e a  cria\u00e7\u00e3o de vaga de emprego permanente de T\u00e9cnico em Inform\u00e1tica e altera\u00e7\u00e3o do Anexo I da Lei Complementar n.\u00ba 429, de 04 de maio de 2023 e d\u00e1 outras provid\u00eancias."}, {"id": "15352", "ano": "2023", "numero": "34", "tipo__sigla": "PLC", "tipo__descricao": "Projeto de Lei Complementar", "autoria": "Prefeito do Munic\u00edpio", "texto_original": "http://sapl.adamantina.sp.leg.br/media/sapl/public/materialegislativa/2023/15352/62a_projeto_de_lei_complementar_034_m_128_-_altera_o_anexo_ii_da_lei_440_-_cria_10_emp.de_educador_30hs_e_10_de_40hs_10_prof._peb_i_e_02__dm_da_ou_dv.pdf", "ementa": "Disp\u00f5e sobre altera\u00e7\u00e3o do Anexo II da Lei Complementar n.\u00ba 440, de 24 de agosto de 2023."}, {"id": "15353", "ano": "2023", "numero": "35", "tipo__sigla": "PLC", "tipo__descricao": "Projeto de Lei Complementar", "autoria": "Prefeito do Munic\u00edpio", "texto_original": "http://sapl.adamantina.sp.leg.br/media/sapl/public/materialegislativa/2023/15353/62a_projeto_de_lei_complementar_035_m_133_-_plc_-_revisao_geral_anual_do_servidores_da_prefeitura_-8.pdf", "ementa": "Disp\u00f5e sobre a revis\u00e3o geral anual dos vencimentos, proventos e pens\u00f5es dos servidores ativos, inativos e pensionistas da Prefeitura do Munic\u00edpio de Adamantina e reajuste (ganho real) aos vencimentos, proventos e pens\u00f5es dos servidores ativos, inativos e pensionistas da Prefeitura do Munic\u00edpio de Adamantina."}, {"id": "15354", "ano": "2023", "numero": "36", "tipo__sigla": "PLC", "tipo__descricao": "Projeto de Lei Complementar", "autoria": "Prefeito do Munic\u00edpio", "texto_original": "http://sapl.adamantina.sp.leg.br/media/sapl/public/materialegislativa/2023/15354/62a_projeto_de_lei_complementar_036_m_134_-_dispoe_sobre_a_alteracao_do_artigo_5o_da_lei_274-2017_-_2a_opcao.pdf", "ementa": "Disp\u00f5e sobre a altera\u00e7\u00e3o da Lei Complementar n.\u00ba 274, de 25 de maio de 2017, que disp\u00f5e sobre o Estatuto, a estrutura administrativa e acad\u00eamica e organiza o quadro de pessoal do Centro Universit\u00e1rio de Adamantina \u2013 UNIFAI"}, {"id": "15355", "ano": "2023", "numero": "37", "tipo__sigla": "PLC", "tipo__descricao": "Projeto de Lei Complementar", "autoria": "Prefeito do Munic\u00edpio", "texto_original": "http://sapl.adamantina.sp.leg.br/media/sapl/public/materialegislativa/2023/15355/62a_projeto_de_lei_complementar_037_m_136_-_plc_-_revisao_geral_anual_dos_servidores_unifai_-8.pdf", "ementa": "Disp\u00f5e sobre a revis\u00e3o geral anual dos vencimentos, proventos e pens\u00f5es dos servidores p\u00fablicos ativos e inativos dos quadros administrativo e docente do Centro Universit\u00e1rio de Adamantina \u2013 UNIFAI."}, {"id": "14441", "ano": "2023", "numero": "1", "tipo__sigla": "PLO", "tipo__descricao": "Projeto de Lei Ordin\u00e1ria", "autoria": "NORIKO ONISHI SAITO, PAULO CERVELHEIRA", "texto_original": "http://sapl.adamantina.sp.leg.br/media/sapl/public/materialegislativa/2023/14441/43a_-_projeto_de_lei_001_-_noriko_e_outros_praca_lariele_veronica_boldrin.pdf", "ementa": "\u201cDisp\u00f5e sobre denomina\u00e7\u00e3o de logradouro p\u00fablico e d\u00e1 outras provid\u00eancias\r\n (Pra\u00e7a Sustent\u00e1vel \u2018Lari\u00e9le Ver\u00f4nica Boldrin)\u201d"}, {"id": "14442", "ano": "2023", "numero": "2", "tipo__sigla": "PLO", "tipo__descricao": "Projeto de Lei Ordin\u00e1ria", "autoria": "Prefeito do Munic\u00edpio", "texto_original": "http://sapl.adamantina.sp.leg.br/media/sapl/public/materialegislativa/2023/14442/43a_-_projeto_de_lei_002_-_m_003_-_abertura_de_credito_suplementar_unifai_-_r_2.500.00000.pdf", "ementa": "Disp\u00f5e sobre autoriza\u00e7\u00e3o para abertura de cr\u00e9dito adicional especial ao Or\u00e7amento da Prefeitura do Munic\u00edpio de Adamantina no valor total de R$ 2.500.000,00 (dois milh\u00f5es e quinhentos mil reais)."}, {"id": "14443", "ano": "2023", "numero": "3", "tipo__sigla": "PLO", "tipo__descricao": "Projeto de Lei Ordin\u00e1ria", "autoria": "Prefeito do Munic\u00edpio", "texto_original": "http://sapl.adamantina.sp.leg.br/media/sapl/public/materialegislativa/2023/14443/43a_-_projeto_de_lei_003_-_m_004_autoriza_repassar_para_sta_casa_r_104.35510_mac_estadual.pdf", "ementa": "Disp\u00f5e sobre autoriza\u00e7\u00e3o para a Prefeitura do Munic\u00edpio de Adamantina abrir cr\u00e9dito especial e repassar \u00e0 Associa\u00e7\u00e3o Lar S\u00e3o Francisco de Assis na Provid\u00eancia de Deus \u2013 Santa Casa de Adamantina, aux\u00edlio financeiro e emergencial e d\u00e1 outras provid\u00eancias."}, {"id": "14444", "ano": "2023", "numero": "4", "tipo__sigla": "PLO", "tipo__descricao": "Projeto de Lei Ordin\u00e1ria", "autoria": "Prefeito do Munic\u00edpio", "texto_original": "http://sapl.adamantina.sp.leg.br/media/sapl/public/materialegislativa/2023/14444/43a_-_projeto_de_lei_004_-_m_005_abertura_de_credito_especial_-_vigilancia_socioass._e_bolsa_familia.pdf", "ementa": "Disp\u00f5e sobre autoriza\u00e7\u00e3o para abertura de cr\u00e9dito especial ao Or\u00e7amento da Prefeitura do Munic\u00edpio de Adamantina no valor total de R$ 63.028,56 e d\u00e1 outras provid\u00eancias."}, {"id": "14445", "ano": "2023", "numero": "5", "tipo__sigla": "PLO", "tipo__descricao": "Projeto de Lei Ordin\u00e1ria", "autoria": "Prefeito do Munic\u00edpio", "texto_original": "http://sapl.adamantina.sp.leg.br/media/sapl/public/materialegislativa/2023/14445/43a_-_projeto_de_lei_005_-_m_006_-_autoriza_repasse_apae_r_47.00000_-residencia_inclusiva.pdf", "ementa": "Disp\u00f5e sobre autoriza\u00e7\u00e3o para a Prefeitura do Munic\u00edpio de Adamantina abrir cr\u00e9dito adicional suplementar e repassar para a Associa\u00e7\u00e3o de Pais e Amigos dos Excepcionais de Adamantina - APAE Adamantina e d\u00e1 outras provid\u00eancias."}, {"id": "14446", "ano": "2023", "numero": "6", "tipo__sigla": "PLO", "tipo__descricao": "Projeto de Lei Ordin\u00e1ria", "autoria": "Prefeito do Munic\u00edpio", "texto_original": "http://sapl.adamantina.sp.leg.br/media/sapl/public/materialegislativa/2023/14446/43a_-_projeto_de_lei_006_-_m_007_autoriza_repasse_r_60.00000__lar_dos_velhos_saude.pdf", "ementa": "Disp\u00f5e sobre autoriza\u00e7\u00e3o para abertura de cr\u00e9dito suplementar na Prefeitura do Munic\u00edpio de Adamantina e repassar para o Lar dos Velhos de Adamantina Obra Unida a Sociedade de S\u00e3o Vicente de Paulo e d\u00e1 outras provid\u00eancias."}, {"id": "14447", "ano": "2023", "numero": "7", "tipo__sigla": "PLO", "tipo__descricao": "Projeto de Lei Ordin\u00e1ria", "autoria": "ALCIO IKEDA, Aguinaldo Pires Galv\u00e3o, BIGODE, PAULO CERVELHEIRA", "texto_original": "http://sapl.adamantina.sp.leg.br/media/sapl/public/materialegislativa/2023/14447/43a_-_projeto_de_lei_007_-_alcio_e_outros_altera_a_lei_3.369_-_loteamento_fechado_acesso_controlado.pdf", "ementa": "Disp\u00f5e sobre a altera\u00e7\u00e3o da Lei n\u00ba 3.369, de 14 de setembro de 2009, que disp\u00f5e sobre Loteamentos Urbanos e Loteamentos Fechados no Munic\u00edpio e d\u00e1 outras provid\u00eancias."}, {"id": "14503", "ano": "2023", "numero": "8", "tipo__sigla": "PLO", "tipo__descricao": "Projeto de Lei Ordin\u00e1ria", "autoria": "Prefeito do Munic\u00edpio", "texto_original": "http://sapl.adamantina.sp.leg.br/media/sapl/public/materialegislativa/2023/14503/44a_-_projeto_de_lei_008_-_m_011_-_dispoe_sobre_reajuste_estagiario.pdf", "ementa": "Disp\u00f5e sobre a altera\u00e7\u00e3o do artigo 4o da Lei n.\u00ba 3.125, de 08 de abril de 2005, aumentando o valor da Bolsa de Estudos dos estagi\u00e1rios da Prefeitura do Munic\u00edpio de Adamantina, e altera\u00e7\u00e3o do artigo 1\u00ba da Lei n\u00ba 3.811, de 21 de mar\u00e7o de 2018, que disp\u00f5e sobre a concess\u00e3o do Aux\u00edlio Transporte ao est\u00e1gio n\u00e3o obrigat\u00f3rio da Prefeitura do Munic\u00edpio de Adamantina e do Centro Universit\u00e1rio de Adamantina \u2013 UNIFAI."}, {"id": "14560", "ano": "2023", "numero": "9", "tipo__sigla": "PLO", "tipo__descricao": "Projeto de Lei Ordin\u00e1ria", "autoria": "Aguinaldo Pires Galv\u00e3o, Cid Jos\u00e9 Aparecido dos Santos, RIQUINHA DO BAR", "texto_original": "http://sapl.adamantina.sp.leg.br/media/sapl/public/materialegislativa/2023/14560/45a_projeto_de_lei_009_-_aguinaldo_e_outros_-_residencial_sol_nascente.pdf", "ementa": "Disp\u00f5e sobre denomina\u00e7\u00e3o de pr\u00f3prios do \"Residencial Sol Nascente\u201d"}, {"id": "14561", "ano": "2023", "numero": "10", "tipo__sigla": "PLO", "tipo__descricao": "Projeto de Lei Ordin\u00e1ria", "autoria": "Prefeito do Munic\u00edpio", "texto_original": "http://sapl.adamantina.sp.leg.br/media/sapl/public/materialegislativa/2023/14561/45a_projeto_de_lei_010_m_016_-_aquisicao_de_area_dist__industrial_r_2_000_00000.pdf", "ementa": "Disp\u00f5e sobre autoriza\u00e7\u00e3o para abertura de cr\u00e9dito adicional especial ao Or\u00e7amento da Prefeitura do Munic\u00edpio de Adamantina no valor total de R$ 2.000.000,00 e d\u00e1 outras provid\u00eancias."}, {"id": "14562", "ano": "2023", "numero": "11", "tipo__sigla": "PLO", "tipo__descricao": "Projeto de Lei Ordin\u00e1ria", "autoria": "Prefeito do Munic\u00edpio", "texto_original": "http://sapl.adamantina.sp.leg.br/media/sapl/public/materialegislativa/2023/14562/45a_projeto_de_lei_011_m_017_-_aquisicao_de_nova_area_administrativa_-_credito_adicional_especial_r_3.520.00000.pdf", "ementa": "Disp\u00f5e sobre autoriza\u00e7\u00e3o para abertura de cr\u00e9dito adicional especial ao Or\u00e7amento da Prefeitura do Munic\u00edpio de Adamantina no valor total de R$ 3.520.000,00 e d\u00e1 outras provid\u00eancias."}, {"id": "14563", "ano": "2023", "numero": "12", "tipo__sigla": "PLO", "tipo__descricao": "Projeto de Lei Ordin\u00e1ria", "autoria": "Prefeito do Munic\u00edpio", "texto_original": "http://sapl.adamantina.sp.leg.br/media/sapl/public/materialegislativa/2023/14563/45a_projeto_de_lei_012_m_020_-_recape_convenio_10359-2022_-_abertura_de_credito_r_237.68413.pdf", "ementa": "Disp\u00f5e sobre autoriza\u00e7\u00e3o para abertura de cr\u00e9dito adicional suplementar ao Or\u00e7amento da Prefeitura do Munic\u00edpio de Adamantina no valor total de R$ 237.684,13 e d\u00e1 outras provid\u00eancias."}, {"id": "14564", "ano": "2023", "numero": "13", "tipo__sigla": "PLO", "tipo__descricao": "Projeto de Lei Ordin\u00e1ria", "autoria": "Prefeito do Munic\u00edpio", "texto_original": "http://sapl.adamantina.sp.leg.br/media/sapl/public/materialegislativa/2023/14564/45a_projeto_de_lei_013_m_021_-_pronto_pagamento_para_a_cobertura_de_despesas_-_lei_federal_n.o_14.133.pdf", "ementa": "Disp\u00f5e sobre os procedimentos para pequenas compras e presta\u00e7\u00e3o de servi\u00e7os nos termos da Lei 14.133/2021 e d\u00e1 outras provid\u00eancias."}, {"id": "14613", "ano": "2023", "numero": "14", "tipo__sigla": "PLO", "tipo__descricao": "Projeto de Lei Ordin\u00e1ria", "autoria": "Prefeito do Munic\u00edpio", "texto_original": "http://sapl.adamantina.sp.leg.br/media/sapl/public/materialegislativa/2023/14613/46a_projeto_de_lei_014_m_012_-_projeto_de_lei__educacao_merenda_transporte_e_qse.pdf", "ementa": "Disp\u00f5e sobre autoriza\u00e7\u00e3o para abertura de cr\u00e9dito adicional suplementar ao Or\u00e7amento da Prefeitura do Munic\u00edpio de Adamantina no valor total de R$ 1.098.772,00 e d\u00e1 outras provid\u00eancias."}, {"id": "14614", "ano": "2023", "numero": "15", "tipo__sigla": "PLO", "tipo__descricao": "Projeto de Lei Ordin\u00e1ria", "autoria": "Prefeito do Munic\u00edpio", "texto_original": "http://sapl.adamantina.sp.leg.br/media/sapl/public/materialegislativa/2023/14614/46a_projeto_de_lei_015_m_013_-_projeto_de_lei_subvencao_para_apelos_e_patas_-_r_60_00000.pdf", "ementa": "Disp\u00f5e sobre autoriza\u00e7\u00e3o para a Prefeitura do Munic\u00edpio de Adamantina realizar a abertura de cr\u00e9dito adicional suplementar e repassar \u00e0 Organiza\u00e7\u00e3o N\u00e3o Governamental Apelos e Patas de Adamantina, sob a forma de subven\u00e7\u00e3o, recursos financeiros e d\u00e1 outras provid\u00eancias."}, {"id": "14615", "ano": "2023", "numero": "16", "tipo__sigla": "PLO", "tipo__descricao": "Projeto de Lei Ordin\u00e1ria", "autoria": "Prefeito do Munic\u00edpio", "texto_original": "http://sapl.adamantina.sp.leg.br/media/sapl/public/materialegislativa/2023/14615/46a_projeto_de_lei_016_m_019_-_abertura_de_credito_r_100mil_-_ponto_de_onibus.pdf", "ementa": "Disp\u00f5e sobre autoriza\u00e7\u00e3o para a Prefeitura do Munic\u00edpio de Adamantina realizar a abertura de cr\u00e9dito adicional suplementar e repassar \u00e0 Organiza\u00e7\u00e3o N\u00e3o Governamental Apelos e Patas de Adamantina, sob a forma de subven\u00e7\u00e3o, recursos financeiros e d\u00e1 outras provid\u00eancias."}, {"id": "14616", "ano": "2023", "numero": "17", "tipo__sigla": "PLO", "tipo__descricao": "Projeto de Lei Ordin\u00e1ria", "autoria": "Prefeito do Munic\u00edpio", "texto_original": "http://sapl.adamantina.sp.leg.br/media/sapl/public/materialegislativa/2023/14616/46a_projeto_de_lei_017_m_022_-_abertura_de_credito_suplementar_unifai_-_r_1.850.00000.pdf", "ementa": "Disp\u00f5e sobre autoriza\u00e7\u00e3o para abertura de cr\u00e9dito adicional suplementar ao Or\u00e7amento da Prefeitura do Munic\u00edpio de Adamantina no valor total de R$ 1.850.000,00 (um milh\u00e3o, oitocentos e cinquenta mil reais)."}, {"id": "14617", "ano": "2023", "numero": "18", "tipo__sigla": "PLO", "tipo__descricao": "Projeto de Lei Ordin\u00e1ria", "autoria": "Prefeito do Munic\u00edpio", "texto_original": "http://sapl.adamantina.sp.leg.br/media/sapl/public/materialegislativa/2023/14617/46a_projeto_de_lei_018_m_027_-_abertura_de_credito_-_r_540.00000_-___ampliacao_de_area_para_o_cemiterio.pdf", "ementa": "Disp\u00f5e sobre autoriza\u00e7\u00e3o para abertura de cr\u00e9dito especial ao Or\u00e7amento da Prefeitura do Munic\u00edpio de Adamantina no valor total de R$ 540.000,00 e d\u00e1 outras provid\u00eancias."}, {"id": "14618", "ano": "2023", "numero": "19", "tipo__sigla": "PLO", "tipo__descricao": "Projeto de Lei Ordin\u00e1ria", "autoria": "Prefeito do Munic\u00edpio", "texto_original": "http://sapl.adamantina.sp.leg.br/media/sapl/public/materialegislativa/2023/14618/46a_projeto_de_lei_019_m_028_-_autoriza_repassar_para_sta_casa_1_000_00000_atencao_basica_estadual.pdf", "ementa": "Disp\u00f5e sobre autoriza\u00e7\u00e3o para a Prefeitura do Munic\u00edpio de Adamantina abrir cr\u00e9dito especial e repassar \u00e0 Associa\u00e7\u00e3o Lar S\u00e3o Francisco de Assis na Provid\u00eancia de Deus \u2013 Santa Casa de Adamantina, aux\u00edlio financeiro e emergencial e d\u00e1 outras provid\u00eancias."}, {"id": "14619", "ano": "2023", "numero": "20", "tipo__sigla": "PLO", "tipo__descricao": "Projeto de Lei Ordin\u00e1ria", "autoria": "PAULO CERVELHEIRA, Aguinaldo Pires Galv\u00e3o", "texto_original": "http://sapl.adamantina.sp.leg.br/media/sapl/public/materialegislativa/2023/14619/46a_projeto_de_lei_020_-_denominacao_predio_e_plenario_da_camara_municipal.pdf", "ementa": "Disp\u00f5e sobre a denomina\u00e7\u00e3o do novo pr\u00e9dio e do Plen\u00e1rio da C\u00e2mara Municipal de Adamantina e d\u00e1 outras provid\u00eancias."}, {"id": "14620", "ano": "2023", "numero": "21", "tipo__sigla": "PLO", "tipo__descricao": "Projeto de Lei Ordin\u00e1ria", "autoria": "Prefeito do Munic\u00edpio", "texto_original": "http://sapl.adamantina.sp.leg.br/media/sapl/public/materialegislativa/2023/14620/46a_projeto_de_lei_021_m_029_abertura_de_credito_r_1.79000000_-_srt_e_pai_nossso_lar.pdf", "ementa": "Disp\u00f5e sobre autoriza\u00e7\u00e3o para abertura de cr\u00e9dito especial ao Or\u00e7amento da Prefeitura do Munic\u00edpio de Adamantina no valor total de R$ 1.790.000,00 e d\u00e1 outras provid\u00eancias."}, {"id": "14621", "ano": "2023", "numero": "22", "tipo__sigla": "PLO", "tipo__descricao": "Projeto de Lei Ordin\u00e1ria", "autoria": "Prefeito do Munic\u00edpio", "texto_original": "http://sapl.adamantina.sp.leg.br/media/sapl/public/materialegislativa/2023/14621/46a_projeto_de_lei_022_m_030_autoriza_repassar_para_sta_casa_r_94.57302_mac_estadual_proc__cirur.pdf", "ementa": "Disp\u00f5e sobre autoriza\u00e7\u00e3o para a Prefeitura do Munic\u00edpio de Adamantina abrir cr\u00e9dito adicional suplementar e repassar \u00e0 Associa\u00e7\u00e3o Lar S\u00e3o Francisco de Assis na Provid\u00eancia de Deus \u2013 Santa Casa de Adamantina, aux\u00edlio financeiro e emergencial e d\u00e1 outras provid\u00eancias."}, {"id": "14622", "ano": "2023", "numero": "23", "tipo__sigla": "PLO", "tipo__descricao": "Projeto de Lei Ordin\u00e1ria", "autoria": "Prefeito do Munic\u00edpio", "texto_original": "http://sapl.adamantina.sp.leg.br/media/sapl/public/materialegislativa/2023/14622/46a_projeto_de_lei_023_m_018_-_programa_nossa_rua_-_r_3.705.000_00.pdf", "ementa": "Disp\u00f5e sobre autoriza\u00e7\u00e3o para abertura de cr\u00e9dito adicional especial ao Or\u00e7amento da Prefeitura do Munic\u00edpio de Adamantina no valor total de R$ 2.800.000,00 e d\u00e1 outras provid\u00eancias."}, {"id": "14661", "ano": "2023", "numero": "24", "tipo__sigla": "PLO", "tipo__descricao": "Projeto de Lei Ordin\u00e1ria", "autoria": "Prefeito do Munic\u00edpio", "texto_original": "http://sapl.adamantina.sp.leg.br/media/sapl/public/materialegislativa/2023/14661/47a_projeto_de_lei_024_m_032_-_abertura_de_credito_r_560.00000_-_merenda.pdf", "ementa": "Disp\u00f5e sobre autoriza\u00e7\u00e3o para abertura de cr\u00e9dito adicional suplementar ao Or\u00e7amento da Prefeitura do Munic\u00edpio de Adamantina no valor total de R$ 560.000,00 e d\u00e1 outras provid\u00eancias."}, {"id": "14662", "ano": "2023", "numero": "25", "tipo__sigla": "PLO", "tipo__descricao": "Projeto de Lei Ordin\u00e1ria", "autoria": "Prefeito do Munic\u00edpio", "texto_original": "http://sapl.adamantina.sp.leg.br/media/sapl/public/materialegislativa/2023/14662/47a_projeto_de_lei_025_m_033_-_abertura_de_credito_especial_unifai_-_r_480.00000.pdf", "ementa": "Disp\u00f5e sobre autoriza\u00e7\u00e3o para abertura de cr\u00e9dito especial ao Or\u00e7amento da Prefeitura do Munic\u00edpio de Adamantina no valor total de R$ 480.000,00 (quatrocentos e oitenta mil reais)."}, {"id": "14663", "ano": "2023", "numero": "26", "tipo__sigla": "PLO", "tipo__descricao": "Projeto de Lei Ordin\u00e1ria", "autoria": "Prefeito do Munic\u00edpio", "texto_original": "http://sapl.adamantina.sp.leg.br/media/sapl/public/materialegislativa/2023/14663/47a_projeto_de_lei_026_m_034_-_autoriza_celebrar_convenio_com_a_ceeteps.pdf", "ementa": "Autoriza o Poder Executivo a celebrar conv\u00eanio com o Centro Estadual de Educa\u00e7\u00e3o Tecnol\u00f3gica Paula Souza \u2013 CEETEPS."}, {"id": "14664", "ano": "2023", "numero": "27", "tipo__sigla": "PLO", "tipo__descricao": "Projeto de Lei Ordin\u00e1ria", "autoria": "Prefeito do Munic\u00edpio", "texto_original": "http://sapl.adamantina.sp.leg.br/media/sapl/public/materialegislativa/2023/14664/47a_projeto_de_lei_027_m_036_-_abertura_de_credito_r_415.95699_-_devolucao_ipva.pdf", "ementa": "Disp\u00f5e sobre autoriza\u00e7\u00e3o para abertura de cr\u00e9dito adicional suplementar ao Or\u00e7amento da Prefeitura do Munic\u00edpio de Adamantina no valor total de R$ 415.956,99 e d\u00e1 outras provid\u00eancias."}, {"id": "14665", "ano": "2023", "numero": "28", "tipo__sigla": "PLO", "tipo__descricao": "Projeto de Lei Ordin\u00e1ria", "autoria": "Prefeito do Munic\u00edpio", "texto_original": "http://sapl.adamantina.sp.leg.br/media/sapl/public/materialegislativa/2023/14665/47a_projeto_de_lei_028_m_038_-__auxilio_atiradores.pdf", "ementa": "Institui o Programa Bolsa Atirador aos atiradores do Tiro de Guerra 02-080, sediado no munic\u00edpio de Adamantina, e d\u00e1 outras provid\u00eancias."}, {"id": "14666", "ano": "2023", "numero": "29", "tipo__sigla": "PLO", "tipo__descricao": "Projeto de Lei Ordin\u00e1ria", "autoria": "Prefeito do Munic\u00edpio", "texto_original": "http://sapl.adamantina.sp.leg.br/media/sapl/public/materialegislativa/2023/14666/47a_projeto_de_lei_029_m_039_-_abertura_de_credito_r_760.00000_atencao_basica_pab_fixo.pdf", "ementa": "Disp\u00f5e sobre autoriza\u00e7\u00e3o para abertura de cr\u00e9dito adicional suplementar ao or\u00e7amento da Prefeitura do Munic\u00edpio de Adamantina no valor de R$ 760.000,00."}, {"id": "14667", "ano": "2023", "numero": "30", "tipo__sigla": "PLO", "tipo__descricao": "Projeto de Lei Ordin\u00e1ria", "autoria": "Prefeito do Munic\u00edpio", "texto_original": "http://sapl.adamantina.sp.leg.br/media/sapl/public/materialegislativa/2023/14667/47a_projeto_de_lei_030_m_040_-_abertura_de_credito_r_1.000.00000_atencao_basica_estadual.pdf", "ementa": "Disp\u00f5e sobre autoriza\u00e7\u00e3o para abertura de cr\u00e9dito adicional suplementar ao or\u00e7amento da Prefeitura do Munic\u00edpio de Adamantina no valor de R$ 1.000.000,00."}, {"id": "14668", "ano": "2023", "numero": "31", "tipo__sigla": "PLO", "tipo__descricao": "Projeto de Lei Ordin\u00e1ria", "autoria": "ALCIO IKEDA, PAULO CERVELHEIRA", "texto_original": "http://sapl.adamantina.sp.leg.br/media/sapl/public/materialegislativa/2023/14668/47a_projeto_de_lei_031_-_presenca_de_profissionais_doulas_durante_o_parto_nas_maternidades_e_hospitais.pdf", "ementa": "Disp\u00f5e sobre a presen\u00e7a de profissionais Doulas durante o parto nas maternidades e hospitais do Munic\u00edpio de Adamantina e d\u00e1 outras provid\u00eancias."}, {"id": "14764", "ano": "2023", "numero": "32", "tipo__sigla": "PLO", "tipo__descricao": "Projeto de Lei Ordin\u00e1ria", "autoria": "Prefeito do Munic\u00edpio", "texto_original": "http://sapl.adamantina.sp.leg.br/media/sapl/public/materialegislativa/2023/14764/49a_projeto_de_lei_032_m_044_autoriza_pagar_despesa_de_manutencao_de_ar_condicionado_-_pm.pdf", "ementa": "Disp\u00f5e sobre autoriza\u00e7\u00e3o para a Prefeitura do Munic\u00edpio de Adamantina possa custear despesa de instala\u00e7\u00e3o de ar condicionado na Segunda Companhia da Policia Militar de Adamantina 25\u00ba BPM/I e d\u00e1 outras provid\u00eancias."}, {"id": "14765", "ano": "2023", "numero": "33", "tipo__sigla": "PLO", "tipo__descricao": "Projeto de Lei Ordin\u00e1ria", "autoria": "Prefeito do Munic\u00edpio", "texto_original": "http://sapl.adamantina.sp.leg.br/media/sapl/public/materialegislativa/2023/14765/49a_projeto_de_lei_033_m_045_-_abertura_de_credito_r_1.370.00000.pdf", "ementa": "Disp\u00f5e sobre autoriza\u00e7\u00e3o para abertura de cr\u00e9dito especial ao Or\u00e7amento da Prefeitura do Munic\u00edpio de Adamantina no valor total de R$ 1.370.000,00 e d\u00e1 outras provid\u00eancias."}, {"id": "14766", "ano": "2023", "numero": "34", "tipo__sigla": "PLO", "tipo__descricao": "Projeto de Lei Ordin\u00e1ria", "autoria": "Prefeito do Munic\u00edpio", "texto_original": "http://sapl.adamantina.sp.leg.br/media/sapl/public/materialegislativa/2023/14766/49a_projeto_de_lei_034_m_049_-_abertura_de_credito_-_r_5.000.00000_-_recapeamento_asfaltico.pdf", "ementa": "Disp\u00f5e sobre autoriza\u00e7\u00e3o para abertura de cr\u00e9dito adicional suplementar ao Or\u00e7amento da Prefeitura do Munic\u00edpio de Adamantina no valor total de R$ 5.000.000,00 e d\u00e1 outras provid\u00eancias."}, {"id": "14800", "ano": "2023", "numero": "35", "tipo__sigla": "PLO", "tipo__descricao": "Projeto de Lei Ordin\u00e1ria", "autoria": "Prefeito do Munic\u00edpio", "texto_original": "http://sapl.adamantina.sp.leg.br/media/sapl/public/materialegislativa/2023/14800/50a_projeto_de_lei_035_m_051_-_abertura_de_credito_suplementar_unifai_-_r_805.00000.pdf", "ementa": "Disp\u00f5e sobre autoriza\u00e7\u00e3o para abertura de cr\u00e9dito adicional suplementar ao Or\u00e7amento da Prefeitura do Munic\u00edpio de Adamantina no valor total de R$ 805.000,00 (oitocentos e cinco mil reais)."}, {"id": "14801", "ano": "2023", "numero": "36", "tipo__sigla": "PLO", "tipo__descricao": "Projeto de Lei Ordin\u00e1ria", "autoria": "Prefeito do Munic\u00edpio", "texto_original": "http://sapl.adamantina.sp.leg.br/media/sapl/public/materialegislativa/2023/14801/50a_projeto_de_lei_036_m_052_-_repasse_sta_casa_r_81.26761_mac_estadual_proc_cirur_res_45_e_49-23.pdf", "ementa": "Disp\u00f5e sobre autoriza\u00e7\u00e3o para a Prefeitura do Munic\u00edpio de Adamantina abrir cr\u00e9dito adicional suplementar e repassar \u00e0 Associa\u00e7\u00e3o Lar S\u00e3o Francisco de Assis na Provid\u00eancia de Deus \u2013 Santa Casa de Adamantina, aux\u00edlio financeiro e emergencial e d\u00e1 outras provid\u00eancias."}, {"id": "14802", "ano": "2023", "numero": "37", "tipo__sigla": "PLO", "tipo__descricao": "Projeto de Lei Ordin\u00e1ria", "autoria": "Prefeito do Munic\u00edpio", "texto_original": "http://sapl.adamantina.sp.leg.br/media/sapl/public/materialegislativa/2023/14802/50a_projeto_de_lei_037_m_055_-_abertura_de_credito_r_35.15300__-_saude_vacinacao.pdf", "ementa": "Disp\u00f5e sobre autoriza\u00e7\u00e3o para a abertura de cr\u00e9dito adicional suplementar ao or\u00e7amento da Prefeitura de Adamantina no valor de R$ 35.153,00 e d\u00e1 outras provid\u00eancias."}, {"id": "14849", "ano": "2023", "numero": "38", "tipo__sigla": "PLO", "tipo__descricao": "Projeto de Lei Ordin\u00e1ria", "autoria": "Prefeito do Munic\u00edpio", "texto_original": "http://sapl.adamantina.sp.leg.br/media/sapl/public/materialegislativa/2023/14849/51a_projeto_de_lei_038_m_056_-_diretrizes_orcamentarias_-_ldo_2024.pdf", "ementa": "Disp\u00f5e sobre as Diretrizes Or\u00e7ament\u00e1rias para Elabora\u00e7\u00e3o e Execu\u00e7\u00e3o da Lei Or\u00e7ament\u00e1ria para o Exerc\u00edcio Financeiro de 2024 e d\u00e1 outras provid\u00eancias."}, {"id": "14850", "ano": "2023", "numero": "39", "tipo__sigla": "PLO", "tipo__descricao": "Projeto de Lei Ordin\u00e1ria", "autoria": "Aguinaldo Pires Galv\u00e3o, BIGODE, PAULO CERVELHEIRA", "texto_original": "http://sapl.adamantina.sp.leg.br/media/sapl/public/materialegislativa/2023/14850/51a_projeto_de_lei_039_aguinaldo_e_outros_-_denomina_ruas_monte_siao.pdf", "ementa": "Disp\u00f5e sobre denomina\u00e7\u00e3o de pr\u00f3prios p\u00fablicos do Residencial Monte Si\u00e3o"}, {"id": "14851", "ano": "2023", "numero": "40", "tipo__sigla": "PLO", "tipo__descricao": "Projeto de Lei Ordin\u00e1ria", "autoria": "Prefeito do Munic\u00edpio", "texto_original": "http://sapl.adamantina.sp.leg.br/media/sapl/public/materialegislativa/2023/14851/51a_projeto_de_lei_040_m_057_-_pdv_unifai.pdf", "ementa": "Institui o Programa de Desligamento Volunt\u00e1rio \u2013 PDV no \u00e2mbito do Centro Universit\u00e1rio de Adamantina \u2013 UNIFAI e d\u00e1 outras provid\u00eancias."}, {"id": "14852", "ano": "2023", "numero": "41", "tipo__sigla": "PLO", "tipo__descricao": "Projeto de Lei Ordin\u00e1ria", "autoria": "Prefeito do Munic\u00edpio", "texto_original": "http://sapl.adamantina.sp.leg.br/media/sapl/public/materialegislativa/2023/14852/51a_projeto_de_lei_041_m_058_-_aditivo_termo_de_colaboracao_unifai_e_sta_ccasa_-_res._magnetica_r_74.51854.pdf", "ementa": "Disp\u00f5e sobre autoriza\u00e7\u00e3o para repasse e aditamento ao Termo de Colabora\u00e7\u00e3o celebrado entre o Centro Universit\u00e1rio de Adamantina e a Associa\u00e7\u00e3o Lar S\u00e3o Francisco de Assis na Provid\u00eancia de Deus (Santa Casa de Adamantina)."}, {"id": "14853", "ano": "2023", "numero": "42", "tipo__sigla": "PLO", "tipo__descricao": "Projeto de Lei Ordin\u00e1ria", "autoria": "Prefeito do Munic\u00edpio", "texto_original": "http://sapl.adamantina.sp.leg.br/media/sapl/public/materialegislativa/2023/14853/51a_projeto_de_lei_042_m_059_-_altera_a_lei_n._4.187_-_honorario_sucumbencia_unifai.pdf", "ementa": "Altera a Lei n\u00ba 4.187, de 14 de dezembro de 2022, nos termos que especifica, e d\u00e1 outras provid\u00eancias."}, {"id": "14854", "ano": "2023", "numero": "43", "tipo__sigla": "PLO", "tipo__descricao": "Projeto de Lei Ordin\u00e1ria", "autoria": "Prefeito do Munic\u00edpio", "texto_original": "http://sapl.adamantina.sp.leg.br/media/sapl/public/materialegislativa/2023/14854/51a_projeto_de_lei_043_m_061-_autoriza_reembolso_publicacao_artigo_cientifico_docentes_unifai.pdf", "ementa": "Disp\u00f5e sobre autoriza\u00e7\u00e3o para que o Centro Universit\u00e1rio de Adamantina reembolse, a t\u00edtulo de ajuda de custo, despesas com publica\u00e7\u00e3o de artigos cient\u00edficos aos docentes e d\u00e1 outras provid\u00eancias."}, {"id": "14855", "ano": "2023", "numero": "44", "tipo__sigla": "PLO", "tipo__descricao": "Projeto de Lei Ordin\u00e1ria", "autoria": "Prefeito do Munic\u00edpio", "texto_original": "http://sapl.adamantina.sp.leg.br/media/sapl/public/materialegislativa/2023/14855/51a_projeto_de_lei_044_m_062_-_abertuta_de_credito_saude_-r_1_45465053_-_portaria_gm-ms__443_23.pdf", "ementa": "Disp\u00f5e sobre autoriza\u00e7\u00e3o para a abertura cr\u00e9dito adicional suplementar ao or\u00e7amento da Prefeitura de Adamantina no valor de R$ 1.454.650,53 e d\u00e1 outras provid\u00eancias."}, {"id": "14856", "ano": "2023", "numero": "45", "tipo__sigla": "PLO", "tipo__descricao": "Projeto de Lei Ordin\u00e1ria", "autoria": "Prefeito do Munic\u00edpio", "texto_original": "http://sapl.adamantina.sp.leg.br/media/sapl/public/materialegislativa/2023/14856/51a_projeto_de_lei_045_m_063_-_abertura_de_credito_especial_r_150.00000_-_emenda_fausto_pinato.pdf", "ementa": "Disp\u00f5e sobre autoriza\u00e7\u00e3o para abertura de cr\u00e9dito especial ao Or\u00e7amento da Prefeitura do Munic\u00edpio de Adamantina no valor total de R$ 150.000,00 e d\u00e1 outras provid\u00eancias."}, {"id": "14857", "ano": "2023", "numero": "46", "tipo__sigla": "PLO", "tipo__descricao": "Projeto de Lei Ordin\u00e1ria", "autoria": "Prefeito do Munic\u00edpio", "texto_original": "http://sapl.adamantina.sp.leg.br/media/sapl/public/materialegislativa/2023/14857/51a_projeto_de_lei_046_m_064_-_abertura_de_credito_especial_unifai_-_r_1.000.00000.pdf", "ementa": "Disp\u00f5e sobre autoriza\u00e7\u00e3o para abertura de cr\u00e9dito especial ao Or\u00e7amento da Prefeitura do Munic\u00edpio de Adamantina no valor total de R$ 1.000.000,00 (um milh\u00e3o de reais)."}, {"id": "14858", "ano": "2023", "numero": "47", "tipo__sigla": "PLO", "tipo__descricao": "Projeto de Lei Ordin\u00e1ria", "autoria": "Prefeito do Munic\u00edpio", "texto_original": "http://sapl.adamantina.sp.leg.br/media/sapl/public/materialegislativa/2023/14858/51a_projeto_de_lei_047_m_065_-_altera_lei_4169__-_concessao_bolsa_de_estudos_unifai_altera_valor_bolsa_iniciacao_cient..pdf", "ementa": "Altera a Lei n. 4.169, de 26 de outubro de 2022, nos termos que especifica, e d\u00e1 outras provid\u00eancias."}, {"id": "14859", "ano": "2023", "numero": "48", "tipo__sigla": "PLO", "tipo__descricao": "Projeto de Lei Ordin\u00e1ria", "autoria": "Prefeito do Munic\u00edpio", "texto_original": "http://sapl.adamantina.sp.leg.br/media/sapl/public/materialegislativa/2023/14859/51a_projeto_de_lei_048_m_060_-altera_lei_3610_-_mais_medicos_-_aumenta_valor_auxilio.pdf", "ementa": "Disp\u00f5e sobre altera\u00e7\u00e3o da Lei 3.610, de 06 de junho de 2014."}, {"id": "14860", "ano": "2023", "numero": "49", "tipo__sigla": "PLO", "tipo__descricao": "Projeto de Lei Ordin\u00e1ria", "autoria": "Prefeito do Munic\u00edpio", "texto_original": "http://sapl.adamantina.sp.leg.br/media/sapl/public/materialegislativa/2023/14860/51a_projeto_de_lei_049_m_067_-_abertura_credito_especial_-_vig_socioassistencia.pdf", "ementa": "Disp\u00f5e sobre autoriza\u00e7\u00e3o para abertura de cr\u00e9dito especial ao Or\u00e7amento da Prefeitura do Munic\u00edpio de Adamantina no valor total de R$ 34.720,00 e d\u00e1 outras provid\u00eancias."}, {"id": "14861", "ano": "2023", "numero": "50", "tipo__sigla": "PLO", "tipo__descricao": "Projeto de Lei Ordin\u00e1ria", "autoria": "ALCIO IKEDA, BIGODE, PAULO CERVELHEIRA", "texto_original": "http://sapl.adamantina.sp.leg.br/media/sapl/public/materialegislativa/2023/14861/51a_projeto_de_lei_050_-_alcio_e_outros_altera_lei_das_doulas.pdf", "ementa": "Disp\u00f5e sobre a altera\u00e7\u00e3o da Lei n\u00ba 4.228 de 26 de maio de 2023 que disp\u00f5e sobre a presen\u00e7a de profissionais Doulas durante o parto nas maternidades e hospitais do Munic\u00edpio de Adamantina e d\u00e1 outras provid\u00eancias."}, {"id": "14862", "ano": "2023", "numero": "51", "tipo__sigla": "PLO", "tipo__descricao": "Projeto de Lei Ordin\u00e1ria", "autoria": "Prefeito do Munic\u00edpio", "texto_original": "http://sapl.adamantina.sp.leg.br/media/sapl/public/materialegislativa/2023/14862/51a_projeto_de_lei_051_m_068-_dispoe_o_sistema_municipal_de_cultura.pdf", "ementa": "Disp\u00f5e sobre o Sistema Municipal de Cultura do Munic\u00edpio de Adamantina e d\u00e1 outras provid\u00eancias."}, {"id": "14960", "ano": "2023", "numero": "52", "tipo__sigla": "PLO", "tipo__descricao": "Projeto de Lei Ordin\u00e1ria", "autoria": "Prefeito do Munic\u00edpio", "texto_original": "http://sapl.adamantina.sp.leg.br/media/sapl/public/materialegislativa/2023/14960/53a_projeto_de_lei_052_m_070_-_abertura_de_credito_r_113.00000_-_pranchas_para_pontes.pdf", "ementa": "Disp\u00f5e sobre autoriza\u00e7\u00e3o para abertura de cr\u00e9dito adicional suplementar ao Or\u00e7amento da Prefeitura do Munic\u00edpio de Adamantina no valor total de R$ 113.000,00 e d\u00e1 outras provid\u00eancias."}, {"id": "14961", "ano": "2023", "numero": "53", "tipo__sigla": "PLO", "tipo__descricao": "Projeto de Lei Ordin\u00e1ria", "autoria": "Prefeito do Munic\u00edpio", "texto_original": "http://sapl.adamantina.sp.leg.br/media/sapl/public/materialegislativa/2023/14961/53a_projeto_de_lei_053_m_071_-_abertura_de_credito_r_267.88407_-_calcadas_acessiveis.pdf", "ementa": "Disp\u00f5e sobre autoriza\u00e7\u00e3o para abertura de cr\u00e9dito adicional suplementar ao Or\u00e7amento da Prefeitura do Munic\u00edpio de Adamantina no valor total de R$ 267.884,07 e d\u00e1 outras provid\u00eancias."}, {"id": "14962", "ano": "2023", "numero": "54", "tipo__sigla": "PLO", "tipo__descricao": "Projeto de Lei Ordin\u00e1ria", "autoria": "Prefeito do Munic\u00edpio", "texto_original": "http://sapl.adamantina.sp.leg.br/media/sapl/public/materialegislativa/2023/14962/53a_projeto_de_lei_054_m_072_-_abertura_de_credito_r_220.00000-_materiais_grama_sintetica.pdf", "ementa": "Disp\u00f5e sobre autoriza\u00e7\u00e3o para abertura de cr\u00e9dito adicional suplementar ao Or\u00e7amento da Prefeitura do Munic\u00edpio de Adamantina no valor total de R$ 191.000,00 e d\u00e1 outras provid\u00eancias."}, {"id": "14963", "ano": "2023", "numero": "55", "tipo__sigla": "PLO", "tipo__descricao": "Projeto de Lei Ordin\u00e1ria", "autoria": "Prefeito do Munic\u00edpio", "texto_original": "http://sapl.adamantina.sp.leg.br/media/sapl/public/materialegislativa/2023/14963/53a_projeto_de_lei_055_m_073_-_abertura_de_credito_r_r_280.00000_-_merenda.pdf", "ementa": "Disp\u00f5e sobre autoriza\u00e7\u00e3o para abertura de cr\u00e9dito adicional suplementar ao Or\u00e7amento da Prefeitura do Munic\u00edpio de Adamantina no valor total de R$ 280.000,00 e d\u00e1 outras provid\u00eancias."}, {"id": "14964", "ano": "2023", "numero": "56", "tipo__sigla": "PLO", "tipo__descricao": "Projeto de Lei Ordin\u00e1ria", "autoria": "Prefeito do Munic\u00edpio", "texto_original": "http://sapl.adamantina.sp.leg.br/media/sapl/public/materialegislativa/2023/14964/53a_projeto_de_lei_056_m_074_-_autoriza_repassar_para_sta_casa_r_56.89206_mac_proc._cirururgico_res._ss_-_179.pdf", "ementa": "Disp\u00f5e sobre autoriza\u00e7\u00e3o para a Prefeitura do Munic\u00edpio de Adamantina abrir cr\u00e9dito adicional suplementar e repassar \u00e0 Associa\u00e7\u00e3o Lar S\u00e3o Francisco de Assis na Provid\u00eancia de Deus \u2013 Santa Casa de Adamantina, aux\u00edlio financeiro e emergencial e d\u00e1 outras provid\u00eancias."}, {"id": "14965", "ano": "2023", "numero": "57", "tipo__sigla": "PLO", "tipo__descricao": "Projeto de Lei Ordin\u00e1ria", "autoria": "Prefeito do Munic\u00edpio", "texto_original": "http://sapl.adamantina.sp.leg.br/media/sapl/public/materialegislativa/2023/14965/53a_projeto_de_lei_057_m_075_-_abertura_de_credito_r_62.10000_-_irrigacao_gramado_do_estadio.pdf", "ementa": "Disp\u00f5e sobre autoriza\u00e7\u00e3o para abertura de cr\u00e9dito adicional suplementar ao Or\u00e7amento da Prefeitura do Munic\u00edpio de Adamantina no valor total de R$ 62.100,00 e d\u00e1 outras provid\u00eancias."}, {"id": "14966", "ano": "2023", "numero": "58", "tipo__sigla": "PLO", "tipo__descricao": "Projeto de Lei Ordin\u00e1ria", "autoria": "Prefeito do Munic\u00edpio", "texto_original": "http://sapl.adamantina.sp.leg.br/media/sapl/public/materialegislativa/2023/14966/53a_projeto_de_lei_058_m_077_-_abertura_de_credito_-_r_r_139.91401-_assit__social_-_serv._acolhimento_a_mulher.pdf", "ementa": "Disp\u00f5e sobre autoriza\u00e7\u00e3o para abertura de cr\u00e9dito adicional especial ao Or\u00e7amento da Prefeitura do Munic\u00edpio de Adamantina no valor total de R$ 139.914,01 e d\u00e1 outras provid\u00eancias."}, {"id": "15004", "ano": "2023", "numero": "59", "tipo__sigla": "PLO", "tipo__descricao": "Projeto de Lei Ordin\u00e1ria", "autoria": "Prefeito do Munic\u00edpio", "texto_original": "http://sapl.adamantina.sp.leg.br/media/sapl/public/materialegislativa/2023/15004/54a_projeto_de_lei_059_m_078_-_abertura_de_credito_-_r_408.00000_-_convenio_transporte.pdf", "ementa": "Disp\u00f5e sobre autoriza\u00e7\u00e3o para abertura de cr\u00e9dito adicional suplementar ao Or\u00e7amento da Prefeitura do Munic\u00edpio de Adamantina no valor total de R$ 408.000,00 e d\u00e1 outras provid\u00eancias."}, {"id": "15005", "ano": "2023", "numero": "60", "tipo__sigla": "PLO", "tipo__descricao": "Projeto de Lei Ordin\u00e1ria", "autoria": "Prefeito do Munic\u00edpio", "texto_original": "http://sapl.adamantina.sp.leg.br/media/sapl/public/materialegislativa/2023/15005/54a_projeto_de_lei_060_m_079_-__abertura_de_credito_-_r_30.00000_-_agricultura.pdf", "ementa": "Disp\u00f5e sobre autoriza\u00e7\u00e3o para abertura de cr\u00e9dito adicional suplementar ao Or\u00e7amento da Prefeitura do Munic\u00edpio de Adamantina no valor total de R$ 30.000,00 e d\u00e1 outras provid\u00eancias."}, {"id": "15006", "ano": "2023", "numero": "61", "tipo__sigla": "PLO", "tipo__descricao": "Projeto de Lei Ordin\u00e1ria", "autoria": "Prefeito do Munic\u00edpio", "texto_original": "http://sapl.adamantina.sp.leg.br/media/sapl/public/materialegislativa/2023/15006/54a_projeto_de_lei_061_m_080_-_abertura_de_credito_-_r_66.09403__-_repasse_santa_casa_-_portaria_gm_-_ms_90-2023.pdf", "ementa": "Disp\u00f5e sobre autoriza\u00e7\u00e3o para a Prefeitura do Munic\u00edpio de Adamantina abrir cr\u00e9dito adicional suplementar e repassar \u00e0 Associa\u00e7\u00e3o Lar S\u00e3o Francisco de Assis na Provid\u00eancia de Deus \u2013 Santa Casa de Adamantina, aux\u00edlio financeiro federal e d\u00e1 outras provid\u00eancias."}, {"id": "15048", "ano": "2023", "numero": "62", "tipo__sigla": "PLO", "tipo__descricao": "Projeto de Lei Ordin\u00e1ria", "autoria": "Prefeito do Munic\u00edpio", "texto_original": "http://sapl.adamantina.sp.leg.br/media/sapl/public/materialegislativa/2023/15048/55a_projeto_de_lei_062_m_081_-_sta_casa_r27.35618_mac_estadual_proc._cirur_-_res_ss_82.pdf", "ementa": "Disp\u00f5e sobre autoriza\u00e7\u00e3o para a Prefeitura do Munic\u00edpio de Adamantina abrir cr\u00e9dito adicional suplementar e repassar \u00e0 Associa\u00e7\u00e3o Lar S\u00e3o Francisco de Assis na Provid\u00eancia de Deus \u2013 Santa Casa de Adamantina, aux\u00edlio financeiro e emergencial e d\u00e1 outras provid\u00eancias."}, {"id": "15049", "ano": "2023", "numero": "63", "tipo__sigla": "PLO", "tipo__descricao": "Projeto de Lei Ordin\u00e1ria", "autoria": "Prefeito do Munic\u00edpio", "texto_original": "http://sapl.adamantina.sp.leg.br/media/sapl/public/materialegislativa/2023/15049/55a_projeto_de_lei_063_m_082_-_repasse_r_36.18090_para_apae.pdf", "ementa": "Disp\u00f5e sobre autoriza\u00e7\u00e3o para que a Prefeitura do Munic\u00edpio de Adamantina possa abrir cr\u00e9dito e repassar para a Associa\u00e7\u00e3o de Pais e Amigos do Excepcional \u2013 APAE Adamantina, e d\u00e1 outras provid\u00eancias."}, {"id": "15050", "ano": "2023", "numero": "64", "tipo__sigla": "PLO", "tipo__descricao": "Projeto de Lei Ordin\u00e1ria", "autoria": "Prefeito do Munic\u00edpio", "texto_original": "http://sapl.adamantina.sp.leg.br/media/sapl/public/materialegislativa/2023/15050/55a_projeto_de_lei_064_m_083_-_repasse_r24.03810_carlos_pegoraro.pdf", "ementa": "Disp\u00f5e sobre autoriza\u00e7\u00e3o para a Prefeitura do Munic\u00edpio de Adamantina abrir cr\u00e9dito adicional suplementar, repassar recurso para a Institui\u00e7\u00e3o Solid\u00e1ria Carlos Pegoraro e d\u00e1 outras provid\u00eancias."}, {"id": "15051", "ano": "2023", "numero": "65", "tipo__sigla": "PLO", "tipo__descricao": "Projeto de Lei Ordin\u00e1ria", "autoria": "Prefeito do Munic\u00edpio", "texto_original": "http://sapl.adamantina.sp.leg.br/media/sapl/public/materialegislativa/2023/15051/55a_projeto_de_lei_065_m_084_-_abertura_de_credito_r_350.00000_-_emendas_dep_miguel_lombardi_e_enrico_misasi.pdf", "ementa": "Disp\u00f5e sobre autoriza\u00e7\u00e3o para a Prefeitura do Munic\u00edpio de Adamantina abrir cr\u00e9dito adicional suplementar e repassar ao Instituto de Assist\u00eancia ao Menor de Adamantina - IAMA, Lar Crist\u00e3o de Meninas de Adamantina e Lar dos Velhos Obra Unida a S\u00e3o Vicente de Paula, subven\u00e7\u00e3o no valor total de R$ 350.000,00 e d\u00e1 outras provid\u00eancias."}, {"id": "15052", "ano": "2023", "numero": "66", "tipo__sigla": "PLO", "tipo__descricao": "Projeto de Lei Ordin\u00e1ria", "autoria": "Prefeito do Munic\u00edpio", "texto_original": "http://sapl.adamantina.sp.leg.br/media/sapl/public/materialegislativa/2023/15052/55a_projeto_de_lei_066_m_085_-_abertura_de_credito_suplementar_unifai_-_r_r_4.410.00000.pdf", "ementa": "Disp\u00f5e sobre autoriza\u00e7\u00e3o para abertura de cr\u00e9dito adicional suplementar ao Or\u00e7amento da Prefeitura do Munic\u00edpio de Adamantina no valor total de R$ 4.410.000,00 (quatro milh\u00f5es, quatrocentos e dez mil reais)."}, {"id": "15053", "ano": "2023", "numero": "67", "tipo__sigla": "PLO", "tipo__descricao": "Projeto de Lei Ordin\u00e1ria", "autoria": "Prefeito do Munic\u00edpio", "texto_original": "http://sapl.adamantina.sp.leg.br/media/sapl/public/materialegislativa/2023/15053/55a_projeto_de_lei_067_m_086_-_abertura_de_credito_saude_r_450.00000_-_teto_mac.pdf", "ementa": "Disp\u00f5e sobre autoriza\u00e7\u00e3o para abertura de cr\u00e9dito adicional suplementar ao Or\u00e7amento da Prefeitura do Munic\u00edpio de Adamantina no valor total de R$ 450.000,00 e d\u00e1 outras provid\u00eancias."}, {"id": "15096", "ano": "2023", "numero": "68", "tipo__sigla": "PLO", "tipo__descricao": "Projeto de Lei Ordin\u00e1ria", "autoria": "Prefeito do Munic\u00edpio", "texto_original": "http://sapl.adamantina.sp.leg.br/media/sapl/public/materialegislativa/2023/15096/56_projeto_de_lei_068_m_089_-_dispoe_o_conselho_municipal_de_promocao_e_igualdade_racial.pdf", "ementa": "Disp\u00f5e sobre a cria\u00e7\u00e3o do Conselho Municipal da Promo\u00e7\u00e3o da Igualdade Racial e d\u00e1 outras provid\u00eancias."}, {"id": "15132", "ano": "2023", "numero": "69", "tipo__sigla": "PLO", "tipo__descricao": "Projeto de Lei Ordin\u00e1ria", "autoria": "Prefeito do Munic\u00edpio", "texto_original": "http://sapl.adamantina.sp.leg.br/media/sapl/public/materialegislativa/2023/15132/57a_projeto_de_lei_069_m_090_-_abertura_de_credito_especial_assit_social_-_gestao_vig_socio_assist._r_12.00000.pdf", "ementa": "Disp\u00f5e sobre autoriza\u00e7\u00e3o para abertura de cr\u00e9dito adicional especial ao Or\u00e7amento da Prefeitura do Munic\u00edpio de Adamantina no valor total de R$ 12.000,00 e d\u00e1 outras provid\u00eancias."}, {"id": "15133", "ano": "2023", "numero": "70", "tipo__sigla": "PLO", "tipo__descricao": "Projeto de Lei Ordin\u00e1ria", "autoria": "Prefeito do Munic\u00edpio", "texto_original": "http://sapl.adamantina.sp.leg.br/media/sapl/public/materialegislativa/2023/15133/57a_projeto_de_lei_070_m_092_-_piso_enfermagem_cnm.pdf", "ementa": "Autoriza o Poder Executivo a repassar recursos recebidos da Uni\u00e3o para cumprimento da assist\u00eancia financeira complementar de que trata a Emenda Constitucional 127/2022 e d\u00e1 outras providencias."}, {"id": "15134", "ano": "2023", "numero": "71", "tipo__sigla": "PLO", "tipo__descricao": "Projeto de Lei Ordin\u00e1ria", "autoria": "Prefeito do Munic\u00edpio", "texto_original": "http://sapl.adamantina.sp.leg.br/media/sapl/public/materialegislativa/2023/15134/57a_projeto_de_lei_071_m_093_-_dispoe_sobre_proibicao_de_queimadas_urbanas.pdf", "ementa": "Disp\u00f5e sobre a proibi\u00e7\u00e3o de queimadas urbanas no Munic\u00edpio de Adamantina, estabelece penalidades e d\u00e1 outras provid\u00eancias."}, {"id": "15135", "ano": "2023", "numero": "72", "tipo__sigla": "PLO", "tipo__descricao": "Projeto de Lei Ordin\u00e1ria", "autoria": "Prefeito do Munic\u00edpio", "texto_original": "http://sapl.adamantina.sp.leg.br/media/sapl/public/materialegislativa/2023/15135/57a_projeto_de_lei_072_m_091_-__ratifica_convalidacao_contrato_consorcio_amnap.pdf", "ementa": "Ratifica as altera\u00e7\u00f5es realizadas no protocolo de inten\u00e7\u00f5es convertido no contrato de cons\u00f3rcio p\u00fablico do cons\u00f3rcio intermunicipal multifinalit\u00e1rio dos munic\u00edpios da AMNAP \u2013 CIM-AMNAP, e d\u00e1 outras provid\u00eancias."}, {"id": "15170", "ano": "2023", "numero": "73", "tipo__sigla": "PLO", "tipo__descricao": "Projeto de Lei Ordin\u00e1ria", "autoria": "Prefeito do Munic\u00edpio", "texto_original": "http://sapl.adamantina.sp.leg.br/media/sapl/public/materialegislativa/2023/15170/58a_projeto_de_lei_073_m_094_-_abertura_de_credito_especial__-_r_143.00000_-_servico_de_acolhimento_a_mulher.pdf", "ementa": "Disp\u00f5e sobre autoriza\u00e7\u00e3o para abertura de cr\u00e9dito adicional especial ao Or\u00e7amento da Prefeitura do Munic\u00edpio de Adamantina no valor total de R$ 143.000,00 e d\u00e1 outras provid\u00eancias."}, {"id": "15171", "ano": "2023", "numero": "74", "tipo__sigla": "PLO", "tipo__descricao": "Projeto de Lei Ordin\u00e1ria", "autoria": "Prefeito do Munic\u00edpio", "texto_original": "http://sapl.adamantina.sp.leg.br/media/sapl/public/materialegislativa/2023/15171/58a_projeto_de_lei_074_m_095_-_abertura_de_credito_especial_r_323.37178_-_lei_paulo_gustavo.pdf", "ementa": "Disp\u00f5e sobre autoriza\u00e7\u00e3o para abertura de cr\u00e9dito adicional especial ao Or\u00e7amento da Prefeitura do Munic\u00edpio de Adamantina no valor total de R$ 323.371,78 e d\u00e1 outras provid\u00eancias."}, {"id": "15172", "ano": "2023", "numero": "75", "tipo__sigla": "PLO", "tipo__descricao": "Projeto de Lei Ordin\u00e1ria", "autoria": "Prefeito do Munic\u00edpio", "texto_original": "http://sapl.adamantina.sp.leg.br/media/sapl/public/materialegislativa/2023/15172/58a_projeto_de_lei_075_m_096_-_abertura_de_credito_-_r_1.778.40000_-_vencimento_e_vantagens.pdf", "ementa": "Disp\u00f5e sobre autoriza\u00e7\u00e3o para abertura de cr\u00e9dito adicional suplementar ao Or\u00e7amento da Prefeitura do Munic\u00edpio de Adamantina no valor total de R$ 1.778.400,00 e d\u00e1 outras provid\u00eancias."}, {"id": "15173", "ano": "2023", "numero": "76", "tipo__sigla": "PLO", "tipo__descricao": "Projeto de Lei Ordin\u00e1ria", "autoria": "Prefeito do Munic\u00edpio", "texto_original": "http://sapl.adamantina.sp.leg.br/media/sapl/public/materialegislativa/2023/15173/58a_projeto_de_lei_076_m_097_-_dispoe_sobre_o_prolongamento_da_rua_santa_catarina.pdf", "ementa": "Disp\u00f5e sobre o prolongamento da Rua Santa Catarina e d\u00e1 outras provid\u00eancias."}, {"id": "15174", "ano": "2023", "numero": "77", "tipo__sigla": "PLO", "tipo__descricao": "Projeto de Lei Ordin\u00e1ria", "autoria": "Prefeito do Munic\u00edpio", "texto_original": "http://sapl.adamantina.sp.leg.br/media/sapl/public/materialegislativa/2023/15174/58a_projeto_de_lei_077_m_098_-_desafetacao_areas_lc_421_422_423_e_424_-_investiduras.pdf", "ementa": "Disp\u00f5e sobre a transforma\u00e7\u00e3o das \u00e1reas descritas e d\u00e1 outras provid\u00eancias"}, {"id": "15216", "ano": "2023", "numero": "78", "tipo__sigla": "PLO", "tipo__descricao": "Projeto de Lei Ordin\u00e1ria", "autoria": "Prefeito do Munic\u00edpio", "texto_original": "http://sapl.adamantina.sp.leg.br/media/sapl/public/materialegislativa/2023/15216/59a_projeto_de_lei_078_m_099_-_abertura_de_credito_suplementar_r_100.00000_-_assistencia.pdf", "ementa": "Disp\u00f5e sobre autoriza\u00e7\u00e3o para abertura de cr\u00e9dito adicional suplementar ao Or\u00e7amento da Prefeitura do Munic\u00edpio de Adamantina no valor total de R$ 100.000,00 e d\u00e1 outras provid\u00eancias."}, {"id": "15217", "ano": "2023", "numero": "79", "tipo__sigla": "PLO", "tipo__descricao": "Projeto de Lei Ordin\u00e1ria", "autoria": "Prefeito do Munic\u00edpio", "texto_original": "http://sapl.adamantina.sp.leg.br/media/sapl/public/materialegislativa/2023/15217/59a_projeto_de_lei_079_m_101_-_repasse_clinica_pai_nosso_lar_r_100_00000_-_portaria_gm_-_ms_544-2023.pdf", "ementa": "Disp\u00f5e sobre autoriza\u00e7\u00e3o para a Prefeitura do Munic\u00edpio de Adamantina abrir cr\u00e9dito adicional suplementar e repassar \u00e0 Clinica de Repouso Nosso Lar de Adamantina, aux\u00edlio financeiro federal e d\u00e1 outras provid\u00eancias."}, {"id": "15218", "ano": "2023", "numero": "80", "tipo__sigla": "PLO", "tipo__descricao": "Projeto de Lei Ordin\u00e1ria", "autoria": "Prefeito do Munic\u00edpio", "texto_original": "http://sapl.adamantina.sp.leg.br/media/sapl/public/materialegislativa/2023/15218/59a_projeto_de_lei_080_m_102_-_abertura_de_credito_especial_unifai_-_r__70.00000.pdf", "ementa": "Disp\u00f5e sobre autoriza\u00e7\u00e3o para abertura de cr\u00e9dito especial ao Or\u00e7amento da Prefeitura do Munic\u00edpio de Adamantina no valor total de R$ 70.000,00 (setenta mil reais)."}, {"id": "15219", "ano": "2023", "numero": "81", "tipo__sigla": "PLO", "tipo__descricao": "Projeto de Lei Ordin\u00e1ria", "autoria": "Prefeito do Munic\u00edpio", "texto_original": "http://sapl.adamantina.sp.leg.br/media/sapl/public/materialegislativa/2023/15219/59a_projeto_de_lei_081_m_103_-_abertura_de_credito_r_445.00000_campos_de_futebol_e_pdv.pdf", "ementa": "Disp\u00f5e sobre autoriza\u00e7\u00e3o para abertura de cr\u00e9dito adicional suplementar ao Or\u00e7amento da Prefeitura do Munic\u00edpio de Adamantina no valor total de R$ 445.000,00 e d\u00e1 outras provid\u00eancias."}, {"id": "15220", "ano": "2023", "numero": "82", "tipo__sigla": "PLO", "tipo__descricao": "Projeto de Lei Ordin\u00e1ria", "autoria": "Prefeito do Munic\u00edpio", "texto_original": "http://sapl.adamantina.sp.leg.br/media/sapl/public/materialegislativa/2023/15220/59a_projeto_de_lei_082_m_104_-_plano_de_demissao_voluntario_incentivado_-_pdv_-_outubro_1.pdf", "ementa": "Institui o Programa de Desligamento Volunt\u00e1rio Incentivado \u2013 PDVI, do Poder Executivo Municipal de Adamantina, Estado de S\u00e3o Paulo."}, {"id": "15262", "ano": "2023", "numero": "83", "tipo__sigla": "PLO", "tipo__descricao": "Projeto de Lei Ordin\u00e1ria", "autoria": "Prefeito do Munic\u00edpio", "texto_original": "http://sapl.adamantina.sp.leg.br/media/sapl/public/materialegislativa/2023/15262/59a_projeto_de_lei_083_m_105_-_abertura_de_credito_r_2.455.90000__varias_secretarias.pdf", "ementa": "Disp\u00f5e sobre autoriza\u00e7\u00e3o para abertura de cr\u00e9dito adicional suplementar ao Or\u00e7amento da Prefeitura do Munic\u00edpio de Adamantina no valor total de R$ 2.455.900,00 e d\u00e1 outras provid\u00eancias."}, {"id": "15263", "ano": "2023", "numero": "84", "tipo__sigla": "PLO", "tipo__descricao": "Projeto de Lei Ordin\u00e1ria", "autoria": "Prefeito do Munic\u00edpio", "texto_original": "http://sapl.adamantina.sp.leg.br/media/sapl/public/materialegislativa/2023/15263/59a_projeto_de_lei_084_m_106_-_abertura_de_credito_r_386.00000_-_merenda.pdf", "ementa": "Disp\u00f5e sobre autoriza\u00e7\u00e3o para abertura de cr\u00e9dito adicional suplementar ao Or\u00e7amento da Prefeitura do Munic\u00edpio de Adamantina no valor total de R$ 386.000,00 e d\u00e1 outras provid\u00eancias."}, {"id": "15264", "ano": "2023", "numero": "85", "tipo__sigla": "PLO", "tipo__descricao": "Projeto de Lei Ordin\u00e1ria", "autoria": "Prefeito do Munic\u00edpio", "texto_original": "http://sapl.adamantina.sp.leg.br/media/sapl/public/materialegislativa/2023/15264/59a_projeto_de_lei_085_m_107_-_repasse_cooperadam_r_r_59.00000.pdf", "ementa": "Disp\u00f5e sobre autoriza\u00e7\u00e3o para a Prefeitura do Munic\u00edpio de Adamantina repassar \u00e0 Cooperativa de Trabalho dos Catadores de Materiais Recicl\u00e1veis de Adamantina \u2013 COOPERADAM, recursos financeiros e d\u00e1 outras provid\u00eancias."}, {"id": "15265", "ano": "2023", "numero": "86", "tipo__sigla": "PLO", "tipo__descricao": "Projeto de Lei Ordin\u00e1ria", "autoria": "Prefeito do Munic\u00edpio", "texto_original": "http://sapl.adamantina.sp.leg.br/media/sapl/public/materialegislativa/2023/15265/59a_projeto_de_lei_086_m_108_-_abertura_de_credito_r_4.890.00000_-_saude_e_educacao_fundeb.pdf", "ementa": "Disp\u00f5e sobre autoriza\u00e7\u00e3o para abertura de cr\u00e9dito adicional suplementar ao Or\u00e7amento da Prefeitura do Munic\u00edpio de Adamantina no valor total de R$ 4.890.000,00 e d\u00e1 outras provid\u00eancias."}, {"id": "15267", "ano": "2023", "numero": "87", "tipo__sigla": "PLO", "tipo__descricao": "Projeto de Lei Ordin\u00e1ria", "autoria": "Prefeito do Munic\u00edpio", "texto_original": "http://sapl.adamantina.sp.leg.br/media/sapl/public/materialegislativa/2023/15267/60a_projeto_de_lei_087_m_109_-_concessao_subvencoes_e_contribuicoes_2024.pdf", "ementa": "Disp\u00f5e sobre concess\u00e3o de subven\u00e7\u00f5es, aux\u00edlios, contribui\u00e7\u00f5es e conv\u00eanios, termo de colabora\u00e7\u00e3o/fomento."}, {"id": "15268", "ano": "2023", "numero": "88", "tipo__sigla": "PLO", "tipo__descricao": "Projeto de Lei Ordin\u00e1ria", "autoria": "Prefeito do Munic\u00edpio", "texto_original": "http://sapl.adamantina.sp.leg.br/media/sapl/public/materialegislativa/2023/15268/60a_projeto_de_lei_088_m_110_-_loa_2024.pdf", "ementa": "Estima a Receita e Fixa a Despesa do Munic\u00edpio de Adamantina para o exerc\u00edcio de 2024."}, {"id": "15269", "ano": "2023", "numero": "89", "tipo__sigla": "PLO", "tipo__descricao": "Projeto de Lei Ordin\u00e1ria", "autoria": "Prefeito do Munic\u00edpio", "texto_original": "http://sapl.adamantina.sp.leg.br/media/sapl/public/materialegislativa/2023/15269/60a_projeto_de_lei_089_m_111_-_abertura_de_credito_saude_teto_mac_-_r_900.0000.pdf", "ementa": "Disp\u00f5e sobre autoriza\u00e7\u00e3o para abertura de cr\u00e9dito adicional suplementar ao Or\u00e7amento da Prefeitura do Munic\u00edpio de Adamantina no valor total de R$ 900.000,00 e d\u00e1 outras provid\u00eancias."}, {"id": "15299", "ano": "2023", "numero": "90", "tipo__sigla": "PLO", "tipo__descricao": "Projeto de Lei Ordin\u00e1ria", "autoria": "Aguinaldo Pires Galv\u00e3o, ALCIO IKEDA, PAULO CERVELHEIRA", "texto_original": "http://sapl.adamantina.sp.leg.br/media/sapl/public/materialegislativa/2023/15299/61a_projeto_de_lei_090_-_residencial_jardim_botanico.doc.pdf", "ementa": "Disp\u00f5e sobre denomina\u00e7\u00e3o de pr\u00f3prios p\u00fablicos do Residencial Jardim Bot\u00e2nico"}, {"id": "15300", "ano": "2023", "numero": "91", "tipo__sigla": "PLO", "tipo__descricao": "Projeto de Lei Ordin\u00e1ria", "autoria": "Prefeito do Munic\u00edpio", "texto_original": "http://sapl.adamantina.sp.leg.br/media/sapl/public/materialegislativa/2023/15300/61a_projeto_de_lei_091_m_112_-_pl_abono_natalino_aos_servidores.pdf", "ementa": "Disp\u00f5e sobre autoriza\u00e7\u00e3o para que o Chefe do Poder Executivo possa conceder abono especial aos servidores ativos e inativos da Administra\u00e7\u00e3o Direta do Munic\u00edpio de Adamantina e d\u00e1 outras provid\u00eancias."}, {"id": "15301", "ano": "2023", "numero": "92", "tipo__sigla": "PLO", "tipo__descricao": "Projeto de Lei Ordin\u00e1ria", "autoria": "Prefeito do Munic\u00edpio", "texto_original": "http://sapl.adamantina.sp.leg.br/media/sapl/public/materialegislativa/2023/15301/61a_projeto_de_lei_092_m_113_-_abertura_de_credito_r_645.00000_-_saude_assistencia_e_rcc.pdf", "ementa": "Disp\u00f5e sobre autoriza\u00e7\u00e3o para abertura de cr\u00e9dito adicional suplementar ao Or\u00e7amento da Prefeitura do Munic\u00edpio de Adamantina no valor total de R$ 645.000,00 e d\u00e1 outras provid\u00eancias."}, {"id": "15302", "ano": "2023", "numero": "93", "tipo__sigla": "PLO", "tipo__descricao": "Projeto de Lei Ordin\u00e1ria", "autoria": "Prefeito do Munic\u00edpio", "texto_original": "http://sapl.adamantina.sp.leg.br/media/sapl/public/materialegislativa/2023/15302/61a_projeto_de_lei_093_m_114_-_repasse_p_sta_casa_r500.00000.pdf", "ementa": "Disp\u00f5e sobre autoriza\u00e7\u00e3o para a Prefeitura do Munic\u00edpio de Adamantina abrir cr\u00e9dito adicional suplementar e repassar \u00e0 Associa\u00e7\u00e3o Lar S\u00e3o Francisco de Assis na Provid\u00eancia de Deus \u2013 Santa Casa de Adamantina, aux\u00edlio financeiro e d\u00e1 outras provid\u00eancias."}, {"id": "15303", "ano": "2023", "numero": "94", "tipo__sigla": "PLO", "tipo__descricao": "Projeto de Lei Ordin\u00e1ria", "autoria": "Prefeito do Munic\u00edpio", "texto_original": "http://sapl.adamantina.sp.leg.br/media/sapl/public/materialegislativa/2023/15303/61a_projeto_de_lei_094_m_115_-_abertura_de_credito_especial_unifai_-_r__1.650.00000.pdf", "ementa": "Disp\u00f5e sobre autoriza\u00e7\u00e3o para abertura de cr\u00e9dito especial ao Or\u00e7amento da Prefeitura do Munic\u00edpio de Adamantina no valor total de R$ 1.650.000,00 (um milh\u00e3o, seiscentos e cinquenta mil reais)."}, {"id": "15304", "ano": "2023", "numero": "95", "tipo__sigla": "PLO", "tipo__descricao": "Projeto de Lei Ordin\u00e1ria", "autoria": "Prefeito do Munic\u00edpio", "texto_original": "http://sapl.adamantina.sp.leg.br/media/sapl/public/materialegislativa/2023/15304/61a_projeto_de_lei_095_-_m_117_-_repasse_lar_dos_velhos_r100.00000.pdf", "ementa": "Disp\u00f5e sobre autoriza\u00e7\u00e3o para a Prefeitura do Munic\u00edpio de Adamantina abrir cr\u00e9dito adicional suplementar e repassar ao Lar dos Velhos Obra Unida a Sociedade de S\u00e3o Vicente de Paulo de Adamantina (Lar dos Velhos Adamantina), aux\u00edlio financeiro e d\u00e1 outras provid\u00eancias."}, {"id": "15305", "ano": "2023", "numero": "96", "tipo__sigla": "PLO", "tipo__descricao": "Projeto de Lei Ordin\u00e1ria", "autoria": "Prefeito do Munic\u00edpio", "texto_original": "http://sapl.adamantina.sp.leg.br/media/sapl/public/materialegislativa/2023/15305/61a_projeto_de_lei_096_-_m_118_-_autoriza_celebrar_convenio_lucelia_e_osvaldo_cruz_-_serv._acolhimento_a_mulher.pdf", "ementa": "Autoriza o Poder Executivo Municipal a celebrar conv\u00eanio com os Munic\u00edpios de Osvaldo Cruz e de Luc\u00e9lia, de forma espec\u00edfica, para a implanta\u00e7\u00e3o e execu\u00e7\u00e3o do servi\u00e7o de acolhimento institucional destinado \u00e0s mulheres  que  estejam vivenciando situa\u00e7\u00f5es de viol\u00eancia e d\u00e1 outras provid\u00eancias."}, {"id": "15306", "ano": "2023", "numero": "97", "tipo__sigla": "PLO", "tipo__descricao": "Projeto de Lei Ordin\u00e1ria", "autoria": "Prefeito do Munic\u00edpio", "texto_original": "http://sapl.adamantina.sp.leg.br/media/sapl/public/materialegislativa/2023/15306/61a_projeto_de_lei_097_-_m_119_-_autoriza_majorar__subsidio_tarifario_mensal_para_operacionalizacao_do_transporte_coletivo_-_3.pdf", "ementa": "Disp\u00f5e sobre a altera\u00e7\u00e3o da Lei Municipal n.\u00ba 3.958, de 19 de dezembro de 2019, que autoriza o Poder Executivo Municipal a instituir subs\u00eddio tarif\u00e1rio mensal para a operacionaliza\u00e7\u00e3o dos servi\u00e7os de transporte coletivo urbano no munic\u00edpio de Adamantina e d\u00e1 outras provid\u00eancias."}, {"id": "15339", "ano": "2023", "numero": "98", "tipo__sigla": "PLO", "tipo__descricao": "Projeto de Lei Ordin\u00e1ria", "autoria": "Prefeito do Munic\u00edpio", "texto_original": "http://sapl.adamantina.sp.leg.br/media/sapl/public/materialegislativa/2023/15339/62a_projeto_de_lei_098_m_120_-_repasse_clinica_pai_nosso_lar_r_80.00000_-_portaria_gm_-_ms_1_300-2023.pdf", "ementa": "Disp\u00f5e sobre autoriza\u00e7\u00e3o para a Prefeitura do Munic\u00edpio de Adamantina abrir cr\u00e9dito adicional suplementar e repassar \u00e0 Clinica de Repouso Nosso Lar de Adamantina, aux\u00edlio financeiro federal e d\u00e1 outras provid\u00eancias."}, {"id": "15340", "ano": "2023", "numero": "99", "tipo__sigla": "PLO", "tipo__descricao": "Projeto de Lei Ordin\u00e1ria", "autoria": "Prefeito do Munic\u00edpio", "texto_original": "http://sapl.adamantina.sp.leg.br/media/sapl/public/materialegislativa/2023/15340/62a_projeto_de_lei_099_m_121_-_abertura_de_credito__especial_-_academia_ao_ar_livre_r_42.00000.pdf", "ementa": "Disp\u00f5e sobre autoriza\u00e7\u00e3o para abertura de cr\u00e9dito adicional especial ao Or\u00e7amento da Prefeitura do Munic\u00edpio de Adamantina no valor total de R$ 42.000,00 e d\u00e1 outras provid\u00eancias."}, {"id": "15341", "ano": "2023", "numero": "100", "tipo__sigla": "PLO", "tipo__descricao": "Projeto de Lei Ordin\u00e1ria", "autoria": "Prefeito do Munic\u00edpio", "texto_original": "http://sapl.adamantina.sp.leg.br/media/sapl/public/materialegislativa/2023/15341/62a_projeto_de_lei_100_m_122_-_abertura_de_cred.__especial_vestiario_jd_brasil_r_251.00000.pdf", "ementa": "Disp\u00f5e sobre autoriza\u00e7\u00e3o para abertura de cr\u00e9dito adicional especial ao Or\u00e7amento da Prefeitura do Munic\u00edpio de Adamantina no valor total de R$ 251.000,00 e d\u00e1 outras provid\u00eancias."}, {"id": "15342", "ano": "2023", "numero": "101", "tipo__sigla": "PLO", "tipo__descricao": "Projeto de Lei Ordin\u00e1ria", "autoria": "Prefeito do Munic\u00edpio", "texto_original": "http://sapl.adamantina.sp.leg.br/media/sapl/public/materialegislativa/2023/15342/62a_projeto_de_lei_101_m_123_-_pl_abono_natalino_aos_servidores_unifai.pdf", "ementa": "Disp\u00f5e sobre autoriza\u00e7\u00e3o para que o Centro Universit\u00e1rio de Adamantina - UNIFAI possa conceder abono natalino especial aos servidores da institui\u00e7\u00e3o e d\u00e1 outras provid\u00eancias."}, {"id": "15343", "ano": "2023", "numero": "102", "tipo__sigla": "PLO", "tipo__descricao": "Projeto de Lei Ordin\u00e1ria", "autoria": "Prefeito do Munic\u00edpio", "texto_original": "http://sapl.adamantina.sp.leg.br/media/sapl/public/materialegislativa/2023/15343/62a_projeto_de_lei_102_m_124_-_abertura_de_credito_r_44.00000_-_transporte_educacao.pdf", "ementa": "Disp\u00f5e sobre autoriza\u00e7\u00e3o para abertura de cr\u00e9dito adicional suplementar ao Or\u00e7amento da Prefeitura do Munic\u00edpio de Adamantina no valor total de R$ 44.000,00 e d\u00e1 outras provid\u00eancias."}, {"id": "15344", "ano": "2023", "numero": "103", "tipo__sigla": "PLO", "tipo__descricao": "Projeto de Lei Ordin\u00e1ria", "autoria": "Prefeito do Munic\u00edpio", "texto_original": "http://sapl.adamantina.sp.leg.br/media/sapl/public/materialegislativa/2023/15344/62a_projeto_de_lei_103_m_126_-_abertura_de_credito_suplementar_-_convenio_polesportivo_r_91.00000.pdf", "ementa": "Disp\u00f5e sobre autoriza\u00e7\u00e3o para abertura de cr\u00e9dito adicional suplementar ao Or\u00e7amento da Prefeitura do Munic\u00edpio de Adamantina no valor total de R$ 91.000,00 e d\u00e1 outras provid\u00eancias."}, {"id": "15345", "ano": "2023", "numero": "104", "tipo__sigla": "PLO", "tipo__descricao": "Projeto de Lei Ordin\u00e1ria", "autoria": "Prefeito do Munic\u00edpio", "texto_original": "http://sapl.adamantina.sp.leg.br/media/sapl/public/materialegislativa/2023/15345/62a_projeto_de_lei_104_m_127_-_denomina_a_praca_celso_osmar_mastellini.pdf", "ementa": "Disp\u00f5e sobre a denomina\u00e7\u00e3o do Sistema de Lazer \u201cSr\u00ba Celso Osmar Mastellini \u201d."}, {"id": "15346", "ano": "2023", "numero": "105", "tipo__sigla": "PLO", "tipo__descricao": "Projeto de Lei Ordin\u00e1ria", "autoria": "Prefeito do Munic\u00edpio", "texto_original": "http://sapl.adamantina.sp.leg.br/media/sapl/public/materialegislativa/2023/15346/62a_projeto_de_lei_105_m_129_-_abertura_de_credito_-_devolucao_cdhu_r_51.30000.pdf", "ementa": "Disp\u00f5e sobre autoriza\u00e7\u00e3o para abertura de cr\u00e9dito adicional suplementar ao Or\u00e7amento da Prefeitura do Munic\u00edpio de Adamantina no valor total de R$ 51.300,00 e d\u00e1 outras provid\u00eancias."}, {"id": "15347", "ano": "2023", "numero": "106", "tipo__sigla": "PLO", "tipo__descricao": "Projeto de Lei Ordin\u00e1ria", "autoria": "Prefeito do Munic\u00edpio", "texto_original": "http://sapl.adamantina.sp.leg.br/media/sapl/public/materialegislativa/2023/15347/62a_projeto_de_lei_106_m_130_-_abertura_de_credito_educacao_fundeb_r_2.763.90000.pdf", "ementa": "Disp\u00f5e sobre autoriza\u00e7\u00e3o para abertura de cr\u00e9dito adicional suplementar ao Or\u00e7amento da Prefeitura do Munic\u00edpio de Adamantina no valor total de R$ 2.763.900,00 e d\u00e1 outras provid\u00eancias."}, {"id": "15348", "ano": "2023", "numero": "107", "tipo__sigla": "PLO", "tipo__descricao": "Projeto de Lei Ordin\u00e1ria", "autoria": "Prefeito do Munic\u00edpio", "texto_original": "http://sapl.adamantina.sp.leg.br/media/sapl/public/materialegislativa/2023/15348/62a_projeto_de_lei_107_m_131_-_abertura_de_credito_suplementar_unifai_-_r_5_390_00000.pdf", "ementa": "Disp\u00f5e sobre autoriza\u00e7\u00e3o para abertura de cr\u00e9dito adicional suplementar ao Or\u00e7amento da Prefeitura do Munic\u00edpio de Adamantina no valor total de R$ 5.390.000,00 (cinco milh\u00f5es, trezentos e noventa mil reais)."}, {"id": "15349", "ano": "2023", "numero": "108", "tipo__sigla": "PLO", "tipo__descricao": "Projeto de Lei Ordin\u00e1ria", "autoria": "Prefeito do Munic\u00edpio", "texto_original": "http://sapl.adamantina.sp.leg.br/media/sapl/public/materialegislativa/2023/15349/62a_projeto_de_lei_108_m_132_-_abertura_de_credito_r_20.00000_-_transporte_educacao_proprio.pdf", "ementa": "Disp\u00f5e sobre autoriza\u00e7\u00e3o para abertura de cr\u00e9dito adicional suplementar ao Or\u00e7amento da Prefeitura do Munic\u00edpio de Adamantina, no valor total de R$ 20.000,00 e d\u00e1 outras provid\u00eancias."}, {"id": "15350", "ano": "2023", "numero": "109", "tipo__sigla": "PLO", "tipo__descricao": "Projeto de Lei Ordin\u00e1ria", "autoria": "Prefeito do Munic\u00edpio", "texto_original": "http://sapl.adamantina.sp.leg.br/media/sapl/public/materialegislativa/2023/15350/62a_projeto_de_lei_109_m_135_-_autoriza_contratar_financiamento_caixa_federal.pdf", "ementa": "Autoriza o Poder Executivo a contratar opera\u00e7\u00f5es de cr\u00e9dito com a Caixa Econ\u00f4mica Federal, e d\u00e1 outras provid\u00eancias"}, {"id": "15360", "ano": "2023", "numero": "110", "tipo__sigla": "PLO", "tipo__descricao": "Projeto de Lei Ordin\u00e1ria", "autoria": "Mesa da C\u00e2mara", "texto_original": "http://sapl.adamantina.sp.leg.br/media/sapl/public/materialegislativa/2023/15360/63a_projeto_de_lei_110_-_subsidio_prefeito_vice_e_secretarios.docx.pdf", "ementa": "Estabelece os subs\u00eddios do Prefeito, do Vice-Prefeito e dos Secret\u00e1rios Municipais para o mandato referente ao per\u00edodo de 2025 a 2028"}, {"id": "15361", "ano": "2023", "numero": "111", "tipo__sigla": "PLO", "tipo__descricao": "Projeto de Lei Ordin\u00e1ria", "autoria": "Prefeito do Munic\u00edpio", "texto_original": "http://sapl.adamantina.sp.leg.br/media/sapl/public/materialegislativa/2023/15361/63a_projeto_de_lei_111_m_137_-_abertura_de_credito_-_repasse_cdhu_r_51.30000_proj_tec_social.pdf", "ementa": "Disp\u00f5e sobre autoriza\u00e7\u00e3o para abertura de cr\u00e9dito adicional suplementar ao Or\u00e7amento da Prefeitura do Munic\u00edpio de Adamantina no valor total de R$ 51.300,00 e d\u00e1 outras provid\u00eancias."}, {"id": "15362", "ano": "2023", "numero": "112", "tipo__sigla": "PLO", "tipo__descricao": "Projeto de Lei Ordin\u00e1ria", "autoria": "Prefeito do Munic\u00edpio", "texto_original": "http://sapl.adamantina.sp.leg.br/media/sapl/public/materialegislativa/2023/15362/63a_projeto_de_lei_112_m_138_-_concessao_de_beneficio_eventual_-_situacao_de_desastre_e_calamidade_2.pdf", "ementa": "Disp\u00f5e sobre a concess\u00e3o de aux\u00edlio em situa\u00e7\u00f5es de Desastre, Emerg\u00eancia e de Calamidade P\u00fablica, previsto na Lei Municipal n\u00ba 3.745, de 22 de fevereiro de 2017, e d\u00e1 outras provid\u00eancias."}, {"id": "15363", "ano": "2023", "numero": "113", "tipo__sigla": "PLO", "tipo__descricao": "Projeto de Lei Ordin\u00e1ria", "autoria": "Prefeito do Munic\u00edpio", "texto_original": "http://sapl.adamantina.sp.leg.br/media/sapl/public/materialegislativa/2023/15363/63a_projeto_de_lei_113_m_139_-_autoriza_contratar_financiamento_caixa_federal_-_recape_e_galerias.pdf", "ementa": "Autoriza o Poder Executivo a contratar opera\u00e7\u00f5es de cr\u00e9dito com a Caixa Econ\u00f4mica Federal, e d\u00e1 outras provid\u00eancias"}, {"id": "15372", "ano": "2023", "numero": "114", "tipo__sigla": "PLO", "tipo__descricao": "Projeto de Lei Ordin\u00e1ria", "autoria": "Prefeito do Munic\u00edpio", "texto_original": "http://sapl.adamantina.sp.leg.br/media/sapl/public/materialegislativa/2023/15372/64a_projeto_de_lei_114_-_m_140_-_atualizacao_lei_das_antenas_-_5g.pdf", "ementa": "Disp\u00f5e sobre o procedimento para a instala\u00e7\u00e3o de infraestrutura de suporte para Esta\u00e7\u00e3o Transmissora de Radiocomunica\u00e7\u00e3o - ETR autorizada pela Ag\u00eancia Nacional de Telecomunica\u00e7\u00f5es - ANATEL, nos termos da legisla\u00e7\u00e3o federal vigente."}, {"id": "15373", "ano": "2023", "numero": "115", "tipo__sigla": "PLO", "tipo__descricao": "Projeto de Lei Ordin\u00e1ria", "autoria": "Prefeito do Munic\u00edpio", "texto_original": "http://sapl.adamantina.sp.leg.br/media/sapl/public/materialegislativa/2023/15373/64a_projeto_de_lei_115_m_141_-_renovacao_termo_de_colaboracao_unifai_e_santa_casa_-_estgio_e_atividades_de_ensino.pdf", "ementa": "Disp\u00f5e sobre autoriza\u00e7\u00e3o para que o Centro Universit\u00e1rio de Adamantina - UNIFAI possa formalizar Termo de Colabora\u00e7\u00e3o com a Associa\u00e7\u00e3o Lar S\u00e3o Francisco de Assis na Provid\u00eancia de Deus, nos termos da Lei Federal n. 13.019/14 e suas altera\u00e7\u00f5es e d\u00e1 outras provid\u00eancias."}, {"id": "15429", "ano": "2023", "numero": "116", "tipo__sigla": "PLO", "tipo__descricao": "Projeto de Lei Ordin\u00e1ria", "autoria": "H\u00e9lio Jos\u00e9 dos Santos, BIGODE, Cid Jos\u00e9 Aparecido dos Santos, NORIKO ONISHI SAITO, RAFAEL PACHECO, RIQUINHA DO BAR", "texto_original": "http://sapl.adamantina.sp.leg.br/media/sapl/public/materialegislativa/2023/15429/65a_projeto_de_lei_116.pdf", "ementa": "Disp\u00f5e sobre a denomina\u00e7\u00e3o de logradouros p\u00fablicos do Residencial Santa Helena"}, {"id": "15428", "ano": "2023", "numero": "117", "tipo__sigla": "PLO", "tipo__descricao": "Projeto de Lei Ordin\u00e1ria", "autoria": "Prefeito do Munic\u00edpio", "texto_original": "http://sapl.adamantina.sp.leg.br/media/sapl/public/materialegislativa/2023/15428/projeto_de_lei_117__m_142_-_autoriza_contratar_financiamento_caixa_federal_-_recape_e_galerias.pdf", "ementa": "Autoriza o Poder Executivo a contratar opera\u00e7\u00f5es de cr\u00e9dito com a Caixa Econ\u00f4mica Federal, e d\u00e1 outras provid\u00eancias"}, {"id": "15445", "ano": "2023", "numero": "118", "tipo__sigla": "PLO", "tipo__descricao": "Projeto de Lei Ordin\u00e1ria", "autoria": "Prefeito do Munic\u00edpio", "texto_original": "http://sapl.adamantina.sp.leg.br/media/sapl/public/materialegislativa/2023/15445/65a_projeto_de_lei_118_m_143_-_altera_o_artigo_2o_da_lei_3765_-_altera_composicao_comtur.pdf", "ementa": "Disp\u00f5e sobre a altera\u00e7\u00e3o do artigo 2\u00ba da Lei n\u00ba 3.765, de 11 de julho de 2017, alterada pela Lei n\u00ba 3.831, de 03 de julho de 2018, e d\u00e1 outras provid\u00eancias."}, {"id": "14806", "ano": "2023", "numero": "1", "tipo__sigla": "PRE", "tipo__descricao": "Projeto de Resolu\u00e7\u00e3o", "autoria": "Mesa da C\u00e2mara", "texto_original": "http://sapl.adamantina.sp.leg.br/media/sapl/public/materialegislativa/2023/14806/50a_projeto_de_resolucao_001_mesa_da_camara_-_conducao_de_veiculos_oficiais_da_cma.pdf", "ementa": "Disp\u00f5e sobre a ado\u00e7\u00e3o de medidas de controle sobre a utiliza\u00e7\u00e3o e condu\u00e7\u00e3o dos ve\u00edculos oficiais da C\u00e2mara Municipal de Adamantina e d\u00e1 outras provid\u00eancias."}, {"id": "15364", "ano": "2023", "numero": "2", "tipo__sigla": "PRE", "tipo__descricao": "Projeto de Resolu\u00e7\u00e3o", "autoria": "Mesa da C\u00e2mara", "texto_original": "http://sapl.adamantina.sp.leg.br/media/sapl/public/materialegislativa/2023/15364/63a_projeto_de_resolucao_002_-_subsidio_dos_vereadores_para_19a_legislatura.docx.pdf", "ementa": "Fixa o subs\u00eddio dos Vereadores para a 19\u00aa Legislatura, per\u00edodo de 2025 a 2028"}, {"id": "14453", "ano": "2023", "numero": "1", "tipo__sigla": "REQ", "tipo__descricao": "Requerimento", "autoria": "BIGODE", "texto_original": "http://sapl.adamantina.sp.leg.br/media/sapl/public/materialegislativa/2023/14453/requerimento_001_43a_ordinaria.pdf", "ementa": "Solicita informa\u00e7\u00f5es sobre o projeto da constru\u00e7\u00e3o da nova ponte do C\u00f3rrego do Rancho, solicitando tamb\u00e9m c\u00f3pia do mesmo."}, {"id": "14454", "ano": "2023", "numero": "2", "tipo__sigla": "REQ", "tipo__descricao": "Requerimento", "autoria": "RIQUINHA DO BAR, NORIKO ONISHI SAITO", "texto_original": "http://sapl.adamantina.sp.leg.br/media/sapl/public/materialegislativa/2023/14454/requerimento_002_43a_ordinaria.pdf", "ementa": "Solicitam ao Deputado Federal Ant\u00f4nio Carlos Rodrigues, recursos financeiros no valor de R$ 800 mil reais, para serem alocados na constru\u00e7\u00e3o de duas pontes da zona rural, uma que liga a Estrada Jos\u00e9 Bocardi ao Bairro Boa Vista e a outra localizada na Vicinal Geraldo Jord\u00e3o, principal acesso ao bairro C\u00f3rrego do Rancho."}, {"id": "14455", "ano": "2023", "numero": "3", "tipo__sigla": "REQ", "tipo__descricao": "Requerimento", "autoria": "H\u00e9lio Jos\u00e9 dos Santos, NORIKO ONISHI SAITO", "texto_original": "http://sapl.adamantina.sp.leg.br/media/sapl/public/materialegislativa/2023/14455/requerimento_003_43a_ordinaria.pdf", "ementa": "Solicitam do Prof. Renato Feder, Secret\u00e1rio Estadual de Educa\u00e7\u00e3o e do Dr. Tarc\u00edsio de Freitas, Governador do Estado, que seja alterado o Artigo 14 da Resolu\u00e7\u00e3o SEDUC-87/2022."}, {"id": "14456", "ano": "2023", "numero": "4", "tipo__sigla": "REQ", "tipo__descricao": "Requerimento", "autoria": "H\u00e9lio Jos\u00e9 dos Santos, NORIKO ONISHI SAITO, PAULO CERVELHEIRA", "texto_original": "http://sapl.adamantina.sp.leg.br/media/sapl/public/materialegislativa/2023/14456/requerimento_004_43a_ordinaria.pdf", "ementa": "Solicitam ao Dr. Arlindo Chinaglia, Deputado Federal, a libera\u00e7\u00e3o de recursos financeiros, com vistas \u00e0 constru\u00e7\u00e3o de um Gin\u00e1sio Poliesportivo - Modelo I, na \u00e1rea onde est\u00e1 localizado o \u201cCampo do Marroco\u201d, na Vila Joaquina."}, {"id": "14457", "ano": "2023", "numero": "5", "tipo__sigla": "REQ", "tipo__descricao": "Requerimento", "autoria": "H\u00e9lio Jos\u00e9 dos Santos, NORIKO ONISHI SAITO, PAULO CERVELHEIRA", "texto_original": "http://sapl.adamantina.sp.leg.br/media/sapl/public/materialegislativa/2023/14457/requerimento_004_43a_ordinaria.pdf", "ementa": "Solicitam ao Dr. Arlindo Chinaglia, Deputado Federal, Emenda no valor de R$200 mil, a serem alocados no custeio do Polo de Atividades Integradas (PAI) Nosso Lar de Adamantina."}, {"id": "14458", "ano": "2023", "numero": "6", "tipo__sigla": "REQ", "tipo__descricao": "Requerimento", "autoria": "PAULO CERVELHEIRA, BIGODE", "texto_original": "http://sapl.adamantina.sp.leg.br/media/sapl/public/materialegislativa/2023/14458/requerimento_005_43a_ordinaria.pdf", "ementa": "Solicitam informa\u00e7\u00f5es sobre a finalidade do ve\u00edculo Caminhonete 4/4 L200 Triton, cedida ao nosso munic\u00edpio pelo Governo do Estado."}, {"id": "14459", "ano": "2023", "numero": "7", "tipo__sigla": "REQ", "tipo__descricao": "Requerimento", "autoria": "ALCIO IKEDA", "texto_original": "http://sapl.adamantina.sp.leg.br/media/sapl/public/materialegislativa/2023/14459/requerimento_007_-_unifai_43a_ordinaria.pdf", "ementa": "Solicita informa\u00e7\u00f5es sobre o Processo Judicial envolvendo o direito de utiliza\u00e7\u00e3o da marca \u201cUniFAI\u201d (Centro Universit\u00e1rio de Adamantina e Centro Universit\u00e1rio de Assun\u00e7\u00e3o)."}, {"id": "14460", "ano": "2023", "numero": "8", "tipo__sigla": "REQ", "tipo__descricao": "Requerimento", "autoria": "ALCIO IKEDA, H\u00e9lio Jos\u00e9 dos Santos, NORIKO ONISHI SAITO, PAULO CERVELHEIRA", "texto_original": "http://sapl.adamantina.sp.leg.br/media/sapl/public/materialegislativa/2023/14460/requerimento_008_-_parque_itaipus_43a_ordinaria.pdf", "ementa": "Solicitam informa\u00e7\u00f5es sobre as provid\u00eancias adotadas acerca do Parque Itaipus em rela\u00e7\u00e3o aos problemas de capta\u00e7\u00e3o de \u00e1guas pluviais."}, {"id": "14461", "ano": "2023", "numero": "9", "tipo__sigla": "REQ", "tipo__descricao": "Requerimento", "autoria": "ALCIO IKEDA, BIGODE, RAFAEL PACHECO", "texto_original": "http://sapl.adamantina.sp.leg.br/media/sapl/public/materialegislativa/2023/14461/requerimento_009_-_assistencia_social_casas_populares_43a_ordinaria.pdf", "ementa": "Solicitam informa\u00e7\u00f5es da Secretaria Municipal de Assist\u00eancia Social, informa\u00e7\u00f5es detalhadas sobre a situa\u00e7\u00e3o atual das casas populares do M\u00e1rio Covas, que ser\u00e3o utilizadas em programas da assist\u00eancia social."}, {"id": "14462", "ano": "2023", "numero": "10", "tipo__sigla": "REQ", "tipo__descricao": "Requerimento", "autoria": "ALCIO IKEDA, BIGODE, RAFAEL PACHECO", "texto_original": "http://sapl.adamantina.sp.leg.br/media/sapl/public/materialegislativa/2023/14462/requerimento_010_-_saude_-_rename_-_medicamentos_43a_ordinaria.pdf", "ementa": "Solicitam informa\u00e7\u00f5es sobre o RENAME (Rela\u00e7\u00e3o Nacional de Medicamentos Essenciais), acerca dos itens dispon\u00edveis e indispon\u00edveis na Farm\u00e1cia do Posto de Sa\u00fade da Prefeitura, indicando o motivo de eventuais faltas de medicamentos."}, {"id": "14463", "ano": "2023", "numero": "11", "tipo__sigla": "REQ", "tipo__descricao": "Requerimento", "autoria": "ALCIO IKEDA, BIGODE, PAULO CERVELHEIRA, RAFAEL PACHECO", "texto_original": "http://sapl.adamantina.sp.leg.br/media/sapl/public/materialegislativa/2023/14463/requerimento_011_-_unifai_-_emendas_projetos_43a_ordinaria.pdf", "ementa": "Solicitam estudar poss\u00edveis apoios \u00e0 UNIFAI, visando pedir Emendas Parlamentares."}, {"id": "14464", "ano": "2023", "numero": "12", "tipo__sigla": "REQ", "tipo__descricao": "Requerimento", "autoria": "ALCIO IKEDA, BIGODE, PAULO CERVELHEIRA, RAFAEL PACHECO", "texto_original": "http://sapl.adamantina.sp.leg.br/media/sapl/public/materialegislativa/2023/14464/requerimento_012_-_prefeitura_-_emendas_projetos_43a_ordinaria.pdf", "ementa": "Solicitam estudar poss\u00edveis pedidos de emendas de interesse da Prefeitura."}, {"id": "14506", "ano": "2023", "numero": "13", "tipo__sigla": "REQ", "tipo__descricao": "Requerimento", "autoria": "Aguinaldo Pires Galv\u00e3o, Cid Jos\u00e9 Aparecido dos Santos, NORIKO ONISHI SAITO, PAULO CERVELHEIRA, RIQUINHA DO BAR", "texto_original": "http://sapl.adamantina.sp.leg.br/media/sapl/public/materialegislativa/2023/14506/requerimento_013_-_pedra_bica_corrida_44a_ordinaria.pdf", "ementa": "Solicitam informa\u00e7\u00f5es sobre as estradas rurais que receberam melhorias com a aplica\u00e7\u00e3o da pedra bica corrida nos anos de 2021 e 2022."}, {"id": "14507", "ano": "2023", "numero": "14", "tipo__sigla": "REQ", "tipo__descricao": "Requerimento", "autoria": "Aguinaldo Pires Galv\u00e3o, ALCIO IKEDA, Cid Jos\u00e9 Aparecido dos Santos, NORIKO ONISHI SAITO, RIQUINHA DO BAR", "texto_original": "http://sapl.adamantina.sp.leg.br/media/sapl/public/materialegislativa/2023/14507/requerimento_014_-_recapeamento_asfaltico_44a_ordinaria.pdf", "ementa": "Solicitam rela\u00e7\u00e3o de vias p\u00fablicas definidas para receber recapeamento asf\u00e1ltico (com licita\u00e7\u00e3o em andamento, ou ainda a ser realizada) e as que foram selecionadas por parte da Secretaria de Obras."}, {"id": "14508", "ano": "2023", "numero": "15", "tipo__sigla": "REQ", "tipo__descricao": "Requerimento", "autoria": "ALCIO IKEDA", "texto_original": "http://sapl.adamantina.sp.leg.br/media/sapl/public/materialegislativa/2023/14508/requerimento_015_-_publicacao_em_redes_sociais_44a_ordinaria.pdf", "ementa": "Solicita informa\u00e7\u00f5es sobre os contratos vigentes da prefeitura que versam sobre a produ\u00e7\u00e3o e publica\u00e7\u00e3o de conte\u00fados, gerenciamento e manuten\u00e7\u00e3o de redes sociais."}, {"id": "14509", "ano": "2023", "numero": "16", "tipo__sigla": "REQ", "tipo__descricao": "Requerimento", "autoria": "ALCIO IKEDA", "texto_original": "http://sapl.adamantina.sp.leg.br/media/sapl/public/materialegislativa/2023/14509/requerimento_016_-_emenda_bruno_lima_44a_ordinaria.pdf", "ementa": "Solicita informa\u00e7\u00f5es sobre qual fase se encontra a execu\u00e7\u00e3o da Emenda no valor de R$ 100 mil reais do ent\u00e3o Deputado Estadual Delegado Bruno Lima."}, {"id": "14510", "ano": "2023", "numero": "17", "tipo__sigla": "REQ", "tipo__descricao": "Requerimento", "autoria": "ALCIO IKEDA, PAULO CERVELHEIRA", "texto_original": "http://sapl.adamantina.sp.leg.br/media/sapl/public/materialegislativa/2023/14510/requerimento_017_-_castramovel_44a_ordinaria.pdf", "ementa": "Solicitam informa\u00e7\u00f5es sobre o Castram\u00f3vel em Adamantina."}, {"id": "14511", "ano": "2023", "numero": "18", "tipo__sigla": "REQ", "tipo__descricao": "Requerimento", "autoria": "ALCIO IKEDA, PAULO CERVELHEIRA", "texto_original": "http://sapl.adamantina.sp.leg.br/media/sapl/public/materialegislativa/2023/14511/requerimento_018_-_transporte_de_alunos_44a_ordinaria.pdf", "ementa": "Solicitam informa\u00e7\u00f5es sobre os ve\u00edculos que est\u00e3o em circula\u00e7\u00e3o para o transporte de alunos da rede p\u00fablica municipal de ensino, bem como de alunos da rede estadual."}, {"id": "14512", "ano": "2023", "numero": "19", "tipo__sigla": "REQ", "tipo__descricao": "Requerimento", "autoria": "ALCIO IKEDA, Cid Jos\u00e9 Aparecido dos Santos, PAULO CERVELHEIRA", "texto_original": "http://sapl.adamantina.sp.leg.br/media/sapl/public/materialegislativa/2023/14512/requerimento_019_-_plano_de_carreira_44a_ordinaria.pdf", "ementa": "Solicitam informa\u00e7\u00f5es sobre o Plano de Carreira e Vencimentos dos Procuradores Municipais."}, {"id": "14513", "ano": "2023", "numero": "20", "tipo__sigla": "REQ", "tipo__descricao": "Requerimento", "autoria": "H\u00e9lio Jos\u00e9 dos Santos, NORIKO ONISHI SAITO", "texto_original": "http://sapl.adamantina.sp.leg.br/media/sapl/public/materialegislativa/2023/14513/requerimento_020_44a_ordinaria.pdf", "ementa": "Solicitam \u00e0 Senhora Let\u00edcia Aguiar, Deputada Estadual, a libera\u00e7\u00e3o de recursos no valor de R$ 120 mil, a serem alocados no custeio e manuten\u00e7\u00e3o das imprescind\u00edveis atividades desenvolvidas pela Rede de Combate ao C\u00e2ncer de Adamantina."}, {"id": "14514", "ano": "2023", "numero": "21", "tipo__sigla": "REQ", "tipo__descricao": "Requerimento", "autoria": "H\u00e9lio Jos\u00e9 dos Santos, NORIKO ONISHI SAITO", "texto_original": "http://sapl.adamantina.sp.leg.br/media/sapl/public/materialegislativa/2023/14514/requerimento_021_44a_ordinaria.pdf", "ementa": "Solicitam ao Dr. M\u00e1rcio Alvino, Deputado Federal, uma Emenda no valor de R$ 100 mil, a serem alocados no custeio e manuten\u00e7\u00e3o das atividades desenvolvidas pela APAE de Adamantina."}, {"id": "14515", "ano": "2023", "numero": "22", "tipo__sigla": "REQ", "tipo__descricao": "Requerimento", "autoria": "H\u00e9lio Jos\u00e9 dos Santos, NORIKO ONISHI SAITO, PAULO CERVELHEIRA", "texto_original": "http://sapl.adamantina.sp.leg.br/media/sapl/public/materialegislativa/2023/14515/requerimento_022_44a_ordinaria.pdf", "ementa": "Solicitam ao Dr. Paulo Freire Costa, Deputado Federal, Emenda no valor de R$120 mil, a serem alocados no custeio e manuten\u00e7\u00e3o das atividades desenvolvidas pelo Lar dos Velhinhos de Adamantina."}, {"id": "14516", "ano": "2023", "numero": "23", "tipo__sigla": "REQ", "tipo__descricao": "Requerimento", "autoria": "BIGODE", "texto_original": "http://sapl.adamantina.sp.leg.br/media/sapl/public/materialegislativa/2023/14516/requerimento_023_44a_ordinaria.pdf", "ementa": "Solicita informa\u00e7\u00f5es sobre o redutor de velocidade colocado na Av. Rio Branco, entre as Ruas Palmeira e Baz\u00edlio Marin."}, {"id": "14546", "ano": "2023", "numero": "24", "tipo__sigla": "REQ", "tipo__descricao": "Requerimento", "autoria": "Aguinaldo Pires Galv\u00e3o, Cid Jos\u00e9 Aparecido dos Santos, RIQUINHA DO BAR", "texto_original": "http://sapl.adamantina.sp.leg.br/media/sapl/public/materialegislativa/2023/14546/requerimento_024_-_mara_gabrilli_45a_ordinaria.pdf", "ementa": "Solicitam \u00e0 Senadora Mara Gabrilli a inclus\u00e3o de emenda parlamentar no valor de R$ 500 mil reais, para serem alocados na sa\u00fade de nosso munic\u00edpio, para compra de equipamentos e medicamentos \u00e0s fam\u00edlias de baixa renda."}, {"id": "14547", "ano": "2023", "numero": "25", "tipo__sigla": "REQ", "tipo__descricao": "Requerimento", "autoria": "RAFAEL PACHECO", "texto_original": "http://sapl.adamantina.sp.leg.br/media/sapl/public/materialegislativa/2023/14547/requerimento_025_-_pedido_de_informacao_45a_ordinaria.pdf", "ementa": "Solicita informa\u00e7\u00f5es sobre algum projeto no sentido de mudar a sede da Prefeitura para outra localidade em andamento."}, {"id": "14548", "ano": "2023", "numero": "26", "tipo__sigla": "REQ", "tipo__descricao": "Requerimento", "autoria": "BIGODE", "texto_original": "http://sapl.adamantina.sp.leg.br/media/sapl/public/materialegislativa/2023/14548/requerimento_026_45a_ordinaria.pdf", "ementa": "Solicita informa\u00e7\u00e3o sobre o hor\u00e1rio de funcionamento da UBS do Jd. Adamantina"}, {"id": "14549", "ano": "2023", "numero": "27", "tipo__sigla": "REQ", "tipo__descricao": "Requerimento", "autoria": "BIGODE", "texto_original": "http://sapl.adamantina.sp.leg.br/media/sapl/public/materialegislativa/2023/14549/requerimento_027_45a_ordinaria.pdf", "ementa": "Solicita informa\u00e7\u00f5es sobre quantos casos positivos de dengue j\u00e1 foram registrados em nossa cidade at\u00e9 a presente data."}, {"id": "14550", "ano": "2023", "numero": "28", "tipo__sigla": "REQ", "tipo__descricao": "Requerimento", "autoria": "RIQUINHA DO BAR", "texto_original": "http://sapl.adamantina.sp.leg.br/media/sapl/public/materialegislativa/2023/14550/requerimento_028_45a_ordinaria.pdf", "ementa": "Solicita ao Deputado Estadual Milton Leite, a inclus\u00e3o de emenda ao Or\u00e7amento do Estado para o ano de 2024 no valor de R$ 300 mil reais, a serem alocados no custeio do Polo de Atividades Integradas (PAI) Nosso Lar."}, {"id": "14551", "ano": "2023", "numero": "29", "tipo__sigla": "REQ", "tipo__descricao": "Requerimento", "autoria": "H\u00e9lio Jos\u00e9 dos Santos", "texto_original": "http://sapl.adamantina.sp.leg.br/media/sapl/public/materialegislativa/2023/14551/requerimento_029_45a_ordinaria.pdf", "ementa": "Solicita \u00e0 Senhora Let\u00edcia Aguiar, Deputada Estadual, a libera\u00e7\u00e3o de kits de material esportivo para o munic\u00edpio de Adamantina para este ano de 2023."}, {"id": "14552", "ano": "2023", "numero": "30", "tipo__sigla": "REQ", "tipo__descricao": "Requerimento", "autoria": "H\u00e9lio Jos\u00e9 dos Santos, NORIKO ONISHI SAITO", "texto_original": "http://sapl.adamantina.sp.leg.br/media/sapl/public/materialegislativa/2023/14552/requerimento_030_45a_ordinaria.pdf", "ementa": "Solicitam ao Dr. Tarc\u00edsio de Freitas, Governador do Estado e o Prof. Renato Feder, Secret\u00e1rio Estadual de Educa\u00e7\u00e3o, com o objetivo de estender o reajuste de 15% a todos os gestores, professores e funcion\u00e1rios da ativa e aos aposentados, pertencentes \u00e0 Pasta da Educa\u00e7\u00e3o do Estado de S\u00e3o Paulo."}, {"id": "14553", "ano": "2023", "numero": "31", "tipo__sigla": "REQ", "tipo__descricao": "Requerimento", "autoria": "H\u00e9lio Jos\u00e9 dos Santos, NORIKO ONISHI SAITO", "texto_original": "http://sapl.adamantina.sp.leg.br/media/sapl/public/materialegislativa/2023/14553/requerimento_031_45a_ordinaria.pdf", "ementa": "Solicitam ao Dr. Tarc\u00edsio de Freitas, Governador do Estado e o Prof. Renato Feder, Secret\u00e1rio Estadual de Educa\u00e7\u00e3o, visando envidar os esfor\u00e7os necess\u00e1rios com o objetivo de aumentar o valor do aux\u00edlio alimenta\u00e7\u00e3o dos profissionais da educa\u00e7\u00e3o do Estado de S\u00e3o Paulo, passando dos atuais R$12,00 para R$25,00."}, {"id": "14554", "ano": "2023", "numero": "32", "tipo__sigla": "REQ", "tipo__descricao": "Requerimento", "autoria": "ALCIO IKEDA, BIGODE, PAULO CERVELHEIRA, RAFAEL PACHECO", "texto_original": "http://sapl.adamantina.sp.leg.br/media/sapl/public/materialegislativa/2023/14554/requerimento_032_-_ecoville_i_e_ii_45a_ordinaria.pdf", "ementa": "Solicitam informa\u00e7\u00f5es dos condom\u00ednios Ecoville I e II em rela\u00e7\u00e3o \u00e0 cobran\u00e7a da taxa de ilumina\u00e7\u00e3o p\u00fablica e se ela \u00e9 realizada da mesma forma que em outros bairros do munic\u00edpio."}, {"id": "14555", "ano": "2023", "numero": "33", "tipo__sigla": "REQ", "tipo__descricao": "Requerimento", "autoria": "Cid Jos\u00e9 Aparecido dos Santos, Aguinaldo Pires Galv\u00e3o, RIQUINHA DO BAR", "texto_original": "http://sapl.adamantina.sp.leg.br/media/sapl/public/materialegislativa/2023/14555/requerimento_033_45a_ordinaria.pdf", "ementa": "Solicitam ao Deputado Estadual Mauro Bragato, a libera\u00e7\u00e3o de recursos financeiros para reforma dos sanit\u00e1rios do Gin\u00e1sio de Esportes Paulo Camargo de Adamantina, instala\u00e7\u00f5es de parques infantis e academia ao ar livre no Residencial Alian\u00e7a, obras de infraestrutura urbana e para serem alocados em diferentes \u00e1reas."}, {"id": "14556", "ano": "2023", "numero": "34", "tipo__sigla": "REQ", "tipo__descricao": "Requerimento", "autoria": "Cid Jos\u00e9 Aparecido dos Santos, Aguinaldo Pires Galv\u00e3o, RIQUINHA DO BAR", "texto_original": "http://sapl.adamantina.sp.leg.br/media/sapl/public/materialegislativa/2023/14556/requerimento_034_45a_ordinaria.pdf", "ementa": "Solicitam ao Deputado Federal Gilberto Nascimento, a inclus\u00e3o de emendas para o Polo de Atividades Integradas da Cl\u00ednica PAI Nosso Lar e ao Instituto de Assist\u00eancia ao Menor de Adamantina Santo Cheraria."}, {"id": "14557", "ano": "2023", "numero": "35", "tipo__sigla": "REQ", "tipo__descricao": "Requerimento", "autoria": "PAULO CERVELHEIRA", "texto_original": "http://sapl.adamantina.sp.leg.br/media/sapl/public/materialegislativa/2023/14557/requerimento_035_45a_ordinaria.pdf", "ementa": "Solicitam informa\u00e7\u00f5es em rela\u00e7\u00e3o \u00e0s lombadas eletr\u00f4nicas."}, {"id": "14603", "ano": "2023", "numero": "36", "tipo__sigla": "REQ", "tipo__descricao": "Requerimento", "autoria": "BIGODE", "texto_original": "http://sapl.adamantina.sp.leg.br/media/sapl/public/materialegislativa/2023/14603/requerimento_036_45a_ordinaria.pdf", "ementa": "Solicita informar se o projeto de constru\u00e7\u00e3o da nova ponte do C\u00f3rrego do Rancho j\u00e1 foi conclu\u00eddo."}, {"id": "14605", "ano": "2023", "numero": "37", "tipo__sigla": "REQ", "tipo__descricao": "Requerimento", "autoria": "H\u00e9lio Jos\u00e9 dos Santos, NORIKO ONISHI SAITO", "texto_original": "http://sapl.adamantina.sp.leg.br/media/sapl/public/materialegislativa/2023/14605/requerimento_037_46a_ordinaria.pdf", "ementa": "Solicitam ao Prof. Andr\u00e9 do Prado, Deputado Estadual, a libera\u00e7\u00e3o de kits de livros \u00e0 Biblioteca P\u00fablica Municipal, constitu\u00eddo, sobretudo, por publica\u00e7\u00f5es de literatura infanto-juvenil, contos e poesias."}, {"id": "14606", "ano": "2023", "numero": "38", "tipo__sigla": "REQ", "tipo__descricao": "Requerimento", "autoria": "H\u00e9lio Jos\u00e9 dos Santos, NORIKO ONISHI SAITO", "texto_original": "http://sapl.adamantina.sp.leg.br/media/sapl/public/materialegislativa/2023/14606/requerimento_038_46a_ordinaria.pdf", "ementa": "Solicitam ao Prof. Andr\u00e9 do Prado, Deputado Estadual, a libera\u00e7\u00e3o de kits de sementes de hortali\u00e7as, a ser distribu\u00eddos \u00e0s entidades assistenciais, unidades escolares e comunidades que mant\u00eam programas de hortas comunit\u00e1rias."}, {"id": "14607", "ano": "2023", "numero": "39", "tipo__sigla": "REQ", "tipo__descricao": "Requerimento", "autoria": "ALCIO IKEDA", "texto_original": "http://sapl.adamantina.sp.leg.br/media/sapl/public/materialegislativa/2023/14607/requerimento_039_-_via_de_acesso_46a_ordinaria.pdf", "ementa": "Solicita informa\u00e7\u00f5es em rela\u00e7\u00e3o ao tr\u00e2nsito na Via de Acesso, proximidades da Fisiocl\u00ednica da UniFAI e do entroncamento com a Rua Francisco Troncon."}, {"id": "14608", "ano": "2023", "numero": "40", "tipo__sigla": "REQ", "tipo__descricao": "Requerimento", "autoria": "ALCIO IKEDA", "texto_original": "http://sapl.adamantina.sp.leg.br/media/sapl/public/materialegislativa/2023/14608/requerimento_040_-_vale_aimentacao_46a_ordinaria.pdf", "ementa": "Solicita informa\u00e7\u00f5es sobre o Vale Alimenta\u00e7\u00e3o dos servidores da Prefeitura e sobre a concess\u00e3o de aumento real aos seus servidores em abril."}, {"id": "14609", "ano": "2023", "numero": "41", "tipo__sigla": "REQ", "tipo__descricao": "Requerimento", "autoria": "ALCIO IKEDA", "texto_original": "http://sapl.adamantina.sp.leg.br/media/sapl/public/materialegislativa/2023/14609/requerimento_041_-_desenvolve_sp_46a_ordinaria.pdf", "ementa": "Solicita informa\u00e7\u00f5es em rela\u00e7\u00e3o aos financiamentos autorizados pela C\u00e2mara atrav\u00e9s do programa Desenvolve \u2013 SP."}, {"id": "14610", "ano": "2023", "numero": "42", "tipo__sigla": "REQ", "tipo__descricao": "Requerimento", "autoria": "ALCIO IKEDA, BIGODE, RAFAEL PACHECO", "texto_original": "http://sapl.adamantina.sp.leg.br/media/sapl/public/materialegislativa/2023/14610/requerimento_042_-_sabesp_46a_ordinaria.pdf", "ementa": "Solicitam informa\u00e7\u00f5es sobre o vazamento de esgoto em dias de chuva no \u201cPV\u201d instalado no Parque dos Pioneiros e se \u00e9 de conhecimento da SABESP e da Prefeitura os problemas de vazamento?"}, {"id": "14675", "ano": "2023", "numero": "43", "tipo__sigla": "REQ", "tipo__descricao": "Requerimento", "autoria": "Aguinaldo Pires Galv\u00e3o", "texto_original": "http://sapl.adamantina.sp.leg.br/media/sapl/public/materialegislativa/2023/14675/requerimento_043_-_pedido_de_informacao_47a_ordinaria.pdf", "ementa": "Solicita informa\u00e7\u00f5es sobre o contrato firmado entre a Prefeitura com a empresa respons\u00e1vel pela substitui\u00e7\u00e3o de l\u00e2mpadas queimadas na cidade."}, {"id": "14676", "ano": "2023", "numero": "44", "tipo__sigla": "REQ", "tipo__descricao": "Requerimento", "autoria": "H\u00e9lio Jos\u00e9 dos Santos, NORIKO ONISHI SAITO", "texto_original": "http://sapl.adamantina.sp.leg.br/media/sapl/public/materialegislativa/2023/14676/requerimento_044_47a_ordinaria.pdf", "ementa": "Solicitam ao Prof. Andr\u00e9 do Prado, Deputado Estadual e Presidente da Assembleia Legislativa, a libera\u00e7\u00e3o de recursos financeiros para a instala\u00e7\u00e3o de uma academia ao ar livre no Bairro Parque do Sol."}, {"id": "14677", "ano": "2023", "numero": "45", "tipo__sigla": "REQ", "tipo__descricao": "Requerimento", "autoria": "H\u00e9lio Jos\u00e9 dos Santos, NORIKO ONISHI SAITO", "texto_original": "http://sapl.adamantina.sp.leg.br/media/sapl/public/materialegislativa/2023/14677/requerimento_045_47a_ordinaria.pdf", "ementa": "Solicitam ao Dr. Arlindo Chinaglia, exemplar Deputado Federal, a libera\u00e7\u00e3o de recursos financeiros no valor de R$250 mil, a serem investidos em a\u00e7\u00f5es, programas ou projetos educacionais voltados \u00e0 Secretaria Mun. de Educa\u00e7\u00e3o."}, {"id": "14678", "ano": "2023", "numero": "46", "tipo__sigla": "REQ", "tipo__descricao": "Requerimento", "autoria": "H\u00e9lio Jos\u00e9 dos Santos, NORIKO ONISHI SAITO", "texto_original": "http://sapl.adamantina.sp.leg.br/media/sapl/public/materialegislativa/2023/14678/requerimento_046_47a_ordinaria.pdf", "ementa": "Solicitam seja oficiado o Prof. Andr\u00e9 do Prado, Deputado Estadual e Presidente da Assembleia Legislativa, analisar a possibilidade da inclus\u00e3o do munic\u00edpio de Adamantina na \u201cCampanha Inverno Solid\u00e1rio/2023\u201d."}, {"id": "14717", "ano": "2023", "numero": "47", "tipo__sigla": "REQ", "tipo__descricao": "Requerimento", "autoria": "BIGODE", "texto_original": "http://sapl.adamantina.sp.leg.br/media/sapl/public/materialegislativa/2023/14717/requerimento_047_48a_ordinaria.pdf", "ementa": "Solicita informa\u00e7\u00e3o sobre qual o motivo da fila de espera para realiza\u00e7\u00e3o de exames m\u00e9dicos em Adamantina."}, {"id": "14718", "ano": "2023", "numero": "48", "tipo__sigla": "REQ", "tipo__descricao": "Requerimento", "autoria": "H\u00e9lio Jos\u00e9 dos Santos, Aguinaldo Pires Galv\u00e3o, NORIKO ONISHI SAITO", "texto_original": "http://sapl.adamantina.sp.leg.br/media/sapl/public/materialegislativa/2023/14718/requerimento_048_48a_ordinaria.pdf", "ementa": "Solicitam \u00e0 Dra. Mara Gabrilli, Senadora, a inclus\u00e3o de uma emenda no valor de R$250 mil, para custeio e manuten\u00e7\u00e3o da Santa Casa de Adamantina."}, {"id": "14719", "ano": "2023", "numero": "49", "tipo__sigla": "REQ", "tipo__descricao": "Requerimento", "autoria": "H\u00e9lio Jos\u00e9 dos Santos, NORIKO ONISHI SAITO", "texto_original": "http://sapl.adamantina.sp.leg.br/media/sapl/public/materialegislativa/2023/14719/requerimento_049_48a_ordinaria.pdf", "ementa": "Solicitam \u00e0 Senhora Let\u00edcia Aguiar, Deputada Estadual, a libera\u00e7\u00e3o de recursos financeiros no valor no valor de R$ 100 mil, para custeio e manuten\u00e7\u00e3o das atividades desenvolvidas pelo Lar dos Velhinhos de Adamantina."}, {"id": "14720", "ano": "2023", "numero": "50", "tipo__sigla": "REQ", "tipo__descricao": "Requerimento", "autoria": "BIGODE", "texto_original": "http://sapl.adamantina.sp.leg.br/media/sapl/public/materialegislativa/2023/14720/requerimento_050_48a_ordinaria.pdf", "ementa": "Solicita informa\u00e7\u00f5es sobre os funcion\u00e1rios pintores da Secretaria Municipal de Planejamento, respons\u00e1veis pela pintura dos sinais de tr\u00e2nsito."}, {"id": "14721", "ano": "2023", "numero": "51", "tipo__sigla": "REQ", "tipo__descricao": "Requerimento", "autoria": "BIGODE", "texto_original": "http://sapl.adamantina.sp.leg.br/media/sapl/public/materialegislativa/2023/14721/requerimento_051_48a_ordinaria.pdf", "ementa": "Solicita informa\u00e7\u00f5es sobre os motivos que ainda n\u00e3o foram escritos os nomes das ruas nos postes do bairro Jardim das Primaveras."}, {"id": "14722", "ano": "2023", "numero": "52", "tipo__sigla": "REQ", "tipo__descricao": "Requerimento", "autoria": "ALCIO IKEDA", "texto_original": "http://sapl.adamantina.sp.leg.br/media/sapl/public/materialegislativa/2023/14722/requerimento_052_-_convocacao_secretario_de_planejamento_48a_ordinaria.pdf", "ementa": "Solicita seja convocado o Secret\u00e1rio de Planejamento, Jo\u00e3o Vitor Marega, para informa\u00e7\u00f5es sobre o tr\u00e2nsito municipal e sobre o departamento de engenharia."}, {"id": "14723", "ano": "2023", "numero": "53", "tipo__sigla": "REQ", "tipo__descricao": "Requerimento", "autoria": "ALCIO IKEDA", "texto_original": "http://sapl.adamantina.sp.leg.br/media/", "ementa": "proposi\u00e7\u00e3o retirada da pauta a pedido do Vereador Alcio Ikeda"}, {"id": "14724", "ano": "2023", "numero": "54", "tipo__sigla": "REQ", "tipo__descricao": "Requerimento", "autoria": "ALCIO IKEDA, PAULO CERVELHEIRA", "texto_original": "http://sapl.adamantina.sp.leg.br/media/sapl/public/materialegislativa/2023/14724/requerimento_054_-_reitera_murilo_jaccoud_48a_ordinaria.pdf", "ementa": "Solicitam informa\u00e7\u00f5es sobre a insufici\u00eancia de drenagem pluvial no Conjunto Habitacional Murilo Jaccoud (Pq. Itamarati)."}, {"id": "14725", "ano": "2023", "numero": "55", "tipo__sigla": "REQ", "tipo__descricao": "Requerimento", "autoria": "ALCIO IKEDA, PAULO CERVELHEIRA", "texto_original": "http://sapl.adamantina.sp.leg.br/media/sapl/public/materialegislativa/2023/14725/requerimento_055_-_doacao_materiais_mario_covas_48a_ordinaria.pdf", "ementa": "Solicitam informa\u00e7\u00f5es sobre parceria por parte da Prefeitura, no sentido de doa\u00e7\u00e3o ou concess\u00e3o de qualquer natureza, de materiais de constru\u00e7\u00e3o (como tinta e outros), para membros da associa\u00e7\u00e3o de moradores do bairro M\u00e1rio Covas."}, {"id": "14726", "ano": "2023", "numero": "56", "tipo__sigla": "REQ", "tipo__descricao": "Requerimento", "autoria": "ALCIO IKEDA, PAULO CERVELHEIRA", "texto_original": "http://sapl.adamantina.sp.leg.br/media/sapl/public/materialegislativa/2023/14726/requerimento_056_-_pedido_de_recursos_-_apae_48a_ordinaria.pdf", "ementa": "Solicitam \u00e0 Deputada Estadual Val\u00e9ria Bolsonaro, recursos para a aquisi\u00e7\u00e3o de uma Van de 16 lugares para a utiliza\u00e7\u00e3o da APAE de Adamantina."}, {"id": "14727", "ano": "2023", "numero": "57", "tipo__sigla": "REQ", "tipo__descricao": "Requerimento", "autoria": "ALCIO IKEDA, BIGODE, RAFAEL PACHECO", "texto_original": "http://sapl.adamantina.sp.leg.br/media/sapl/public/materialegislativa/2023/14727/requerimento_057_-_recursos_van_apae_48a_ordinaria.pdf", "ementa": "Solicitam \u00e0 Deputada Estadual Clarice Ganem, recursos para a aquisi\u00e7\u00e3o de uma Van de 16 lugares para a utiliza\u00e7\u00e3o da APAE de Adamantina."}, {"id": "14728", "ano": "2023", "numero": "58", "tipo__sigla": "REQ", "tipo__descricao": "Requerimento", "autoria": "ALCIO IKEDA, BIGODE, RAFAEL PACHECO", "texto_original": "http://sapl.adamantina.sp.leg.br/media/sapl/public/materialegislativa/2023/14728/requerimento_058_-_recursos_cultura_48a_ordinaria.pdf", "ementa": "Solicitam \u00e0 Deputada Federal Renata Abreu, emenda parlamentar R$ 150.000,00 para a aquisi\u00e7\u00e3o de equipamentos para a Secretaria Municipal de Cultura e Turismo de Adamantina."}, {"id": "14729", "ano": "2023", "numero": "59", "tipo__sigla": "REQ", "tipo__descricao": "Requerimento", "autoria": "ALCIO IKEDA, BIGODE, RAFAEL PACHECO", "texto_original": "http://sapl.adamantina.sp.leg.br/media/sapl/public/materialegislativa/2023/14729/requerimento_059_-_recursos_cultura_48a_ordinaria.pdf", "ementa": "Solicitam \u00e0 Deputada Estadual Clarice Ganem, emenda parlamentar de R$150.000,00, para a aquisi\u00e7\u00e3o de equipamentos para a Secretaria Municipal de Cultura e Turismo de Adamantina."}, {"id": "14730", "ano": "2023", "numero": "60", "tipo__sigla": "REQ", "tipo__descricao": "Requerimento", "autoria": "ALCIO IKEDA, BIGODE, RAFAEL PACHECO", "texto_original": "http://sapl.adamantina.sp.leg.br/media/sapl/public/materialegislativa/2023/14730/requerimento_060_-_recursos_cultura_48a_ordinaria.pdf", "ementa": "Solicitam ao Deputado Estadual Ricardo Fran\u00e7a, Emenda Parlamentar de R$150.000,00, para a aquisi\u00e7\u00e3o de equipamentos para a Secretaria Municipal de Cultura e Turismo de Adamantina."}, {"id": "14731", "ano": "2023", "numero": "61", "tipo__sigla": "REQ", "tipo__descricao": "Requerimento", "autoria": "ALCIO IKEDA, BIGODE, RAFAEL PACHECO", "texto_original": "http://sapl.adamantina.sp.leg.br/media/sapl/public/materialegislativa/2023/14731/requerimento_061_-_recursos_cultura_48a_ordinaria.pdf", "ementa": "Solicitam ao Deputado Estadual Gerson Pessoa, emenda parlamentar R$150.000,00 para a aquisi\u00e7\u00e3o de equipamentos para a Secretaria Municipal de Cultura e Turismo de Adamantina."}, {"id": "14732", "ano": "2023", "numero": "62", "tipo__sigla": "REQ", "tipo__descricao": "Requerimento", "autoria": "ALCIO IKEDA, BIGODE, RAFAEL PACHECO", "texto_original": "http://sapl.adamantina.sp.leg.br/media/sapl/public/materialegislativa/2023/14732/requerimento_062_-_recursos_pai_nosso_lar_48a_ordinaria.pdf", "ementa": "Solicitam ao Deputado Estadual Ricardo Fran\u00e7a, Emenda Parlamentar R$150.000,00 para custeio da Cl\u00ednica de Repouso Nosso Lar."}, {"id": "14733", "ano": "2023", "numero": "63", "tipo__sigla": "REQ", "tipo__descricao": "Requerimento", "autoria": "ALCIO IKEDA, BIGODE, RAFAEL PACHECO", "texto_original": "http://sapl.adamantina.sp.leg.br/media/sapl/public/materialegislativa/2023/14733/requerimento_063_-_recursos_pai_nosso_lar_48a_ordinaria.pdf", "ementa": "Solicitam \u00e0 Deputada Estadual Clarice Ganem, emenda parlamentar R$150.000,00, para a Cl\u00ednica de Repouso Nosso Lar, a fim de que seja utilizada como custeio no projeto do PAI Nosso Lar."}, {"id": "14734", "ano": "2023", "numero": "64", "tipo__sigla": "REQ", "tipo__descricao": "Requerimento", "autoria": "ALCIO IKEDA, BIGODE, RAFAEL PACHECO", "texto_original": "http://sapl.adamantina.sp.leg.br/media/sapl/public/materialegislativa/2023/14734/requerimento_064_-_pai_nosso_lar_48a_ordinaria.pdf", "ementa": "Solicitam \u00e0 Deputada Federal Renata Abreu, emenda parlamentar de R$ 250.000,00 para custeio do PAI \u2013 Polo de Atividades Integradas Nosso Lar, neste Munic\u00edpio de Adamantina/SP."}, {"id": "14735", "ano": "2023", "numero": "65", "tipo__sigla": "REQ", "tipo__descricao": "Requerimento", "autoria": "ALCIO IKEDA, BIGODE, RAFAEL PACHECO", "texto_original": "http://sapl.adamantina.sp.leg.br/media/sapl/public/materialegislativa/2023/14735/requerimento_065_-_recursos_pai_nosso_lar_48a_ordinaria.pdf", "ementa": "Solicitam ao Deputado Estadual Gerson Pessoa, emenda parlamentar R$150.000,00 para custeio do PAI Nosso Lar de Adamantina."}, {"id": "14768", "ano": "2023", "numero": "66", "tipo__sigla": "REQ", "tipo__descricao": "Requerimento", "autoria": "Aguinaldo Pires Galv\u00e3o, Cid Jos\u00e9 Aparecido dos Santos, RIQUINHA DO BAR", "texto_original": "http://sapl.adamantina.sp.leg.br/media/sapl/public/materialegislativa/2023/14768/requerimento_066_-_arnaldo_jardim_49a_ordinaria.pdf", "ementa": "Solicitam seja encaminhado of\u00edcio ao Deputado Federal Arnaldo Jardim, a fim de apresentar emenda ao or\u00e7amento da Uni\u00e3o no valor de R$ 250.000,00, para ser utilizado em reformas e outras melhorias em pontes de nosso munic\u00edpio."}, {"id": "14769", "ano": "2023", "numero": "67", "tipo__sigla": "REQ", "tipo__descricao": "Requerimento", "autoria": "Aguinaldo Pires Galv\u00e3o, Cid Jos\u00e9 Aparecido dos Santos, H\u00e9lio Jos\u00e9 dos Santos, NORIKO ONISHI SAITO, RIQUINHA DO BAR", "texto_original": "http://sapl.adamantina.sp.leg.br/media/sapl/public/materialegislativa/2023/14769/requerimento_067_-_mara_gabrilli_49a_ordinaria.pdf", "ementa": "Solicitam da Senadora Mara Gabrilli a apresenta\u00e7\u00e3o de emenda no valor de R$400.000,00, para custeio na \u00e1rea de sa\u00fade do nosso munic\u00edpio."}, {"id": "14770", "ano": "2023", "numero": "68", "tipo__sigla": "REQ", "tipo__descricao": "Requerimento", "autoria": "ALCIO IKEDA", "texto_original": "http://sapl.adamantina.sp.leg.br/media/sapl/public/materialegislativa/2023/14770/requerimento_068_-__equipamentos_recursos_covid-19_-_tomografo_49a_ordinaria.pdf", "ementa": "Solicita informa\u00e7\u00f5es sobre os bens patrimoniais adquiridos pela Prefeitura e pela Santa Casa atrav\u00e9s de recursos recebidos para o combate \u00e0 COVID-19."}, {"id": "14771", "ano": "2023", "numero": "69", "tipo__sigla": "REQ", "tipo__descricao": "Requerimento", "autoria": "H\u00e9lio Jos\u00e9 dos Santos, NORIKO ONISHI SAITO", "texto_original": "http://sapl.adamantina.sp.leg.br/media/sapl/public/materialegislativa/2023/14771/requerimento_069_49a_ordinaria.pdf", "ementa": "Solicitam da Senhora Let\u00edcia Aguiar, Deputada Estadual, a libera\u00e7\u00e3o de recursos financeiros no valor no valor de R$ 100 mil, a serem alocados no custeio e manuten\u00e7\u00e3o das atividades desenvolvidas pelo Lar dos Velhinhos de Adamantina"}, {"id": "14772", "ano": "2023", "numero": "70", "tipo__sigla": "REQ", "tipo__descricao": "Requerimento", "autoria": "PAULO CERVELHEIRA", "texto_original": "http://sapl.adamantina.sp.leg.br/media/sapl/public/materialegislativa/2023/14772/requerimento_070_49a_ordinaria.pdf", "ementa": "Solicita informa\u00e7\u00f5es projeto que visa a reforma geral do Terminal Rodovi\u00e1rio de Adamantina \u201cTamoto Matuoka\u201d."}, {"id": "14808", "ano": "2023", "numero": "71", "tipo__sigla": "REQ", "tipo__descricao": "Requerimento", "autoria": "Aguinaldo Pires Galv\u00e3o, Cid Jos\u00e9 Aparecido dos Santos, NORIKO ONISHI SAITO, RIQUINHA DO BAR", "texto_original": "http://sapl.adamantina.sp.leg.br/media/sapl/public/materialegislativa/2023/14808/requerimento_071_-_dani_alonso_50a_ordinaria.pdf", "ementa": "Solicitam \u00e0 Deputada Estadual Dani Alonso, emenda no valor de R$ 200.000,00, para ser utilizado pela Secretaria Municipal de Cultura para o desenvolvimento de v\u00e1rios projetos culturais."}, {"id": "14809", "ano": "2023", "numero": "72", "tipo__sigla": "REQ", "tipo__descricao": "Requerimento", "autoria": "Aguinaldo Pires Galv\u00e3o, Cid Jos\u00e9 Aparecido dos Santos, NORIKO ONISHI SAITO, RIQUINHA DO BAR", "texto_original": "http://sapl.adamantina.sp.leg.br/media/sapl/public/materialegislativa/2023/14809/requerimento_072_-_capitao_augusto_50a_ordinaria.pdf", "ementa": "Solicitam ao Deputado Federal Capit\u00e3o Augusto, a apresenta\u00e7\u00e3o de emenda no valor de R$ 400.000,00, para serem utilizados em obras de infraestrutura no Poliesportivo de nossa cidade."}, {"id": "14810", "ano": "2023", "numero": "73", "tipo__sigla": "REQ", "tipo__descricao": "Requerimento", "autoria": "H\u00e9lio Jos\u00e9 dos Santos, NORIKO ONISHI SAITO", "texto_original": "http://sapl.adamantina.sp.leg.br/media/sapl/public/materialegislativa/2023/14810/requerimento_073_50a_ordinaria.pdf", "ementa": "Solicitam ao Dr. Tarc\u00edsio de Freitas, Governador do Estado e ao Prof. Renato Feder, Secret\u00e1rio Estadual de Educa\u00e7\u00e3o, conceder um reajuste de 20% a todos os gestores, professores e funcion\u00e1rios da ativa, aposentados e pensionistas, pertencentes \u00e0 Pasta da Educa\u00e7\u00e3o do Estado de S\u00e3o Paulo."}, {"id": "14811", "ano": "2023", "numero": "74", "tipo__sigla": "REQ", "tipo__descricao": "Requerimento", "autoria": "RIQUINHA DO BAR, Aguinaldo Pires Galv\u00e3o, Cid Jos\u00e9 Aparecido dos Santos, NORIKO ONISHI SAITO", "texto_original": "http://sapl.adamantina.sp.leg.br/media/sapl/public/materialegislativa/2023/14811/requerimento_074_50a_ordinaria.pdf", "ementa": "Solicitam ao Deputado Federal Alexandre Leite, emenda no valor de R$ 500 mil reais, para a \u00e1rea da sa\u00fade para compra de medicamentos e equipamentos."}, {"id": "14812", "ano": "2023", "numero": "75", "tipo__sigla": "REQ", "tipo__descricao": "Requerimento", "autoria": "RIQUINHA DO BAR, Aguinaldo Pires Galv\u00e3o, Cid Jos\u00e9 Aparecido dos Santos, NORIKO ONISHI SAITO", "texto_original": "http://sapl.adamantina.sp.leg.br/media/sapl/public/materialegislativa/2023/14812/requerimento_075_50a_ordinaria.pdf", "ementa": "Solicitam ao Deputado Estadual Milton Leite, apresentar emenda no valor de R$500 mil reais, para serem utilizados na \u00e1rea da sa\u00fade para compra de medicamentos e equipamentos."}, {"id": "14813", "ano": "2023", "numero": "76", "tipo__sigla": "REQ", "tipo__descricao": "Requerimento", "autoria": "RIQUINHA DO BAR, Aguinaldo Pires Galv\u00e3o, Cid Jos\u00e9 Aparecido dos Santos, NORIKO ONISHI SAITO", "texto_original": "http://sapl.adamantina.sp.leg.br/media/sapl/public/materialegislativa/2023/14813/requerimento_076_50a_ordinaria.pdf", "ementa": "Solicitam ao Deputado Estadual Mauro Bragato, recursos no valor de R$ 100 mil reais, que ser\u00e3o repassados ao PAI Nosso Lar de Adamantina."}, {"id": "14814", "ano": "2023", "numero": "77", "tipo__sigla": "REQ", "tipo__descricao": "Requerimento", "autoria": "ALCIO IKEDA", "texto_original": "http://sapl.adamantina.sp.leg.br/media/sapl/public/materialegislativa/2023/14814/requerimento_077_-__piso_enfermagem_50a_ordinaria.pdf", "ementa": "Solicita informa\u00e7\u00f5es sobre o repasse de recursos federais para o cumprimento dos pisos salariais nacionais dos profissionais da \u00e1rea de enfermagem, no valor de R$ 2.087.555,29 para Adamantina neste exerc\u00edcio."}, {"id": "14815", "ano": "2023", "numero": "78", "tipo__sigla": "REQ", "tipo__descricao": "Requerimento", "autoria": "RAFAEL PACHECO", "texto_original": "http://sapl.adamantina.sp.leg.br/media/sapl/public/materialegislativa/2023/14815/requerimento_078_-_pedido_de_informacao_50a_ordinaria.pdf", "ementa": "Solicita informa\u00e7\u00f5es sobre os questionamentos da pesquisa realizada por meio do aplicativo \u201cSurvy\u201d."}, {"id": "14869", "ano": "2023", "numero": "79", "tipo__sigla": "REQ", "tipo__descricao": "Requerimento", "autoria": "Aguinaldo Pires Galv\u00e3o, Cid Jos\u00e9 Aparecido dos Santos, NORIKO ONISHI SAITO, RIQUINHA DO BAR", "texto_original": "http://sapl.adamantina.sp.leg.br/media/sapl/public/materialegislativa/2023/14869/requerimento_079_-_fernando_marangoni_51a_ordinaria.pdf", "ementa": "Solicitam ao Deputado Federal Dr. Fernando Marangoni, emenda no valor de R$900.000,00, que ser\u00e1 destinado \u00e0 Associa\u00e7\u00e3o Lar S\u00e3o Francisco de Assis na Provid\u00eancia de Deus - Santa Casa de Adamantina, bem como custeio e compra de equipamentos."}, {"id": "14870", "ano": "2023", "numero": "80", "tipo__sigla": "REQ", "tipo__descricao": "Requerimento", "autoria": "RIQUINHA DO BAR, Aguinaldo Pires Galv\u00e3o, Cid Jos\u00e9 Aparecido dos Santos, NORIKO ONISHI SAITO", "texto_original": "http://sapl.adamantina.sp.leg.br/media/sapl/public/materialegislativa/2023/14870/requerimento_080_51a_ordinaria.pdf", "ementa": "Solicitam ao Deputado Federal Dr. Davi Soares, emenda no valor de R$350.000,00, para custeio e compra de equipamentos para nossa Secretaria Municipal de Sa\u00fade."}, {"id": "14871", "ano": "2023", "numero": "81", "tipo__sigla": "REQ", "tipo__descricao": "Requerimento", "autoria": "BIGODE", "texto_original": "http://sapl.adamantina.sp.leg.br/media/sapl/public/materialegislativa/2023/14871/requerimento_090_51a_ordinaria.pdf", "ementa": "Solicita informa\u00e7\u00e3o sobre quando ser\u00e1 finalizado os servi\u00e7os de recapeamento asf\u00e1ltico das ruas e avenidas do bairro Residencial Itaipus."}, {"id": "14872", "ano": "2023", "numero": "82", "tipo__sigla": "REQ", "tipo__descricao": "Requerimento", "autoria": "H\u00e9lio Jos\u00e9 dos Santos, NORIKO ONISHI SAITO", "texto_original": "http://sapl.adamantina.sp.leg.br/media/sapl/public/materialegislativa/2023/14872/requerimento_082_51a_ordinaria.pdf", "ementa": "Solicitam ao Prof. Andr\u00e9 do Prado, Deputado Estadual a libera\u00e7\u00e3o de kits de livros \u00e0 Biblioteca P\u00fablica Municipal para este ano de 2023, constitu\u00eddo, sobretudo, por publica\u00e7\u00f5es de literatura infanto-juvenil, contos e poesias."}, {"id": "14873", "ano": "2023", "numero": "83", "tipo__sigla": "REQ", "tipo__descricao": "Requerimento", "autoria": "H\u00e9lio Jos\u00e9 dos Santos, NORIKO ONISHI SAITO", "texto_original": "http://sapl.adamantina.sp.leg.br/media/sapl/public/materialegislativa/2023/14873/requerimento_083_51a_ordinaria.pdf", "ementa": "Solicitam ao Prof. Andr\u00e9 do Prado, Deputado Estadual incluir Adamantina na rela\u00e7\u00e3o daqueles que ser\u00e3o contemplados c/ uma unidade da Casa da Juventude."}, {"id": "14874", "ano": "2023", "numero": "84", "tipo__sigla": "REQ", "tipo__descricao": "Requerimento", "autoria": "Cid Jos\u00e9 Aparecido dos Santos, Aguinaldo Pires Galv\u00e3o, H\u00e9lio Jos\u00e9 dos Santos, NORIKO ONISHI SAITO, RIQUINHA DO BAR", "texto_original": "http://sapl.adamantina.sp.leg.br/media/sapl/public/materialegislativa/2023/14874/requerimento_084_51a_ordinaria.pdf", "ementa": "Solicitam do Deputado Estadual Mauro Bragato, a instala\u00e7\u00e3o do Centro Dia para Idosos em Adamantina."}, {"id": "14875", "ano": "2023", "numero": "85", "tipo__sigla": "REQ", "tipo__descricao": "Requerimento", "autoria": "Cid Jos\u00e9 Aparecido dos Santos, Aguinaldo Pires Galv\u00e3o, H\u00e9lio Jos\u00e9 dos Santos, NORIKO ONISHI SAITO, RIQUINHA DO BAR", "texto_original": "http://sapl.adamantina.sp.leg.br/media/sapl/public/materialegislativa/2023/14875/requerimento_085_51a_ordinaria.pdf", "ementa": "Solicitam do Deputado Estadual Mauro Bragato, recursos financeiros para reforma completa das Escolas Teruyo Kikuta e Durvalino Grion de Adamantina."}, {"id": "14876", "ano": "2023", "numero": "86", "tipo__sigla": "REQ", "tipo__descricao": "Requerimento", "autoria": "Cid Jos\u00e9 Aparecido dos Santos, Aguinaldo Pires Galv\u00e3o, H\u00e9lio Jos\u00e9 dos Santos, NORIKO ONISHI SAITO, RIQUINHA DO BAR", "texto_original": "http://sapl.adamantina.sp.leg.br/media/sapl/public/materialegislativa/2023/14876/requerimento_086_51a_ordinaria.pdf", "ementa": "Solicitam do Deputado Estadual Mauro Bragato, recursos financeiros para aquisi\u00e7\u00e3o de 02 socorristas autom\u00e1ticos para reanimar v\u00edtimas de para card\u00edaca."}, {"id": "14877", "ano": "2023", "numero": "87", "tipo__sigla": "REQ", "tipo__descricao": "Requerimento", "autoria": "Cid Jos\u00e9 Aparecido dos Santos, Aguinaldo Pires Galv\u00e3o, H\u00e9lio Jos\u00e9 dos Santos, NORIKO ONISHI SAITO, RIQUINHA DO BAR", "texto_original": "http://sapl.adamantina.sp.leg.br/media/sapl/public/materialegislativa/2023/14877/requerimento_087_51a_ordinaria.pdf", "ementa": "Solicitam do Deputado Federal Gilberto Nascimento, emenda no valor de R$ 200 mil, a ser destinado ao Hospital Psiqui\u00e1trico Pai Nosso Lar de Adamantina."}, {"id": "14878", "ano": "2023", "numero": "88", "tipo__sigla": "REQ", "tipo__descricao": "Requerimento", "autoria": "Cid Jos\u00e9 Aparecido dos Santos, Aguinaldo Pires Galv\u00e3o, H\u00e9lio Jos\u00e9 dos Santos, NORIKO ONISHI SAITO, RIQUINHA DO BAR", "texto_original": "http://sapl.adamantina.sp.leg.br/media/sapl/public/materialegislativa/2023/14878/requerimento_088_51a_ordinaria.pdf", "ementa": "Solicitam a inclus\u00e3o de recursos financeiros no valor de R$ 200 mil, visando o recapeamento asf\u00e1ltico em todo trecho da via urbana da Alameda Santa Cruz de Adamantina, entre as Ruas Osvaldo Cruz e Joaquim Nabuco."}, {"id": "14879", "ano": "2023", "numero": "89", "tipo__sigla": "REQ", "tipo__descricao": "Requerimento", "autoria": "Cid Jos\u00e9 Aparecido dos Santos, Aguinaldo Pires Galv\u00e3o, H\u00e9lio Jos\u00e9 dos Santos, NORIKO ONISHI SAITO, RIQUINHA DO BAR", "texto_original": "http://sapl.adamantina.sp.leg.br/media/sapl/public/materialegislativa/2023/14879/requerimento_089_51a_ordinaria.pdf", "ementa": "Solicitam do Deputado Federal Gilberto Nascimento, recursos financeiros para aquisi\u00e7\u00e3o de 02 socorristas autom\u00e1ticos para reanimar v\u00edtimas de para card\u00edaca."}, {"id": "14880", "ano": "2023", "numero": "90", "tipo__sigla": "REQ", "tipo__descricao": "Requerimento", "autoria": "BIGODE", "texto_original": "http://sapl.adamantina.sp.leg.br/media/sapl/public/materialegislativa/2023/14880/requerimento_090_51a_ordinaria.pdf", "ementa": "Solicita informa\u00e7\u00f5es sobre a \u00e1rea de lazer da AMJAIP."}, {"id": "14881", "ano": "2023", "numero": "91", "tipo__sigla": "REQ", "tipo__descricao": "Requerimento", "autoria": "PAULO CERVELHEIRA", "texto_original": "http://sapl.adamantina.sp.leg.br/media/sapl/public/materialegislativa/2023/14881/requerimento_091_51a_ordinaria.pdf", "ementa": "Solicita informa\u00e7\u00f5es sobre as instala\u00e7\u00f5es dos parques infantis nos bairros de nossa cidade."}, {"id": "14882", "ano": "2023", "numero": "92", "tipo__sigla": "REQ", "tipo__descricao": "Requerimento", "autoria": "ALCIO IKEDA", "texto_original": "http://sapl.adamantina.sp.leg.br/media/sapl/public/materialegislativa/2023/14882/requerimento_092_-_criancas_deficientes_nas_escolas_51a_ordinaria.pdf", "ementa": "Solicita informa\u00e7\u00f5es sobre crian\u00e7as com quadro de defici\u00eancia e necessidades de aten\u00e7\u00e3o especial que s\u00e3o atendidas pela rede de educa\u00e7\u00e3o municipal."}, {"id": "14929", "ano": "2023", "numero": "93", "tipo__sigla": "REQ", "tipo__descricao": "Requerimento", "autoria": "RIQUINHA DO BAR, Aguinaldo Pires Galv\u00e3o, Cid Jos\u00e9 Aparecido dos Santos, NORIKO ONISHI SAITO", "texto_original": "http://sapl.adamantina.sp.leg.br/media/sapl/public/materialegislativa/2023/14929/requerimento_093_52a_ordinaria.pdf", "ementa": "Solicitam \u00e0 Deputada Estadual Val\u00e9ria Bolsonaro, recursos no valor de R$ 300 mil reais ao Lar dos Velhos de Adamantina."}, {"id": "14930", "ano": "2023", "numero": "94", "tipo__sigla": "REQ", "tipo__descricao": "Requerimento", "autoria": "RIQUINHA DO BAR, Aguinaldo Pires Galv\u00e3o, Cid Jos\u00e9 Aparecido dos Santos, NORIKO ONISHI SAITO", "texto_original": "http://sapl.adamantina.sp.leg.br/media/sapl/public/materialegislativa/2023/14930/requerimento_094_52a_ordinaria.pdf", "ementa": "Solicitam ao Deputado Estadual Milton Leite Filho, recursos no valor de R$ 400 mil reais, para custeio da Cl\u00ednica PAI Nosso Lar de Adamantina."}, {"id": "14931", "ano": "2023", "numero": "95", "tipo__sigla": "REQ", "tipo__descricao": "Requerimento", "autoria": "BIGODE", "texto_original": "http://sapl.adamantina.sp.leg.br/media/sapl/public/materialegislativa/2023/14931/requerimento_095_52a_ordinaria.pdf", "ementa": "Solicita o motivo do afastamento do Secret\u00e1rio Municipal de Planejamento."}, {"id": "14932", "ano": "2023", "numero": "96", "tipo__sigla": "REQ", "tipo__descricao": "Requerimento", "autoria": "H\u00e9lio Jos\u00e9 dos Santos, Aguinaldo Pires Galv\u00e3o, Cid Jos\u00e9 Aparecido dos Santos, NORIKO ONISHI SAITO, RIQUINHA DO BAR", "texto_original": "http://sapl.adamantina.sp.leg.br/media/sapl/public/materialegislativa/2023/14932/requerimento_096_52a_ordinaria.pdf", "ementa": "Solicitam do Deputado Estadual Mauro Bragato, a libera\u00e7\u00e3o de R$ 500 mil para custeio e manuten\u00e7\u00e3o da Pronto Socorro Municipal de Adamantina."}, {"id": "14933", "ano": "2023", "numero": "97", "tipo__sigla": "REQ", "tipo__descricao": "Requerimento", "autoria": "H\u00e9lio Jos\u00e9 dos Santos, Aguinaldo Pires Galv\u00e3o, Cid Jos\u00e9 Aparecido dos Santos, NORIKO ONISHI SAITO, RIQUINHA DO BAR", "texto_original": "http://sapl.adamantina.sp.leg.br/media/sapl/public/materialegislativa/2023/14933/requerimento_097_52a_ordinaria.pdf", "ementa": "Solicitam do Deputado Estadual Mauro Bragato, visando incluir o munic\u00edpio de Adamantina na rela\u00e7\u00e3o daqueles que ser\u00e3o contemplados com uma unidade da \u201cCasa da Mulher\u201d neste ano de 2023 ou para o ano de 2024."}, {"id": "14934", "ano": "2023", "numero": "98", "tipo__sigla": "REQ", "tipo__descricao": "Requerimento", "autoria": "RAFAEL PACHECO, ALCIO IKEDA, BIGODE", "texto_original": "http://sapl.adamantina.sp.leg.br/media/sapl/public/materialegislativa/2023/14934/requerimento_098_-_clarice_ganem_52a_ordinaria.pdf", "ementa": "Solicitam da Deputada Estadual Clarice Ganem viabilizar a destina\u00e7\u00e3o de emenda no valor de R$ 150 mil para aquisi\u00e7\u00e3o de materiais pedag\u00f3gicos, inclusive uma brinquedoteca, a serem utilizados pela APAE de Adamantina."}, {"id": "14935", "ano": "2023", "numero": "99", "tipo__sigla": "REQ", "tipo__descricao": "Requerimento", "autoria": "RAFAEL PACHECO, BIGODE", "texto_original": "http://sapl.adamantina.sp.leg.br/media/sapl/public/materialegislativa/2023/14935/requerimento_099_-_informacao_expoverde_52a_ordinaria.pdf", "ementa": "Solicitam informa\u00e7\u00f5es sobre o or\u00e7amento previsto para gastos com shows na Expoverde 2023."}, {"id": "14936", "ano": "2023", "numero": "100", "tipo__sigla": "REQ", "tipo__descricao": "Requerimento", "autoria": "ALCIO IKEDA", "texto_original": "http://sapl.adamantina.sp.leg.br/media/sapl/public/materialegislativa/2023/14936/requerimento_100_-_castramovel_52a_ordinaria.pdf", "ementa": "Solicita informa\u00e7\u00f5es sobre o Castram\u00f3vel de nosso munic\u00edpio."}, {"id": "14937", "ano": "2023", "numero": "101", "tipo__sigla": "REQ", "tipo__descricao": "Requerimento", "autoria": "ALCIO IKEDA, PAULO CERVELHEIRA", "texto_original": "http://sapl.adamantina.sp.leg.br/media/sapl/public/materialegislativa/2023/14937/requerimento_101_-_marcos_pereira_-_san_miguel_ii_52a_ordinaria.pdf", "ementa": "Solicitam ao Deputado Federal Marcos Pereira, no sentido de viabilizar academias ao ar livre ao nosso munic\u00edpio, em especial o bairro San Miguel II."}, {"id": "14938", "ano": "2023", "numero": "102", "tipo__sigla": "REQ", "tipo__descricao": "Requerimento", "autoria": "ALCIO IKEDA, PAULO CERVELHEIRA", "texto_original": "http://sapl.adamantina.sp.leg.br/media/sapl/public/materialegislativa/2023/14938/requerimento_102_-_marcos_pereira_-_van_16_lugares_52a_ordinaria.pdf", "ementa": "Solicitam ao Deputado Federal Marcos Pereira, recursos para a aquisi\u00e7\u00e3o de uma Van de 16 lugares para a utiliza\u00e7\u00e3o da APAE de Adamantina."}, {"id": "14939", "ano": "2023", "numero": "103", "tipo__sigla": "REQ", "tipo__descricao": "Requerimento", "autoria": "ALCIO IKEDA, PAULO CERVELHEIRA", "texto_original": "http://sapl.adamantina.sp.leg.br/media/sapl/public/materialegislativa/2023/14939/requerimento_103_-_marcos_pereira_-_pai_nosso_lar_52a_ordinaria.pdf", "ementa": "Solicitam ao Deputado Federal Marcos Pereira, emenda parlamentar no valor de R$ 150.000,00 para a Cl\u00ednica de Repouso Nosso Lar, a fim de que seja utilizada como custeio no projeto do PAI \u2013 Polo de Atividades Integradas Nosso Lar."}, {"id": "14940", "ano": "2023", "numero": "104", "tipo__sigla": "REQ", "tipo__descricao": "Requerimento", "autoria": "ALCIO IKEDA, BIGODE, RAFAEL PACHECO", "texto_original": "http://sapl.adamantina.sp.leg.br/media/sapl/public/materialegislativa/2023/14940/requerimento_104_-_renata_abreu_-_sec._cultura_52a_ordinaria.pdf", "ementa": "Solicitam a Deputada Federal Renata Abreu, emenda no valor de R$150.000,00, para a compra de equipamentos para a Secretaria Municipal de Cultura."}, {"id": "14941", "ano": "2023", "numero": "105", "tipo__sigla": "REQ", "tipo__descricao": "Requerimento", "autoria": "ALCIO IKEDA, BIGODE, RAFAEL PACHECO", "texto_original": "http://sapl.adamantina.sp.leg.br/media/sapl/public/materialegislativa/2023/14941/requerimento_105_-_fernando_marangoni_-_equip._cultura_52a_ordinaria.pdf", "ementa": "Solicitam ao Deputado Federal Fernando Marangoni, emenda o valor de R$150.000,00, para compra de equipamentos \u00e0 Secretaria Municipal de Cultura."}, {"id": "14942", "ano": "2023", "numero": "106", "tipo__sigla": "REQ", "tipo__descricao": "Requerimento", "autoria": "ALCIO IKEDA, BIGODE, PAULO CERVELHEIRA, RAFAEL PACHECO", "texto_original": "http://sapl.adamantina.sp.leg.br/media/sapl/public/materialegislativa/2023/14942/requerimento_106_-_fernando_marangoni_-_van_16_lugares_52a_ordinaria.pdf", "ementa": "Solicitam ao Deputado Federal Fernando Marangoni, recursos para a aquisi\u00e7\u00e3o de uma Van de 16 lugares para a utiliza\u00e7\u00e3o da APAE de Adamantina."}, {"id": "14943", "ano": "2023", "numero": "107", "tipo__sigla": "REQ", "tipo__descricao": "Requerimento", "autoria": "ALCIO IKEDA, BIGODE, PAULO CERVELHEIRA, RAFAEL PACHECO", "texto_original": "http://sapl.adamantina.sp.leg.br/media/sapl/public/materialegislativa/2023/14943/requerimento_107_-_fernando_marangoni_-_san_miguel_ii_52a_ordinaria.pdf", "ementa": "Solicitam ao Deputado Federal Fernando Marangoni, viabilizar academias ao ar livre para nosso munic\u00edpio, em especial, para o bairro San Miguel II."}, {"id": "14944", "ano": "2023", "numero": "108", "tipo__sigla": "REQ", "tipo__descricao": "Requerimento", "autoria": "Cid Jos\u00e9 Aparecido dos Santos, Aguinaldo Pires Galv\u00e3o, RIQUINHA DO BAR", "texto_original": "http://sapl.adamantina.sp.leg.br/media/sapl/public/materialegislativa/2023/14944/requerimento_108_52a_ordinaria.pdf", "ementa": "Solicitam da Deputada Estadual Val\u00e9ria Bolsonaro, recursos financeiros para aquisi\u00e7\u00e3o de um ve\u00edculo espec\u00edfico para o transporte de assistidos da Resid\u00eancia Inclusiva Regional de Adamantina, recentemente inaugurada."}, {"id": "14945", "ano": "2023", "numero": "109", "tipo__sigla": "REQ", "tipo__descricao": "Requerimento", "autoria": "Cid Jos\u00e9 Aparecido dos Santos, Aguinaldo Pires Galv\u00e3o, RIQUINHA DO BAR", "texto_original": "http://sapl.adamantina.sp.leg.br/media/sapl/public/materialegislativa/2023/14945/requerimento_109_52a_ordinaria.pdf", "ementa": "Solicitam do Deputado Federal Gilberto Nascimento, apresentar emenda no valor de R$ 100 mil reais, que ser\u00e3o repassados ao Lar dos Velhos de Adamantina."}, {"id": "14946", "ano": "2023", "numero": "110", "tipo__sigla": "REQ", "tipo__descricao": "Requerimento", "autoria": "Cid Jos\u00e9 Aparecido dos Santos, Aguinaldo Pires Galv\u00e3o, RIQUINHA DO BAR", "texto_original": "http://sapl.adamantina.sp.leg.br/media/sapl/public/materialegislativa/2023/14946/requerimento_110_52a_ordinaria.pdf", "ementa": "Solicitam do Deputado Federal Alexandre Leite, emenda no valor de R$ 100 mil reais, a serem utilizados no custeio e manuten\u00e7\u00e3o da APAE de Adamantina."}, {"id": "14947", "ano": "2023", "numero": "111", "tipo__sigla": "REQ", "tipo__descricao": "Requerimento", "autoria": "Cid Jos\u00e9 Aparecido dos Santos, Aguinaldo Pires Galv\u00e3o, RIQUINHA DO BAR", "texto_original": "http://sapl.adamantina.sp.leg.br/media/sapl/public/materialegislativa/2023/14947/requerimento_111_52a_ordinaria.pdf", "ementa": "Solicitam do Deputado Estadual Mauro Bragato, recursos financeiros para aquisi\u00e7\u00e3o de um ve\u00edculo espec\u00edfico para o transporte de assistidos da Resid\u00eancia Inclusiva Regional de Adamantina, recentemente inaugurada e j\u00e1 em atividade."}, {"id": "14956", "ano": "2023", "numero": "112", "tipo__sigla": "REQ", "tipo__descricao": "Requerimento", "autoria": "Aguinaldo Pires Galv\u00e3o, Cid Jos\u00e9 Aparecido dos Santos, NORIKO ONISHI SAITO, RIQUINHA DO BAR", "texto_original": "http://sapl.adamantina.sp.leg.br/media/sapl/public/materialegislativa/2023/14956/requerimento_112_-_pedido_de_informacao_53a_ordinaria.pdf", "ementa": "Solicitam informa\u00e7\u00f5es sobre os projetos referentes a melhorias nas estradas rurais de nosso munic\u00edpio."}, {"id": "14957", "ano": "2023", "numero": "113", "tipo__sigla": "REQ", "tipo__descricao": "Requerimento", "autoria": "ALCIO IKEDA", "texto_original": "http://sapl.adamantina.sp.leg.br/media/sapl/public/materialegislativa/2023/14957/requerimento_113_-_pedido_de_informacao_pdv_53a_ordinaria.pdf", "ementa": "Solicita informa\u00e7\u00f5es sobre a Prefeitura aderir ao PDV \u2013 Plano de Demiss\u00e3o Volunt\u00e1ria."}, {"id": "14958", "ano": "2023", "numero": "114", "tipo__sigla": "REQ", "tipo__descricao": "Requerimento", "autoria": "ALCIO IKEDA", "texto_original": "http://sapl.adamantina.sp.leg.br/media/sapl/public/materialegislativa/2023/14958/requerimento_114_-_pedido_de_informacao_pavimentacao_da_rua_sergipe_53a_ordinaria.pdf", "ementa": "Solicita informa\u00e7\u00f5es sobre qual situa\u00e7\u00e3o se encontra a licita\u00e7\u00e3o da pavimenta\u00e7\u00e3o da Rua Sergipe (via que liga o Jardim Brasil com o Parque Itamaraty)."}, {"id": "14959", "ano": "2023", "numero": "115", "tipo__sigla": "REQ", "tipo__descricao": "Requerimento", "autoria": "ALCIO IKEDA, Cid Jos\u00e9 Aparecido dos Santos", "texto_original": "http://sapl.adamantina.sp.leg.br/media/sapl/public/materialegislativa/2023/14959/requerimento_115_-_pedido_de_informacao_laudos_de_insalubridade_53a_ordinaria.pdf", "ementa": "Solicitam informa\u00e7\u00f5es sobre os \u00faltimos laudos de insalubridade / periculosidade realizados por esta Prefeitura (anos de 2022 e 2023)."}, {"id": "15010", "ano": "2023", "numero": "116", "tipo__sigla": "REQ", "tipo__descricao": "Requerimento", "autoria": "BIGODE", "texto_original": "http://sapl.adamantina.sp.leg.br/media/sapl/public/materialegislativa/2023/15010/requerimento_116_54a_ordinaria.pdf", "ementa": "Solicita a seguinte informa\u00e7\u00e3o: conforme meu pronunciamento na Tribuna da C\u00e2mara Municipal, na \u00faltima Sess\u00e3o Ordin\u00e1ria, realizada no dia 03 de julho de 2023, quais foram as provid\u00eancias tomadas pela Secretaria Municipal de Sa\u00fade."}, {"id": "15011", "ano": "2023", "numero": "117", "tipo__sigla": "REQ", "tipo__descricao": "Requerimento", "autoria": "H\u00e9lio Jos\u00e9 dos Santos, NORIKO ONISHI SAITO", "texto_original": "http://sapl.adamantina.sp.leg.br/media/sapl/public/materialegislativa/2023/15011/requerimento_117_54a_ordinaria.pdf", "ementa": "Solicitam ao Prof. Andr\u00e9 do Prado, Deputado Estadual e Presidente da Assembleia Legislativa do Estado de S\u00e3o Paulo, que sejam regularizados os benef\u00edcios dos servidores estaduais."}, {"id": "15012", "ano": "2023", "numero": "118", "tipo__sigla": "REQ", "tipo__descricao": "Requerimento", "autoria": "H\u00e9lio Jos\u00e9 dos Santos, Aguinaldo Pires Galv\u00e3o, Cid Jos\u00e9 Aparecido dos Santos, NORIKO ONISHI SAITO, RIQUINHA DO BAR", "texto_original": "http://sapl.adamantina.sp.leg.br/media/sapl/public/materialegislativa/2023/15012/requerimento_118_54a_ordinaria.pdf", "ementa": "Solicitam ao Prof. Andr\u00e9 do Prado, Deputado Estadual e Presidente da Assembleia Legislativa do Estado de S\u00e3o Paulo, a inclus\u00e3o de forma oficial no programa estadual de melhorias de vicinais n\u00e3o asfaltadas, recursos financeiros visando \u00e0 pavimenta\u00e7\u00e3o asf\u00e1ltica da Estrada 14 de Adamantina."}, {"id": "15013", "ano": "2023", "numero": "119", "tipo__sigla": "REQ", "tipo__descricao": "Requerimento", "autoria": "ALCIO IKEDA, BIGODE, PAULO CERVELHEIRA, RAFAEL PACHECO", "texto_original": "http://sapl.adamantina.sp.leg.br/media/sapl/public/materialegislativa/2023/15013/requerimento_119_-_roberto_de_lucena_54a_ordinaria.pdf", "ementa": "Solicitam ao Secret\u00e1rio Estadual de Turismo Roberto de Lucena, a libera\u00e7\u00e3o de recursos ou celebra\u00e7\u00e3o de conv\u00eanio estadual visando a constru\u00e7\u00e3o de um Centro Cultural Municipal."}, {"id": "15014", "ano": "2023", "numero": "120", "tipo__sigla": "REQ", "tipo__descricao": "Requerimento", "autoria": "ALCIO IKEDA, BIGODE, PAULO CERVELHEIRA, RAFAEL PACHECO", "texto_original": "http://sapl.adamantina.sp.leg.br/media/sapl/public/materialegislativa/2023/15014/requerimento_120_-_roberto_de_lucena_54a_ordinaria.pdf", "ementa": "Solicitam ao Secret\u00e1rio Estadual de Turismo Roberto de Lucena, a destina\u00e7\u00e3o de R$ 120.000,00 para a compra de equipamentos para a Secretaria Municipal de Cultura e Turismo, especificamente, para a compra de instrumentos musicais para a forma\u00e7\u00e3o de uma Orquestra Sinf\u00f4nica Municipal."}, {"id": "15015", "ano": "2023", "numero": "121", "tipo__sigla": "REQ", "tipo__descricao": "Requerimento", "autoria": "ALCIO IKEDA, BIGODE, PAULO CERVELHEIRA, RAFAEL PACHECO", "texto_original": "http://sapl.adamantina.sp.leg.br/media/sapl/public/materialegislativa/2023/15015/requerimento_121_-_roberto_de_lucena_54a_ordinaria.pdf", "ementa": "Solicitam ao Secret\u00e1rio Estadual de Turismo Roberto de Lucena, a libera\u00e7\u00e3o de recursos ou celebra\u00e7\u00e3o de conv\u00eanio estadual visando a constru\u00e7\u00e3o de um Centro Cultural Municipal."}, {"id": "15016", "ano": "2023", "numero": "122", "tipo__sigla": "REQ", "tipo__descricao": "Requerimento", "autoria": "PAULO CERVELHEIRA, ALCIO IKEDA", "texto_original": "http://sapl.adamantina.sp.leg.br/media/sapl/public/materialegislativa/2023/15016/requerimento_122_-_renato_feder_54a_ordinaria.pdf", "ementa": "Solicitam ao Secret\u00e1rio Estadual de Educa\u00e7\u00e3o Renato Feder, estudos para a inser\u00e7\u00e3o de Adamantina no Programa Estadual de Escolas c\u00edvicos-militares do Governo do Estado de S\u00e3o Paulo."}, {"id": "15083", "ano": "2023", "numero": "123", "tipo__sigla": "REQ", "tipo__descricao": "Requerimento", "autoria": "RIQUINHA DO BAR, Aguinaldo Pires Galv\u00e3o, Cid Jos\u00e9 Aparecido dos Santos, NORIKO ONISHI SAITO", "texto_original": "http://sapl.adamantina.sp.leg.br/media/sapl/public/materialegislativa/2023/15083/requerimento_123_55a_ordinaria.pdf", "ementa": "Solicitam ao Deputado Estadual Daniel Soares, incluir recursos financeiros no valor de R$ 400 mil reais ao Lar dos Velhos de Adamantina."}, {"id": "15084", "ano": "2023", "numero": "124", "tipo__sigla": "REQ", "tipo__descricao": "Requerimento", "autoria": "RIQUINHA DO BAR, Aguinaldo Pires Galv\u00e3o, Cid Jos\u00e9 Aparecido dos Santos, NORIKO ONISHI SAITO", "texto_original": "http://sapl.adamantina.sp.leg.br/media/sapl/public/materialegislativa/2023/15084/requerimento_124_55a_ordinaria.pdf", "ementa": "Solicitam ao Deputado Estadual Edmir Chedid, recursos financeiros no valor de R$ 200 mil reais a serem repassados na Secretaria Municipal de Cultura."}, {"id": "15085", "ano": "2023", "numero": "125", "tipo__sigla": "REQ", "tipo__descricao": "Requerimento", "autoria": "RIQUINHA DO BAR, Aguinaldo Pires Galv\u00e3o, Cid Jos\u00e9 Aparecido dos Santos, NORIKO ONISHI SAITO", "texto_original": "http://sapl.adamantina.sp.leg.br/media/sapl/public/materialegislativa/2023/15085/requerimento_125_55a_ordinaria.pdf", "ementa": "Solicitam ao Deputado Estadual Rafael Saraiva, a inclus\u00e3o de recursos financeiros no valor de R$ 300 mil reais a serem alocados em obras de infraestrutura urbana em nosso munic\u00edpio."}, {"id": "15086", "ano": "2023", "numero": "126", "tipo__sigla": "REQ", "tipo__descricao": "Requerimento", "autoria": "RIQUINHA DO BAR, Aguinaldo Pires Galv\u00e3o, Cid Jos\u00e9 Aparecido dos Santos, NORIKO ONISHI SAITO", "texto_original": "http://sapl.adamantina.sp.leg.br/media/sapl/public/materialegislativa/2023/15086/requerimento_126_55a_ordinaria.pdf", "ementa": "Solicitam \u00e0 Deputada Estadual Solange Freitas, a inclus\u00e3o de recursos financeiros no valor de R$ 200 mil reais a serem repassados \u00e0 Cl\u00ednica PAI Nosso Lar."}, {"id": "15087", "ano": "2023", "numero": "127", "tipo__sigla": "REQ", "tipo__descricao": "Requerimento", "autoria": "H\u00e9lio Jos\u00e9 dos Santos, NORIKO ONISHI SAITO, RIQUINHA DO BAR", "texto_original": "http://sapl.adamantina.sp.leg.br/media/sapl/public/materialegislativa/2023/15087/requerimento_127_55a_ordinaria.pdf", "ementa": "Solicitam ao Dr. Luiz Cl\u00e1udio Marcolino, Deputado Estadual, a libera\u00e7\u00e3o de recursos financeiros para a instala\u00e7\u00e3o de uma academia ao ar livre no Bairro Parque do Sol."}, {"id": "15088", "ano": "2023", "numero": "128", "tipo__sigla": "REQ", "tipo__descricao": "Requerimento", "autoria": "ALCIO IKEDA, PAULO CERVELHEIRA", "texto_original": "http://sapl.adamantina.sp.leg.br/media/sapl/public/materialegislativa/2023/15088/requerimento_128_-_pedido_de_informacao_santa_casa_55a_ordinaria.pdf", "ementa": "Solicitam informa\u00e7\u00f5es \u00e0 Santa Casa de Adamantina, no que diz respeito aos portadores do TEA (Transtorno do Espectro Autista)."}, {"id": "15089", "ano": "2023", "numero": "129", "tipo__sigla": "REQ", "tipo__descricao": "Requerimento", "autoria": "Cid Jos\u00e9 Aparecido dos Santos, ALCIO IKEDA", "texto_original": "http://sapl.adamantina.sp.leg.br/media/sapl/public/materialegislativa/2023/15089/requerimento_129_55a_ordinaria.pdf", "ementa": "Solicitam informa\u00e7\u00f5es sobre a Expoverde 2023."}, {"id": "15090", "ano": "2023", "numero": "130", "tipo__sigla": "REQ", "tipo__descricao": "Requerimento", "autoria": "BIGODE", "texto_original": "http://sapl.adamantina.sp.leg.br/media/sapl/public/materialegislativa/2023/15090/requerimento_130_55a_ordinaria.pdf", "ementa": "Solicita informa\u00e7\u00f5es sobre os estudos t\u00e9cnicos de engenharia que resultou na instala\u00e7\u00e3o de todas as lombadas f\u00edsicas (ondula\u00e7\u00e3o transversal) constru\u00eddas em Adamantina nos anos de 2017 a 2023."}, {"id": "15091", "ano": "2023", "numero": "131", "tipo__sigla": "REQ", "tipo__descricao": "Requerimento", "autoria": "Obras, Servi\u00e7os P\u00fablicos e Meio Ambiente", "texto_original": "http://sapl.adamantina.sp.leg.br/media/sapl/public/materialegislativa/2023/15091/requerimento_131_-_concessao_dos_terrenos_55a_ordinaria.pdf", "ementa": "Solicita informa\u00e7\u00f5es em rela\u00e7\u00e3o \u00e0 suspens\u00e3o da licita\u00e7\u00e3o da concess\u00e3o de terrenos a empresas (processo n\u00ba 30/2023) atrav\u00e9s de liminar."}, {"id": "15098", "ano": "2023", "numero": "132", "tipo__sigla": "REQ", "tipo__descricao": "Requerimento", "autoria": "RIQUINHA DO BAR, NORIKO ONISHI SAITO", "texto_original": "http://sapl.adamantina.sp.leg.br/media/sapl/public/materialegislativa/2023/15098/requerimento_132_56a_ordinaria.pdf", "ementa": "Solicitam seja encaminhado of\u00edcio ao Deputado Estadual Milton Leite Filho, para que interfira junto \u00e0 empresa Eixo, objetivando cobrar o in\u00edcio das obras da constru\u00e7\u00e3o da passarela ligando os bairros Parque do Sol e Vila Jamil de Lima \u2013 Km 562 da referida rodovia, pr\u00f3ximo ao trevo principal da cidade."}, {"id": "15099", "ano": "2023", "numero": "133", "tipo__sigla": "REQ", "tipo__descricao": "Requerimento", "autoria": "NORIKO ONISHI SAITO", "texto_original": "http://sapl.adamantina.sp.leg.br/media/sapl/public/materialegislativa/2023/15099/requerimento_133_56a_ordinaria.pdf", "ementa": "Solicita ao Deputado Estadual M\u00e1rcio Nakashima, objetivando a libera\u00e7\u00e3o de recursos no valor no valor de R$ 100 mil, a serem alocados no custeio e manuten\u00e7\u00e3o das atividades desenvolvidas pelo Lar dos Velhos de Adamantina."}, {"id": "15100", "ano": "2023", "numero": "134", "tipo__sigla": "REQ", "tipo__descricao": "Requerimento", "autoria": "H\u00e9lio Jos\u00e9 dos Santos, NORIKO ONISHI SAITO", "texto_original": "http://sapl.adamantina.sp.leg.br/media/sapl/public/materialegislativa/2023/15100/requerimento_134_56a_ordinaria.pdf", "ementa": "Solicitam ao Dr. Miguel Lombardi, Deputado Federal, a inclus\u00e3o de uma Emenda no valor de R$ 100 mil, a serem alocados no custeio e manuten\u00e7\u00e3o das atividades desenvolvidas pelo Lar dos Velhos de Adamantina."}, {"id": "15101", "ano": "2023", "numero": "135", "tipo__sigla": "REQ", "tipo__descricao": "Requerimento", "autoria": "H\u00e9lio Jos\u00e9 dos Santos, NORIKO ONISHI SAITO", "texto_original": "http://sapl.adamantina.sp.leg.br/media/sapl/public/materialegislativa/2023/15101/requerimento_135_56a_ordinaria.pdf", "ementa": "Solicitam \u00e0 Senhora Let\u00edcia Aguiar, Deputada Estadual, que seja alterado o Artigo 14 da Resolu\u00e7\u00e3o SEDUC-87/2022."}, {"id": "15102", "ano": "2023", "numero": "136", "tipo__sigla": "REQ", "tipo__descricao": "Requerimento", "autoria": "RIQUINHA DO BAR, NORIKO ONISHI SAITO", "texto_original": "http://sapl.adamantina.sp.leg.br/media/sapl/public/materialegislativa/2023/15102/requerimento_136_56a_ordinaria.pdf", "ementa": "Solicita ao Deputado Estadual Milton Leite Filho, apresentar emenda no valor de R$ 400 mil reais, para ser utilizada na constru\u00e7\u00e3o de um campo de futebol Society, grama sint\u00e9tica, no bairro Jardim Bela Vista."}, {"id": "15103", "ano": "2023", "numero": "137", "tipo__sigla": "REQ", "tipo__descricao": "Requerimento", "autoria": "ALCIO IKEDA", "texto_original": "http://sapl.adamantina.sp.leg.br/media/sapl/public/materialegislativa/2023/15103/requerimento_137_-_pedido_de_informacao_piso_salarial_enfermagem_56a_ordinaria.pdf", "ementa": "Solicita informa\u00e7\u00f5es sobre a valoriza\u00e7\u00e3o e regulariza\u00e7\u00e3o do Piso Salarial da Enfermagem dos Profissionais da Prefeitura de Adamantina."}, {"id": "15104", "ano": "2023", "numero": "138", "tipo__sigla": "REQ", "tipo__descricao": "Requerimento", "autoria": "ALCIO IKEDA", "texto_original": "http://sapl.adamantina.sp.leg.br/media/sapl/public/materialegislativa/2023/15104/requerimento_138_-_pedido_de_informacao_quiosques_e_decks_56a_ordinaria.pdf", "ementa": "Solicita informa\u00e7\u00f5es sobre os quiosques e deck elevados constru\u00eddos no Parque dos Pioneiros, fruto de conv\u00eanio junto a Secretaria de Turismo e Viagens do Estado de S\u00e3o Paulo, como ser\u00e1 realizada a licita\u00e7\u00e3o para a concess\u00e3o dos espa\u00e7os em quest\u00e3o?"}, {"id": "15105", "ano": "2023", "numero": "139", "tipo__sigla": "REQ", "tipo__descricao": "Requerimento", "autoria": "BIGODE", "texto_original": "http://sapl.adamantina.sp.leg.br/media/sapl/public/materialegislativa/2023/15105/requerimento_138_-_pedido_de_informacao_quiosques_e_decks_56a_ordinaria.pdf", "ementa": "Solicita todos os estudos t\u00e9cnicos de engenharia que resultou na instala\u00e7\u00e3o de todas as lombadas f\u00edsicas (ondula\u00e7\u00e3o transversal) constru\u00eddas em Adamantina nos anos de 2017 a 2023, na forma do Anexo I da resolu\u00e7\u00e3o do CONTRAN n\u00ba 600 de 24 de maio de 2016."}, {"id": "15136", "ano": "2023", "numero": "140", "tipo__sigla": "REQ", "tipo__descricao": "Requerimento", "autoria": "ALCIO IKEDA, Aguinaldo Pires Galv\u00e3o, BIGODE, Cid Jos\u00e9 Aparecido dos Santos, RAFAEL PACHECO", "texto_original": "http://sapl.adamantina.sp.leg.br/media/sapl/public/materialegislativa/2023/15136/requerimento_140_-_fernando_marangoni_57a_ordinaria.pdf", "ementa": "Solicitam ao Deputado Federal Fernando Marangoni, emenda parlamentar no valor de R$ 100.000,00 (cem mil reais) para o Lar dos Velhos de Adamantina."}, {"id": "15137", "ano": "2023", "numero": "141", "tipo__sigla": "REQ", "tipo__descricao": "Requerimento", "autoria": "ALCIO IKEDA, Aguinaldo Pires Galv\u00e3o, BIGODE, Cid Jos\u00e9 Aparecido dos Santos, RIQUINHA DO BAR", "texto_original": "http://sapl.adamantina.sp.leg.br/media/sapl/public/materialegislativa/2023/15137/requerimento_141_-_fernando_marangoni_57a_ordinaria.pdf", "ementa": "Solicitam ao Deputado Federal Fernando Marangoni, emenda parlamentar no valor de R$ 100.000,00 para o custeio do IAMA."}, {"id": "15138", "ano": "2023", "numero": "142", "tipo__sigla": "REQ", "tipo__descricao": "Requerimento", "autoria": "ALCIO IKEDA, Aguinaldo Pires Galv\u00e3o, BIGODE, Cid Jos\u00e9 Aparecido dos Santos, RAFAEL PACHECO", "texto_original": "http://sapl.adamantina.sp.leg.br/media/sapl/public/materialegislativa/2023/15138/requerimento_142_-_fernando_marangoni_casa_do_garoto_57a_ordinaria.pdf", "ementa": "Solicitam ao Deputado Federal Fernando Marangoni, emenda parlamentar no valor de R$ 100.000,00 para o custeio da Casa do Garoto de Adamantina."}, {"id": "15139", "ano": "2023", "numero": "143", "tipo__sigla": "REQ", "tipo__descricao": "Requerimento", "autoria": "ALCIO IKEDA, Aguinaldo Pires Galv\u00e3o, BIGODE, Cid Jos\u00e9 Aparecido dos Santos, RAFAEL PACHECO", "texto_original": "http://sapl.adamantina.sp.leg.br/media/sapl/public/materialegislativa/2023/15139/requerimento_143_-_fernando_marangoni_santa_casa_57a_ordinaria.pdf", "ementa": "Solicitam ao Deputado Federal Fernando Marangoni, emenda parlamentar no valor de R$ 100.000,00 para o custeio da Santa Casa de Adamantina."}, {"id": "15140", "ano": "2023", "numero": "144", "tipo__sigla": "REQ", "tipo__descricao": "Requerimento", "autoria": "ALCIO IKEDA, Aguinaldo Pires Galv\u00e3o, BIGODE, Cid Jos\u00e9 Aparecido dos Santos, RAFAEL PACHECO", "texto_original": "http://sapl.adamantina.sp.leg.br/media/sapl/public/materialegislativa/2023/15140/requerimento_144_-_fernando_marangoni_apae_57a_ordinaria.pdf", "ementa": "Solicitam ao Deputado Federal Fernando Marangoni, emenda parlamentar no valor de R$ 100.000,00 para o custeio da APAE de Adamantina."}, {"id": "15141", "ano": "2023", "numero": "145", "tipo__sigla": "REQ", "tipo__descricao": "Requerimento", "autoria": "RAFAEL PACHECO, BIGODE", "texto_original": "http://sapl.adamantina.sp.leg.br/media/sapl/public/materialegislativa/2023/15141/requerimento_145_-_informacao_expoverde_57a_ordinaria.pdf", "ementa": "Solicita informa\u00e7\u00f5es sobre a Expoverde 2023."}, {"id": "15142", "ano": "2023", "numero": "146", "tipo__sigla": "REQ", "tipo__descricao": "Requerimento", "autoria": "H\u00e9lio Jos\u00e9 dos Santos, NORIKO ONISHI SAITO", "texto_original": "http://sapl.adamantina.sp.leg.br/media/sapl/public/materialegislativa/2023/15142/requerimento_146_57a_ordinaria.pdf", "ementa": "Solicitam ao Deputado Estadual Mauro Bragato, a libera\u00e7\u00e3o de recursos financeiros para um melhor atendimento dos conveniados do IAMSPE."}, {"id": "15143", "ano": "2023", "numero": "147", "tipo__sigla": "REQ", "tipo__descricao": "Requerimento", "autoria": "H\u00e9lio Jos\u00e9 dos Santos, NORIKO ONISHI SAITO, RIQUINHA DO BAR", "texto_original": "http://sapl.adamantina.sp.leg.br/media/", "ementa": "Solicitam ao Deputado Federal Fausto Pinato, a libera\u00e7\u00e3o de R$ 200 mil para custeio e manuten\u00e7\u00e3o dos servi\u00e7os da aten\u00e7\u00e3o b\u00e1sica da rede municipal de sa\u00fade, por interm\u00e9dio das Unidades B\u00e1sicas de Sa\u00fade (UBS) bem como no Centro Integrado de Sa\u00fade (CIS)."}, {"id": "15144", "ano": "2023", "numero": "148", "tipo__sigla": "REQ", "tipo__descricao": "Requerimento", "autoria": "H\u00e9lio Jos\u00e9 dos Santos, NORIKO ONISHI SAITO, RIQUINHA DO BAR", "texto_original": "http://sapl.adamantina.sp.leg.br/media/sapl/public/materialegislativa/2023/15144/requerimento_148_57a_ordinaria.pdf", "ementa": "Solicitam ao Deputado Federal Paulo Freire Costa, a libera\u00e7\u00e3o de R$100 mil ao Lar dos Velhos de Adamantina."}, {"id": "15200", "ano": "2023", "numero": "149", "tipo__sigla": "REQ", "tipo__descricao": "Requerimento", "autoria": "H\u00e9lio Jos\u00e9 dos Santos, NORIKO ONISHI SAITO", "texto_original": "http://sapl.adamantina.sp.leg.br/media/sapl/public/materialegislativa/2023/15200/requerimento_149_58a_ordinaria.pdf", "ementa": "Solicitam ao Deputado Estadual Mauro Bragato, a libera\u00e7\u00e3o de R$ 250 mil para custeio e manuten\u00e7\u00e3o do Polo de Atividades Integradas (PAI) Nosso Lar de Adamantina."}, {"id": "15201", "ano": "2023", "numero": "150", "tipo__sigla": "REQ", "tipo__descricao": "Requerimento", "autoria": "H\u00e9lio Jos\u00e9 dos Santos, NORIKO ONISHI SAITO, RIQUINHA DO BAR", "texto_original": "http://sapl.adamantina.sp.leg.br/media/sapl/public/materialegislativa/2023/15201/requerimento_150_58a_ordinaria.pdf", "ementa": "Solicitam ao Deputado Federal Fausto Pinato, a libera\u00e7\u00e3o de recursos financeiros, com vistas \u00e0 constru\u00e7\u00e3o de um Gin\u00e1sio Poliesportivo - Modelo I, na \u00e1rea onde est\u00e1 localizado o \u201cCampo do Marroco\u201d, na Vila Joaquina, em substitui\u00e7\u00e3o ao campo de futebol m\u00e9dio que n\u00e3o est\u00e1 sendo utilizado naquele mesmo local."}, {"id": "15202", "ano": "2023", "numero": "151", "tipo__sigla": "REQ", "tipo__descricao": "Requerimento", "autoria": "H\u00e9lio Jos\u00e9 dos Santos, Aguinaldo Pires Galv\u00e3o, ALCIO IKEDA, PAULO CERVELHEIRA", "texto_original": "http://sapl.adamantina.sp.leg.br/media/sapl/public/materialegislativa/2023/15202/requerimento_151_58a_ordinaria.pdf", "ementa": "Solicitam ao Deputado Estadual Prof. Andr\u00e9 do Prado, a libera\u00e7\u00e3o de R$ 500 mil para custeio e manuten\u00e7\u00e3o da Santa Casa de Miseric\u00f3rdia de Adamantina."}, {"id": "15203", "ano": "2023", "numero": "152", "tipo__sigla": "REQ", "tipo__descricao": "Requerimento", "autoria": "ALCIO IKEDA, Aguinaldo Pires Galv\u00e3o, BIGODE, Cid Jos\u00e9 Aparecido dos Santos, PAULO CERVELHEIRA, RAFAEL PACHECO", "texto_original": "http://sapl.adamantina.sp.leg.br/media/sapl/public/materialegislativa/2023/15203/requerimento_152_-_gerente_cdhu_58a_ordinaria.pdf", "ementa": "Solicitam informa\u00e7\u00f5es ao Gerente Regional do CDHU Lucas de Haro Campagnollo sobre o Conjunto Habitacional Murilo Jaccoud (Adamantina \u201cO\u201d)."}, {"id": "15204", "ano": "2023", "numero": "153", "tipo__sigla": "REQ", "tipo__descricao": "Requerimento", "autoria": "ALCIO IKEDA, Aguinaldo Pires Galv\u00e3o, BIGODE, Cid Jos\u00e9 Aparecido dos Santos, H\u00e9lio Jos\u00e9 dos Santos, NORIKO ONISHI SAITO, PAULO CERVELHEIRA, RAFAEL PACHECO, RIQUINHA DO BAR", "texto_original": "http://sapl.adamantina.sp.leg.br/media/sapl/public/materialegislativa/2023/15204/requerimento_153_-_gerente_cdhu_58a_ordinaria.pdf", "ementa": "Solicitam ao Gerente Regional do CDHU Lucas de Haro Campagnollo, solicitando o agendamento de mutir\u00f5es para promover campanhas de atendimento do CDHU \u00e0 popula\u00e7\u00e3o de Adamantina."}, {"id": "15205", "ano": "2023", "numero": "154", "tipo__sigla": "REQ", "tipo__descricao": "Requerimento", "autoria": "Obras, Servi\u00e7os P\u00fablicos e Meio Ambiente", "texto_original": "http://sapl.adamantina.sp.leg.br/media/sapl/public/materialegislativa/2023/15205/requerimento_154_-_conjunto_habitacional_naur_bellusci_58a_ordinaria.pdf", "ementa": "Solicitam informa\u00e7\u00f5es sobre a constru\u00e7\u00e3o das casas populares previstas para o Conjunto Habitacional Naur Bellusci, localizada \u00e0 margem da Vicinal Jos\u00e9 Maria da Silva (Adamantina/Mari\u00e1polis)."}, {"id": "15206", "ano": "2023", "numero": "155", "tipo__sigla": "REQ", "tipo__descricao": "Requerimento", "autoria": "Cid Jos\u00e9 Aparecido dos Santos, Aguinaldo Pires Galv\u00e3o, RIQUINHA DO BAR", "texto_original": "http://sapl.adamantina.sp.leg.br/media/sapl/public/materialegislativa/2023/15206/requerimento_155_58a_ordinaria.pdf", "ementa": "Solicitam ao Deputado Estadual Mauro Bragato, a libera\u00e7\u00e3o de recursos para reforma dos sanit\u00e1rios do Gin\u00e1sio de Esportes Paulo Camargo de Adamantina."}, {"id": "15207", "ano": "2023", "numero": "156", "tipo__sigla": "REQ", "tipo__descricao": "Requerimento", "autoria": "Cid Jos\u00e9 Aparecido dos Santos", "texto_original": "http://sapl.adamantina.sp.leg.br/media/sapl/public/materialegislativa/2023/15207/requerimento_156_58a_ordinaria.pdf", "ementa": "Solicitam ao Deputado Estadual Mauro Bragato, a libera\u00e7\u00e3o de recursos financeiros para a constru\u00e7\u00e3o de uma pista de atletismo oficial em nosso munic\u00edpio."}, {"id": "15208", "ano": "2023", "numero": "157", "tipo__sigla": "REQ", "tipo__descricao": "Requerimento", "autoria": "Cid Jos\u00e9 Aparecido dos Santos, Aguinaldo Pires Galv\u00e3o, RIQUINHA DO BAR", "texto_original": "http://sapl.adamantina.sp.leg.br/media/sapl/public/materialegislativa/2023/15208/requerimento_157_58a_ordinaria.pdf", "ementa": "Solicitam ao Deputado Estadual Mauro Bragato, a libera\u00e7\u00e3o de recursos financeiros no valor de R$ 500.000,00 para infraestrutura urbana."}, {"id": "15209", "ano": "2023", "numero": "158", "tipo__sigla": "REQ", "tipo__descricao": "Requerimento", "autoria": "Cid Jos\u00e9 Aparecido dos Santos, Aguinaldo Pires Galv\u00e3o, RIQUINHA DO BAR", "texto_original": "http://sapl.adamantina.sp.leg.br/media/sapl/public/materialegislativa/2023/15209/requerimento_158_58a_ordinaria.pdf", "ementa": "Solicitam ao Deputado Federal Gilberto Nascimento, recurso financeiro no valor de R$ 200.000,00 para o Polo de Atividades Integradas (Cl\u00ednica PAI Nosso Lar)."}, {"id": "15210", "ano": "2023", "numero": "159", "tipo__sigla": "REQ", "tipo__descricao": "Requerimento", "autoria": "Cid Jos\u00e9 Aparecido dos Santos, Aguinaldo Pires Galv\u00e3o, RIQUINHA DO BAR", "texto_original": "http://sapl.adamantina.sp.leg.br/media/sapl/public/materialegislativa/2023/15210/requerimento_159_58a_ordinaria.pdf", "ementa": "Solicitam ao Deputado Federal Fausto Pinato, R$ 200.000,00 a ser destinado ao Lar dos Velhos de Adamantina."}, {"id": "15221", "ano": "2023", "numero": "160", "tipo__sigla": "REQ", "tipo__descricao": "Requerimento", "autoria": "BIGODE", "texto_original": "http://sapl.adamantina.sp.leg.br/media/sapl/public/materialegislativa/2023/15221/requerimento_160_59a_ordinaria.pdf", "ementa": "Solicita informa\u00e7\u00f5es sobre a empresa respons\u00e1vel pela substitui\u00e7\u00e3o de l\u00e2mpadas queimadas da cidade."}, {"id": "15222", "ano": "2023", "numero": "161", "tipo__sigla": "REQ", "tipo__descricao": "Requerimento", "autoria": "Aguinaldo Pires Galv\u00e3o, NORIKO ONISHI SAITO, RIQUINHA DO BAR", "texto_original": "http://sapl.adamantina.sp.leg.br/media/sapl/public/materialegislativa/2023/15222/requerimento_161_-_carlos_giannazi_59a_ordinaria.pdf", "ementa": "Solicitam ao Deputado Estadual Carlos Giannazi, emenda no valor de R$ 200 mil reais, a serem alocados na \u00e1rea social."}, {"id": "15223", "ano": "2023", "numero": "162", "tipo__sigla": "REQ", "tipo__descricao": "Requerimento", "autoria": "Aguinaldo Pires Galv\u00e3o, NORIKO ONISHI SAITO, RIQUINHA DO BAR", "texto_original": "http://sapl.adamantina.sp.leg.br/media/sapl/public/materialegislativa/2023/15223/requerimento_162_-_felipe_franco_59a_ordinaria.pdf", "ementa": "Solicitam ao Deputado Estadual Felipe Franco, emenda no valor de R$ 200 mil reais, para investimento na \u00e1rea do esporte e recrea\u00e7\u00e3o."}, {"id": "15224", "ano": "2023", "numero": "163", "tipo__sigla": "REQ", "tipo__descricao": "Requerimento", "autoria": "RIQUINHA DO BAR", "texto_original": "http://sapl.adamantina.sp.leg.br/media/sapl/public/materialegislativa/2023/15224/requerimento_163_59a_ordinaria.pdf", "ementa": "Solicitam ao Deputado Estadual Milton Leite, a inclus\u00e3o de emenda no valor de R$ 100 mil reais para custeio e manuten\u00e7\u00e3o da ARCA."}, {"id": "15225", "ano": "2023", "numero": "164", "tipo__sigla": "REQ", "tipo__descricao": "Requerimento", "autoria": "H\u00e9lio Jos\u00e9 dos Santos, Aguinaldo Pires Galv\u00e3o, NORIKO ONISHI SAITO", "texto_original": "http://sapl.adamantina.sp.leg.br/media/sapl/public/materialegislativa/2023/15225/requerimento_164_59a_ordinaria.pdf", "ementa": "Solicitam \u00e0 Dra. Mara Gabrilli, Senadora da Rep\u00fablica, a inclus\u00e3o de uma Emenda no valor de R$ 250 mil reais ou recursos extraor\u00e7ament\u00e1rios, a serem alocados no custeio e manuten\u00e7\u00e3o da Santa Casa de Adamantina."}, {"id": "15226", "ano": "2023", "numero": "165", "tipo__sigla": "REQ", "tipo__descricao": "Requerimento", "autoria": "Obras, Servi\u00e7os P\u00fablicos e Meio Ambiente", "texto_original": "http://sapl.adamantina.sp.leg.br/media/sapl/public/materialegislativa/2023/15226/requerimento_165_-_informacao_cemiterio_59a_ordinaria.pdf", "ementa": "Solicitam informa\u00e7\u00f5es sobre as vagas (lotes) para aquisi\u00e7\u00e3o no Cemit\u00e9rio Municipal no sistema tradicional? E as vagas no sistema vertical?"}, {"id": "15227", "ano": "2023", "numero": "166", "tipo__sigla": "REQ", "tipo__descricao": "Requerimento", "autoria": "PAULO CERVELHEIRA", "texto_original": "http://sapl.adamantina.sp.leg.br/media/sapl/public/materialegislativa/2023/15227/requerimento_166_-_valeria_bolsonaro_59a_ordinaria.pdf", "ementa": "Solicita \u00e0 Deputada Estadual Val\u00e9ria Bolsonaro, a libera\u00e7\u00e3o de R$ 150 mil reais, a serem alocados no PAI Nosso Lar de Adamantina, visando o complemento do projeto para reforma do P\u00e1tio Ala 02 da referida institui\u00e7\u00e3o."}, {"id": "15292", "ano": "2023", "numero": "167", "tipo__sigla": "REQ", "tipo__descricao": "Requerimento", "autoria": "H\u00e9lio Jos\u00e9 dos Santos, NORIKO ONISHI SAITO", "texto_original": "http://sapl.adamantina.sp.leg.br/media/sapl/public/materialegislativa/2023/15292/requerimento_167_60a_ordinaria.pdf", "ementa": "Solicitam \u00e0 Deputada Estadual Let\u00edcia Aguiar, emenda no valor de R$150 mil, a serem alocados no custeio e manuten\u00e7\u00e3o dos servi\u00e7os da aten\u00e7\u00e3o b\u00e1sica da rede municipal de sa\u00fade, por interm\u00e9dio das UBS, bem como pelo CIS."}, {"id": "15293", "ano": "2023", "numero": "168", "tipo__sigla": "REQ", "tipo__descricao": "Requerimento", "autoria": "H\u00e9lio Jos\u00e9 dos Santos, NORIKO ONISHI SAITO", "texto_original": "http://sapl.adamantina.sp.leg.br/media/sapl/public/materialegislativa/2023/15293/requerimento_168_60a_ordinaria.pdf", "ementa": "Solicitam \u00e0 Deputada Estadual Let\u00edcia Aguiar, emenda no valor de R$ 500 mil, destinados a execu\u00e7\u00e3o de servi\u00e7os de reforma e constru\u00e7\u00e3o da cobertura da quadra de esportes da Escola T\u00e9cnica Estadual Engenheiro Herval Bellusci."}, {"id": "15294", "ano": "2023", "numero": "169", "tipo__sigla": "REQ", "tipo__descricao": "Requerimento", "autoria": "H\u00e9lio Jos\u00e9 dos Santos, Aguinaldo Pires Galv\u00e3o, Cid Jos\u00e9 Aparecido dos Santos, RIQUINHA DO BAR", "texto_original": "http://sapl.adamantina.sp.leg.br/media/sapl/public/materialegislativa/2023/15294/requerimento_169_60a_ordinaria.pdf", "ementa": "Solicitam ao Deputado Estadual Mauro Bragato, recursos para a instala\u00e7\u00e3o de uma academia ao ar livre no Bairro Parque do Sol."}, {"id": "15295", "ano": "2023", "numero": "170", "tipo__sigla": "REQ", "tipo__descricao": "Requerimento", "autoria": "H\u00e9lio Jos\u00e9 dos Santos, Aguinaldo Pires Galv\u00e3o, Cid Jos\u00e9 Aparecido dos Santos, NORIKO ONISHI SAITO, RIQUINHA DO BAR", "texto_original": "http://sapl.adamantina.sp.leg.br/media/sapl/public/materialegislativa/2023/15295/requerimento_170_60a_ordinaria.pdf", "ementa": "Solicitam ao Deputado Estadual Mauro Bragato, recursos para custeio e manuten\u00e7\u00e3o das atividades desenvolvidas pelo Lar dos Velhos de Adamantina."}, {"id": "15296", "ano": "2023", "numero": "171", "tipo__sigla": "REQ", "tipo__descricao": "Requerimento", "autoria": "H\u00e9lio Jos\u00e9 dos Santos, Aguinaldo Pires Galv\u00e3o, Cid Jos\u00e9 Aparecido dos Santos, NORIKO ONISHI SAITO, RIQUINHA DO BAR", "texto_original": "http://sapl.adamantina.sp.leg.br/media/sapl/public/materialegislativa/2023/15296/requerimento_171_60a_ordinaria.pdf", "ementa": "Solicitam ao Deputado Estadual Mauro Bragato, emenda no valor de R$150 mil, a serem alocados no custeio e manuten\u00e7\u00e3o dos servi\u00e7os da aten\u00e7\u00e3o b\u00e1sica da rede municipal de sa\u00fade, por interm\u00e9dio das UBS, bem como pelo CIS."}, {"id": "15297", "ano": "2023", "numero": "172", "tipo__sigla": "REQ", "tipo__descricao": "Requerimento", "autoria": "Obras, Servi\u00e7os P\u00fablicos e Meio Ambiente", "texto_original": "http://sapl.adamantina.sp.leg.br/media/sapl/public/materialegislativa/2023/15297/requerimento_172_-_ponte_corrego_do_rancho_60a_ordinaria.pdf", "ementa": "Solicitam informa\u00e7\u00f5es no que diz respeito \u00e0 ponte do C\u00f3rrego do Rancho, na Estrada ADM Geraldo Jord\u00e3o, que novamente teve suas obras paralisadas, quais os motivos da paraliza\u00e7\u00e3o das obras."}, {"id": "15298", "ano": "2023", "numero": "173", "tipo__sigla": "REQ", "tipo__descricao": "Requerimento", "autoria": "ALCIO IKEDA, BIGODE, RAFAEL PACHECO", "texto_original": "http://sapl.adamantina.sp.leg.br/media/sapl/public/materialegislativa/2023/15298/requerimento_173_-_lar_cristao_60a_ordinaria.pdf", "ementa": "Solicitam ao Deputado Federal Fernando Marangoni emenda no valor de R$100.000,00, para a troca do telhado da institui\u00e7\u00e3o Lar Crist\u00e3o de Adamantina."}, {"id": "15314", "ano": "2023", "numero": "174", "tipo__sigla": "REQ", "tipo__descricao": "Requerimento", "autoria": "H\u00e9lio Jos\u00e9 dos Santos, NORIKO ONISHI SAITO, RIQUINHA DO BAR", "texto_original": "http://sapl.adamantina.sp.leg.br/media/sapl/public/materialegislativa/2023/15314/requerimento_174_61a_ordinaria.pdf", "ementa": "Solicitam ao Senador Dr. Alexandre Giordano, a inclus\u00e3o de uma Emenda no valor de R$250 mil, para custeio e manuten\u00e7\u00e3o da Santa Casa de Adamantina."}, {"id": "15315", "ano": "2023", "numero": "175", "tipo__sigla": "REQ", "tipo__descricao": "Requerimento", "autoria": "H\u00e9lio Jos\u00e9 dos Santos, NORIKO ONISHI SAITO", "texto_original": "http://sapl.adamantina.sp.leg.br/media/sapl/public/materialegislativa/2023/15315/requerimento_175_61a_ordinaria.pdf", "ementa": "Solicitam ao Secret\u00e1rio Estadual de Educa\u00e7\u00e3o Prof. Renato Feder, que seja alterado o Artigo 14 da Resolu\u00e7\u00e3o SEDUC-87/2022, incluindo um dispositivo permitindo que as escolas que oferecem o Programa Ensino Integral possam contar com 1 (um) Coordenador de Organiza\u00e7\u00e3o Escolar e mais 1 (um) Coordenador de Gest\u00e3o Pedag\u00f3gica."}, {"id": "15316", "ano": "2023", "numero": "176", "tipo__sigla": "REQ", "tipo__descricao": "Requerimento", "autoria": "RAFAEL PACHECO, BIGODE", "texto_original": "http://sapl.adamantina.sp.leg.br/media/sapl/public/materialegislativa/2023/15316/requerimento_176_-_viagens_prefeito_61a_ordinaria.pdf", "ementa": "Solicitam informa\u00e7\u00f5es sobre os Adiantamentos concernentes a viagens realizadas pelo Prefeito no per\u00edodo de 1\u00ba de janeiro de 2023 at\u00e9 a presente data."}, {"id": "15317", "ano": "2023", "numero": "177", "tipo__sigla": "REQ", "tipo__descricao": "Requerimento", "autoria": "RAFAEL PACHECO, BIGODE", "texto_original": "http://sapl.adamantina.sp.leg.br/media/sapl/public/materialegislativa/2023/15317/requerimento_177_-_quiosquer_parque_dos_pioneiros_61a_ordinaria.pdf", "ementa": "Solicitam informa\u00e7\u00f5es sobre os quiosques no Parque dos Pioneiros."}, {"id": "15318", "ano": "2023", "numero": "178", "tipo__sigla": "REQ", "tipo__descricao": "Requerimento", "autoria": "PAULO CERVELHEIRA", "texto_original": "http://sapl.adamantina.sp.leg.br/media/sapl/public/materialegislativa/2023/15318/requerimento_178_-_valeria_bolsonaro_61a_ordinaria.pdf", "ementa": "Solicita \u00e0 Deputada Estadual Val\u00e9ria Bolsonaro, a libera\u00e7\u00e3o de R$ 55.150,00, a fim de atender solicita\u00e7\u00e3o da Rede de Combate ao C\u00e2ncer de Adamantina, para concluir o projeto de renova\u00e7\u00e3o e reestrutura\u00e7\u00e3o da sala de consultas e exames."}, {"id": "15319", "ano": "2023", "numero": "179", "tipo__sigla": "REQ", "tipo__descricao": "Requerimento", "autoria": "ALCIO IKEDA", "texto_original": "http://sapl.adamantina.sp.leg.br/media/sapl/public/materialegislativa/2023/15319/requerimento_179_-_guilherme_piai_61a_ordinaria.pdf", "ementa": "Solicita ao Secret\u00e1rio Estadual de Agricultura e Abastecimento, Guilherme Piai Filizzola, a interven\u00e7\u00e3o pol\u00edtica no sentido de viabilizar um trator com cabine para uso das secretarias municipais de agricultura e obras e servi\u00e7os."}, {"id": "15408", "ano": "2023", "numero": "180", "tipo__sigla": "REQ", "tipo__descricao": "Requerimento", "autoria": "BIGODE, RAFAEL PACHECO", "texto_original": "http://sapl.adamantina.sp.leg.br/media/sapl/public/materialegislativa/2023/15408/requerimento_180_62a_ordinaria_pronto_socorro.pdf", "ementa": "Solicitam informa\u00e7\u00f5es sobre o Pronto Socorro de Adamantina."}, {"id": "15409", "ano": "2023", "numero": "181", "tipo__sigla": "REQ", "tipo__descricao": "Requerimento", "autoria": "Aguinaldo Pires Galv\u00e3o, Cid Jos\u00e9 Aparecido dos Santos, RIQUINHA DO BAR", "texto_original": "http://sapl.adamantina.sp.leg.br/media/sapl/public/materialegislativa/2023/15409/requerimento_181_-_62a_ordinaria_unifai.pdf", "ementa": "Solicitam informa\u00e7\u00f5es sobre a UNIFAI: investimento \u00e0 Santa Casa e internato dos alunos de Medicina."}, {"id": "15410", "ano": "2023", "numero": "182", "tipo__sigla": "REQ", "tipo__descricao": "Requerimento", "autoria": "H\u00e9lio Jos\u00e9 dos Santos, NORIKO ONISHI SAITO", "texto_original": "http://sapl.adamantina.sp.leg.br/media/sapl/public/materialegislativa/2023/15410/requerimento_182_62a_ordinaria.pdf", "ementa": "Solicitam ao Deputado Federal Dr. Arlindo Chinaglia, emenda no valor de R$150 mil, a serem alocados no custeio do PAI Nosso Lar de Adamantina."}, {"id": "15411", "ano": "2023", "numero": "183", "tipo__sigla": "REQ", "tipo__descricao": "Requerimento", "autoria": "H\u00e9lio Jos\u00e9 dos Santos, NORIKO ONISHI SAITO", "texto_original": "http://sapl.adamantina.sp.leg.br/media/sapl/public/materialegislativa/2023/15411/requerimento_183_62a_ordinaria.pdf", "ementa": "Solicitam ao Deputado Federal Paulo Freire Costa, emenda no valor de R$ 100 mil, a serem alocados no custeio e manuten\u00e7\u00e3o das atividades desenvolvidas pelo Lar dos Velhos de Adamantina."}, {"id": "15412", "ano": "2023", "numero": "184", "tipo__sigla": "REQ", "tipo__descricao": "Requerimento", "autoria": "H\u00e9lio Jos\u00e9 dos Santos, NORIKO ONISHI SAITO", "texto_original": "http://sapl.adamantina.sp.leg.br/media/sapl/public/materialegislativa/2023/15412/requerimento_184_62a_ordinaria.pdf", "ementa": "Solicitam ao Deputado Estadual Luiz Cl\u00e1udio Marcolino, emenda no valor de R$ 100 mil, a serem alocados no custeio da OSC - Lar Crist\u00e3o de Adamantina."}, {"id": "15413", "ano": "2023", "numero": "185", "tipo__sigla": "REQ", "tipo__descricao": "Requerimento", "autoria": "H\u00e9lio Jos\u00e9 dos Santos, NORIKO ONISHI SAITO", "texto_original": "http://sapl.adamantina.sp.leg.br/media/sapl/public/materialegislativa/2023/15413/requerimento_185_62a_ordinaria.pdf", "ementa": "Solicitam ao Deputado Estadual Andr\u00e9 do Prado, a prorroga\u00e7\u00e3o da vig\u00eancia dos contratos dos Professores da Categoria \u201cO\u201d."}, {"id": "15414", "ano": "2023", "numero": "186", "tipo__sigla": "REQ", "tipo__descricao": "Requerimento", "autoria": "Cid Jos\u00e9 Aparecido dos Santos, Aguinaldo Pires Galv\u00e3o, RIQUINHA DO BAR", "texto_original": "http://sapl.adamantina.sp.leg.br/media/sapl/public/materialegislativa/2023/15414/requerimento_186_62a_ordinaria.pdf", "ementa": "Solicitam ao Deputado Federal Gilberto Nascimento, recursos para constru\u00e7\u00e3o de quadra coberta esportiva para pr\u00e1tica de basquete e futebol de sal\u00e3o, a ser constru\u00edda no Parque dos Pioneiros."}, {"id": "15415", "ano": "2023", "numero": "187", "tipo__sigla": "REQ", "tipo__descricao": "Requerimento", "autoria": "Cid Jos\u00e9 Aparecido dos Santos, Aguinaldo Pires Galv\u00e3o, RIQUINHA DO BAR", "texto_original": "http://sapl.adamantina.sp.leg.br/media/sapl/public/materialegislativa/2023/15415/requerimento_187_62a_ordinaria.pdf", "ementa": "Solicitam ao Deputado Estadual Mauro Bragato, objetivando obter recurso para aquisi\u00e7\u00e3o de um ve\u00edculo espec\u00edfico para transportes de pacientes de Adamantina para unidades de sa\u00fade da regi\u00e3o."}, {"id": "15416", "ano": "2023", "numero": "188", "tipo__sigla": "REQ", "tipo__descricao": "Requerimento", "autoria": "Cid Jos\u00e9 Aparecido dos Santos, Aguinaldo Pires Galv\u00e3o, RIQUINHA DO BAR", "texto_original": "http://sapl.adamantina.sp.leg.br/media/sapl/public/materialegislativa/2023/15416/requerimento_188_62a_ordinaria.pdf", "ementa": "Solicitam ao Deputado Estadual Mauro Bragato, recurso para constru\u00e7\u00e3o de cobertura na quadra esportiva destinada \u00e0 pr\u00e1tica de hockey com patins no Parque os Pioneiros de Adamantina."}, {"id": "15417", "ano": "2023", "numero": "189", "tipo__sigla": "REQ", "tipo__descricao": "Requerimento", "autoria": "ALCIO IKEDA, BIGODE, RAFAEL PACHECO", "texto_original": "http://sapl.adamantina.sp.leg.br/media/sapl/public/materialegislativa/2023/15417/requerimento_189_-_fernando_marangoni_62a_ordinaria.pdf", "ementa": "Solicitam ao Deputado Federal Fernando Marangoni, a aquisi\u00e7\u00e3o de um \u00d4nibus Urbano Escolar Acess\u00edvel (ONUREA) com piso baixo, rampa de acessibilidade e porta dos dois lados para o uso da Secretaria Municipal de Educa\u00e7\u00e3o."}, {"id": "15418", "ano": "2023", "numero": "190", "tipo__sigla": "REQ", "tipo__descricao": "Requerimento", "autoria": "ALCIO IKEDA", "texto_original": "http://sapl.adamantina.sp.leg.br/media/sapl/public/materialegislativa/2023/15418/requerimento_190_-_pedido_de_informacao_62a_ordinaria.pdf", "ementa": "Solicita informa\u00e7\u00f5es relacionadas ao ve\u00edculo UTI m\u00f3vel de frota 403."}, {"id": "15419", "ano": "2023", "numero": "191", "tipo__sigla": "REQ", "tipo__descricao": "Requerimento", "autoria": "BIGODE", "texto_original": "http://sapl.adamantina.sp.leg.br/media/sapl/public/materialegislativa/2023/15419/requerimento_191_63a_ordinaria.pdf", "ementa": "Solicita informa\u00e7\u00f5es sobre o funcionamento do parquinho do Parque Cecap."}, {"id": "15420", "ano": "2023", "numero": "192", "tipo__sigla": "REQ", "tipo__descricao": "Requerimento", "autoria": "ALCIO IKEDA, BIGODE, PAULO CERVELHEIRA, RAFAEL PACHECO", "texto_original": "http://sapl.adamantina.sp.leg.br/media/sapl/public/materialegislativa/2023/15420/requerimento_192_-_63a_ordinaria.pdf", "ementa": "Solicitam informa\u00e7\u00f5es no que diz respeito a opera\u00e7\u00e3o de cr\u00e9dito junto ao Desenvolve SP."}, {"id": "15421", "ano": "2023", "numero": "193", "tipo__sigla": "REQ", "tipo__descricao": "Requerimento", "autoria": "H\u00e9lio Jos\u00e9 dos Santos, NORIKO ONISHI SAITO", "texto_original": "http://sapl.adamantina.sp.leg.br/media/sapl/public/materialegislativa/2023/15421/requerimento_193_64a_ordinaria.pdf", "ementa": "Solicitam ao Deputado Federal Fausto Pinato, emenda no valor de R$250 mil, a serem alocados no custeio e manuten\u00e7\u00e3o da Santa Casa de Adamantina."}, {"id": "15422", "ano": "2023", "numero": "194", "tipo__sigla": "REQ", "tipo__descricao": "Requerimento", "autoria": "H\u00e9lio Jos\u00e9 dos Santos, NORIKO ONISHI SAITO", "texto_original": "http://sapl.adamantina.sp.leg.br/media/sapl/public/materialegislativa/2023/15422/requerimento_194_64a_ordinaria.pdf", "ementa": "Solicitam ao Deputado Federal Fausto Pinato, emenda no valor de R$250 mil, a serem alocados no custeio do IAMA."}, {"id": "15423", "ano": "2023", "numero": "195", "tipo__sigla": "REQ", "tipo__descricao": "Requerimento", "autoria": "H\u00e9lio Jos\u00e9 dos Santos, NORIKO ONISHI SAITO", "texto_original": "http://sapl.adamantina.sp.leg.br/media/sapl/public/materialegislativa/2023/15423/requerimento_195_64a_ordinaria.pdf", "ementa": "Solicitam ao Deputado Estadual Mauro Bragato, emenda no valor de R$80 mil, a serem alocados no custeio e manuten\u00e7\u00e3o da Casa do Garoto."}, {"id": "15424", "ano": "2023", "numero": "196", "tipo__sigla": "REQ", "tipo__descricao": "Requerimento", "autoria": "Obras, Servi\u00e7os P\u00fablicos e Meio Ambiente", "texto_original": "http://sapl.adamantina.sp.leg.br/media/sapl/public/materialegislativa/2023/15424/requerimento_196_-_64a_ordinaria.pdf", "ementa": "Solicitam informa\u00e7\u00f5es sobre o Projeto de Lei n\u00ba 113/2023, referente ao financiamento no valor de R$ 13.000.000,00 (treze milh\u00f5es de reais)."}, {"id": "15374", "ano": "2023", "numero": "1", "tipo__sigla": "EMENS", "tipo__descricao": "Emenda Supressiva", "autoria": "ALCIO IKEDA", "texto_original": "http://sapl.adamantina.sp.leg.br/media/sapl/public/materialegislativa/2023/15374/emenda__supressiva_-_pl_112_-_auxilio_desastre_-_enchente.pdf", "ementa": "Suprime o \u00a7 4\u00ba do artigo 1\u00ba do Projeto de Lei n\u00ba 112, de 04 de dezembro de 2023."}, {"id": "14710", "ano": "2023", "numero": "1", "tipo__sigla": "EMENA", "tipo__descricao": "Emenda Aditiva", "autoria": "ALCIO IKEDA", "texto_original": "http://sapl.adamantina.sp.leg.br/media/sapl/public/materialegislativa/2023/14710/emenda__aditiva_001_-_plc_013-23_-_consolidacao_da_lei.pdf", "ementa": "Adiciona artigos ao Projeto de Lei Complementar N\u00ba 013, de 21 de mar\u00e7o de 2023, de autoria do Prefeito do Munic\u00edpio, que \u201cDisp\u00f5e sobre a altera\u00e7\u00e3o da Lei Complementar n\u00ba 163, de 07 de abril de 2011, que disp\u00f5e sobre a Pol\u00edtica Municipal de Atendimento dos Direitos da Crian\u00e7a e do Adolescente, reestrutura o Conselho Municipal dos Direitos da Crian\u00e7a e do Adolescente, o Fundo Municipal dos Direitos da Crian\u00e7a e do Adolescente e o Conselho Tutelar, e d\u00e1 outras provid\u00eancias.\u201d"}, {"id": "15427", "ano": "2023", "numero": "2", "tipo__sigla": "EMENA", "tipo__descricao": "Emenda Aditiva", "autoria": "ALCIO IKEDA, Aguinaldo Pires Galv\u00e3o, BIGODE, Cid Jos\u00e9 Aparecido dos Santos, H\u00e9lio Jos\u00e9 dos Santos, NORIKO ONISHI SAITO, PAULO CERVELHEIRA, RAFAEL PACHECO, RIQUINHA DO BAR", "texto_original": "http://sapl.adamantina.sp.leg.br/media/sapl/public/materialegislativa/2023/15427/emenda_aditiva_002_-_pl_117_-_caixa_economica_federal_-_operacao_de_credito.pdf", "ementa": "Adiciona novo artigo ao Projeto de Lei n\u00ba 117/2023."}, {"id": "15131", "ano": "2023", "numero": "1", "tipo__sigla": "ANTEP", "tipo__descricao": "Anteprojeto de Lei", "autoria": "Aguinaldo Pires Galv\u00e3o", "texto_original": "http://sapl.adamantina.sp.leg.br/media/sapl/public/materialegislativa/2023/15131/anteprojeto_de_lei_001_-__medalha_bombeiro.pdf", "ementa": "Disp\u00f5e sobre a cria\u00e7\u00e3o da Medalha Bombeiro Destaque do Ano em nosso munic\u00edpio."}]}