{"id":6203,"__str__":"Projeto de Lei Complementar n\u00ba 21 de 2023 | Aprovado em Discuss\u00e3o \u00danica | 16/05/2023","link_detail_backend":"/materia/tramitacao/6203","metadata":{},"timestamp":"2023-05-17T14:30:18.229370-03:00","data_tramitacao":"2023-05-16","data_encaminhamento":null,"urgente":false,"turno":"","texto":"Deixado livre o uso da palavra, n\u00e3o houve manifesta\u00e7\u00e3o, colocado em vota\u00e7\u00e3o, foi aprovado por unanimidade em Discuss\u00e3o \u00danica.","data_fim_prazo":null,"ip":"45.231.139.224","ultima_edicao":"2023-05-17T14:28:44.106163-03:00","status":54,"materia":14762,"unidade_tramitacao_local":9,"unidade_tramitacao_destino":7,"user":38}