{"id":9756,"__str__":"Requerimento n\u00ba 100 de 2019","link_detail_backend":"/materia/9756","metadata":{},"numero":100,"ano":2019,"numero_protocolo":null,"data_apresentacao":"2019-04-01","tipo_apresentacao":"","data_publicacao":null,"numero_origem_externa":"","ano_origem_externa":null,"data_origem_externa":null,"apelido":"","dias_prazo":null,"data_fim_prazo":null,"em_tramitacao":false,"polemica":null,"objeto":"","complementar":null,"ementa":"Solicita que o Executivo promova a reorganiza\u00e7\u00e3o do hor\u00e1rio de trabalho dos Auxiliares de Desenvolvimento Infantil (ADI) do quadro permanente do Munic\u00edpio de Adamantina para uma jornada cont\u00ednua de 6 horas di\u00e1rias, permitindo o trabalho de duas equipes em per\u00edodos distintos; que proceda \u00e0 nomea\u00e7\u00e3o de novos trabalhadores, caso haja concurso p\u00fablico vigente, ou proceda ao competente concurso p\u00fablico para preenchimento das novas vagas.","indexacao":"","observacao":"","resultado":"","texto_original":"http://sapl.adamantina.sp.leg.br/media/sapl/public/materialegislativa/2019/9756/requerimento_100_-_adi_-_emeis_49a_ordinaria.pdf","data_ultima_atualizacao":"2019-04-08T14:38:45.521951-03:00","ip":"","ultima_edicao":null,"tipo":3,"regime_tramitacao":7,"tipo_origem_externa":null,"local_origem_externa":null,"user":null,"anexadas":[],"autores":[29]}