{"id":9045,"__str__":"Indica\u00e7\u00e3o n\u00ba 492 de 2018","link_detail_backend":"/materia/9045","metadata":{},"numero":492,"ano":2018,"numero_protocolo":null,"data_apresentacao":"2018-08-20","tipo_apresentacao":"","data_publicacao":null,"numero_origem_externa":"","ano_origem_externa":null,"data_origem_externa":null,"apelido":"","dias_prazo":null,"data_fim_prazo":null,"em_tramitacao":false,"polemica":null,"objeto":"","complementar":null,"ementa":"Solicita \u00e0 implanta\u00e7\u00e3o de m\u00e3o \u00fanica na Al. Fern\u00e3o Dias, um pequeno trecho (um quarteir\u00e3o) da Rua No\u00eamia R. de Oliveira at\u00e9 a Rua Ana Augusta, onde est\u00e1 localizada a Escola Objetivo.","indexacao":"","observacao":"","resultado":"","texto_original":"http://sapl.adamantina.sp.leg.br/media/sapl/public/materialegislativa/2018/9045/indicacao_492_36a_ordinaria.pdf","data_ultima_atualizacao":"2018-08-27T09:57:51.828395-03:00","ip":"","ultima_edicao":null,"tipo":8,"regime_tramitacao":7,"tipo_origem_externa":null,"local_origem_externa":null,"user":null,"anexadas":[],"autores":[33]}