{"id":9043,"__str__":"Indica\u00e7\u00e3o n\u00ba 490 de 2018","link_detail_backend":"/materia/9043","metadata":{},"numero":490,"ano":2018,"numero_protocolo":null,"data_apresentacao":"2018-08-20","tipo_apresentacao":"","data_publicacao":null,"numero_origem_externa":"","ano_origem_externa":null,"data_origem_externa":null,"apelido":"","dias_prazo":null,"data_fim_prazo":null,"em_tramitacao":false,"polemica":null,"objeto":"","complementar":null,"ementa":"Solicitam realiza\u00e7\u00e3o de duas medidas de seguran\u00e7a vi\u00e1ria, na Avenida Rio Branco, altura do Jardim Adamantina, e seu prolongamento at\u00e9 o trevo de acesso \u00e0 SP-294, a saber: 1 \u2013 Instala\u00e7\u00e3o de obst\u00e1culo (redutor de velocidade) e toda a sinaliza\u00e7\u00e3o necess\u00e1ria, no trecho de prolongamento, em raz\u00e3o do excesso de velocidade praticado por motoristas, naquele local, avan\u00e7ando \u00e0 \u00e1rea urbana, residencial, do Jardim Adamantina, expondo outros condutores e pedestres a riscos de acidentes; 2 \u2013 Implanta\u00e7\u00e3o de trecho \u201cProibido Estacionar\u201d e, trecho da Avenida Rio Branco, no sentido bairro/centro (lado direito), a partir do ponto de jun\u00e7\u00e3o com o novo prolongamento, face \u00e0 baixa visibilidade para quem se desloca por esse novo trecho e ingressa na \u00e1rea urbana do bairro.","indexacao":"","observacao":"","resultado":"","texto_original":"http://sapl.adamantina.sp.leg.br/media/sapl/public/materialegislativa/2018/9043/indicacao_490_36a_ordinaria.pdf","data_ultima_atualizacao":"2018-08-27T09:54:48.031308-03:00","ip":"","ultima_edicao":null,"tipo":8,"regime_tramitacao":7,"tipo_origem_externa":null,"local_origem_externa":null,"user":null,"anexadas":[],"autores":[29,19,32]}