{"id":8520,"__str__":"Requerimento n\u00ba 79 de 2018","link_detail_backend":"/materia/8520","metadata":{},"numero":79,"ano":2018,"numero_protocolo":null,"data_apresentacao":"2018-04-09","tipo_apresentacao":"E","data_publicacao":null,"numero_origem_externa":"","ano_origem_externa":null,"data_origem_externa":null,"apelido":"","dias_prazo":null,"data_fim_prazo":null,"em_tramitacao":false,"polemica":false,"objeto":"","complementar":false,"ementa":"SOLICITA A SEGUINTE INFORMA\u00c7\u00c3O: QUAL O MOTIVO DA FALTA DE M\u00c9DICO NO ESF (POSTO DE SA\u00daDE) DO JARDIM ADAMANTINA?","indexacao":"","observacao":"","resultado":"","texto_original":"http://sapl.adamantina.sp.leg.br/media/sapl/public/materialegislativa/2018/8520/8520_texto_integral.pdf","data_ultima_atualizacao":"2018-06-19T11:46:51.611613-03:00","ip":"","ultima_edicao":null,"tipo":3,"regime_tramitacao":7,"tipo_origem_externa":null,"local_origem_externa":null,"user":null,"anexadas":[],"autores":[19]}