{"id":6127,"__str__":"Mo\u00e7\u00e3o n\u00ba 9 de 2016","link_detail_backend":"/materia/6127","metadata":{},"numero":9,"ano":2016,"numero_protocolo":null,"data_apresentacao":"2016-04-04","tipo_apresentacao":"E","data_publicacao":null,"numero_origem_externa":"","ano_origem_externa":null,"data_origem_externa":null,"apelido":"","dias_prazo":null,"data_fim_prazo":null,"em_tramitacao":false,"polemica":false,"objeto":"","complementar":false,"ementa":"MO\u00c7\u00c3O DE CONGRATULA\u00c7\u00c3O A APLAUSOS AOS NOVOS DELEGADOS DE POL\u00cdCIA, DR. RAFAEL GUERREIRO GALV\u00c3O E DR. PEDRO VIN\u00cdCIUS MARTINS MENEGUETTI, EMPOSSADOS NO \u00daLTIMO DIA 23 P.P., NA ACADEMIA DA POL\u00cdCIA CIVIL DO ESTADO DE S\u00c3O PAULO.","indexacao":"","observacao":"","resultado":"","texto_original":"http://sapl.adamantina.sp.leg.br/media/sapl/public/materialegislativa/2016/6127/6127_texto_integral.pdf","data_ultima_atualizacao":"2018-06-19T11:48:26.365333-03:00","ip":"","ultima_edicao":null,"tipo":7,"regime_tramitacao":7,"tipo_origem_externa":null,"local_origem_externa":null,"user":null,"anexadas":[],"autores":[19,8,20,12,21,7,22,23,24]}