{"id":5803,"__str__":"Circular Sess\u00e3o n\u00ba 50 de 2015","link_detail_backend":"/materia/5803","metadata":{},"numero":50,"ano":2015,"numero_protocolo":null,"data_apresentacao":"2015-11-26","tipo_apresentacao":"E","data_publicacao":null,"numero_origem_externa":"","ano_origem_externa":null,"data_origem_externa":null,"apelido":"","dias_prazo":null,"data_fim_prazo":null,"em_tramitacao":false,"polemica":false,"objeto":"","complementar":false,"ementa":"CUMPRINDO DISPOSI\u00c7\u00d5ES REGIMENTAIS, CONVOCO VOSSA EXCEL\u00caNCIA PARA A 42\u00aa SESS\u00c3O EXTRAORDIN\u00c1RIA A SE REALIZAR NO DIA 18 DE NOVEMBRO, QUARTA-FEIRA, \u00c0S 14 HORAS, OBJETIVANDO DAR POSSE AO SR. JO\u00c3O EDUARDO BARBOSA PACHECO COMO PREFEITO DO MUNIC\u00cdPIO DE ADAMANTINA, EM RAZ\u00c3O DO AFASTAMENTO DO SR. IVO FRANCISCO DOS SANTOS J\u00daNIOR, POR FOR\u00c7A DA DECIS\u00c3O PROFERIDA NOS AUTOS DA A\u00c7\u00c3O CIVIL DE IMPROBIDADE ADMINISTRATIVA, PROCESSO N\u00ba 1001023-90.2015.8.26.0081 (N\u00daMERO DE ORDEM 1455/15) PELA EXCELENT\u00cdSSIMA SENHORA JU\u00cdZA DE DIREITO DA 3\u00aa VARA DA COMARCA DE ADAMANTINA, DR\u00aa. RUTH DUARTE MENEGATTI.","indexacao":"","observacao":"","resultado":"","texto_original":"http://sapl.adamantina.sp.leg.br/media/sapl/public/materialegislativa/2015/5803/5803_texto_integral.pdf","data_ultima_atualizacao":"2018-06-19T11:48:11.253469-03:00","ip":"","ultima_edicao":null,"tipo":11,"regime_tramitacao":7,"tipo_origem_externa":null,"local_origem_externa":null,"user":null,"anexadas":[],"autores":[]}