{"id":485,"__str__":"Indica\u00e7\u00e3o n\u00ba 283 de 2011","link_detail_backend":"/materia/485","metadata":{},"numero":283,"ano":2011,"numero_protocolo":0,"data_apresentacao":"2011-08-01","tipo_apresentacao":"E","data_publicacao":null,"numero_origem_externa":"","ano_origem_externa":null,"data_origem_externa":null,"apelido":"","dias_prazo":null,"data_fim_prazo":null,"em_tramitacao":true,"polemica":null,"objeto":"","complementar":null,"ementa":"SOLICITA AO SENHOR PREFEITO DO MUNIC\u00cdPIO QUE PROMOVA UMA PARCERIA COM A ASSOCIA\u00c7\u00c3O DE MORADORES DOS JARDINS AM\u00c9RICA, IPIRANGA E PAULISTA &#8211; AMJAIP, OBJETIVANDO PROCEDER AO CAL\u00c7AMENTO EM VOLTA DO CENTRO COMUNIT\u00c1RIO DA REFERIDA ASSOCIA\u00c7\u00c3O.","indexacao":"","observacao":"","resultado":"","texto_original":"http://sapl.adamantina.sp.leg.br/media/sapl/public/materialegislativa/2011/485/485_texto_integral.pdf","data_ultima_atualizacao":"2018-06-19T11:48:11.021470-03:00","ip":"","ultima_edicao":null,"tipo":8,"regime_tramitacao":6,"tipo_origem_externa":null,"local_origem_externa":null,"user":null,"anexadas":[],"autores":[8]}