{"id":4088,"__str__":"Circular Sess\u00e3o n\u00ba 28 de 2014","link_detail_backend":"/materia/4088","metadata":{},"numero":28,"ano":2014,"numero_protocolo":null,"data_apresentacao":"2014-08-19","tipo_apresentacao":"E","data_publicacao":null,"numero_origem_externa":"","ano_origem_externa":null,"data_origem_externa":null,"apelido":"","dias_prazo":null,"data_fim_prazo":null,"em_tramitacao":false,"polemica":false,"objeto":"","complementar":false,"ementa":"CUMPRINDO DISPOSI\u00c7\u00d5ES REGIMENTAIS, CONFORME ART. 258 DO REGIMENTO INTERNO DA C\u00c2MARA MUNICIPAL DE ADAMANTINA ENCAMINHAMOS A VOSSA EXCEL\u00caNCIA C\u00d3PIA DO PARECER PR\u00c9VIO DO TRIBUNAL DE CONTAS REFERENTE AO PROCESSO TC 1650/026/12 DO EXERC\u00cdCIO FINANCEIRO 2012 DA PREFEITURA DO MUNIC\u00cdPIO DE ADAMANTINA","indexacao":"","observacao":"","resultado":"","texto_original":"http://sapl.adamantina.sp.leg.br/media/sapl/public/materialegislativa/2014/4088/4088_texto_integral.pdf","data_ultima_atualizacao":"2018-06-19T11:46:28.695717-03:00","ip":"","ultima_edicao":null,"tipo":11,"regime_tramitacao":7,"tipo_origem_externa":null,"local_origem_externa":null,"user":null,"anexadas":[],"autores":[]}