{"id":3615,"__str__":"Circular Sess\u00e3o n\u00ba 49 de 2012","link_detail_backend":"/materia/3615","metadata":{},"numero":49,"ano":2012,"numero_protocolo":null,"data_apresentacao":"2012-12-19","tipo_apresentacao":"E","data_publicacao":null,"numero_origem_externa":"","ano_origem_externa":null,"data_origem_externa":null,"apelido":"","dias_prazo":null,"data_fim_prazo":null,"em_tramitacao":false,"polemica":false,"objeto":"","complementar":false,"ementa":"CUMPRINDO DISPOSI\u00c7\u00d5ES CONSTANTES DA LEI ORG\u00c2NICA DO MUNIC\u00cdPIO DE ADAMANTINA, ARTIGOS 35 E 71, COMUNICO A VOSSA SENHORIA QUE A SESS\u00c3O SOLENE DE POSSE DE INSTALA\u00c7\u00c3O DA 16\u00aa LEGISLATURA, POSSE DOS SENHORES VEREADORES, PREFEITO, VICE-PREFEITO E ELEI\u00c7\u00c3O DA MESA DA C\u00c2MARA PARA O BI\u00caNIO 2013/2014, ACONTECER\u00c1 NO DIA 1\u00ba DE JANEIRO DE 2013, \u00c0S 10:00 HORAS, NO AUDIT\u00d3RIO DO CAMPUS II DA FAI &#8211; FACULDADES ADAMANTINENSES INTEGRADAS.","indexacao":"","observacao":"","resultado":"","texto_original":"http://sapl.adamantina.sp.leg.br/media/sapl/public/materialegislativa/2012/3615/3615_texto_integral.pdf","data_ultima_atualizacao":"2018-06-19T11:48:02.769412-03:00","ip":"","ultima_edicao":null,"tipo":11,"regime_tramitacao":7,"tipo_origem_externa":null,"local_origem_externa":null,"user":null,"anexadas":[],"autores":[]}