{"id":3377,"__str__":"Circular Sess\u00e3o n\u00ba 48 de 2013","link_detail_backend":"/materia/3377","metadata":{},"numero":48,"ano":2013,"numero_protocolo":null,"data_apresentacao":"2013-11-20","tipo_apresentacao":"E","data_publicacao":null,"numero_origem_externa":"","ano_origem_externa":null,"data_origem_externa":null,"apelido":"","dias_prazo":null,"data_fim_prazo":null,"em_tramitacao":false,"polemica":false,"objeto":"","complementar":false,"ementa":"CUMPRINDO DISPOSI\u00c7\u00d5ES REGIMENTAIS, CONFORME ART. 258 DO REGIMENTO INTERNO DA C\u00c2MARA MUNICIPAL DE ADAMANTINA ENCAMINHAMOS A VOSSA EXCEL\u00caNCIA C\u00d3PIA DO PARECER PR\u00c9VIO DO TRIBUNAL DE CONTAS REFERENTE AO PROCESSO TC 1061/026/11 DO EXERC\u00cdCIO FINANCEIRO DE 2011 DA PREFEITURA DO MUNIC\u00cdPIO DE ADAMANTINA.","indexacao":"","observacao":"","resultado":"","texto_original":"http://sapl.adamantina.sp.leg.br/media/sapl/public/materialegislativa/2013/3377/3377_texto_integral.pdf","data_ultima_atualizacao":"2018-06-19T11:48:16.533403-03:00","ip":"","ultima_edicao":null,"tipo":11,"regime_tramitacao":7,"tipo_origem_externa":null,"local_origem_externa":null,"user":null,"anexadas":[],"autores":[]}