{"id":193,"__str__":"Requerimento n\u00ba 264 de 2011","link_detail_backend":"/materia/193","metadata":{},"numero":264,"ano":2011,"numero_protocolo":0,"data_apresentacao":"2011-09-19","tipo_apresentacao":"E","data_publicacao":null,"numero_origem_externa":"","ano_origem_externa":null,"data_origem_externa":null,"apelido":"","dias_prazo":null,"data_fim_prazo":null,"em_tramitacao":true,"polemica":false,"objeto":"","complementar":false,"ementa":"SOLICITA SEJA ENCAMINHADO OF\u00cdCIO AO DEPUTADO ESTADUAL MAURO BRAGATO SOLICITANDO, COM ESPECIAL EMPENHO, SE DIGNE MANTER ENTENDIMENTOS COM O GOVERNADOR GERALDO ALCKMIN NO SENTIDO DE AUTORIZAR A INCLUS\u00c3O DE ADAMANTINA NO PROGRAMA DE CONSTRU\u00c7\u00c3O DE CRECHE PARA 70 VAGAS.","indexacao":"","observacao":"","resultado":"","texto_original":"http://sapl.adamantina.sp.leg.br/media/sapl/public/materialegislativa/2011/193/193_texto_integral.pdf","data_ultima_atualizacao":"2018-06-19T11:46:42.414013-03:00","ip":"","ultima_edicao":null,"tipo":3,"regime_tramitacao":6,"tipo_origem_externa":null,"local_origem_externa":null,"user":null,"anexadas":[],"autores":[3]}