{"id":17085,"__str__":"Circular Sess\u00e3o n\u00ba 48 de 2025","link_detail_backend":"/materia/17085","metadata":{"signs":{"texto_original":{"admin":[],"autores":[["Camara Municipal de Adamantina",["2025-12-04T15:07:59-03:00","ICP-Brasil - AC SyngularID Multipla"]]]}}},"numero":48,"ano":2025,"numero_protocolo":null,"data_apresentacao":"2025-12-04","tipo_apresentacao":"","data_publicacao":null,"numero_origem_externa":"","ano_origem_externa":null,"data_origem_externa":null,"apelido":"","dias_prazo":null,"data_fim_prazo":null,"em_tramitacao":false,"polemica":false,"objeto":"","complementar":false,"ementa":"Cumprindo disposi\u00e7\u00f5es regimentais, comunico a Vossa Excel\u00eancia que, para a 20\u00aa Sess\u00e3o Ordin\u00e1ria, a se realizar no dia 05 de dezembro, sexta-feira, \u00e0s 16:00h, no Plen\u00e1rio Vereador Jos\u00e9 Ikeda.","indexacao":"","observacao":"","resultado":"","texto_original":"http://sapl.adamantina.sp.leg.br/media/sapl/public/materialegislativa/2025/17085/circular_048_-_20a_sessao_ordinaria.pdf","data_ultima_atualizacao":"2025-12-05T10:18:10.317576-03:00","ip":"177.92.250.180","ultima_edicao":"2025-12-05T10:17:20.690953-03:00","tipo":11,"regime_tramitacao":7,"tipo_origem_externa":null,"local_origem_externa":null,"user":38,"anexadas":[],"autores":[]}