{"id":16503,"__str__":"Circular Sess\u00e3o n\u00ba 12 de 2025","link_detail_backend":"/materia/16503","metadata":{},"numero":12,"ano":2025,"numero_protocolo":null,"data_apresentacao":"2025-04-25","tipo_apresentacao":"","data_publicacao":null,"numero_origem_externa":"","ano_origem_externa":null,"data_origem_externa":null,"apelido":"","dias_prazo":null,"data_fim_prazo":null,"em_tramitacao":false,"polemica":false,"objeto":"","complementar":false,"ementa":"Cumprindo disposi\u00e7\u00f5es regimentais, comunico a Vossa Excel\u00eancia que, para a 6\u00aa Sess\u00e3o Ordin\u00e1ria, a se realizar no dia 28 de abril, segunda-feira, \u00e0s 19h, no Plen\u00e1rio Vereador Jos\u00e9 Ikeda","indexacao":"","observacao":"","resultado":"","texto_original":"http://sapl.adamantina.sp.leg.br/media/sapl/public/materialegislativa/2025/16503/circular_012_-_6a_sessao_ordinaria.pdf","data_ultima_atualizacao":"2025-04-29T14:21:45.415337-03:00","ip":"45.231.139.224","ultima_edicao":"2025-04-29T14:20:38.858741-03:00","tipo":11,"regime_tramitacao":7,"tipo_origem_externa":null,"local_origem_externa":null,"user":38,"anexadas":[],"autores":[]}