{"id":16255,"__str__":"Indica\u00e7\u00e3o n\u00ba 7 de 2025","link_detail_backend":"/materia/16255","metadata":{},"numero":7,"ano":2025,"numero_protocolo":null,"data_apresentacao":"2025-02-03","tipo_apresentacao":"","data_publicacao":null,"numero_origem_externa":"","ano_origem_externa":null,"data_origem_externa":null,"apelido":"","dias_prazo":null,"data_fim_prazo":null,"em_tramitacao":false,"polemica":false,"objeto":"","complementar":false,"ementa":"Solicitam \u00e0 Secretaria Municipal de Obras e Servi\u00e7os/Setor de ilumina\u00e7\u00e3o p\u00fablica proceder com urg\u00eancia a substitui\u00e7\u00e3o de l\u00e2mpadas queimadas no Parque Caldeira.","indexacao":"","observacao":"","resultado":"","texto_original":"http://sapl.adamantina.sp.leg.br/media/sapl/public/materialegislativa/2025/16255/indicacao_007_1a_ordinaria.pdf","data_ultima_atualizacao":"2025-02-05T15:17:08.480067-03:00","ip":"45.231.139.224","ultima_edicao":"2025-02-05T15:11:47.861704-03:00","tipo":8,"regime_tramitacao":7,"tipo_origem_externa":null,"local_origem_externa":null,"user":38,"anexadas":[],"autores":[19,38,47]}