{"id":15345,"__str__":"Projeto de Lei Ordin\u00e1ria n\u00ba 104 de 2023","link_detail_backend":"/materia/15345","metadata":{},"numero":104,"ano":2023,"numero_protocolo":null,"data_apresentacao":"2023-11-24","tipo_apresentacao":"","data_publicacao":null,"numero_origem_externa":"","ano_origem_externa":null,"data_origem_externa":null,"apelido":"","dias_prazo":null,"data_fim_prazo":null,"em_tramitacao":false,"polemica":false,"objeto":"","complementar":false,"ementa":"Disp\u00f5e sobre a denomina\u00e7\u00e3o do Sistema de Lazer \u201cSr\u00ba Celso Osmar Mastellini \u201d.","indexacao":"Vila Jamil de Lima","observacao":"","resultado":"","texto_original":"http://sapl.adamantina.sp.leg.br/media/sapl/public/materialegislativa/2023/15345/62a_projeto_de_lei_104_m_127_-_denomina_a_praca_celso_osmar_mastellini.pdf","data_ultima_atualizacao":"2023-12-11T15:30:54.387956-03:00","ip":"45.231.139.224","ultima_edicao":"2023-11-30T15:19:53.569706-03:00","tipo":1,"regime_tramitacao":7,"tipo_origem_externa":null,"local_origem_externa":null,"user":38,"anexadas":[],"autores":[13]}