{"id":14950,"__str__":"Circular Sess\u00e3o n\u00ba 31 de 2023","link_detail_backend":"/materia/14950","metadata":{},"numero":31,"ano":2023,"numero_protocolo":null,"data_apresentacao":"2023-06-30","tipo_apresentacao":"","data_publicacao":null,"numero_origem_externa":"","ano_origem_externa":null,"data_origem_externa":null,"apelido":"","dias_prazo":null,"data_fim_prazo":null,"em_tramitacao":false,"polemica":false,"objeto":"","complementar":false,"ementa":"Cumprindo disposi\u00e7\u00f5es regimentais, comunico a Vossa Excel\u00eancia que, para a 53\u00aa Sess\u00e3o Ordin\u00e1ria, a se realizar no dia 03 de julho, segunda-feira, \u00e0s 19h, no Plen\u00e1rio Vereador Jos\u00e9 Ikeda","indexacao":"","observacao":"","resultado":"","texto_original":"http://sapl.adamantina.sp.leg.br/media/sapl/public/materialegislativa/2023/14950/circular_031_-_53a_sessao_ordinaria.pdf","data_ultima_atualizacao":"2023-06-30T15:34:41.937547-03:00","ip":"45.231.139.224","ultima_edicao":"2023-06-30T15:34:19.290426-03:00","tipo":11,"regime_tramitacao":7,"tipo_origem_externa":null,"local_origem_externa":null,"user":38,"anexadas":[],"autores":[]}