{"id":14669,"__str__":"Projeto de Lei Complementar n\u00ba 13 de 2023","link_detail_backend":"/materia/14669","metadata":{},"numero":13,"ano":2023,"numero_protocolo":null,"data_apresentacao":"2023-03-21","tipo_apresentacao":"","data_publicacao":null,"numero_origem_externa":"","ano_origem_externa":null,"data_origem_externa":null,"apelido":"","dias_prazo":null,"data_fim_prazo":null,"em_tramitacao":false,"polemica":false,"objeto":"","complementar":false,"ementa":"Disp\u00f5e sobre a altera\u00e7\u00e3o da Lei Complementar n\u00ba 163, de 07 de abril de 2011, que disp\u00f5e sobre a Pol\u00edtica Municipal de Atendimento dos Direitos da Crian\u00e7a e do Adolescente, reestrutura o Conselho Municipal dos Direitos da Crian\u00e7a e do Adolescente, o Fundo Municipal dos Direitos da Crian\u00e7a e do Adolescente e o Conselho Tutelar, e d\u00e1 outras provid\u00eancias","indexacao":"","observacao":"","resultado":"","texto_original":"http://sapl.adamantina.sp.leg.br/media/sapl/public/materialegislativa/2023/14669/47a_projeto_de_lei_complementar_013_m_031_-_altera_lc_163.11_-_politica_mun._de_atend._dos_direitos_da_crianca__reestrutura_o_cmdca_e_conselho_tutelar.pdf","data_ultima_atualizacao":"2023-04-13T15:19:56.297734-03:00","ip":"45.231.139.224","ultima_edicao":"2023-04-04T10:27:10.346819-03:00","tipo":5,"regime_tramitacao":7,"tipo_origem_externa":null,"local_origem_externa":null,"user":38,"anexadas":[14709,14710],"autores":[13]}