{"id":14650,"__str__":"Indica\u00e7\u00e3o n\u00ba 120 de 2023","link_detail_backend":"/materia/14650","metadata":{},"numero":120,"ano":2023,"numero_protocolo":null,"data_apresentacao":"2023-03-20","tipo_apresentacao":"","data_publicacao":null,"numero_origem_externa":"","ano_origem_externa":null,"data_origem_externa":null,"apelido":"","dias_prazo":null,"data_fim_prazo":null,"em_tramitacao":false,"polemica":false,"objeto":"","complementar":false,"ementa":"Solicitam que na aprova\u00e7\u00e3o do  Projeto de Lei Complementar n\u00b0 008/2023, que disp\u00f5e sobre autoriza\u00e7\u00e3o para o Poder Executivo alienar bens im\u00f3veis, mediante Processo Licitat\u00f3rio, para a capta\u00e7\u00e3o de recursos financeiros que ser\u00e3o reinvestidos em bem im\u00f3vel e equipamentos, quando for elaborado o processo licitat\u00f3rio para aliena\u00e7\u00e3o da citada \u00e1rea seja determinado que ser\u00e3o permitidos pela administra\u00e7\u00e3o municipal apenas a instala\u00e7\u00e3o de empresas voltadas ao com\u00e9rcio e/ou servi\u00e7os naquele local, pois, dessa forma, certamente estaremos garantindo que haver\u00e1 as condi\u00e7\u00f5es essenciais para o desenvolvimento econ\u00f4mico e social daquele regi\u00e3o da nossa cidade, com a consequente valoriza\u00e7\u00e3o para \u00e0s comunidades do Jardim Brasil e da Vila Jardim.","indexacao":"","observacao":"","resultado":"","texto_original":"http://sapl.adamantina.sp.leg.br/media/sapl/public/materialegislativa/2023/14650/indicacao_120_46a_ordinaria.pdf","data_ultima_atualizacao":"2023-03-23T14:19:57.835244-03:00","ip":"45.231.139.224","ultima_edicao":"2023-03-23T14:19:11.990950-03:00","tipo":8,"regime_tramitacao":7,"tipo_origem_externa":null,"local_origem_externa":null,"user":38,"anexadas":[],"autores":[19,30,37,38,21,22,33,39,40]}