{"id":14554,"__str__":"Requerimento n\u00ba 32 de 2023","link_detail_backend":"/materia/14554","metadata":{},"numero":32,"ano":2023,"numero_protocolo":null,"data_apresentacao":"2023-03-06","tipo_apresentacao":"","data_publicacao":null,"numero_origem_externa":"","ano_origem_externa":null,"data_origem_externa":null,"apelido":"","dias_prazo":null,"data_fim_prazo":null,"em_tramitacao":false,"polemica":false,"objeto":"","complementar":false,"ementa":"Solicitam informa\u00e7\u00f5es dos condom\u00ednios Ecoville I e II em rela\u00e7\u00e3o \u00e0 cobran\u00e7a da taxa de ilumina\u00e7\u00e3o p\u00fablica e se ela \u00e9 realizada da mesma forma que em outros bairros do munic\u00edpio.","indexacao":"","observacao":"","resultado":"","texto_original":"http://sapl.adamantina.sp.leg.br/media/sapl/public/materialegislativa/2023/14554/requerimento_032_-_ecoville_i_e_ii_45a_ordinaria.pdf","data_ultima_atualizacao":"2023-03-07T10:22:16.422571-03:00","ip":"45.231.139.224","ultima_edicao":"2023-03-07T10:21:05.782876-03:00","tipo":3,"regime_tramitacao":7,"tipo_origem_externa":null,"local_origem_externa":null,"user":38,"anexadas":[],"autores":[30,37,33,39]}