{"id":14544,"__str__":"Circular Sess\u00e3o n\u00ba 7 de 2023","link_detail_backend":"/materia/14544","metadata":{},"numero":7,"ano":2023,"numero_protocolo":null,"data_apresentacao":"2023-02-23","tipo_apresentacao":"","data_publicacao":null,"numero_origem_externa":"","ano_origem_externa":null,"data_origem_externa":null,"apelido":"","dias_prazo":null,"data_fim_prazo":null,"em_tramitacao":false,"polemica":false,"objeto":"","complementar":false,"ementa":"Cumprindo disposi\u00e7\u00f5es regimentais, convoco Vossa Excel\u00eancia para participar da 3\u00aa Sess\u00e3o Solene que ser\u00e1 realizada no dia 24 de fevereiro, sexta-feira, \u00e0s 20h, no Plen\u00e1rio Vereador Jos\u00e9 Ikeda, para a apresenta\u00e7\u00e3o da Campanha da Fraternidade 2023 \u2013  Fraternidade e Fome.","indexacao":"","observacao":"","resultado":"","texto_original":"http://sapl.adamantina.sp.leg.br/media/sapl/public/materialegislativa/2023/14544/circular_007_solene.pdf","data_ultima_atualizacao":"2023-02-24T10:15:42.539131-03:00","ip":"45.231.139.224","ultima_edicao":"2023-02-24T10:15:03.043417-03:00","tipo":11,"regime_tramitacao":7,"tipo_origem_externa":null,"local_origem_externa":null,"user":38,"anexadas":[],"autores":[]}