{"id":14438,"__str__":"Circular Sess\u00e3o n\u00ba 1 de 2023","link_detail_backend":"/materia/14438","metadata":{},"numero":1,"ano":2023,"numero_protocolo":null,"data_apresentacao":"2023-01-16","tipo_apresentacao":"","data_publicacao":null,"numero_origem_externa":"","ano_origem_externa":null,"data_origem_externa":null,"apelido":"","dias_prazo":null,"data_fim_prazo":null,"em_tramitacao":false,"polemica":false,"objeto":"","complementar":false,"ementa":"Cumprindo disposi\u00e7\u00f5es regimentais, CONVOCO Vossa Excel\u00eancia para a 28\u00aa Sess\u00e3o Extraordin\u00e1ria a se realizar no dia 18 de janeiro, quarta-feira, \u00e0s 10h.","indexacao":"EM DISCUSS\u00c3O \u00daNICA\r\n\r\nProjeto de Lei Complementar n\u00ba 001/2023 \u2013 PM \u2013 que \u201cDisp\u00f5e sobre a revis\u00e3o geral anual dos vencimentos, proventos e pens\u00f5es dos servidores ativos, inativos, pensionistas e agentes pol\u00edticos (secret\u00e1rios) da Prefeitura do Munic\u00edpio de Adamantina e reajuste (ganho real) aos vencimentos, proventos e pens\u00f5es dos servidores ativos, inativos e pensionistas da Prefeitura do Munic\u00edpio de Adamantina.\u201d\r\n\r\nProjeto de Lei Complementar n\u00ba 002/2023 \u2013 PM \u2013 que \u201cDisp\u00f5e sobre a revis\u00e3o geral anual e reajuste dos vencimentos, proventos e pens\u00f5es dos servidores ativos, inativos e pensionistas do Centro Universit\u00e1rio de Adamantina \u2013 UNIFAI.\u201d","observacao":"","resultado":"","texto_original":"http://sapl.adamantina.sp.leg.br/media/sapl/public/materialegislativa/2023/14438/circular_001.pdf","data_ultima_atualizacao":"2023-01-18T10:27:38.091937-03:00","ip":"45.231.139.224","ultima_edicao":"2023-01-18T10:26:22.476783-03:00","tipo":11,"regime_tramitacao":7,"tipo_origem_externa":null,"local_origem_externa":null,"user":38,"anexadas":[],"autores":[]}