{"id":14244,"__str__":"Indica\u00e7\u00e3o n\u00ba 466 de 2022","link_detail_backend":"/materia/14244","metadata":{},"numero":466,"ano":2022,"numero_protocolo":null,"data_apresentacao":"2022-10-24","tipo_apresentacao":"","data_publicacao":null,"numero_origem_externa":"","ano_origem_externa":null,"data_origem_externa":null,"apelido":"","dias_prazo":null,"data_fim_prazo":null,"em_tramitacao":false,"polemica":false,"objeto":"","complementar":false,"ementa":"Solicitam proceder com urg\u00eancia a poda parcial de todas as \u00e1rvores localizadas na Rua Jos\u00e9 Cardim, no Jardim Bela Vista, proximidades das torres de transmiss\u00e3o de TV, pois as \u00e1rvores cresceram desproporcionalmente, oferecendo risco em raz\u00e3o da rede el\u00e9trica e deixando o trecho \u00e0s escuras, encobrindo as lumin\u00e1rias.","indexacao":"","observacao":"","resultado":"","texto_original":"http://sapl.adamantina.sp.leg.br/media/sapl/public/materialegislativa/2022/14244/indicacao_466_38a_ordinaria.pdf","data_ultima_atualizacao":"2022-10-25T14:45:21.807971-03:00","ip":"45.231.139.224","ultima_edicao":"2022-10-25T14:44:27.487176-03:00","tipo":8,"regime_tramitacao":7,"tipo_origem_externa":null,"local_origem_externa":null,"user":38,"anexadas":[],"autores":[22,40]}