{"id":13894,"__str__":"Indica\u00e7\u00e3o n\u00ba 256 de 2022","link_detail_backend":"/materia/13894","metadata":{},"numero":256,"ano":2022,"numero_protocolo":null,"data_apresentacao":"2022-06-06","tipo_apresentacao":"","data_publicacao":null,"numero_origem_externa":"","ano_origem_externa":null,"data_origem_externa":null,"apelido":"","dias_prazo":null,"data_fim_prazo":null,"em_tramitacao":false,"polemica":false,"objeto":"","complementar":false,"ementa":"Solicitam realizar com urg\u00eancia um amplo trabalho de recupera\u00e7\u00e3o e revitaliza\u00e7\u00e3o da Pra\u00e7a M\u00e1rio Bergamo, localizada em uma \u00e1rea de conflu\u00eancia entre os bairros: Vila Jardim e Jardim Brasil, haja vista que \u00e0quele importante espa\u00e7o de lazer se encontra em p\u00e9ssimo estado de conserva\u00e7\u00e3o, apresentando condi\u00e7\u00f5es bem prec\u00e1rias para ser utilizada pela popula\u00e7\u00e3o.","indexacao":"","observacao":"","resultado":"","texto_original":"http://sapl.adamantina.sp.leg.br/media/sapl/public/materialegislativa/2022/13894/indicacao_256_30a_ordinaria.pdf","data_ultima_atualizacao":"2022-06-23T10:31:49.913566-03:00","ip":"45.231.139.224","ultima_edicao":"2022-06-23T10:29:56.281711-03:00","tipo":8,"regime_tramitacao":7,"tipo_origem_externa":null,"local_origem_externa":null,"user":38,"anexadas":[],"autores":[21,22,40]}