{"id":13741,"__str__":"Indica\u00e7\u00e3o n\u00ba 150 de 2022","link_detail_backend":"/materia/13741","metadata":{},"numero":150,"ano":2022,"numero_protocolo":null,"data_apresentacao":"2022-04-18","tipo_apresentacao":"","data_publicacao":null,"numero_origem_externa":"","ano_origem_externa":null,"data_origem_externa":null,"apelido":"","dias_prazo":null,"data_fim_prazo":null,"em_tramitacao":false,"polemica":false,"objeto":"","complementar":false,"ementa":"Solicita estudar a possibilidade mudar o hor\u00e1rio do m\u00e9dico profissional respons\u00e1vel pelo atendimento dos pacientes que se dirigem ao Centro de Diagn\u00f3stico e Imagem, principalmente aqueles que tratam do rim, bexiga e outras complica\u00e7\u00f5es urin\u00e1rias, pois segundo alguns pacientes disseram que s\u00e3o orientados a chegar \u00e0s 7h e s\u00e3o atendidos pelo m\u00e9dico \u00e0s 9h30.","indexacao":"","observacao":"","resultado":"","texto_original":"http://sapl.adamantina.sp.leg.br/media/sapl/public/materialegislativa/2022/13741/indicacao_150_27a_ordinaria.pdf","data_ultima_atualizacao":"2022-04-20T14:20:55.888466-03:00","ip":"45.231.139.224","ultima_edicao":"2022-04-20T14:09:11.937264-03:00","tipo":8,"regime_tramitacao":7,"tipo_origem_externa":null,"local_origem_externa":null,"user":38,"anexadas":[],"autores":[37]}