{"id":13728,"__str__":"Circular Sess\u00e3o n\u00ba 20 de 2022","link_detail_backend":"/materia/13728","metadata":{},"numero":20,"ano":2022,"numero_protocolo":null,"data_apresentacao":"2022-04-14","tipo_apresentacao":"","data_publicacao":null,"numero_origem_externa":"","ano_origem_externa":null,"data_origem_externa":null,"apelido":"","dias_prazo":null,"data_fim_prazo":null,"em_tramitacao":false,"polemica":false,"objeto":"","complementar":false,"ementa":"Cumprindo disposi\u00e7\u00f5es regimentais, comunico a Vossa Excel\u00eancia que, para a 27\u00aa Sess\u00e3o Ordin\u00e1ria, a se realizar no dia 18 de abril, segunda-feira, \u00e0s 19h, no Plen\u00e1rio Vereador Jos\u00e9 Ikeda.","indexacao":"","observacao":"","resultado":"","texto_original":"http://sapl.adamantina.sp.leg.br/media/sapl/public/materialegislativa/2022/13728/circular_020_-_27a_ordinaria.pdf","data_ultima_atualizacao":"2022-04-20T10:35:21.780118-03:00","ip":"45.231.139.224","ultima_edicao":"2022-04-20T10:34:11.078903-03:00","tipo":11,"regime_tramitacao":7,"tipo_origem_externa":null,"local_origem_externa":null,"user":38,"anexadas":[],"autores":[]}