{"id":13644,"__str__":"Indica\u00e7\u00e3o n\u00ba 96 de 2022","link_detail_backend":"/materia/13644","metadata":{},"numero":96,"ano":2022,"numero_protocolo":null,"data_apresentacao":"2022-03-21","tipo_apresentacao":"","data_publicacao":null,"numero_origem_externa":"","ano_origem_externa":null,"data_origem_externa":null,"apelido":"","dias_prazo":null,"data_fim_prazo":null,"em_tramitacao":false,"polemica":false,"objeto":"","complementar":false,"ementa":"Solicitam incluir na programa\u00e7\u00e3o de constru\u00e7\u00e3o de cal\u00e7adas nas \u00e1reas e pra\u00e7as p\u00fablicas, a \u00e1rea verde do Jardim Bela Vista e Jardim Bandeirantes, atendendo desta forma in\u00fameros dos moradores destas localidades.","indexacao":"","observacao":"","resultado":"","texto_original":"http://sapl.adamantina.sp.leg.br/media/sapl/public/materialegislativa/2022/13644/indicacao_096_25a_ordinaria.pdf","data_ultima_atualizacao":"2022-03-23T10:10:08.574835-03:00","ip":"45.231.139.224","ultima_edicao":"2022-03-23T10:08:31.762190-03:00","tipo":8,"regime_tramitacao":7,"tipo_origem_externa":null,"local_origem_externa":null,"user":38,"anexadas":[],"autores":[38,22,40]}