{"id":13449,"__str__":"Circular Sess\u00e3o n\u00ba 5 de 2022","link_detail_backend":"/materia/13449","metadata":{},"numero":5,"ano":2022,"numero_protocolo":null,"data_apresentacao":"2022-02-11","tipo_apresentacao":"","data_publicacao":null,"numero_origem_externa":"","ano_origem_externa":null,"data_origem_externa":null,"apelido":"","dias_prazo":null,"data_fim_prazo":null,"em_tramitacao":false,"polemica":false,"objeto":"","complementar":false,"ementa":"Cumprindo disposi\u00e7\u00f5es regimentais, comunico a Vossa Excel\u00eancia que, para a 22\u00aa Sess\u00e3o Ordin\u00e1ria, a se realizar no dia 14 de fevereiro, segunda-feira, \u00e0s 19h, no Plen\u00e1rio Vereador Jos\u00e9 Ikeda, nada consta para ser apreciado na Ordem do Dia.","indexacao":"","observacao":"","resultado":"","texto_original":"http://sapl.adamantina.sp.leg.br/media/sapl/public/materialegislativa/2022/13449/circular_005_22a_ordinaria.pdf","data_ultima_atualizacao":"2022-02-16T09:20:18.094881-03:00","ip":"45.231.139.224","ultima_edicao":"2022-02-16T09:19:37.458789-03:00","tipo":11,"regime_tramitacao":7,"tipo_origem_externa":null,"local_origem_externa":null,"user":38,"anexadas":[],"autores":[]}