{"id":13306,"__str__":"Requerimento n\u00ba 286 de 2021","link_detail_backend":"/materia/13306","metadata":{},"numero":286,"ano":2021,"numero_protocolo":null,"data_apresentacao":"2021-11-16","tipo_apresentacao":"","data_publicacao":null,"numero_origem_externa":"","ano_origem_externa":null,"data_origem_externa":null,"apelido":"","dias_prazo":null,"data_fim_prazo":null,"em_tramitacao":false,"polemica":false,"objeto":"","complementar":false,"ementa":"Solicita ao Deputado Estadual Prof. Andr\u00e9 do Prado, a elabora\u00e7\u00e3o de um projeto de lei complementar com o intuito de estender aos professores contratados pela Lei Complementar n\u00ba 1.093, de 16 de julho de 2009 (Categoria \u201cO\u201d) os mesmos benef\u00edcios concedidos aos docentes admitidos em car\u00e1ter tempor\u00e1rio.","indexacao":"","observacao":"","resultado":"","texto_original":"http://sapl.adamantina.sp.leg.br/media/sapl/public/materialegislativa/2021/13306/requerimento_286_19a_ordinaria.pdf","data_ultima_atualizacao":"2021-11-18T13:50:34.294239-03:00","ip":"45.231.139.224","ultima_edicao":"2021-11-18T13:48:35.149293-03:00","tipo":3,"regime_tramitacao":7,"tipo_origem_externa":null,"local_origem_externa":null,"user":38,"anexadas":[],"autores":[21]}