{"id":13180,"__str__":"Projeto de Lei Complementar n\u00ba 13 de 2021","link_detail_backend":"/materia/13180","metadata":{},"numero":13,"ano":2021,"numero_protocolo":null,"data_apresentacao":"2021-10-15","tipo_apresentacao":"","data_publicacao":null,"numero_origem_externa":"","ano_origem_externa":null,"data_origem_externa":null,"apelido":"","dias_prazo":null,"data_fim_prazo":null,"em_tramitacao":false,"polemica":false,"objeto":"","complementar":false,"ementa":"Reorganiza o Plano de Carreira e Remunera\u00e7\u00e3o do Magist\u00e9rio P\u00fablico Municipal de Adamantina e d\u00e1 provid\u00eancias correlatas.","indexacao":"Revogam-se as disposi\u00e7\u00f5es em contr\u00e1rio e, em especial a Lei Complementar n\u00ba 94, de 22 de novembro de 2007.","observacao":"","resultado":"","texto_original":"http://sapl.adamantina.sp.leg.br/media/sapl/public/materialegislativa/2021/13180/plc_013_-_msg_079_-_reorganiza_o_plano_de_carreira_do_magisterio.pdf","data_ultima_atualizacao":"2022-04-07T13:34:22.016568-03:00","ip":"45.231.139.224","ultima_edicao":"2021-10-20T10:02:59.471404-03:00","tipo":5,"regime_tramitacao":7,"tipo_origem_externa":null,"local_origem_externa":null,"user":38,"anexadas":[13437,13439,13438],"autores":[13]}