{"id":12841,"__str__":"Circular Sess\u00e3o n\u00ba 32 de 2021","link_detail_backend":"/materia/12841","metadata":{},"numero":32,"ano":2021,"numero_protocolo":null,"data_apresentacao":"2021-08-06","tipo_apresentacao":"","data_publicacao":null,"numero_origem_externa":"","ano_origem_externa":null,"data_origem_externa":null,"apelido":"","dias_prazo":null,"data_fim_prazo":null,"em_tramitacao":false,"polemica":false,"objeto":"","complementar":false,"ementa":"Cumprindo disposi\u00e7\u00f5es regimentais, CONVOCO Vossa Excel\u00eancia para a 7\u00aa Sess\u00e3o Extraordin\u00e1ria, a se realizar dia 10 de agosto, ter\u00e7a-feira, \u00e0s 15:00 horas, objetivando o atendimento do Requerimento n\u00ba 185/21, de autoria da Comiss\u00e3o Especial de Acompanhamento dos Atos do Covid-19, que solicitou a convoca\u00e7\u00e3o do Sr. Gustavo Rufino, Ilustr\u00edssimo Secret\u00e1rio Municipal de Sa\u00fade, objetivando prestar informa\u00e7\u00f5es e esclarecimentos ao Legislativo, bem como \u00e0 nossa sociedade adamantinense, sobre os recursos referentes ao combate \u00e0 pandemia do Covid-19 no ano de 2020 at\u00e9 30/06/2021.","indexacao":"","observacao":"","resultado":"","texto_original":"http://sapl.adamantina.sp.leg.br/media/sapl/public/materialegislativa/2021/12841/circular_032_-_convocacao_secretario_de_saude.pdf","data_ultima_atualizacao":"2021-08-10T09:42:32.276003-03:00","ip":"45.231.139.224","ultima_edicao":"2021-08-10T09:41:59.640589-03:00","tipo":11,"regime_tramitacao":7,"tipo_origem_externa":null,"local_origem_externa":null,"user":38,"anexadas":[],"autores":[]}