{"id":12657,"__str__":"Mo\u00e7\u00e3o n\u00ba 23 de 2021","link_detail_backend":"/materia/12657","metadata":{},"numero":23,"ano":2021,"numero_protocolo":null,"data_apresentacao":"2021-06-07","tipo_apresentacao":"","data_publicacao":null,"numero_origem_externa":"","ano_origem_externa":null,"data_origem_externa":null,"apelido":"","dias_prazo":null,"data_fim_prazo":null,"em_tramitacao":false,"polemica":false,"objeto":"","complementar":false,"ementa":"MO\u00c7\u00c3O DE CONGRATULA\u00c7\u00d5ES E APLAUSOS ao Senhor 1\u00ba Sargento Manoel Ladeia da Costa, pela promo\u00e7\u00e3o a Subtenente por crit\u00e9rio de merecimento ap\u00f3s 21 anos e meio de servi\u00e7o ativo, ocorrido em 1\u00ba de junho de 2021.","indexacao":"","observacao":"","resultado":"","texto_original":"http://sapl.adamantina.sp.leg.br/media/sapl/public/materialegislativa/2021/12657/mocao_023_-_manoel_ladeia_da_costa_9a_sessao_ordinaria.pdf","data_ultima_atualizacao":"2021-06-17T13:45:26.863595-03:00","ip":"45.231.137.86","ultima_edicao":"2021-06-17T13:34:57.113776-03:00","tipo":7,"regime_tramitacao":7,"tipo_origem_externa":null,"local_origem_externa":null,"user":38,"anexadas":[],"autores":[19,30,37,38,21,22,33,39]}