{"id":12174,"__str__":"Circular Sess\u00e3o n\u00ba 9 de 2021","link_detail_backend":"/materia/12174","metadata":{},"numero":9,"ano":2021,"numero_protocolo":null,"data_apresentacao":"2021-03-17","tipo_apresentacao":"","data_publicacao":null,"numero_origem_externa":"","ano_origem_externa":null,"data_origem_externa":null,"apelido":"","dias_prazo":null,"data_fim_prazo":null,"em_tramitacao":false,"polemica":false,"objeto":"","complementar":false,"ementa":"Cumprindo disposi\u00e7\u00f5es regimentais, CONVOCO Vossa Excel\u00eancia para a 1\u00aa Sess\u00e3o Extraordin\u00e1ria a se realizar no dia 18 de mar\u00e7o, quinta-feira, \u00e0s 9h30.","indexacao":"","observacao":"","resultado":"","texto_original":"http://sapl.adamantina.sp.leg.br/media/sapl/public/materialegislativa/2021/12174/circular_009_-_1a_extra.pdf","data_ultima_atualizacao":"2021-03-19T10:17:25.399748-03:00","ip":"45.231.137.55","ultima_edicao":"2021-03-19T10:12:12.643819-03:00","tipo":11,"regime_tramitacao":7,"tipo_origem_externa":null,"local_origem_externa":null,"user":38,"anexadas":[],"autores":[]}