{"id":11797,"__str__":"Mo\u00e7\u00e3o n\u00ba 41 de 2020","link_detail_backend":"/materia/11797","metadata":{},"numero":41,"ano":2020,"numero_protocolo":null,"data_apresentacao":"2020-10-19","tipo_apresentacao":"","data_publicacao":null,"numero_origem_externa":"","ano_origem_externa":null,"data_origem_externa":null,"apelido":"","dias_prazo":null,"data_fim_prazo":null,"em_tramitacao":false,"polemica":false,"objeto":"","complementar":false,"ementa":"MO\u00c7\u00c3O DE CONGRATULA\u00c7\u00d5ES E APLAUSOS aos empres\u00e1rios Francisco Maso e Jess\u00e9 Farias, pela inaugura\u00e7\u00e3o de um importante estabelecimento comercial em nossa cidade, a Via Maso, localizada na Av. Rio Branco, 611 \u2013 centro de Adamantina.","indexacao":"","observacao":"","resultado":"","texto_original":"http://sapl.adamantina.sp.leg.br/media/sapl/public/materialegislativa/2020/11797/mocao_041_-_via_maso_83a_ordinaria.pdf","data_ultima_atualizacao":"2020-10-22T16:03:27.140190-03:00","ip":"45.231.137.75","ultima_edicao":"2020-10-22T16:01:17.554458-03:00","tipo":7,"regime_tramitacao":7,"tipo_origem_externa":null,"local_origem_externa":null,"user":38,"anexadas":[],"autores":[29,19,30,8,31,3,21,32,33]}