{"id":11402,"__str__":"Indica\u00e7\u00e3o n\u00ba 275 de 2020","link_detail_backend":"/materia/11402","metadata":{},"numero":275,"ano":2020,"numero_protocolo":null,"data_apresentacao":"2020-06-01","tipo_apresentacao":"","data_publicacao":null,"numero_origem_externa":"","ano_origem_externa":null,"data_origem_externa":null,"apelido":"","dias_prazo":null,"data_fim_prazo":null,"em_tramitacao":false,"polemica":null,"objeto":"","complementar":null,"ementa":"Solicita que a Prefeitura n\u00e3o disponha de recursos p\u00fablicos para criar novas pra\u00e7as p\u00fablicas e sim focar mais na necessidade de conservar as existentes, como est\u00e1 sendo feito no Parque Caldeira, Pioneiros e Euclides Romanini.","indexacao":"","observacao":"","resultado":"","texto_original":"http://sapl.adamantina.sp.leg.br/media/sapl/public/materialegislativa/2020/11402/indicacao_275_75a_ordinaria.pdf","data_ultima_atualizacao":"2020-06-08T14:30:19.406305-03:00","ip":"45.231.137.151","ultima_edicao":null,"tipo":8,"regime_tramitacao":7,"tipo_origem_externa":null,"local_origem_externa":null,"user":38,"anexadas":[],"autores":[32]}