{"id":11387,"__str__":"Indica\u00e7\u00e3o n\u00ba 260 de 2020","link_detail_backend":"/materia/11387","metadata":{},"numero":260,"ano":2020,"numero_protocolo":null,"data_apresentacao":"2020-05-18","tipo_apresentacao":"","data_publicacao":null,"numero_origem_externa":"","ano_origem_externa":null,"data_origem_externa":null,"apelido":"","dias_prazo":null,"data_fim_prazo":null,"em_tramitacao":false,"polemica":null,"objeto":"","complementar":null,"ementa":"Solicita inclus\u00e3o da L\u00edngua Brasileira de Sinais - LIBRAS, como l\u00edngua de instru\u00e7\u00e3o e meio de comunica\u00e7\u00e3o objetiva e de uso corrente dos alunos surdos ou com defici\u00eancia auditiva que est\u00e3o matriculados da rede municipal de educa\u00e7\u00e3o, a partir do ano de 2021.","indexacao":"","observacao":"","resultado":"","texto_original":"http://sapl.adamantina.sp.leg.br/media/sapl/public/materialegislativa/2020/11387/indicacao_260_74a_ordinaria.pdf","data_ultima_atualizacao":"2020-06-08T13:49:40.164207-03:00","ip":"45.231.137.151","ultima_edicao":null,"tipo":8,"regime_tramitacao":7,"tipo_origem_externa":null,"local_origem_externa":null,"user":38,"anexadas":[],"autores":[21]}