{"id":11342,"__str__":"Requerimento n\u00ba 107 de 2020","link_detail_backend":"/materia/11342","metadata":{},"numero":107,"ano":2020,"numero_protocolo":null,"data_apresentacao":"2020-05-18","tipo_apresentacao":"","data_publicacao":null,"numero_origem_externa":"","ano_origem_externa":null,"data_origem_externa":null,"apelido":"","dias_prazo":null,"data_fim_prazo":null,"em_tramitacao":false,"polemica":null,"objeto":"","complementar":null,"ementa":"Solicita ao Deputado Estadual Prof. Andr\u00e9 do Prado, sua intercess\u00e3o junto a Presidente do Conselho do Fundo Social de Solidariedade do Estado de S\u00e3o Paulo, a primeira-dama Bia Dora e junto ao Presidente Executivo do FUSSP, Augusto Ramos, analisar a possibilidade da inclus\u00e3o do munic\u00edpio de Adamantina na \u201cCampanha do Agasalho/2020\u201d.","indexacao":"","observacao":"","resultado":"","texto_original":"http://sapl.adamantina.sp.leg.br/media/sapl/public/materialegislativa/2020/11342/requerimento_107_74a_ordinaria.pdf","data_ultima_atualizacao":"2020-05-27T14:21:53.965181-03:00","ip":"45.231.137.121","ultima_edicao":null,"tipo":3,"regime_tramitacao":7,"tipo_origem_externa":null,"local_origem_externa":null,"user":38,"anexadas":[],"autores":[21]}