{"id":10495,"__str__":"Indica\u00e7\u00e3o n\u00ba 533 de 2019","link_detail_backend":"/materia/10495","metadata":{},"numero":533,"ano":2019,"numero_protocolo":null,"data_apresentacao":"2019-09-16","tipo_apresentacao":"","data_publicacao":null,"numero_origem_externa":"","ano_origem_externa":null,"data_origem_externa":null,"apelido":"","dias_prazo":null,"data_fim_prazo":null,"em_tramitacao":false,"polemica":null,"objeto":"","complementar":null,"ementa":"Solicitam incluir os seguintes quarteir\u00f5es no per\u00edmetro de zona azul de nossa cidade: Rua Osvaldo Cruz, entre a Al. Armando de Salles Oliveira at\u00e9 a Av. Capit\u00e3o Jos\u00e9 Ant\u00f4nio de Oliveira; Av. Capit\u00e3o Jos\u00e9 Ant\u00f4nio de Oliveira, entre a Av. Santo Ant\u00f4nio e a Rua Euclides da Cunha e o quarteir\u00e3o da Al. Armando de Salles Oliveira, entre a Rua Osvaldo Cruz at\u00e9 a Av. Adhemar de Barros.","indexacao":"","observacao":"","resultado":"","texto_original":"http://sapl.adamantina.sp.leg.br/media/sapl/public/materialegislativa/2019/10495/indicacao_533_60a_ordinaria.pdf","data_ultima_atualizacao":"2019-10-01T15:09:15.093005-03:00","ip":"45.231.139.199","ultima_edicao":null,"tipo":8,"regime_tramitacao":7,"tipo_origem_externa":null,"local_origem_externa":null,"user":38,"anexadas":[],"autores":[32,33]}