{"id":10361,"__str__":"Circular Sess\u00e3o n\u00ba 35 de 2019","link_detail_backend":"/materia/10361","metadata":{},"numero":35,"ano":2019,"numero_protocolo":null,"data_apresentacao":"2019-08-20","tipo_apresentacao":"","data_publicacao":null,"numero_origem_externa":"","ano_origem_externa":null,"data_origem_externa":null,"apelido":"","dias_prazo":null,"data_fim_prazo":null,"em_tramitacao":false,"polemica":null,"objeto":"","complementar":null,"ementa":"Cumprindo disposi\u00e7\u00f5es regimentais, CONVOCO Vossa Excel\u00eancia para a 32\u00aa Sess\u00e3o Extraordin\u00e1ria a se realizar no dia 21 de agosto, \u00e0s 09h30.","indexacao":"","observacao":"","resultado":"","texto_original":"http://sapl.adamantina.sp.leg.br/media/sapl/public/materialegislativa/2019/10361/circular_035_32a_extra.pdf","data_ultima_atualizacao":"2019-08-21T10:51:11.523368-03:00","ip":"45.231.137.182","ultima_edicao":null,"tipo":11,"regime_tramitacao":7,"tipo_origem_externa":null,"local_origem_externa":null,"user":36,"anexadas":[],"autores":[]}